{"id":64776,"date":"2022-11-24T08:58:47","date_gmt":"2022-11-24T07:58:47","guid":{"rendered":"https:\/\/vosgesinfo.fr\/remiremontinfo\/2022\/11\/remiremont-choeur-abbesses-concert-3-decembre\/"},"modified":"2022-11-24T08:58:47","modified_gmt":"2022-11-24T07:58:47","slug":"remiremont-choeur-abbesses-concert-3-decembre","status":"publish","type":"post","link":"https:\/\/vosgesinfo.fr\/remiremontinfo\/2022\/11\/remiremont-choeur-abbesses-concert-3-decembre\/","title":{"rendered":"Remiremont : le\u00a0ch\u0153ur\u00a0des\u00a0Abbesses en concert le 3 d\u00e9cembre"},"content":{"rendered":"<p><a href=\"\/2022\/11\/concert-choeur-des-abbesses-2.jpg\"><img decoding=\"async\" class=\"alignnone size-large wp-image-358422\" src=\"\/2022\/11\/concert-choeur-des-abbesses-2-1024x635.jpg\" alt=\"concert choeur des abbesses (2)\" width=\"960\" height=\"595\" \/><\/a><\/p>\n<h2><span style=\"font-size: 12pt;\"><strong>Qu&rsquo;on se le dise le\u00a0<span class=\"il\">ch\u0153ur<\/span>\u00a0des\u00a0<span class=\"il\">Abbesses<\/span>\u00a0sous la direction de Dominique Al\u00e9v\u00eaque et au piano Luc Beno\u00eet donne un concert de fin d&rsquo;ann\u00e9e le samedi 3 d\u00e9cembre au centre culturel Gilbert Zaug \u00e0 20h30.<\/strong><\/span><\/h2>\n<p>Au programme: Vivaldi, Faur\u00e9, Charpentier, Ola Gjeilo, sans oublier en cette p\u00e9riode quelques incontournables chants de No\u00ebl. Vous aurez \u00e9galement le plaisir d&rsquo;\u00e9couter le talentueux Luc Beno\u00eet interpr\u00e9ter des \u0153uvres de Schubert et Brahms. Nous vous attendons.<\/p>\n<p><a href=\"\/2022\/11\/concert-choeur-des-abbesses-1.jpg\"><img decoding=\"async\" class=\"alignnone size-full wp-image-358421\" src=\"\/2022\/11\/concert-choeur-des-abbesses-1.jpg\" alt=\"concert choeur des abbesses (1)\" width=\"651\" height=\"940\" \/><\/a><\/p>\n","protected":false},"excerpt":{"rendered":"<p>Qu&rsquo;on se le dise le\u00a0ch\u0153ur\u00a0des\u00a0Abbesses\u00a0sous la direction de Dominique Al\u00e9v\u00eaque et au piano Luc Beno\u00eet donne un concert de fin [&hellip;]<\/p>\n","protected":false},"author":407,"featured_media":3718,"comment_status":"open","ping_status":"open","sticky":false,"template":"","format":"standard","meta":{"footnotes":""},"categories":[26,4,1556,35],"tags":[793,5092,687,53,117,345,2241,32],"class_list":["post-64776","post","type-post","status-publish","format-standard","has-post-thumbnail","hentry","category-a-la-une","category-culture","category-remiremont-remiremont-son-canton-2","category-remiremont-son-canton","tag-centre-gilbert-zaug","tag-chants","tag-choeur-des-abbesses","tag-concert","tag-musique","tag-noel","tag-remirmeont","tag-vosges"],"acf":[],"yoast_head":"<!-- This site is optimized with the Yoast SEO plugin v22.5 - https:\/\/yoast.com\/wordpress\/plugins\/seo\/ -->\n<title>Remiremont : le\u00a0ch\u0153ur\u00a0des\u00a0Abbesses en concert le 3 d\u00e9cembre - Remiremont Info<\/title>\n<meta name=\"robots\" content=\"index, follow, max-snippet:-1, max-image-preview:large, max-video-preview:-1\" \/>\n<link rel=\"canonical\" href=\"https:\/\/vosgesinfo.fr\/remiremontinfo\/2022\/11\/remiremont-choeur-abbesses-concert-3-decembre\/\" \/>\n<meta name=\"twitter:card\" content=\"summary_large_image\" \/>\n<meta name=\"twitter:title\" content=\"Remiremont : le\u00a0ch\u0153ur\u00a0des\u00a0Abbesses en concert le 3 d\u00e9cembre - Remiremont Info\" \/>\n<meta name=\"twitter:description\" content=\"Qu&rsquo;on se le dise le\u00a0ch\u0153ur\u00a0des\u00a0Abbesses\u00a0sous la direction de Dominique Al\u00e9v\u00eaque et au piano Luc Beno\u00eet donne un concert de fin [&hellip;]\" \/>\n<meta name=\"twitter:image\" content=\"https:\/\/vosgesinfo.fr\/app\/uploads\/sites\/5\/2022\/11\/concert-choeur-des-abbesses-2.jpg\" \/>\n<meta name=\"twitter:creator\" content=\"@VosgesInfo88\" \/>\n<meta name=\"twitter:site\" content=\"@VosgesInfo88\" \/>\n<meta name=\"twitter:label1\" content=\"\u00c9crit par\" \/>\n\t<meta name=\"twitter:data1\" content=\"C D\" \/>\n<script type=\"application\/ld+json\" class=\"yoast-schema-graph\">{\"@context\":\"https:\/\/schema.org\",\"@graph\":[{\"@type\":\"Article\",\"@id\":\"https:\/\/vosgesinfo.fr\/remiremontinfo\/2022\/11\/remiremont-choeur-abbesses-concert-3-decembre\/#article\",\"isPartOf\":{\"@id\":\"https:\/\/vosgesinfo.fr\/remiremontinfo\/2022\/11\/remiremont-choeur-abbesses-concert-3-decembre\/\"},\"author\":{\"name\":\"C D\",\"@id\":\"https:\/\/vosgesinfo.fr\/remiremontinfo\/#\/schema\/person\/3bfd164d5218a185b1db68655a265316\"},\"headline\":\"Remiremont : le\u00a0ch\u0153ur\u00a0des\u00a0Abbesses en concert le 3 d\u00e9cembre\",\"datePublished\":\"2022-11-24T07:58:47+00:00\",\"dateModified\":\"2022-11-24T07:58:47+00:00\",\"mainEntityOfPage\":{\"@id\":\"https:\/\/vosgesinfo.fr\/remiremontinfo\/2022\/11\/remiremont-choeur-abbesses-concert-3-decembre\/\"},\"wordCount\":95,\"commentCount\":0,\"publisher\":{\"@id\":\"https:\/\/vosgesinfo.fr\/remiremontinfo\/#organization\"},\"image\":{\"@id\":\"https:\/\/vosgesinfo.fr\/remiremontinfo\/2022\/11\/remiremont-choeur-abbesses-concert-3-decembre\/#primaryimage\"},\"thumbnailUrl\":\"https:\/\/vosgesinfo.fr\/app\/uploads\/sites\/5\/2022\/11\/concert-choeur-des-abbesses-2.jpg\",\"keywords\":[\"Centre Gilbert Zaug\",\"chants\",\"Ch\u0153ur des Abbesses\",\"concert\",\"musique\",\"No\u00ebl\",\"remirmeont\",\"Vosges\"],\"articleSection\":[\"A la Une\",\"Culture\",\"Remiremont\",\"Remiremont &amp; son canton\"],\"inLanguage\":\"fr-FR\",\"potentialAction\":[{\"@type\":\"CommentAction\",\"name\":\"Comment\",\"target\":[\"https:\/\/vosgesinfo.fr\/remiremontinfo\/2022\/11\/remiremont-choeur-abbesses-concert-3-decembre\/#respond\"]}]},{\"@type\":\"WebPage\",\"@id\":\"https:\/\/vosgesinfo.fr\/remiremontinfo\/2022\/11\/remiremont-choeur-abbesses-concert-3-decembre\/\",\"url\":\"https:\/\/vosgesinfo.fr\/remiremontinfo\/2022\/11\/remiremont-choeur-abbesses-concert-3-decembre\/\",\"name\":\"Remiremont : le\u00a0ch\u0153ur\u00a0des\u00a0Abbesses en concert le 3 d\u00e9cembre - Remiremont Info\",\"isPartOf\":{\"@id\":\"https:\/\/vosgesinfo.fr\/remiremontinfo\/#website\"},\"primaryImageOfPage\":{\"@id\":\"https:\/\/vosgesinfo.fr\/remiremontinfo\/2022\/11\/remiremont-choeur-abbesses-concert-3-decembre\/#primaryimage\"},\"image\":{\"@id\":\"https:\/\/vosgesinfo.fr\/remiremontinfo\/2022\/11\/remiremont-choeur-abbesses-concert-3-decembre\/#primaryimage\"},\"thumbnailUrl\":\"https:\/\/vosgesinfo.fr\/app\/uploads\/sites\/5\/2022\/11\/concert-choeur-des-abbesses-2.jpg\",\"datePublished\":\"2022-11-24T07:58:47+00:00\",\"dateModified\":\"2022-11-24T07:58:47+00:00\",\"breadcrumb\":{\"@id\":\"https:\/\/vosgesinfo.fr\/remiremontinfo\/2022\/11\/remiremont-choeur-abbesses-concert-3-decembre\/#breadcrumb\"},\"inLanguage\":\"fr-FR\",\"potentialAction\":[{\"@type\":\"ReadAction\",\"target\":[\"https:\/\/vosgesinfo.fr\/remiremontinfo\/2022\/11\/remiremont-choeur-abbesses-concert-3-decembre\/\"]}]},{\"@type\":\"ImageObject\",\"inLanguage\":\"fr-FR\",\"@id\":\"https:\/\/vosgesinfo.fr\/remiremontinfo\/2022\/11\/remiremont-choeur-abbesses-concert-3-decembre\/#primaryimage\",\"url\":\"https:\/\/vosgesinfo.fr\/app\/uploads\/sites\/5\/2022\/11\/concert-choeur-des-abbesses-2.jpg\",\"contentUrl\":\"https:\/\/vosgesinfo.fr\/app\/uploads\/sites\/5\/2022\/11\/concert-choeur-des-abbesses-2.jpg\",\"width\":1518,\"height\":941},{\"@type\":\"BreadcrumbList\",\"@id\":\"https:\/\/vosgesinfo.fr\/remiremontinfo\/2022\/11\/remiremont-choeur-abbesses-concert-3-decembre\/#breadcrumb\",\"itemListElement\":[{\"@type\":\"ListItem\",\"position\":1,\"name\":\"Home\",\"item\":\"https:\/\/vosgesinfo.fr\/remiremontinfo\/\"},{\"@type\":\"ListItem\",\"position\":2,\"name\":\"Remiremont : le\u00a0ch\u0153ur\u00a0des\u00a0Abbesses en concert le 3 d\u00e9cembre\"}]},{\"@type\":\"WebSite\",\"@id\":\"https:\/\/vosgesinfo.fr\/remiremontinfo\/#website\",\"url\":\"https:\/\/vosgesinfo.fr\/remiremontinfo\/\",\"name\":\"Remiremont Info\",\"description\":\"Toute l&#039;actualit\u00e9 de Remiremont\",\"publisher\":{\"@id\":\"https:\/\/vosgesinfo.fr\/remiremontinfo\/#organization\"},\"alternateName\":\"Toute l'actualit\u00e9 de Remiremont\",\"potentialAction\":[{\"@type\":\"SearchAction\",\"target\":{\"@type\":\"EntryPoint\",\"urlTemplate\":\"https:\/\/vosgesinfo.fr\/remiremontinfo\/?s={search_term_string}\"},\"query-input\":\"required name=search_term_string\"}],\"inLanguage\":\"fr-FR\"},{\"@type\":\"Organization\",\"@id\":\"https:\/\/vosgesinfo.fr\/remiremontinfo\/#organization\",\"name\":\"Remiremont Info\",\"url\":\"https:\/\/vosgesinfo.fr\/remiremontinfo\/\",\"logo\":{\"@type\":\"ImageObject\",\"inLanguage\":\"fr-FR\",\"@id\":\"https:\/\/vosgesinfo.fr\/remiremontinfo\/#\/schema\/logo\/image\/\",\"url\":\"https:\/\/vosgesinfo.fr\/app\/uploads\/sites\/5\/2023\/08\/favicon-remiremontinfo.png\",\"contentUrl\":\"https:\/\/vosgesinfo.fr\/app\/uploads\/sites\/5\/2023\/08\/favicon-remiremontinfo.png\",\"width\":512,\"height\":512,\"caption\":\"Remiremont Info\"},\"image\":{\"@id\":\"https:\/\/vosgesinfo.fr\/remiremontinfo\/#\/schema\/logo\/image\/\"},\"sameAs\":[\"https:\/\/www.facebook.com\/remiremontinfo\",\"https:\/\/x.com\/VosgesInfo88\",\"https:\/\/www.youtube.com\/@vosgesinfo\"]},{\"@type\":\"Person\",\"@id\":\"https:\/\/vosgesinfo.fr\/remiremontinfo\/#\/schema\/person\/3bfd164d5218a185b1db68655a265316\",\"name\":\"C D\",\"image\":{\"@type\":\"ImageObject\",\"inLanguage\":\"fr-FR\",\"@id\":\"https:\/\/vosgesinfo.fr\/remiremontinfo\/#\/schema\/person\/image\/\",\"url\":\"https:\/\/secure.gravatar.com\/avatar\/1f9a70007336511a47468b8f1c66f922b8b7cf617b02a31149ada43893a5d48f?s=96&d=mm&r=g\",\"contentUrl\":\"https:\/\/secure.gravatar.com\/avatar\/1f9a70007336511a47468b8f1c66f922b8b7cf617b02a31149ada43893a5d48f?s=96&d=mm&r=g\",\"caption\":\"C D\"},\"url\":\"https:\/\/vosgesinfo.fr\/remiremontinfo\/author\/cedric-drevet\/\"}]}<\/script>\n<!-- \/ Yoast SEO plugin. -->","yoast_head_json":{"title":"Remiremont : le\u00a0ch\u0153ur\u00a0des\u00a0Abbesses en concert le 3 d\u00e9cembre - Remiremont Info","robots":{"index":"index","follow":"follow","max-snippet":"max-snippet:-1","max-image-preview":"max-image-preview:large","max-video-preview":"max-video-preview:-1"},"canonical":"https:\/\/vosgesinfo.fr\/remiremontinfo\/2022\/11\/remiremont-choeur-abbesses-concert-3-decembre\/","twitter_card":"summary_large_image","twitter_title":"Remiremont : le\u00a0ch\u0153ur\u00a0des\u00a0Abbesses en concert le 3 d\u00e9cembre - Remiremont Info","twitter_description":"Qu&rsquo;on se le dise le\u00a0ch\u0153ur\u00a0des\u00a0Abbesses\u00a0sous la direction de Dominique Al\u00e9v\u00eaque et au piano Luc Beno\u00eet donne un concert de fin [&hellip;]","twitter_image":"https:\/\/vosgesinfo.fr\/app\/uploads\/sites\/5\/2022\/11\/concert-choeur-des-abbesses-2.jpg","twitter_creator":"@VosgesInfo88","twitter_site":"@VosgesInfo88","twitter_misc":{"\u00c9crit par":"C D"},"schema":{"@context":"https:\/\/schema.org","@graph":[{"@type":"Article","@id":"https:\/\/vosgesinfo.fr\/remiremontinfo\/2022\/11\/remiremont-choeur-abbesses-concert-3-decembre\/#article","isPartOf":{"@id":"https:\/\/vosgesinfo.fr\/remiremontinfo\/2022\/11\/remiremont-choeur-abbesses-concert-3-decembre\/"},"author":{"name":"C D","@id":"https:\/\/vosgesinfo.fr\/remiremontinfo\/#\/schema\/person\/3bfd164d5218a185b1db68655a265316"},"headline":"Remiremont : le\u00a0ch\u0153ur\u00a0des\u00a0Abbesses en concert le 3 d\u00e9cembre","datePublished":"2022-11-24T07:58:47+00:00","dateModified":"2022-11-24T07:58:47+00:00","mainEntityOfPage":{"@id":"https:\/\/vosgesinfo.fr\/remiremontinfo\/2022\/11\/remiremont-choeur-abbesses-concert-3-decembre\/"},"wordCount":95,"commentCount":0,"publisher":{"@id":"https:\/\/vosgesinfo.fr\/remiremontinfo\/#organization"},"image":{"@id":"https:\/\/vosgesinfo.fr\/remiremontinfo\/2022\/11\/remiremont-choeur-abbesses-concert-3-decembre\/#primaryimage"},"thumbnailUrl":"https:\/\/vosgesinfo.fr\/app\/uploads\/sites\/5\/2022\/11\/concert-choeur-des-abbesses-2.jpg","keywords":["Centre Gilbert Zaug","chants","Ch\u0153ur des Abbesses","concert","musique","No\u00ebl","remirmeont","Vosges"],"articleSection":["A la Une","Culture","Remiremont","Remiremont &amp; son canton"],"inLanguage":"fr-FR","potentialAction":[{"@type":"CommentAction","name":"Comment","target":["https:\/\/vosgesinfo.fr\/remiremontinfo\/2022\/11\/remiremont-choeur-abbesses-concert-3-decembre\/#respond"]}]},{"@type":"WebPage","@id":"https:\/\/vosgesinfo.fr\/remiremontinfo\/2022\/11\/remiremont-choeur-abbesses-concert-3-decembre\/","url":"https:\/\/vosgesinfo.fr\/remiremontinfo\/2022\/11\/remiremont-choeur-abbesses-concert-3-decembre\/","name":"Remiremont : le\u00a0ch\u0153ur\u00a0des\u00a0Abbesses en concert le 3 d\u00e9cembre - Remiremont Info","isPartOf":{"@id":"https:\/\/vosgesinfo.fr\/remiremontinfo\/#website"},"primaryImageOfPage":{"@id":"https:\/\/vosgesinfo.fr\/remiremontinfo\/2022\/11\/remiremont-choeur-abbesses-concert-3-decembre\/#primaryimage"},"image":{"@id":"https:\/\/vosgesinfo.fr\/remiremontinfo\/2022\/11\/remiremont-choeur-abbesses-concert-3-decembre\/#primaryimage"},"thumbnailUrl":"https:\/\/vosgesinfo.fr\/app\/uploads\/sites\/5\/2022\/11\/concert-choeur-des-abbesses-2.jpg","datePublished":"2022-11-24T07:58:47+00:00","dateModified":"2022-11-24T07:58:47+00:00","breadcrumb":{"@id":"https:\/\/vosgesinfo.fr\/remiremontinfo\/2022\/11\/remiremont-choeur-abbesses-concert-3-decembre\/#breadcrumb"},"inLanguage":"fr-FR","potentialAction":[{"@type":"ReadAction","target":["https:\/\/vosgesinfo.fr\/remiremontinfo\/2022\/11\/remiremont-choeur-abbesses-concert-3-decembre\/"]}]},{"@type":"ImageObject","inLanguage":"fr-FR","@id":"https:\/\/vosgesinfo.fr\/remiremontinfo\/2022\/11\/remiremont-choeur-abbesses-concert-3-decembre\/#primaryimage","url":"https:\/\/vosgesinfo.fr\/app\/uploads\/sites\/5\/2022\/11\/concert-choeur-des-abbesses-2.jpg","contentUrl":"https:\/\/vosgesinfo.fr\/app\/uploads\/sites\/5\/2022\/11\/concert-choeur-des-abbesses-2.jpg","width":1518,"height":941},{"@type":"BreadcrumbList","@id":"https:\/\/vosgesinfo.fr\/remiremontinfo\/2022\/11\/remiremont-choeur-abbesses-concert-3-decembre\/#breadcrumb","itemListElement":[{"@type":"ListItem","position":1,"name":"Home","item":"https:\/\/vosgesinfo.fr\/remiremontinfo\/"},{"@type":"ListItem","position":2,"name":"Remiremont : le\u00a0ch\u0153ur\u00a0des\u00a0Abbesses en concert le 3 d\u00e9cembre"}]},{"@type":"WebSite","@id":"https:\/\/vosgesinfo.fr\/remiremontinfo\/#website","url":"https:\/\/vosgesinfo.fr\/remiremontinfo\/","name":"Remiremont Info","description":"Toute l&#039;actualit\u00e9 de Remiremont","publisher":{"@id":"https:\/\/vosgesinfo.fr\/remiremontinfo\/#organization"},"alternateName":"Toute l'actualit\u00e9 de Remiremont","potentialAction":[{"@type":"SearchAction","target":{"@type":"EntryPoint","urlTemplate":"https:\/\/vosgesinfo.fr\/remiremontinfo\/?s={search_term_string}"},"query-input":"required name=search_term_string"}],"inLanguage":"fr-FR"},{"@type":"Organization","@id":"https:\/\/vosgesinfo.fr\/remiremontinfo\/#organization","name":"Remiremont Info","url":"https:\/\/vosgesinfo.fr\/remiremontinfo\/","logo":{"@type":"ImageObject","inLanguage":"fr-FR","@id":"https:\/\/vosgesinfo.fr\/remiremontinfo\/#\/schema\/logo\/image\/","url":"https:\/\/vosgesinfo.fr\/app\/uploads\/sites\/5\/2023\/08\/favicon-remiremontinfo.png","contentUrl":"https:\/\/vosgesinfo.fr\/app\/uploads\/sites\/5\/2023\/08\/favicon-remiremontinfo.png","width":512,"height":512,"caption":"Remiremont Info"},"image":{"@id":"https:\/\/vosgesinfo.fr\/remiremontinfo\/#\/schema\/logo\/image\/"},"sameAs":["https:\/\/www.facebook.com\/remiremontinfo","https:\/\/x.com\/VosgesInfo88","https:\/\/www.youtube.com\/@vosgesinfo"]},{"@type":"Person","@id":"https:\/\/vosgesinfo.fr\/remiremontinfo\/#\/schema\/person\/3bfd164d5218a185b1db68655a265316","name":"C D","image":{"@type":"ImageObject","inLanguage":"fr-FR","@id":"https:\/\/vosgesinfo.fr\/remiremontinfo\/#\/schema\/person\/image\/","url":"https:\/\/secure.gravatar.com\/avatar\/1f9a70007336511a47468b8f1c66f922b8b7cf617b02a31149ada43893a5d48f?s=96&d=mm&r=g","contentUrl":"https:\/\/secure.gravatar.com\/avatar\/1f9a70007336511a47468b8f1c66f922b8b7cf617b02a31149ada43893a5d48f?s=96&d=mm&r=g","caption":"C D"},"url":"https:\/\/vosgesinfo.fr\/remiremontinfo\/author\/cedric-drevet\/"}]}},"_links":{"self":[{"href":"https:\/\/vosgesinfo.fr\/remiremontinfo\/wp-json\/wp\/v2\/posts\/64776","targetHints":{"allow":["GET"]}}],"collection":[{"href":"https:\/\/vosgesinfo.fr\/remiremontinfo\/wp-json\/wp\/v2\/posts"}],"about":[{"href":"https:\/\/vosgesinfo.fr\/remiremontinfo\/wp-json\/wp\/v2\/types\/post"}],"author":[{"embeddable":true,"href":"https:\/\/vosgesinfo.fr\/remiremontinfo\/wp-json\/wp\/v2\/users\/407"}],"replies":[{"embeddable":true,"href":"https:\/\/vosgesinfo.fr\/remiremontinfo\/wp-json\/wp\/v2\/comments?post=64776"}],"version-history":[{"count":0,"href":"https:\/\/vosgesinfo.fr\/remiremontinfo\/wp-json\/wp\/v2\/posts\/64776\/revisions"}],"wp:featuredmedia":[{"embeddable":true,"href":"https:\/\/vosgesinfo.fr\/remiremontinfo\/wp-json\/wp\/v2\/media\/3718"}],"wp:attachment":[{"href":"https:\/\/vosgesinfo.fr\/remiremontinfo\/wp-json\/wp\/v2\/media?parent=64776"}],"wp:term":[{"taxonomy":"category","embeddable":true,"href":"https:\/\/vosgesinfo.fr\/remiremontinfo\/wp-json\/wp\/v2\/categories?post=64776"},{"taxonomy":"post_tag","embeddable":true,"href":"https:\/\/vosgesinfo.fr\/remiremontinfo\/wp-json\/wp\/v2\/tags?post=64776"}],"curies":[{"name":"wp","href":"https:\/\/api.w.org\/{rel}","templated":true}]}}