{"id":64778,"date":"2022-11-24T09:04:31","date_gmt":"2022-11-24T08:04:31","guid":{"rendered":"https:\/\/vosgesinfo.fr\/remiremontinfo\/2022\/11\/hohneck-gerardmer-pont-fees-dou-viennent-noms\/"},"modified":"2022-11-24T09:04:31","modified_gmt":"2022-11-24T08:04:31","slug":"hohneck-gerardmer-pont-fees-dou-viennent-noms","status":"publish","type":"post","link":"https:\/\/vosgesinfo.fr\/remiremontinfo\/2022\/11\/hohneck-gerardmer-pont-fees-dou-viennent-noms\/","title":{"rendered":"Hohneck, G\u00e9rardmer, Pont des F\u00e9es : d\u2019o\u00f9 viennent ces noms ?"},"content":{"rendered":"<p><a href=\"\/2022\/11\/189858734_2970149003307002_512810763489301785_n.jpg\"><img decoding=\"async\" class=\"alignnone size-full wp-image-358430\" src=\"\/2022\/11\/189858734_2970149003307002_512810763489301785_n.jpg\" alt=\"hohneck neige auberge\" width=\"800\" height=\"600\" \/><\/a><\/p>\n<p><span style=\"font-size: 10pt;\"><em>Photo d\u2019archive, par l\u2019Auberge du Pied du Hohneck<\/em><\/span><\/p>\n<h2><span style=\"font-size: 12pt;\"><strong>Une conf\u00e9rence est propos\u00e9e par l\u2019association naturaliste et historienne Berian, le vendredi 25 novembre prochain \u00e0 partir de 20h \u00e0 la M\u00e9diath\u00e8que Intercommunale des Hautes Vosges, situ\u00e9e place de la Lib\u00e9ration \u00e0 Vagney. L\u2019occasion de d\u00e9couvrir le sens et l\u2019histoire de certains noms que l\u2019on utilise fr\u00e9quemment.\u00a0<\/strong><\/span><\/h2>\n<p>Agriculture, cultes, animaux\u2026 d\u00e9couvrez comment la vie quotidienne a influenc\u00e9 le noms des lieux vosgiens \u00e0 travers les si\u00e8cles. Entr\u00e9e gratuite.<\/p>\n<p><a href=\"\/2022\/11\/01.png\"><img decoding=\"async\" class=\"alignnone size-full wp-image-358429\" src=\"\/2022\/11\/01.png\" alt=\"affiche conf\u00e9rence vagney\" width=\"665\" height=\"941\" \/><\/a><\/p>\n","protected":false},"excerpt":{"rendered":"<p>Photo d\u2019archive, par l\u2019Auberge du Pied du Hohneck Une conf\u00e9rence est propos\u00e9e par l\u2019association naturaliste et historienne Berian, le vendredi [&hellip;]<\/p>\n","protected":false},"author":407,"featured_media":64779,"comment_status":"open","ping_status":"open","sticky":false,"template":"","format":"standard","meta":{"footnotes":""},"categories":[26,4,25,36],"tags":[222,160,32],"class_list":["post-64778","post","type-post","status-publish","format-standard","has-post-thumbnail","hentry","category-a-la-une","category-culture","category-la-bresse-son-canton","category-vagney","tag-conference","tag-vagney","tag-vosges"],"acf":[],"yoast_head":"<!-- This site is optimized with the Yoast SEO plugin v22.5 - https:\/\/yoast.com\/wordpress\/plugins\/seo\/ -->\n<title>Hohneck, G\u00e9rardmer, Pont des F\u00e9es : d\u2019o\u00f9 viennent ces noms ? - Remiremont Info<\/title>\n<meta name=\"robots\" content=\"index, follow, max-snippet:-1, max-image-preview:large, max-video-preview:-1\" \/>\n<link rel=\"canonical\" href=\"https:\/\/vosgesinfo.fr\/remiremontinfo\/2022\/11\/hohneck-gerardmer-pont-fees-dou-viennent-noms\/\" \/>\n<meta name=\"twitter:card\" content=\"summary_large_image\" \/>\n<meta name=\"twitter:title\" content=\"Hohneck, G\u00e9rardmer, Pont des F\u00e9es : d\u2019o\u00f9 viennent ces noms ? - Remiremont Info\" \/>\n<meta name=\"twitter:description\" content=\"Photo d\u2019archive, par l\u2019Auberge du Pied du Hohneck Une conf\u00e9rence est propos\u00e9e par l\u2019association naturaliste et historienne Berian, le vendredi [&hellip;]\" \/>\n<meta name=\"twitter:image\" content=\"https:\/\/vosgesinfo.fr\/app\/uploads\/sites\/5\/2024\/09\/202211189858734-2970149003307002-512810763489301785-n.jpg\" \/>\n<meta name=\"twitter:creator\" content=\"@VosgesInfo88\" \/>\n<meta name=\"twitter:site\" content=\"@VosgesInfo88\" \/>\n<meta name=\"twitter:label1\" content=\"\u00c9crit par\" \/>\n\t<meta name=\"twitter:data1\" content=\"C D\" \/>\n<script type=\"application\/ld+json\" class=\"yoast-schema-graph\">{\"@context\":\"https:\/\/schema.org\",\"@graph\":[{\"@type\":\"Article\",\"@id\":\"https:\/\/vosgesinfo.fr\/remiremontinfo\/2022\/11\/hohneck-gerardmer-pont-fees-dou-viennent-noms\/#article\",\"isPartOf\":{\"@id\":\"https:\/\/vosgesinfo.fr\/remiremontinfo\/2022\/11\/hohneck-gerardmer-pont-fees-dou-viennent-noms\/\"},\"author\":{\"name\":\"C D\",\"@id\":\"https:\/\/vosgesinfo.fr\/remiremontinfo\/#\/schema\/person\/3bfd164d5218a185b1db68655a265316\"},\"headline\":\"Hohneck, G\u00e9rardmer, Pont des F\u00e9es : d\u2019o\u00f9 viennent ces noms ?\",\"datePublished\":\"2022-11-24T08:04:31+00:00\",\"dateModified\":\"2022-11-24T08:04:31+00:00\",\"mainEntityOfPage\":{\"@id\":\"https:\/\/vosgesinfo.fr\/remiremontinfo\/2022\/11\/hohneck-gerardmer-pont-fees-dou-viennent-noms\/\"},\"wordCount\":100,\"commentCount\":0,\"publisher\":{\"@id\":\"https:\/\/vosgesinfo.fr\/remiremontinfo\/#organization\"},\"image\":{\"@id\":\"https:\/\/vosgesinfo.fr\/remiremontinfo\/2022\/11\/hohneck-gerardmer-pont-fees-dou-viennent-noms\/#primaryimage\"},\"thumbnailUrl\":\"https:\/\/vosgesinfo.fr\/app\/uploads\/sites\/5\/2024\/09\/202211189858734-2970149003307002-512810763489301785-n.jpg\",\"keywords\":[\"conf\u00e9rence\",\"vagney\",\"Vosges\"],\"articleSection\":[\"A la Une\",\"Culture\",\"La Bresse &amp; son canton\",\"Vagney\"],\"inLanguage\":\"fr-FR\",\"potentialAction\":[{\"@type\":\"CommentAction\",\"name\":\"Comment\",\"target\":[\"https:\/\/vosgesinfo.fr\/remiremontinfo\/2022\/11\/hohneck-gerardmer-pont-fees-dou-viennent-noms\/#respond\"]}]},{\"@type\":\"WebPage\",\"@id\":\"https:\/\/vosgesinfo.fr\/remiremontinfo\/2022\/11\/hohneck-gerardmer-pont-fees-dou-viennent-noms\/\",\"url\":\"https:\/\/vosgesinfo.fr\/remiremontinfo\/2022\/11\/hohneck-gerardmer-pont-fees-dou-viennent-noms\/\",\"name\":\"Hohneck, G\u00e9rardmer, Pont des F\u00e9es : d\u2019o\u00f9 viennent ces noms ? - Remiremont Info\",\"isPartOf\":{\"@id\":\"https:\/\/vosgesinfo.fr\/remiremontinfo\/#website\"},\"primaryImageOfPage\":{\"@id\":\"https:\/\/vosgesinfo.fr\/remiremontinfo\/2022\/11\/hohneck-gerardmer-pont-fees-dou-viennent-noms\/#primaryimage\"},\"image\":{\"@id\":\"https:\/\/vosgesinfo.fr\/remiremontinfo\/2022\/11\/hohneck-gerardmer-pont-fees-dou-viennent-noms\/#primaryimage\"},\"thumbnailUrl\":\"https:\/\/vosgesinfo.fr\/app\/uploads\/sites\/5\/2024\/09\/202211189858734-2970149003307002-512810763489301785-n.jpg\",\"datePublished\":\"2022-11-24T08:04:31+00:00\",\"dateModified\":\"2022-11-24T08:04:31+00:00\",\"breadcrumb\":{\"@id\":\"https:\/\/vosgesinfo.fr\/remiremontinfo\/2022\/11\/hohneck-gerardmer-pont-fees-dou-viennent-noms\/#breadcrumb\"},\"inLanguage\":\"fr-FR\",\"potentialAction\":[{\"@type\":\"ReadAction\",\"target\":[\"https:\/\/vosgesinfo.fr\/remiremontinfo\/2022\/11\/hohneck-gerardmer-pont-fees-dou-viennent-noms\/\"]}]},{\"@type\":\"ImageObject\",\"inLanguage\":\"fr-FR\",\"@id\":\"https:\/\/vosgesinfo.fr\/remiremontinfo\/2022\/11\/hohneck-gerardmer-pont-fees-dou-viennent-noms\/#primaryimage\",\"url\":\"https:\/\/vosgesinfo.fr\/app\/uploads\/sites\/5\/2024\/09\/202211189858734-2970149003307002-512810763489301785-n.jpg\",\"contentUrl\":\"https:\/\/vosgesinfo.fr\/app\/uploads\/sites\/5\/2024\/09\/202211189858734-2970149003307002-512810763489301785-n.jpg\",\"width\":800,\"height\":600},{\"@type\":\"BreadcrumbList\",\"@id\":\"https:\/\/vosgesinfo.fr\/remiremontinfo\/2022\/11\/hohneck-gerardmer-pont-fees-dou-viennent-noms\/#breadcrumb\",\"itemListElement\":[{\"@type\":\"ListItem\",\"position\":1,\"name\":\"Home\",\"item\":\"https:\/\/vosgesinfo.fr\/remiremontinfo\/\"},{\"@type\":\"ListItem\",\"position\":2,\"name\":\"Hohneck, G\u00e9rardmer, Pont des F\u00e9es : d\u2019o\u00f9 viennent ces noms ?\"}]},{\"@type\":\"WebSite\",\"@id\":\"https:\/\/vosgesinfo.fr\/remiremontinfo\/#website\",\"url\":\"https:\/\/vosgesinfo.fr\/remiremontinfo\/\",\"name\":\"Remiremont Info\",\"description\":\"Toute l&#039;actualit\u00e9 de Remiremont\",\"publisher\":{\"@id\":\"https:\/\/vosgesinfo.fr\/remiremontinfo\/#organization\"},\"alternateName\":\"Toute l'actualit\u00e9 de Remiremont\",\"potentialAction\":[{\"@type\":\"SearchAction\",\"target\":{\"@type\":\"EntryPoint\",\"urlTemplate\":\"https:\/\/vosgesinfo.fr\/remiremontinfo\/?s={search_term_string}\"},\"query-input\":\"required name=search_term_string\"}],\"inLanguage\":\"fr-FR\"},{\"@type\":\"Organization\",\"@id\":\"https:\/\/vosgesinfo.fr\/remiremontinfo\/#organization\",\"name\":\"Remiremont Info\",\"url\":\"https:\/\/vosgesinfo.fr\/remiremontinfo\/\",\"logo\":{\"@type\":\"ImageObject\",\"inLanguage\":\"fr-FR\",\"@id\":\"https:\/\/vosgesinfo.fr\/remiremontinfo\/#\/schema\/logo\/image\/\",\"url\":\"https:\/\/vosgesinfo.fr\/app\/uploads\/sites\/5\/2023\/08\/favicon-remiremontinfo.png\",\"contentUrl\":\"https:\/\/vosgesinfo.fr\/app\/uploads\/sites\/5\/2023\/08\/favicon-remiremontinfo.png\",\"width\":512,\"height\":512,\"caption\":\"Remiremont Info\"},\"image\":{\"@id\":\"https:\/\/vosgesinfo.fr\/remiremontinfo\/#\/schema\/logo\/image\/\"},\"sameAs\":[\"https:\/\/www.facebook.com\/remiremontinfo\",\"https:\/\/x.com\/VosgesInfo88\",\"https:\/\/www.youtube.com\/@vosgesinfo\"]},{\"@type\":\"Person\",\"@id\":\"https:\/\/vosgesinfo.fr\/remiremontinfo\/#\/schema\/person\/3bfd164d5218a185b1db68655a265316\",\"name\":\"C D\",\"image\":{\"@type\":\"ImageObject\",\"inLanguage\":\"fr-FR\",\"@id\":\"https:\/\/vosgesinfo.fr\/remiremontinfo\/#\/schema\/person\/image\/\",\"url\":\"https:\/\/secure.gravatar.com\/avatar\/1f9a70007336511a47468b8f1c66f922b8b7cf617b02a31149ada43893a5d48f?s=96&d=mm&r=g\",\"contentUrl\":\"https:\/\/secure.gravatar.com\/avatar\/1f9a70007336511a47468b8f1c66f922b8b7cf617b02a31149ada43893a5d48f?s=96&d=mm&r=g\",\"caption\":\"C D\"},\"url\":\"https:\/\/vosgesinfo.fr\/remiremontinfo\/author\/cedric-drevet\/\"}]}<\/script>\n<!-- \/ Yoast SEO plugin. -->","yoast_head_json":{"title":"Hohneck, G\u00e9rardmer, Pont des F\u00e9es : d\u2019o\u00f9 viennent ces noms ? - Remiremont Info","robots":{"index":"index","follow":"follow","max-snippet":"max-snippet:-1","max-image-preview":"max-image-preview:large","max-video-preview":"max-video-preview:-1"},"canonical":"https:\/\/vosgesinfo.fr\/remiremontinfo\/2022\/11\/hohneck-gerardmer-pont-fees-dou-viennent-noms\/","twitter_card":"summary_large_image","twitter_title":"Hohneck, G\u00e9rardmer, Pont des F\u00e9es : d\u2019o\u00f9 viennent ces noms ? - Remiremont Info","twitter_description":"Photo d\u2019archive, par l\u2019Auberge du Pied du Hohneck Une conf\u00e9rence est propos\u00e9e par l\u2019association naturaliste et historienne Berian, le vendredi [&hellip;]","twitter_image":"https:\/\/vosgesinfo.fr\/app\/uploads\/sites\/5\/2024\/09\/202211189858734-2970149003307002-512810763489301785-n.jpg","twitter_creator":"@VosgesInfo88","twitter_site":"@VosgesInfo88","twitter_misc":{"\u00c9crit par":"C D"},"schema":{"@context":"https:\/\/schema.org","@graph":[{"@type":"Article","@id":"https:\/\/vosgesinfo.fr\/remiremontinfo\/2022\/11\/hohneck-gerardmer-pont-fees-dou-viennent-noms\/#article","isPartOf":{"@id":"https:\/\/vosgesinfo.fr\/remiremontinfo\/2022\/11\/hohneck-gerardmer-pont-fees-dou-viennent-noms\/"},"author":{"name":"C D","@id":"https:\/\/vosgesinfo.fr\/remiremontinfo\/#\/schema\/person\/3bfd164d5218a185b1db68655a265316"},"headline":"Hohneck, G\u00e9rardmer, Pont des F\u00e9es : d\u2019o\u00f9 viennent ces noms ?","datePublished":"2022-11-24T08:04:31+00:00","dateModified":"2022-11-24T08:04:31+00:00","mainEntityOfPage":{"@id":"https:\/\/vosgesinfo.fr\/remiremontinfo\/2022\/11\/hohneck-gerardmer-pont-fees-dou-viennent-noms\/"},"wordCount":100,"commentCount":0,"publisher":{"@id":"https:\/\/vosgesinfo.fr\/remiremontinfo\/#organization"},"image":{"@id":"https:\/\/vosgesinfo.fr\/remiremontinfo\/2022\/11\/hohneck-gerardmer-pont-fees-dou-viennent-noms\/#primaryimage"},"thumbnailUrl":"https:\/\/vosgesinfo.fr\/app\/uploads\/sites\/5\/2024\/09\/202211189858734-2970149003307002-512810763489301785-n.jpg","keywords":["conf\u00e9rence","vagney","Vosges"],"articleSection":["A la Une","Culture","La Bresse &amp; son canton","Vagney"],"inLanguage":"fr-FR","potentialAction":[{"@type":"CommentAction","name":"Comment","target":["https:\/\/vosgesinfo.fr\/remiremontinfo\/2022\/11\/hohneck-gerardmer-pont-fees-dou-viennent-noms\/#respond"]}]},{"@type":"WebPage","@id":"https:\/\/vosgesinfo.fr\/remiremontinfo\/2022\/11\/hohneck-gerardmer-pont-fees-dou-viennent-noms\/","url":"https:\/\/vosgesinfo.fr\/remiremontinfo\/2022\/11\/hohneck-gerardmer-pont-fees-dou-viennent-noms\/","name":"Hohneck, G\u00e9rardmer, Pont des F\u00e9es : d\u2019o\u00f9 viennent ces noms ? - Remiremont Info","isPartOf":{"@id":"https:\/\/vosgesinfo.fr\/remiremontinfo\/#website"},"primaryImageOfPage":{"@id":"https:\/\/vosgesinfo.fr\/remiremontinfo\/2022\/11\/hohneck-gerardmer-pont-fees-dou-viennent-noms\/#primaryimage"},"image":{"@id":"https:\/\/vosgesinfo.fr\/remiremontinfo\/2022\/11\/hohneck-gerardmer-pont-fees-dou-viennent-noms\/#primaryimage"},"thumbnailUrl":"https:\/\/vosgesinfo.fr\/app\/uploads\/sites\/5\/2024\/09\/202211189858734-2970149003307002-512810763489301785-n.jpg","datePublished":"2022-11-24T08:04:31+00:00","dateModified":"2022-11-24T08:04:31+00:00","breadcrumb":{"@id":"https:\/\/vosgesinfo.fr\/remiremontinfo\/2022\/11\/hohneck-gerardmer-pont-fees-dou-viennent-noms\/#breadcrumb"},"inLanguage":"fr-FR","potentialAction":[{"@type":"ReadAction","target":["https:\/\/vosgesinfo.fr\/remiremontinfo\/2022\/11\/hohneck-gerardmer-pont-fees-dou-viennent-noms\/"]}]},{"@type":"ImageObject","inLanguage":"fr-FR","@id":"https:\/\/vosgesinfo.fr\/remiremontinfo\/2022\/11\/hohneck-gerardmer-pont-fees-dou-viennent-noms\/#primaryimage","url":"https:\/\/vosgesinfo.fr\/app\/uploads\/sites\/5\/2024\/09\/202211189858734-2970149003307002-512810763489301785-n.jpg","contentUrl":"https:\/\/vosgesinfo.fr\/app\/uploads\/sites\/5\/2024\/09\/202211189858734-2970149003307002-512810763489301785-n.jpg","width":800,"height":600},{"@type":"BreadcrumbList","@id":"https:\/\/vosgesinfo.fr\/remiremontinfo\/2022\/11\/hohneck-gerardmer-pont-fees-dou-viennent-noms\/#breadcrumb","itemListElement":[{"@type":"ListItem","position":1,"name":"Home","item":"https:\/\/vosgesinfo.fr\/remiremontinfo\/"},{"@type":"ListItem","position":2,"name":"Hohneck, G\u00e9rardmer, Pont des F\u00e9es : d\u2019o\u00f9 viennent ces noms ?"}]},{"@type":"WebSite","@id":"https:\/\/vosgesinfo.fr\/remiremontinfo\/#website","url":"https:\/\/vosgesinfo.fr\/remiremontinfo\/","name":"Remiremont Info","description":"Toute l&#039;actualit\u00e9 de Remiremont","publisher":{"@id":"https:\/\/vosgesinfo.fr\/remiremontinfo\/#organization"},"alternateName":"Toute l'actualit\u00e9 de Remiremont","potentialAction":[{"@type":"SearchAction","target":{"@type":"EntryPoint","urlTemplate":"https:\/\/vosgesinfo.fr\/remiremontinfo\/?s={search_term_string}"},"query-input":"required name=search_term_string"}],"inLanguage":"fr-FR"},{"@type":"Organization","@id":"https:\/\/vosgesinfo.fr\/remiremontinfo\/#organization","name":"Remiremont Info","url":"https:\/\/vosgesinfo.fr\/remiremontinfo\/","logo":{"@type":"ImageObject","inLanguage":"fr-FR","@id":"https:\/\/vosgesinfo.fr\/remiremontinfo\/#\/schema\/logo\/image\/","url":"https:\/\/vosgesinfo.fr\/app\/uploads\/sites\/5\/2023\/08\/favicon-remiremontinfo.png","contentUrl":"https:\/\/vosgesinfo.fr\/app\/uploads\/sites\/5\/2023\/08\/favicon-remiremontinfo.png","width":512,"height":512,"caption":"Remiremont Info"},"image":{"@id":"https:\/\/vosgesinfo.fr\/remiremontinfo\/#\/schema\/logo\/image\/"},"sameAs":["https:\/\/www.facebook.com\/remiremontinfo","https:\/\/x.com\/VosgesInfo88","https:\/\/www.youtube.com\/@vosgesinfo"]},{"@type":"Person","@id":"https:\/\/vosgesinfo.fr\/remiremontinfo\/#\/schema\/person\/3bfd164d5218a185b1db68655a265316","name":"C D","image":{"@type":"ImageObject","inLanguage":"fr-FR","@id":"https:\/\/vosgesinfo.fr\/remiremontinfo\/#\/schema\/person\/image\/","url":"https:\/\/secure.gravatar.com\/avatar\/1f9a70007336511a47468b8f1c66f922b8b7cf617b02a31149ada43893a5d48f?s=96&d=mm&r=g","contentUrl":"https:\/\/secure.gravatar.com\/avatar\/1f9a70007336511a47468b8f1c66f922b8b7cf617b02a31149ada43893a5d48f?s=96&d=mm&r=g","caption":"C D"},"url":"https:\/\/vosgesinfo.fr\/remiremontinfo\/author\/cedric-drevet\/"}]}},"_links":{"self":[{"href":"https:\/\/vosgesinfo.fr\/remiremontinfo\/wp-json\/wp\/v2\/posts\/64778","targetHints":{"allow":["GET"]}}],"collection":[{"href":"https:\/\/vosgesinfo.fr\/remiremontinfo\/wp-json\/wp\/v2\/posts"}],"about":[{"href":"https:\/\/vosgesinfo.fr\/remiremontinfo\/wp-json\/wp\/v2\/types\/post"}],"author":[{"embeddable":true,"href":"https:\/\/vosgesinfo.fr\/remiremontinfo\/wp-json\/wp\/v2\/users\/407"}],"replies":[{"embeddable":true,"href":"https:\/\/vosgesinfo.fr\/remiremontinfo\/wp-json\/wp\/v2\/comments?post=64778"}],"version-history":[{"count":0,"href":"https:\/\/vosgesinfo.fr\/remiremontinfo\/wp-json\/wp\/v2\/posts\/64778\/revisions"}],"wp:featuredmedia":[{"embeddable":true,"href":"https:\/\/vosgesinfo.fr\/remiremontinfo\/wp-json\/wp\/v2\/media\/64779"}],"wp:attachment":[{"href":"https:\/\/vosgesinfo.fr\/remiremontinfo\/wp-json\/wp\/v2\/media?parent=64778"}],"wp:term":[{"taxonomy":"category","embeddable":true,"href":"https:\/\/vosgesinfo.fr\/remiremontinfo\/wp-json\/wp\/v2\/categories?post=64778"},{"taxonomy":"post_tag","embeddable":true,"href":"https:\/\/vosgesinfo.fr\/remiremontinfo\/wp-json\/wp\/v2\/tags?post=64778"}],"curies":[{"name":"wp","href":"https:\/\/api.w.org\/{rel}","templated":true}]}}