{"id":64789,"date":"2022-11-24T09:37:15","date_gmt":"2022-11-24T08:37:15","guid":{"rendered":"https:\/\/vosgesinfo.fr\/remiremontinfo\/2022\/11\/clemence-beretta-parmi-potentiels-athletes-de-lannee-de-ffa\/"},"modified":"2022-11-24T09:37:15","modified_gmt":"2022-11-24T08:37:15","slug":"clemence-beretta-parmi-potentiels-athletes-de-lannee-de-ffa","status":"publish","type":"post","link":"https:\/\/vosgesinfo.fr\/remiremontinfo\/2022\/11\/clemence-beretta-parmi-potentiels-athletes-de-lannee-de-ffa\/","title":{"rendered":"Cl\u00e9mence Beretta parmi les potentiels athl\u00e8tes de l\u2019ann\u00e9e de la FFA"},"content":{"rendered":"<p><a href=\"\/2022\/05\/253724282_300608668556653_7312998972680801204_n-1024x725.jpg\"><img decoding=\"async\" class=\"alignnone size-large wp-image-344984\" src=\"\/2022\/05\/253724282_300608668556653_7312998972680801204_n-1024x725-1024x725.jpg\" alt=\"cl\u00e9mence beretta\" width=\"960\" height=\"680\" \/><\/a><\/p>\n<p><span style=\"font-size: 10pt;\"><em>Photo de la page Facebook de Cl\u00e9mence Beretta<\/em><\/span><\/p>\n<h2><span style=\"font-size: 12pt;\"><strong>La F\u00e9d\u00e9ration Fran\u00e7aise d\u2019Athl\u00e9tisme propose aux volontaires de d\u00e9signer leurs athl\u00e8tes de l\u2019ann\u00e9e dans les cinq cat\u00e9gories suivantes : athl\u00e8te masculin, athl\u00e8te f\u00e9minine, espoir masculin, espoir f\u00e9minin (athl\u00e8tes n\u00e9s en 2000 et apr\u00e8s) et collectif. Parmi les potentiels gagnants, on retrouve la marcheuse athl\u00e9tique Cl\u00e9mence Beretta.<\/strong><\/span><\/h2>\n<p><em>\u00ab\u00a0Je suis nomin\u00e9e par la F\u00e9d\u00e9ration Fran\u00e7aise d\u2019Athletisme dans la cat\u00e9gorie Athl\u00e8te F\u00e9minine de l\u2019ann\u00e9e 2022\u00a0\u00bb<\/em>, affirme l\u2019athl\u00e8te vosgienne. Pour rappel, Cl\u00e9mence Beretta, qui se pr\u00e9pare actuellement pour les Jeux Olympique de Paris qui auront lieu en 2024, a obtenu la 6\u00e8me place lors des Championnat d\u2019Europe d\u2019Athl\u00e9tisme \u00e0 Munich en ao\u00fbt dernier, en r\u00e9alisant le record de France de 20 kilom\u00e8tres marche. Pour voter, cliquez ici\u00a0: <a href=\"https:\/\/www.athle.fr\/asp.net\/main.html\/html.aspx?htmlid=6493&amp;fbclid=IwAR1msUE9qZWW0kpITAK-zmQ072AWSu096ugoJWHKg2ijpL1otviRhjyYOss\">Election des Athl\u00e8tes de l&rsquo;ann\u00e9e 2022 | F\u00e9d\u00e9ration Fran\u00e7aise d&rsquo;Athl\u00e9tisme (athle.fr)<\/a>. Il est aussi possible de voter sur les pages Instagram, Facebook et Twitter de la FFA. Cl\u00f4ture des votes le 29 novembre !<\/p>\n","protected":false},"excerpt":{"rendered":"<p>Photo de la page Facebook de Cl\u00e9mence Beretta La F\u00e9d\u00e9ration Fran\u00e7aise d\u2019Athl\u00e9tisme propose aux volontaires de d\u00e9signer leurs athl\u00e8tes de [&hellip;]<\/p>\n","protected":false},"author":407,"featured_media":64790,"comment_status":"open","ping_status":"open","sticky":false,"template":"","format":"standard","meta":{"footnotes":""},"categories":[26,35,100,14],"tags":[1744,1265,5096,42,61,32],"class_list":["post-64789","post","type-post","status-publish","format-standard","has-post-thumbnail","hentry","category-a-la-une","category-remiremont-son-canton","category-saint-nabord","category-sport","tag-athletisme","tag-clemence-beretta","tag-ffa","tag-saint-nabord","tag-sport","tag-vosges"],"acf":[],"yoast_head":"<!-- This site is optimized with the Yoast SEO plugin v22.5 - https:\/\/yoast.com\/wordpress\/plugins\/seo\/ -->\n<title>Cl\u00e9mence Beretta parmi les potentiels athl\u00e8tes de l\u2019ann\u00e9e de la FFA - Remiremont Info<\/title>\n<meta name=\"robots\" content=\"index, follow, max-snippet:-1, max-image-preview:large, max-video-preview:-1\" \/>\n<link rel=\"canonical\" href=\"https:\/\/vosgesinfo.fr\/remiremontinfo\/2022\/11\/clemence-beretta-parmi-potentiels-athletes-de-lannee-de-ffa\/\" \/>\n<meta name=\"twitter:card\" content=\"summary_large_image\" \/>\n<meta name=\"twitter:title\" content=\"Cl\u00e9mence Beretta parmi les potentiels athl\u00e8tes de l\u2019ann\u00e9e de la FFA - Remiremont Info\" \/>\n<meta name=\"twitter:description\" content=\"Photo de la page Facebook de Cl\u00e9mence Beretta La F\u00e9d\u00e9ration Fran\u00e7aise d\u2019Athl\u00e9tisme propose aux volontaires de d\u00e9signer leurs athl\u00e8tes de [&hellip;]\" \/>\n<meta name=\"twitter:image\" content=\"https:\/\/vosgesinfo.fr\/app\/uploads\/sites\/5\/2024\/09\/202205253724282-300608668556653-7312998972680801204-n-1024x725-4.jpg\" \/>\n<meta name=\"twitter:creator\" content=\"@VosgesInfo88\" \/>\n<meta name=\"twitter:site\" content=\"@VosgesInfo88\" \/>\n<meta name=\"twitter:label1\" content=\"\u00c9crit par\" \/>\n\t<meta name=\"twitter:data1\" content=\"C D\" \/>\n\t<meta name=\"twitter:label2\" content=\"Dur\u00e9e de lecture estim\u00e9e\" \/>\n\t<meta name=\"twitter:data2\" content=\"1 minute\" \/>\n<script type=\"application\/ld+json\" class=\"yoast-schema-graph\">{\"@context\":\"https:\/\/schema.org\",\"@graph\":[{\"@type\":\"Article\",\"@id\":\"https:\/\/vosgesinfo.fr\/remiremontinfo\/2022\/11\/clemence-beretta-parmi-potentiels-athletes-de-lannee-de-ffa\/#article\",\"isPartOf\":{\"@id\":\"https:\/\/vosgesinfo.fr\/remiremontinfo\/2022\/11\/clemence-beretta-parmi-potentiels-athletes-de-lannee-de-ffa\/\"},\"author\":{\"name\":\"C D\",\"@id\":\"https:\/\/vosgesinfo.fr\/remiremontinfo\/#\/schema\/person\/3bfd164d5218a185b1db68655a265316\"},\"headline\":\"Cl\u00e9mence Beretta parmi les potentiels athl\u00e8tes de l\u2019ann\u00e9e de la FFA\",\"datePublished\":\"2022-11-24T08:37:15+00:00\",\"dateModified\":\"2022-11-24T08:37:15+00:00\",\"mainEntityOfPage\":{\"@id\":\"https:\/\/vosgesinfo.fr\/remiremontinfo\/2022\/11\/clemence-beretta-parmi-potentiels-athletes-de-lannee-de-ffa\/\"},\"wordCount\":210,\"commentCount\":0,\"publisher\":{\"@id\":\"https:\/\/vosgesinfo.fr\/remiremontinfo\/#organization\"},\"image\":{\"@id\":\"https:\/\/vosgesinfo.fr\/remiremontinfo\/2022\/11\/clemence-beretta-parmi-potentiels-athletes-de-lannee-de-ffa\/#primaryimage\"},\"thumbnailUrl\":\"https:\/\/vosgesinfo.fr\/app\/uploads\/sites\/5\/2024\/09\/202205253724282-300608668556653-7312998972680801204-n-1024x725-4.jpg\",\"keywords\":[\"Athl\u00e9tisme\",\"Cl\u00e9mence beretta\",\"ffa\",\"saint-nabord\",\"sport\",\"Vosges\"],\"articleSection\":[\"A la Une\",\"Remiremont &amp; son canton\",\"Saint-Nabord\",\"Sport\"],\"inLanguage\":\"fr-FR\",\"potentialAction\":[{\"@type\":\"CommentAction\",\"name\":\"Comment\",\"target\":[\"https:\/\/vosgesinfo.fr\/remiremontinfo\/2022\/11\/clemence-beretta-parmi-potentiels-athletes-de-lannee-de-ffa\/#respond\"]}]},{\"@type\":\"WebPage\",\"@id\":\"https:\/\/vosgesinfo.fr\/remiremontinfo\/2022\/11\/clemence-beretta-parmi-potentiels-athletes-de-lannee-de-ffa\/\",\"url\":\"https:\/\/vosgesinfo.fr\/remiremontinfo\/2022\/11\/clemence-beretta-parmi-potentiels-athletes-de-lannee-de-ffa\/\",\"name\":\"Cl\u00e9mence Beretta parmi les potentiels athl\u00e8tes de l\u2019ann\u00e9e de la FFA - Remiremont Info\",\"isPartOf\":{\"@id\":\"https:\/\/vosgesinfo.fr\/remiremontinfo\/#website\"},\"primaryImageOfPage\":{\"@id\":\"https:\/\/vosgesinfo.fr\/remiremontinfo\/2022\/11\/clemence-beretta-parmi-potentiels-athletes-de-lannee-de-ffa\/#primaryimage\"},\"image\":{\"@id\":\"https:\/\/vosgesinfo.fr\/remiremontinfo\/2022\/11\/clemence-beretta-parmi-potentiels-athletes-de-lannee-de-ffa\/#primaryimage\"},\"thumbnailUrl\":\"https:\/\/vosgesinfo.fr\/app\/uploads\/sites\/5\/2024\/09\/202205253724282-300608668556653-7312998972680801204-n-1024x725-4.jpg\",\"datePublished\":\"2022-11-24T08:37:15+00:00\",\"dateModified\":\"2022-11-24T08:37:15+00:00\",\"breadcrumb\":{\"@id\":\"https:\/\/vosgesinfo.fr\/remiremontinfo\/2022\/11\/clemence-beretta-parmi-potentiels-athletes-de-lannee-de-ffa\/#breadcrumb\"},\"inLanguage\":\"fr-FR\",\"potentialAction\":[{\"@type\":\"ReadAction\",\"target\":[\"https:\/\/vosgesinfo.fr\/remiremontinfo\/2022\/11\/clemence-beretta-parmi-potentiels-athletes-de-lannee-de-ffa\/\"]}]},{\"@type\":\"ImageObject\",\"inLanguage\":\"fr-FR\",\"@id\":\"https:\/\/vosgesinfo.fr\/remiremontinfo\/2022\/11\/clemence-beretta-parmi-potentiels-athletes-de-lannee-de-ffa\/#primaryimage\",\"url\":\"https:\/\/vosgesinfo.fr\/app\/uploads\/sites\/5\/2024\/09\/202205253724282-300608668556653-7312998972680801204-n-1024x725-4.jpg\",\"contentUrl\":\"https:\/\/vosgesinfo.fr\/app\/uploads\/sites\/5\/2024\/09\/202205253724282-300608668556653-7312998972680801204-n-1024x725-4.jpg\",\"width\":1024,\"height\":725},{\"@type\":\"BreadcrumbList\",\"@id\":\"https:\/\/vosgesinfo.fr\/remiremontinfo\/2022\/11\/clemence-beretta-parmi-potentiels-athletes-de-lannee-de-ffa\/#breadcrumb\",\"itemListElement\":[{\"@type\":\"ListItem\",\"position\":1,\"name\":\"Home\",\"item\":\"https:\/\/vosgesinfo.fr\/remiremontinfo\/\"},{\"@type\":\"ListItem\",\"position\":2,\"name\":\"Cl\u00e9mence Beretta parmi les potentiels athl\u00e8tes de l\u2019ann\u00e9e de la FFA\"}]},{\"@type\":\"WebSite\",\"@id\":\"https:\/\/vosgesinfo.fr\/remiremontinfo\/#website\",\"url\":\"https:\/\/vosgesinfo.fr\/remiremontinfo\/\",\"name\":\"Remiremont Info\",\"description\":\"Toute l&#039;actualit\u00e9 de Remiremont\",\"publisher\":{\"@id\":\"https:\/\/vosgesinfo.fr\/remiremontinfo\/#organization\"},\"alternateName\":\"Toute l'actualit\u00e9 de Remiremont\",\"potentialAction\":[{\"@type\":\"SearchAction\",\"target\":{\"@type\":\"EntryPoint\",\"urlTemplate\":\"https:\/\/vosgesinfo.fr\/remiremontinfo\/?s={search_term_string}\"},\"query-input\":\"required name=search_term_string\"}],\"inLanguage\":\"fr-FR\"},{\"@type\":\"Organization\",\"@id\":\"https:\/\/vosgesinfo.fr\/remiremontinfo\/#organization\",\"name\":\"Remiremont Info\",\"url\":\"https:\/\/vosgesinfo.fr\/remiremontinfo\/\",\"logo\":{\"@type\":\"ImageObject\",\"inLanguage\":\"fr-FR\",\"@id\":\"https:\/\/vosgesinfo.fr\/remiremontinfo\/#\/schema\/logo\/image\/\",\"url\":\"https:\/\/vosgesinfo.fr\/app\/uploads\/sites\/5\/2023\/08\/favicon-remiremontinfo.png\",\"contentUrl\":\"https:\/\/vosgesinfo.fr\/app\/uploads\/sites\/5\/2023\/08\/favicon-remiremontinfo.png\",\"width\":512,\"height\":512,\"caption\":\"Remiremont Info\"},\"image\":{\"@id\":\"https:\/\/vosgesinfo.fr\/remiremontinfo\/#\/schema\/logo\/image\/\"},\"sameAs\":[\"https:\/\/www.facebook.com\/remiremontinfo\",\"https:\/\/x.com\/VosgesInfo88\",\"https:\/\/www.youtube.com\/@vosgesinfo\"]},{\"@type\":\"Person\",\"@id\":\"https:\/\/vosgesinfo.fr\/remiremontinfo\/#\/schema\/person\/3bfd164d5218a185b1db68655a265316\",\"name\":\"C D\",\"image\":{\"@type\":\"ImageObject\",\"inLanguage\":\"fr-FR\",\"@id\":\"https:\/\/vosgesinfo.fr\/remiremontinfo\/#\/schema\/person\/image\/\",\"url\":\"https:\/\/secure.gravatar.com\/avatar\/1f9a70007336511a47468b8f1c66f922b8b7cf617b02a31149ada43893a5d48f?s=96&d=mm&r=g\",\"contentUrl\":\"https:\/\/secure.gravatar.com\/avatar\/1f9a70007336511a47468b8f1c66f922b8b7cf617b02a31149ada43893a5d48f?s=96&d=mm&r=g\",\"caption\":\"C D\"},\"url\":\"https:\/\/vosgesinfo.fr\/remiremontinfo\/author\/cedric-drevet\/\"}]}<\/script>\n<!-- \/ Yoast SEO plugin. -->","yoast_head_json":{"title":"Cl\u00e9mence Beretta parmi les potentiels athl\u00e8tes de l\u2019ann\u00e9e de la FFA - Remiremont Info","robots":{"index":"index","follow":"follow","max-snippet":"max-snippet:-1","max-image-preview":"max-image-preview:large","max-video-preview":"max-video-preview:-1"},"canonical":"https:\/\/vosgesinfo.fr\/remiremontinfo\/2022\/11\/clemence-beretta-parmi-potentiels-athletes-de-lannee-de-ffa\/","twitter_card":"summary_large_image","twitter_title":"Cl\u00e9mence Beretta parmi les potentiels athl\u00e8tes de l\u2019ann\u00e9e de la FFA - Remiremont Info","twitter_description":"Photo de la page Facebook de Cl\u00e9mence Beretta La F\u00e9d\u00e9ration Fran\u00e7aise d\u2019Athl\u00e9tisme propose aux volontaires de d\u00e9signer leurs athl\u00e8tes de [&hellip;]","twitter_image":"https:\/\/vosgesinfo.fr\/app\/uploads\/sites\/5\/2024\/09\/202205253724282-300608668556653-7312998972680801204-n-1024x725-4.jpg","twitter_creator":"@VosgesInfo88","twitter_site":"@VosgesInfo88","twitter_misc":{"\u00c9crit par":"C D","Dur\u00e9e de lecture estim\u00e9e":"1 minute"},"schema":{"@context":"https:\/\/schema.org","@graph":[{"@type":"Article","@id":"https:\/\/vosgesinfo.fr\/remiremontinfo\/2022\/11\/clemence-beretta-parmi-potentiels-athletes-de-lannee-de-ffa\/#article","isPartOf":{"@id":"https:\/\/vosgesinfo.fr\/remiremontinfo\/2022\/11\/clemence-beretta-parmi-potentiels-athletes-de-lannee-de-ffa\/"},"author":{"name":"C D","@id":"https:\/\/vosgesinfo.fr\/remiremontinfo\/#\/schema\/person\/3bfd164d5218a185b1db68655a265316"},"headline":"Cl\u00e9mence Beretta parmi les potentiels athl\u00e8tes de l\u2019ann\u00e9e de la FFA","datePublished":"2022-11-24T08:37:15+00:00","dateModified":"2022-11-24T08:37:15+00:00","mainEntityOfPage":{"@id":"https:\/\/vosgesinfo.fr\/remiremontinfo\/2022\/11\/clemence-beretta-parmi-potentiels-athletes-de-lannee-de-ffa\/"},"wordCount":210,"commentCount":0,"publisher":{"@id":"https:\/\/vosgesinfo.fr\/remiremontinfo\/#organization"},"image":{"@id":"https:\/\/vosgesinfo.fr\/remiremontinfo\/2022\/11\/clemence-beretta-parmi-potentiels-athletes-de-lannee-de-ffa\/#primaryimage"},"thumbnailUrl":"https:\/\/vosgesinfo.fr\/app\/uploads\/sites\/5\/2024\/09\/202205253724282-300608668556653-7312998972680801204-n-1024x725-4.jpg","keywords":["Athl\u00e9tisme","Cl\u00e9mence beretta","ffa","saint-nabord","sport","Vosges"],"articleSection":["A la Une","Remiremont &amp; son canton","Saint-Nabord","Sport"],"inLanguage":"fr-FR","potentialAction":[{"@type":"CommentAction","name":"Comment","target":["https:\/\/vosgesinfo.fr\/remiremontinfo\/2022\/11\/clemence-beretta-parmi-potentiels-athletes-de-lannee-de-ffa\/#respond"]}]},{"@type":"WebPage","@id":"https:\/\/vosgesinfo.fr\/remiremontinfo\/2022\/11\/clemence-beretta-parmi-potentiels-athletes-de-lannee-de-ffa\/","url":"https:\/\/vosgesinfo.fr\/remiremontinfo\/2022\/11\/clemence-beretta-parmi-potentiels-athletes-de-lannee-de-ffa\/","name":"Cl\u00e9mence Beretta parmi les potentiels athl\u00e8tes de l\u2019ann\u00e9e de la FFA - Remiremont Info","isPartOf":{"@id":"https:\/\/vosgesinfo.fr\/remiremontinfo\/#website"},"primaryImageOfPage":{"@id":"https:\/\/vosgesinfo.fr\/remiremontinfo\/2022\/11\/clemence-beretta-parmi-potentiels-athletes-de-lannee-de-ffa\/#primaryimage"},"image":{"@id":"https:\/\/vosgesinfo.fr\/remiremontinfo\/2022\/11\/clemence-beretta-parmi-potentiels-athletes-de-lannee-de-ffa\/#primaryimage"},"thumbnailUrl":"https:\/\/vosgesinfo.fr\/app\/uploads\/sites\/5\/2024\/09\/202205253724282-300608668556653-7312998972680801204-n-1024x725-4.jpg","datePublished":"2022-11-24T08:37:15+00:00","dateModified":"2022-11-24T08:37:15+00:00","breadcrumb":{"@id":"https:\/\/vosgesinfo.fr\/remiremontinfo\/2022\/11\/clemence-beretta-parmi-potentiels-athletes-de-lannee-de-ffa\/#breadcrumb"},"inLanguage":"fr-FR","potentialAction":[{"@type":"ReadAction","target":["https:\/\/vosgesinfo.fr\/remiremontinfo\/2022\/11\/clemence-beretta-parmi-potentiels-athletes-de-lannee-de-ffa\/"]}]},{"@type":"ImageObject","inLanguage":"fr-FR","@id":"https:\/\/vosgesinfo.fr\/remiremontinfo\/2022\/11\/clemence-beretta-parmi-potentiels-athletes-de-lannee-de-ffa\/#primaryimage","url":"https:\/\/vosgesinfo.fr\/app\/uploads\/sites\/5\/2024\/09\/202205253724282-300608668556653-7312998972680801204-n-1024x725-4.jpg","contentUrl":"https:\/\/vosgesinfo.fr\/app\/uploads\/sites\/5\/2024\/09\/202205253724282-300608668556653-7312998972680801204-n-1024x725-4.jpg","width":1024,"height":725},{"@type":"BreadcrumbList","@id":"https:\/\/vosgesinfo.fr\/remiremontinfo\/2022\/11\/clemence-beretta-parmi-potentiels-athletes-de-lannee-de-ffa\/#breadcrumb","itemListElement":[{"@type":"ListItem","position":1,"name":"Home","item":"https:\/\/vosgesinfo.fr\/remiremontinfo\/"},{"@type":"ListItem","position":2,"name":"Cl\u00e9mence Beretta parmi les potentiels athl\u00e8tes de l\u2019ann\u00e9e de la FFA"}]},{"@type":"WebSite","@id":"https:\/\/vosgesinfo.fr\/remiremontinfo\/#website","url":"https:\/\/vosgesinfo.fr\/remiremontinfo\/","name":"Remiremont Info","description":"Toute l&#039;actualit\u00e9 de Remiremont","publisher":{"@id":"https:\/\/vosgesinfo.fr\/remiremontinfo\/#organization"},"alternateName":"Toute l'actualit\u00e9 de Remiremont","potentialAction":[{"@type":"SearchAction","target":{"@type":"EntryPoint","urlTemplate":"https:\/\/vosgesinfo.fr\/remiremontinfo\/?s={search_term_string}"},"query-input":"required name=search_term_string"}],"inLanguage":"fr-FR"},{"@type":"Organization","@id":"https:\/\/vosgesinfo.fr\/remiremontinfo\/#organization","name":"Remiremont Info","url":"https:\/\/vosgesinfo.fr\/remiremontinfo\/","logo":{"@type":"ImageObject","inLanguage":"fr-FR","@id":"https:\/\/vosgesinfo.fr\/remiremontinfo\/#\/schema\/logo\/image\/","url":"https:\/\/vosgesinfo.fr\/app\/uploads\/sites\/5\/2023\/08\/favicon-remiremontinfo.png","contentUrl":"https:\/\/vosgesinfo.fr\/app\/uploads\/sites\/5\/2023\/08\/favicon-remiremontinfo.png","width":512,"height":512,"caption":"Remiremont Info"},"image":{"@id":"https:\/\/vosgesinfo.fr\/remiremontinfo\/#\/schema\/logo\/image\/"},"sameAs":["https:\/\/www.facebook.com\/remiremontinfo","https:\/\/x.com\/VosgesInfo88","https:\/\/www.youtube.com\/@vosgesinfo"]},{"@type":"Person","@id":"https:\/\/vosgesinfo.fr\/remiremontinfo\/#\/schema\/person\/3bfd164d5218a185b1db68655a265316","name":"C D","image":{"@type":"ImageObject","inLanguage":"fr-FR","@id":"https:\/\/vosgesinfo.fr\/remiremontinfo\/#\/schema\/person\/image\/","url":"https:\/\/secure.gravatar.com\/avatar\/1f9a70007336511a47468b8f1c66f922b8b7cf617b02a31149ada43893a5d48f?s=96&d=mm&r=g","contentUrl":"https:\/\/secure.gravatar.com\/avatar\/1f9a70007336511a47468b8f1c66f922b8b7cf617b02a31149ada43893a5d48f?s=96&d=mm&r=g","caption":"C D"},"url":"https:\/\/vosgesinfo.fr\/remiremontinfo\/author\/cedric-drevet\/"}]}},"_links":{"self":[{"href":"https:\/\/vosgesinfo.fr\/remiremontinfo\/wp-json\/wp\/v2\/posts\/64789","targetHints":{"allow":["GET"]}}],"collection":[{"href":"https:\/\/vosgesinfo.fr\/remiremontinfo\/wp-json\/wp\/v2\/posts"}],"about":[{"href":"https:\/\/vosgesinfo.fr\/remiremontinfo\/wp-json\/wp\/v2\/types\/post"}],"author":[{"embeddable":true,"href":"https:\/\/vosgesinfo.fr\/remiremontinfo\/wp-json\/wp\/v2\/users\/407"}],"replies":[{"embeddable":true,"href":"https:\/\/vosgesinfo.fr\/remiremontinfo\/wp-json\/wp\/v2\/comments?post=64789"}],"version-history":[{"count":0,"href":"https:\/\/vosgesinfo.fr\/remiremontinfo\/wp-json\/wp\/v2\/posts\/64789\/revisions"}],"wp:featuredmedia":[{"embeddable":true,"href":"https:\/\/vosgesinfo.fr\/remiremontinfo\/wp-json\/wp\/v2\/media\/64790"}],"wp:attachment":[{"href":"https:\/\/vosgesinfo.fr\/remiremontinfo\/wp-json\/wp\/v2\/media?parent=64789"}],"wp:term":[{"taxonomy":"category","embeddable":true,"href":"https:\/\/vosgesinfo.fr\/remiremontinfo\/wp-json\/wp\/v2\/categories?post=64789"},{"taxonomy":"post_tag","embeddable":true,"href":"https:\/\/vosgesinfo.fr\/remiremontinfo\/wp-json\/wp\/v2\/tags?post=64789"}],"curies":[{"name":"wp","href":"https:\/\/api.w.org\/{rel}","templated":true}]}}