{"id":64797,"date":"2022-11-24T06:45:03","date_gmt":"2022-11-24T05:45:03","guid":{"rendered":"https:\/\/vosgesinfo.fr\/remiremontinfo\/2022\/11\/don-sang-collecte-tholy-lundi-28-novembre\/"},"modified":"2022-11-24T06:45:03","modified_gmt":"2022-11-24T05:45:03","slug":"don-sang-collecte-tholy-lundi-28-novembre","status":"publish","type":"post","link":"https:\/\/vosgesinfo.fr\/remiremontinfo\/2022\/11\/don-sang-collecte-tholy-lundi-28-novembre\/","title":{"rendered":"Don du sang : une collecte au Tholy le lundi 28 novembre"},"content":{"rendered":"<p style=\"text-align: center;\"><a href=\"\/2019\/10\/blood-1968458__480.png\"><img decoding=\"async\" class=\"alignnone size-full wp-image-271423\" src=\"\/2019\/10\/blood-1968458__480.png\" alt=\"blood-1968458__480\" width=\"732\" height=\"480\" \/><\/a><\/p>\n<p style=\"text-align: left;\"><span style=\"font-size: 10pt;\"><em>Image d&rsquo;illustration\u00a0<\/em><\/span><\/p>\n<p style=\"text-align: center;\"><span style=\"font-size: 10pt;\"><em>Source :\u00a0Amicale des Donneurs de Sang B\u00e9n\u00e9voles du Tholy et des Environs<\/em><\/span><\/p>\n<p style=\"text-align: center;\">\n<p style=\"font-weight: 400;\"><strong>Lundi 28 novembre 2022 entre 16h et 19h30<\/strong><\/p>\n<p style=\"font-weight: 400;\"><strong>Au Tholy, salle polyvalente, 2 Route du Petit Paradis<\/strong><\/p>\n<p style=\"font-weight: 400;\"><strong>\u00a0<\/strong><\/p>\n<p style=\"font-weight: 400;\">Vous qui \u00eates en bonne sant\u00e9, sachez que l\u2019on choisit\u00a0le\u00a0\u00a0moment de donner, mais pas celui d\u2019en recevoir.<\/p>\n<p style=\"font-weight: 400;\">Chaque don est pr\u00e9cieux car il permet de sauver 3 vies !<\/p>\n<p style=\"font-weight: 400;\"><em>Le sang ne se conserve que 42 jours et il faut toujours refaire sans cesse des collectes pour renouveler les stocks.<\/em><\/p>\n<p style=\"font-weight: 400;\">De l\u2019inscription \u00e0 la pause, pr\u00e9voyez entre 45 min et 1h.<\/p>\n<p style=\"font-weight: 400;\">Pour donner votre sang, vous devez :<\/p>\n<p style=\"font-weight: 400;\">&#8211; \u00catre \u00e2g\u00e9(e) de 18 \u00e0 71 ans (moins 1 jour)<\/p>\n<p style=\"font-weight: 400;\">&#8211; Peser au moins 50kg<\/p>\n<p style=\"font-weight: 400;\">&#8211; \u00catre muni(e) d\u2019une pi\u00e8ce d\u2019identit\u00e9 avec votre date de naissance et une photo. (Carte nationale d\u2019identit\u00e9, Passeport, Permis de conduire, Carte d\u2019\u00e9tudiant, etc.)<\/p>\n<p style=\"font-weight: 400;\">&#8211; Mangez avant et bien vous hydrater tout au long du parcours<\/p>\n<p style=\"font-weight: 400;\">&#8211; Les collations sont tr\u00e8s appr\u00e9ci\u00e9es et tr\u00e8s conviviales<\/p>\n<p style=\"font-weight: 400;\"><strong>Merci de faire l\u2019info de cette collecte sur vos r\u00e9seaux sociaux<\/strong><\/p>\n<p style=\"font-weight: 400;\"><strong>Tous mobilis\u00e9s pour sauver des vies\u2026<\/strong><\/p>\n<p style=\"font-weight: 400;\">\n<p style=\"font-weight: 400;\">\n<p style=\"font-weight: 400;\">Voici une vid\u00e9o \u2013 il \u00e9tait une fois \u2026la vie (Le sang) \u00a0:\u00a0<a href=\"https:\/\/youtu.be\/rtrf62m_jyk\" data-saferedirecturl=\"https:\/\/www.google.com\/url?q=https:\/\/youtu.be\/rtrf62m_jyk&amp;source=gmail&amp;ust=1669301731261000&amp;usg=AOvVaw0HhQhjhaxuVFDhNLLyFmo8\">https:\/\/youtu.be\/rtrf62m_jyk<\/a><\/p>\n<p style=\"font-weight: 400;\"><strong>PS\u00a0: Pour en savoir plus, l\u2019EFS vous invite \u00e0 t\u00e9l\u00e9charger l\u2019application \u00ab\u00a0Don de sang\u00a0\u00bb<\/strong><\/p>\n<p style=\"font-weight: 400;\"><strong>Notez d\u00e8s \u00e0 pr\u00e9sent la date de la prochaine collecte au Tholy\u00a0: le vendredi 24 f\u00e9vrier 2023, m\u00eame lieu, m\u00eames horaires.<\/strong><\/p>\n<p style=\"font-weight: 400;\"><strong>Notez aussi la date de notre tr\u00e8s appr\u00e9ci\u00e9e soir\u00e9e choucroute\u00a0: le samedi 28 janvier 2023<\/strong><\/p>\n<p style=\"font-weight: 400;\"><em>\u00a0<\/em><\/p>\n<p style=\"font-weight: 400;\"><em>Amicale des Donneurs de Sang B\u00e9n\u00e9voles du Tholy et des Environs<\/em><\/p>\n","protected":false},"excerpt":{"rendered":"<p>Image d&rsquo;illustration\u00a0 Source :\u00a0Amicale des Donneurs de Sang B\u00e9n\u00e9voles du Tholy et des Environs Lundi 28 novembre 2022 entre 16h [&hellip;]<\/p>\n","protected":false},"author":407,"featured_media":64798,"comment_status":"open","ping_status":"open","sticky":false,"template":"","format":"standard","meta":{"footnotes":""},"categories":[26,25,246,12],"tags":[482,2057,32],"class_list":["post-64797","post","type-post","status-publish","format-standard","has-post-thumbnail","hentry","category-a-la-une","category-la-bresse-son-canton","category-le-tholy","category-sante","tag-don-du-sang","tag-tholy","tag-vosges"],"acf":[],"yoast_head":"<!-- This site is optimized with the Yoast SEO plugin v22.5 - https:\/\/yoast.com\/wordpress\/plugins\/seo\/ -->\n<title>Don du sang : une collecte au Tholy le lundi 28 novembre - Remiremont Info<\/title>\n<meta name=\"robots\" content=\"index, follow, max-snippet:-1, max-image-preview:large, max-video-preview:-1\" \/>\n<link rel=\"canonical\" href=\"https:\/\/vosgesinfo.fr\/remiremontinfo\/2022\/11\/don-sang-collecte-tholy-lundi-28-novembre\/\" \/>\n<meta name=\"twitter:card\" content=\"summary_large_image\" \/>\n<meta name=\"twitter:title\" content=\"Don du sang : une collecte au Tholy le lundi 28 novembre - Remiremont Info\" \/>\n<meta name=\"twitter:description\" content=\"Image d&rsquo;illustration\u00a0 Source :\u00a0Amicale des Donneurs de Sang B\u00e9n\u00e9voles du Tholy et des Environs Lundi 28 novembre 2022 entre 16h [&hellip;]\" \/>\n<meta name=\"twitter:image\" content=\"https:\/\/vosgesinfo.fr\/app\/uploads\/sites\/5\/2024\/09\/202008don-du-sang11-36.jpg\" \/>\n<meta name=\"twitter:creator\" content=\"@VosgesInfo88\" \/>\n<meta name=\"twitter:site\" content=\"@VosgesInfo88\" \/>\n<meta name=\"twitter:label1\" content=\"\u00c9crit par\" \/>\n\t<meta name=\"twitter:data1\" content=\"C D\" \/>\n\t<meta name=\"twitter:label2\" content=\"Dur\u00e9e de lecture estim\u00e9e\" \/>\n\t<meta name=\"twitter:data2\" content=\"1 minute\" \/>\n<script type=\"application\/ld+json\" class=\"yoast-schema-graph\">{\"@context\":\"https:\/\/schema.org\",\"@graph\":[{\"@type\":\"Article\",\"@id\":\"https:\/\/vosgesinfo.fr\/remiremontinfo\/2022\/11\/don-sang-collecte-tholy-lundi-28-novembre\/#article\",\"isPartOf\":{\"@id\":\"https:\/\/vosgesinfo.fr\/remiremontinfo\/2022\/11\/don-sang-collecte-tholy-lundi-28-novembre\/\"},\"author\":{\"name\":\"C D\",\"@id\":\"https:\/\/vosgesinfo.fr\/remiremontinfo\/#\/schema\/person\/3bfd164d5218a185b1db68655a265316\"},\"headline\":\"Don du sang : une collecte au Tholy le lundi 28 novembre\",\"datePublished\":\"2022-11-24T05:45:03+00:00\",\"dateModified\":\"2022-11-24T05:45:03+00:00\",\"mainEntityOfPage\":{\"@id\":\"https:\/\/vosgesinfo.fr\/remiremontinfo\/2022\/11\/don-sang-collecte-tholy-lundi-28-novembre\/\"},\"wordCount\":286,\"commentCount\":0,\"publisher\":{\"@id\":\"https:\/\/vosgesinfo.fr\/remiremontinfo\/#organization\"},\"image\":{\"@id\":\"https:\/\/vosgesinfo.fr\/remiremontinfo\/2022\/11\/don-sang-collecte-tholy-lundi-28-novembre\/#primaryimage\"},\"thumbnailUrl\":\"https:\/\/vosgesinfo.fr\/app\/uploads\/sites\/5\/2024\/09\/202008don-du-sang11-36.jpg\",\"keywords\":[\"don du sang\",\"tholy\",\"Vosges\"],\"articleSection\":[\"A la Une\",\"La Bresse &amp; son canton\",\"Le Tholy\",\"Sant\u00e9\"],\"inLanguage\":\"fr-FR\",\"potentialAction\":[{\"@type\":\"CommentAction\",\"name\":\"Comment\",\"target\":[\"https:\/\/vosgesinfo.fr\/remiremontinfo\/2022\/11\/don-sang-collecte-tholy-lundi-28-novembre\/#respond\"]}]},{\"@type\":\"WebPage\",\"@id\":\"https:\/\/vosgesinfo.fr\/remiremontinfo\/2022\/11\/don-sang-collecte-tholy-lundi-28-novembre\/\",\"url\":\"https:\/\/vosgesinfo.fr\/remiremontinfo\/2022\/11\/don-sang-collecte-tholy-lundi-28-novembre\/\",\"name\":\"Don du sang : une collecte au Tholy le lundi 28 novembre - Remiremont Info\",\"isPartOf\":{\"@id\":\"https:\/\/vosgesinfo.fr\/remiremontinfo\/#website\"},\"primaryImageOfPage\":{\"@id\":\"https:\/\/vosgesinfo.fr\/remiremontinfo\/2022\/11\/don-sang-collecte-tholy-lundi-28-novembre\/#primaryimage\"},\"image\":{\"@id\":\"https:\/\/vosgesinfo.fr\/remiremontinfo\/2022\/11\/don-sang-collecte-tholy-lundi-28-novembre\/#primaryimage\"},\"thumbnailUrl\":\"https:\/\/vosgesinfo.fr\/app\/uploads\/sites\/5\/2024\/09\/202008don-du-sang11-36.jpg\",\"datePublished\":\"2022-11-24T05:45:03+00:00\",\"dateModified\":\"2022-11-24T05:45:03+00:00\",\"breadcrumb\":{\"@id\":\"https:\/\/vosgesinfo.fr\/remiremontinfo\/2022\/11\/don-sang-collecte-tholy-lundi-28-novembre\/#breadcrumb\"},\"inLanguage\":\"fr-FR\",\"potentialAction\":[{\"@type\":\"ReadAction\",\"target\":[\"https:\/\/vosgesinfo.fr\/remiremontinfo\/2022\/11\/don-sang-collecte-tholy-lundi-28-novembre\/\"]}]},{\"@type\":\"ImageObject\",\"inLanguage\":\"fr-FR\",\"@id\":\"https:\/\/vosgesinfo.fr\/remiremontinfo\/2022\/11\/don-sang-collecte-tholy-lundi-28-novembre\/#primaryimage\",\"url\":\"https:\/\/vosgesinfo.fr\/app\/uploads\/sites\/5\/2024\/09\/202008don-du-sang11-36.jpg\",\"contentUrl\":\"https:\/\/vosgesinfo.fr\/app\/uploads\/sites\/5\/2024\/09\/202008don-du-sang11-36.jpg\",\"width\":600,\"height\":402},{\"@type\":\"BreadcrumbList\",\"@id\":\"https:\/\/vosgesinfo.fr\/remiremontinfo\/2022\/11\/don-sang-collecte-tholy-lundi-28-novembre\/#breadcrumb\",\"itemListElement\":[{\"@type\":\"ListItem\",\"position\":1,\"name\":\"Home\",\"item\":\"https:\/\/vosgesinfo.fr\/remiremontinfo\/\"},{\"@type\":\"ListItem\",\"position\":2,\"name\":\"Don du sang : une collecte au Tholy le lundi 28 novembre\"}]},{\"@type\":\"WebSite\",\"@id\":\"https:\/\/vosgesinfo.fr\/remiremontinfo\/#website\",\"url\":\"https:\/\/vosgesinfo.fr\/remiremontinfo\/\",\"name\":\"Remiremont Info\",\"description\":\"Toute l&#039;actualit\u00e9 de Remiremont\",\"publisher\":{\"@id\":\"https:\/\/vosgesinfo.fr\/remiremontinfo\/#organization\"},\"alternateName\":\"Toute l'actualit\u00e9 de Remiremont\",\"potentialAction\":[{\"@type\":\"SearchAction\",\"target\":{\"@type\":\"EntryPoint\",\"urlTemplate\":\"https:\/\/vosgesinfo.fr\/remiremontinfo\/?s={search_term_string}\"},\"query-input\":\"required name=search_term_string\"}],\"inLanguage\":\"fr-FR\"},{\"@type\":\"Organization\",\"@id\":\"https:\/\/vosgesinfo.fr\/remiremontinfo\/#organization\",\"name\":\"Remiremont Info\",\"url\":\"https:\/\/vosgesinfo.fr\/remiremontinfo\/\",\"logo\":{\"@type\":\"ImageObject\",\"inLanguage\":\"fr-FR\",\"@id\":\"https:\/\/vosgesinfo.fr\/remiremontinfo\/#\/schema\/logo\/image\/\",\"url\":\"https:\/\/vosgesinfo.fr\/app\/uploads\/sites\/5\/2023\/08\/favicon-remiremontinfo.png\",\"contentUrl\":\"https:\/\/vosgesinfo.fr\/app\/uploads\/sites\/5\/2023\/08\/favicon-remiremontinfo.png\",\"width\":512,\"height\":512,\"caption\":\"Remiremont Info\"},\"image\":{\"@id\":\"https:\/\/vosgesinfo.fr\/remiremontinfo\/#\/schema\/logo\/image\/\"},\"sameAs\":[\"https:\/\/www.facebook.com\/remiremontinfo\",\"https:\/\/x.com\/VosgesInfo88\",\"https:\/\/www.youtube.com\/@vosgesinfo\"]},{\"@type\":\"Person\",\"@id\":\"https:\/\/vosgesinfo.fr\/remiremontinfo\/#\/schema\/person\/3bfd164d5218a185b1db68655a265316\",\"name\":\"C D\",\"image\":{\"@type\":\"ImageObject\",\"inLanguage\":\"fr-FR\",\"@id\":\"https:\/\/vosgesinfo.fr\/remiremontinfo\/#\/schema\/person\/image\/\",\"url\":\"https:\/\/secure.gravatar.com\/avatar\/1f9a70007336511a47468b8f1c66f922b8b7cf617b02a31149ada43893a5d48f?s=96&d=mm&r=g\",\"contentUrl\":\"https:\/\/secure.gravatar.com\/avatar\/1f9a70007336511a47468b8f1c66f922b8b7cf617b02a31149ada43893a5d48f?s=96&d=mm&r=g\",\"caption\":\"C D\"},\"url\":\"https:\/\/vosgesinfo.fr\/remiremontinfo\/author\/cedric-drevet\/\"}]}<\/script>\n<!-- \/ Yoast SEO plugin. -->","yoast_head_json":{"title":"Don du sang : une collecte au Tholy le lundi 28 novembre - Remiremont Info","robots":{"index":"index","follow":"follow","max-snippet":"max-snippet:-1","max-image-preview":"max-image-preview:large","max-video-preview":"max-video-preview:-1"},"canonical":"https:\/\/vosgesinfo.fr\/remiremontinfo\/2022\/11\/don-sang-collecte-tholy-lundi-28-novembre\/","twitter_card":"summary_large_image","twitter_title":"Don du sang : une collecte au Tholy le lundi 28 novembre - Remiremont Info","twitter_description":"Image d&rsquo;illustration\u00a0 Source :\u00a0Amicale des Donneurs de Sang B\u00e9n\u00e9voles du Tholy et des Environs Lundi 28 novembre 2022 entre 16h [&hellip;]","twitter_image":"https:\/\/vosgesinfo.fr\/app\/uploads\/sites\/5\/2024\/09\/202008don-du-sang11-36.jpg","twitter_creator":"@VosgesInfo88","twitter_site":"@VosgesInfo88","twitter_misc":{"\u00c9crit par":"C D","Dur\u00e9e de lecture estim\u00e9e":"1 minute"},"schema":{"@context":"https:\/\/schema.org","@graph":[{"@type":"Article","@id":"https:\/\/vosgesinfo.fr\/remiremontinfo\/2022\/11\/don-sang-collecte-tholy-lundi-28-novembre\/#article","isPartOf":{"@id":"https:\/\/vosgesinfo.fr\/remiremontinfo\/2022\/11\/don-sang-collecte-tholy-lundi-28-novembre\/"},"author":{"name":"C D","@id":"https:\/\/vosgesinfo.fr\/remiremontinfo\/#\/schema\/person\/3bfd164d5218a185b1db68655a265316"},"headline":"Don du sang : une collecte au Tholy le lundi 28 novembre","datePublished":"2022-11-24T05:45:03+00:00","dateModified":"2022-11-24T05:45:03+00:00","mainEntityOfPage":{"@id":"https:\/\/vosgesinfo.fr\/remiremontinfo\/2022\/11\/don-sang-collecte-tholy-lundi-28-novembre\/"},"wordCount":286,"commentCount":0,"publisher":{"@id":"https:\/\/vosgesinfo.fr\/remiremontinfo\/#organization"},"image":{"@id":"https:\/\/vosgesinfo.fr\/remiremontinfo\/2022\/11\/don-sang-collecte-tholy-lundi-28-novembre\/#primaryimage"},"thumbnailUrl":"https:\/\/vosgesinfo.fr\/app\/uploads\/sites\/5\/2024\/09\/202008don-du-sang11-36.jpg","keywords":["don du sang","tholy","Vosges"],"articleSection":["A la Une","La Bresse &amp; son canton","Le Tholy","Sant\u00e9"],"inLanguage":"fr-FR","potentialAction":[{"@type":"CommentAction","name":"Comment","target":["https:\/\/vosgesinfo.fr\/remiremontinfo\/2022\/11\/don-sang-collecte-tholy-lundi-28-novembre\/#respond"]}]},{"@type":"WebPage","@id":"https:\/\/vosgesinfo.fr\/remiremontinfo\/2022\/11\/don-sang-collecte-tholy-lundi-28-novembre\/","url":"https:\/\/vosgesinfo.fr\/remiremontinfo\/2022\/11\/don-sang-collecte-tholy-lundi-28-novembre\/","name":"Don du sang : une collecte au Tholy le lundi 28 novembre - Remiremont Info","isPartOf":{"@id":"https:\/\/vosgesinfo.fr\/remiremontinfo\/#website"},"primaryImageOfPage":{"@id":"https:\/\/vosgesinfo.fr\/remiremontinfo\/2022\/11\/don-sang-collecte-tholy-lundi-28-novembre\/#primaryimage"},"image":{"@id":"https:\/\/vosgesinfo.fr\/remiremontinfo\/2022\/11\/don-sang-collecte-tholy-lundi-28-novembre\/#primaryimage"},"thumbnailUrl":"https:\/\/vosgesinfo.fr\/app\/uploads\/sites\/5\/2024\/09\/202008don-du-sang11-36.jpg","datePublished":"2022-11-24T05:45:03+00:00","dateModified":"2022-11-24T05:45:03+00:00","breadcrumb":{"@id":"https:\/\/vosgesinfo.fr\/remiremontinfo\/2022\/11\/don-sang-collecte-tholy-lundi-28-novembre\/#breadcrumb"},"inLanguage":"fr-FR","potentialAction":[{"@type":"ReadAction","target":["https:\/\/vosgesinfo.fr\/remiremontinfo\/2022\/11\/don-sang-collecte-tholy-lundi-28-novembre\/"]}]},{"@type":"ImageObject","inLanguage":"fr-FR","@id":"https:\/\/vosgesinfo.fr\/remiremontinfo\/2022\/11\/don-sang-collecte-tholy-lundi-28-novembre\/#primaryimage","url":"https:\/\/vosgesinfo.fr\/app\/uploads\/sites\/5\/2024\/09\/202008don-du-sang11-36.jpg","contentUrl":"https:\/\/vosgesinfo.fr\/app\/uploads\/sites\/5\/2024\/09\/202008don-du-sang11-36.jpg","width":600,"height":402},{"@type":"BreadcrumbList","@id":"https:\/\/vosgesinfo.fr\/remiremontinfo\/2022\/11\/don-sang-collecte-tholy-lundi-28-novembre\/#breadcrumb","itemListElement":[{"@type":"ListItem","position":1,"name":"Home","item":"https:\/\/vosgesinfo.fr\/remiremontinfo\/"},{"@type":"ListItem","position":2,"name":"Don du sang : une collecte au Tholy le lundi 28 novembre"}]},{"@type":"WebSite","@id":"https:\/\/vosgesinfo.fr\/remiremontinfo\/#website","url":"https:\/\/vosgesinfo.fr\/remiremontinfo\/","name":"Remiremont Info","description":"Toute l&#039;actualit\u00e9 de Remiremont","publisher":{"@id":"https:\/\/vosgesinfo.fr\/remiremontinfo\/#organization"},"alternateName":"Toute l'actualit\u00e9 de Remiremont","potentialAction":[{"@type":"SearchAction","target":{"@type":"EntryPoint","urlTemplate":"https:\/\/vosgesinfo.fr\/remiremontinfo\/?s={search_term_string}"},"query-input":"required name=search_term_string"}],"inLanguage":"fr-FR"},{"@type":"Organization","@id":"https:\/\/vosgesinfo.fr\/remiremontinfo\/#organization","name":"Remiremont Info","url":"https:\/\/vosgesinfo.fr\/remiremontinfo\/","logo":{"@type":"ImageObject","inLanguage":"fr-FR","@id":"https:\/\/vosgesinfo.fr\/remiremontinfo\/#\/schema\/logo\/image\/","url":"https:\/\/vosgesinfo.fr\/app\/uploads\/sites\/5\/2023\/08\/favicon-remiremontinfo.png","contentUrl":"https:\/\/vosgesinfo.fr\/app\/uploads\/sites\/5\/2023\/08\/favicon-remiremontinfo.png","width":512,"height":512,"caption":"Remiremont Info"},"image":{"@id":"https:\/\/vosgesinfo.fr\/remiremontinfo\/#\/schema\/logo\/image\/"},"sameAs":["https:\/\/www.facebook.com\/remiremontinfo","https:\/\/x.com\/VosgesInfo88","https:\/\/www.youtube.com\/@vosgesinfo"]},{"@type":"Person","@id":"https:\/\/vosgesinfo.fr\/remiremontinfo\/#\/schema\/person\/3bfd164d5218a185b1db68655a265316","name":"C D","image":{"@type":"ImageObject","inLanguage":"fr-FR","@id":"https:\/\/vosgesinfo.fr\/remiremontinfo\/#\/schema\/person\/image\/","url":"https:\/\/secure.gravatar.com\/avatar\/1f9a70007336511a47468b8f1c66f922b8b7cf617b02a31149ada43893a5d48f?s=96&d=mm&r=g","contentUrl":"https:\/\/secure.gravatar.com\/avatar\/1f9a70007336511a47468b8f1c66f922b8b7cf617b02a31149ada43893a5d48f?s=96&d=mm&r=g","caption":"C D"},"url":"https:\/\/vosgesinfo.fr\/remiremontinfo\/author\/cedric-drevet\/"}]}},"_links":{"self":[{"href":"https:\/\/vosgesinfo.fr\/remiremontinfo\/wp-json\/wp\/v2\/posts\/64797","targetHints":{"allow":["GET"]}}],"collection":[{"href":"https:\/\/vosgesinfo.fr\/remiremontinfo\/wp-json\/wp\/v2\/posts"}],"about":[{"href":"https:\/\/vosgesinfo.fr\/remiremontinfo\/wp-json\/wp\/v2\/types\/post"}],"author":[{"embeddable":true,"href":"https:\/\/vosgesinfo.fr\/remiremontinfo\/wp-json\/wp\/v2\/users\/407"}],"replies":[{"embeddable":true,"href":"https:\/\/vosgesinfo.fr\/remiremontinfo\/wp-json\/wp\/v2\/comments?post=64797"}],"version-history":[{"count":0,"href":"https:\/\/vosgesinfo.fr\/remiremontinfo\/wp-json\/wp\/v2\/posts\/64797\/revisions"}],"wp:featuredmedia":[{"embeddable":true,"href":"https:\/\/vosgesinfo.fr\/remiremontinfo\/wp-json\/wp\/v2\/media\/64798"}],"wp:attachment":[{"href":"https:\/\/vosgesinfo.fr\/remiremontinfo\/wp-json\/wp\/v2\/media?parent=64797"}],"wp:term":[{"taxonomy":"category","embeddable":true,"href":"https:\/\/vosgesinfo.fr\/remiremontinfo\/wp-json\/wp\/v2\/categories?post=64797"},{"taxonomy":"post_tag","embeddable":true,"href":"https:\/\/vosgesinfo.fr\/remiremontinfo\/wp-json\/wp\/v2\/tags?post=64797"}],"curies":[{"name":"wp","href":"https:\/\/api.w.org\/{rel}","templated":true}]}}