{"id":65036,"date":"2022-11-29T08:14:45","date_gmt":"2022-11-29T07:14:45","guid":{"rendered":"https:\/\/vosgesinfo.fr\/remiremontinfo\/2022\/11\/remiremont-concert-dhelene-segara-annule\/"},"modified":"2022-11-29T08:14:45","modified_gmt":"2022-11-29T07:14:45","slug":"remiremont-concert-dhelene-segara-annule","status":"publish","type":"post","link":"https:\/\/vosgesinfo.fr\/remiremontinfo\/2022\/11\/remiremont-concert-dhelene-segara-annule\/","title":{"rendered":"Remiremont : le concert d&rsquo;H\u00e9l\u00e8ne Segara est annul\u00e9"},"content":{"rendered":"<p style=\"text-align: center;\"><a href=\"\/2021\/11\/259711633_4459523324094708_2461345993163615429_n1.jpg\"><img decoding=\"async\" class=\"alignnone size-full wp-image-332411\" src=\"\/2021\/11\/259711633_4459523324094708_2461345993163615429_n1.jpg\" alt=\"259711633_4459523324094708_2461345993163615429_n\" width=\"799\" height=\"595\" \/><\/a><\/p>\n<p style=\"text-align: left;\"><span style=\"font-size: 10pt;\"><em>Photo d&rsquo;illustration\u00a0<\/em><\/span><\/p>\n<p style=\"text-align: center;\"><span style=\"font-size: 10pt;\"><em>Communiqu\u00e9 de PACCT<\/em><\/span><\/p>\n<p>L\u2019association PACCT (Partenariat des Acteurs Culturels Citoyens et Territoriaux) et<br \/>\nl\u2019association R-Play ont le regret de vous annoncer l\u2019annulation de leurs programmations<br \/>\nrespectives : le concert d\u2019H\u00e9l\u00e8ne Segara et le spectacle de Michel Drucker.<br \/>\nApr\u00e8s avoir subi chacun un report par rapport \u00e0 leurs dates initiales pr\u00e9vues, \u00e0 savoir le 3<br \/>\navril pour le concert de la chanteuse, et le 19 f\u00e9vrier pour le c\u00e9l\u00e8bre pr\u00e9sentateur, ces<br \/>\nspectacles avaient \u00e9t\u00e9 reprogramm\u00e9s pour respectivement le 4 d\u00e9cembre 2022 et courant<br \/>\njanvier 2023.<br \/>\nEn raison de trop grosses contraintes techniques et sc\u00e9nographiques ind\u00e9pendantes de<br \/>\nnotre volont\u00e9, il a \u00e9t\u00e9 convenu avec les agences de productions des artistes qu\u2019il \u00e9tait<br \/>\npr\u00e9f\u00e9rable d\u2019annuler d\u00e9finitivement leurs venues. De plus, suite \u00e0 l\u2019\u00e9pid\u00e9mie de COVID-19, la<br \/>\nmani\u00e8re de consommer des spectateurs a \u00e9norm\u00e9ment \u00e9volu\u00e9 : nous sommes nombreux,<br \/>\nen tant qu\u2019organisateurs d\u2019\u00e9v\u00e9nement, \u00e0 avoir constater que vous avez davantage tendance<br \/>\n\u00e0 prendre vos places lors des derniers jours de vente, voire le jour m\u00eame. Nous comprenons<br \/>\nparfaitement cela. Cependant, cela peut nous inqui\u00e9ter, voire nous alerter, lorsque le quota<br \/>\nde ventes anticip\u00e9 pour rentrer dans nos frais est encore bien loin d\u2019\u00eatre atteint \u00e0 quelques<br \/>\njours du spectacle. Cela peut avoir comme cons\u00e9quence malheureuse l\u2019annulation du<br \/>\nspectacle, puisque nous ne pouvons pr\u00e9dire les potentielles ventes futures. Vous l\u2019aurez<br \/>\ncompris, c\u2019est \u00e9galement une situation que nous avons rencontr\u00e9 ici, et qui participe \u00e0 cette<br \/>\nd\u00e9programmation.<br \/>\nNous sommes profond\u00e9ment navr\u00e9s d\u2019\u00eatre dans cette obligation. Notre vocation premi\u00e8re<br \/>\nest la cr\u00e9ation de moments uniques et de partage pour vous. Nous nous investissons corps<br \/>\net \u00e2me pour vous proposer des \u00e9v\u00e9nements particuliers, durant lesquels vous pouvez rire,<br \/>\ndanser, chanter, pleurer, aimer. Nous esp\u00e9rons que vous saurez appr\u00e9cier les prochaines<br \/>\nanimations culturelles que nous allons vous proposer en 2023, en particulier nos spectacles<br \/>\nde stand-up de janvier \u00e0 mai. N\u2019h\u00e9sitez pas \u00e0 nous rejoindre sur notre page Facebook afin de<br \/>\npouvoir suivre nos prochaines actualit\u00e9s !<br \/>\nNous vous invitons \u00e0 cliquer sur les liens suivants afin d\u2019obtenir les informations n\u00e9cessaires<br \/>\npour proc\u00e9der au remboursement des places :<br \/>\n&#8211; Si vous avez achet\u00e9 vos places via FranceBillet :<br \/>\nhttps:\/\/www.francebillet.com\/billet-sortie\/legal\/faq-6311151239052718377-lt.htm#annul1<br \/>\n&#8211; Si vous avez achet\u00e9 vos places via TicketNet \/ TicketMaster :<br \/>\nhttps:\/\/help.ticketmaster.fr\/hc\/fr\/articles\/360007219273-Comment-me-faire-rembourser-un<br \/>\ne-commande-de-billets-physiques-ou-billetcollector-%C3%A9v%C3%A9nement-annul%C3%<br \/>\nA9-ou-report%C3%A9-<\/p>\n<p>&#8211; Si vous avez achet\u00e9 vos places via WeezEvent : un virement automatique sera<br \/>\neffectu\u00e9 sur le compte bancaire d\u00e9biteur dans le mois suivant l\u2019annulation.<br \/>\n&#8211; Si vous avez achet\u00e9 vos places sur place, \u00e0 l\u2019agence PACCT \u00e0 Remiremont : nous vous<br \/>\nrembourserons sur pr\u00e9sentation du ou des billets (papiers ou num\u00e9riques) par<br \/>\nvirement bancaire. Un RIB vous sera demand\u00e9.<\/p>\n<p><span style=\"font-size: 10pt;\"><em>Communiqu\u00e9 de PACCT<\/em><\/span><\/p>\n","protected":false},"excerpt":{"rendered":"<p>Photo d&rsquo;illustration\u00a0 Communiqu\u00e9 de PACCT L\u2019association PACCT (Partenariat des Acteurs Culturels Citoyens et Territoriaux) et l\u2019association R-Play ont le regret [&hellip;]<\/p>\n","protected":false},"author":407,"featured_media":65037,"comment_status":"open","ping_status":"open","sticky":false,"template":"","format":"standard","meta":{"footnotes":""},"categories":[26,4,1556,35],"tags":[3111,323,53,3086,3260,117,530,44,316],"class_list":["post-65036","post","type-post","status-publish","format-standard","has-post-thumbnail","hentry","category-a-la-une","category-culture","category-remiremont-remiremont-son-canton-2","category-remiremont-son-canton","tag-annule","tag-chant","tag-concert","tag-helene-segara","tag-michel-drucker","tag-musique","tag-pacct","tag-remiremont","tag-spectacle"],"acf":[],"yoast_head":"<!-- This site is optimized with the Yoast SEO plugin v22.5 - https:\/\/yoast.com\/wordpress\/plugins\/seo\/ -->\n<title>Remiremont : le concert d&#039;H\u00e9l\u00e8ne Segara est annul\u00e9 - Remiremont Info<\/title>\n<meta name=\"robots\" content=\"index, follow, max-snippet:-1, max-image-preview:large, max-video-preview:-1\" \/>\n<link rel=\"canonical\" href=\"https:\/\/vosgesinfo.fr\/remiremontinfo\/2022\/11\/remiremont-concert-dhelene-segara-annule\/\" \/>\n<meta name=\"twitter:card\" content=\"summary_large_image\" \/>\n<meta name=\"twitter:title\" content=\"Remiremont : le concert d&#039;H\u00e9l\u00e8ne Segara est annul\u00e9 - Remiremont Info\" \/>\n<meta name=\"twitter:description\" content=\"Photo d&rsquo;illustration\u00a0 Communiqu\u00e9 de PACCT L\u2019association PACCT (Partenariat des Acteurs Culturels Citoyens et Territoriaux) et l\u2019association R-Play ont le regret [&hellip;]\" \/>\n<meta name=\"twitter:image\" content=\"https:\/\/vosgesinfo.fr\/app\/uploads\/sites\/5\/2024\/09\/202111259711633-4459523324094708-2461345993163615429-n1-1.jpg\" \/>\n<meta name=\"twitter:creator\" content=\"@VosgesInfo88\" \/>\n<meta name=\"twitter:site\" content=\"@VosgesInfo88\" \/>\n<meta name=\"twitter:label1\" content=\"\u00c9crit par\" \/>\n\t<meta name=\"twitter:data1\" content=\"C D\" \/>\n\t<meta name=\"twitter:label2\" content=\"Dur\u00e9e de lecture estim\u00e9e\" \/>\n\t<meta name=\"twitter:data2\" content=\"2 minutes\" \/>\n<script type=\"application\/ld+json\" class=\"yoast-schema-graph\">{\"@context\":\"https:\/\/schema.org\",\"@graph\":[{\"@type\":\"Article\",\"@id\":\"https:\/\/vosgesinfo.fr\/remiremontinfo\/2022\/11\/remiremont-concert-dhelene-segara-annule\/#article\",\"isPartOf\":{\"@id\":\"https:\/\/vosgesinfo.fr\/remiremontinfo\/2022\/11\/remiremont-concert-dhelene-segara-annule\/\"},\"author\":{\"name\":\"C D\",\"@id\":\"https:\/\/vosgesinfo.fr\/remiremontinfo\/#\/schema\/person\/3bfd164d5218a185b1db68655a265316\"},\"headline\":\"Remiremont : le concert d&rsquo;H\u00e9l\u00e8ne Segara est annul\u00e9\",\"datePublished\":\"2022-11-29T07:14:45+00:00\",\"dateModified\":\"2022-11-29T07:14:45+00:00\",\"mainEntityOfPage\":{\"@id\":\"https:\/\/vosgesinfo.fr\/remiremontinfo\/2022\/11\/remiremont-concert-dhelene-segara-annule\/\"},\"wordCount\":497,\"commentCount\":0,\"publisher\":{\"@id\":\"https:\/\/vosgesinfo.fr\/remiremontinfo\/#organization\"},\"image\":{\"@id\":\"https:\/\/vosgesinfo.fr\/remiremontinfo\/2022\/11\/remiremont-concert-dhelene-segara-annule\/#primaryimage\"},\"thumbnailUrl\":\"https:\/\/vosgesinfo.fr\/app\/uploads\/sites\/5\/2024\/09\/202111259711633-4459523324094708-2461345993163615429-n1-1.jpg\",\"keywords\":[\"annul\u00e9\",\"chant\",\"concert\",\"h\u00e9l\u00e8ne s\u00e9gara\",\"michel drucker\",\"musique\",\"pacct\",\"remiremont\",\"spectacle\"],\"articleSection\":[\"A la Une\",\"Culture\",\"Remiremont\",\"Remiremont &amp; son canton\"],\"inLanguage\":\"fr-FR\",\"potentialAction\":[{\"@type\":\"CommentAction\",\"name\":\"Comment\",\"target\":[\"https:\/\/vosgesinfo.fr\/remiremontinfo\/2022\/11\/remiremont-concert-dhelene-segara-annule\/#respond\"]}]},{\"@type\":\"WebPage\",\"@id\":\"https:\/\/vosgesinfo.fr\/remiremontinfo\/2022\/11\/remiremont-concert-dhelene-segara-annule\/\",\"url\":\"https:\/\/vosgesinfo.fr\/remiremontinfo\/2022\/11\/remiremont-concert-dhelene-segara-annule\/\",\"name\":\"Remiremont : le concert d'H\u00e9l\u00e8ne Segara est annul\u00e9 - Remiremont Info\",\"isPartOf\":{\"@id\":\"https:\/\/vosgesinfo.fr\/remiremontinfo\/#website\"},\"primaryImageOfPage\":{\"@id\":\"https:\/\/vosgesinfo.fr\/remiremontinfo\/2022\/11\/remiremont-concert-dhelene-segara-annule\/#primaryimage\"},\"image\":{\"@id\":\"https:\/\/vosgesinfo.fr\/remiremontinfo\/2022\/11\/remiremont-concert-dhelene-segara-annule\/#primaryimage\"},\"thumbnailUrl\":\"https:\/\/vosgesinfo.fr\/app\/uploads\/sites\/5\/2024\/09\/202111259711633-4459523324094708-2461345993163615429-n1-1.jpg\",\"datePublished\":\"2022-11-29T07:14:45+00:00\",\"dateModified\":\"2022-11-29T07:14:45+00:00\",\"breadcrumb\":{\"@id\":\"https:\/\/vosgesinfo.fr\/remiremontinfo\/2022\/11\/remiremont-concert-dhelene-segara-annule\/#breadcrumb\"},\"inLanguage\":\"fr-FR\",\"potentialAction\":[{\"@type\":\"ReadAction\",\"target\":[\"https:\/\/vosgesinfo.fr\/remiremontinfo\/2022\/11\/remiremont-concert-dhelene-segara-annule\/\"]}]},{\"@type\":\"ImageObject\",\"inLanguage\":\"fr-FR\",\"@id\":\"https:\/\/vosgesinfo.fr\/remiremontinfo\/2022\/11\/remiremont-concert-dhelene-segara-annule\/#primaryimage\",\"url\":\"https:\/\/vosgesinfo.fr\/app\/uploads\/sites\/5\/2024\/09\/202111259711633-4459523324094708-2461345993163615429-n1-1.jpg\",\"contentUrl\":\"https:\/\/vosgesinfo.fr\/app\/uploads\/sites\/5\/2024\/09\/202111259711633-4459523324094708-2461345993163615429-n1-1.jpg\",\"width\":799,\"height\":595},{\"@type\":\"BreadcrumbList\",\"@id\":\"https:\/\/vosgesinfo.fr\/remiremontinfo\/2022\/11\/remiremont-concert-dhelene-segara-annule\/#breadcrumb\",\"itemListElement\":[{\"@type\":\"ListItem\",\"position\":1,\"name\":\"Home\",\"item\":\"https:\/\/vosgesinfo.fr\/remiremontinfo\/\"},{\"@type\":\"ListItem\",\"position\":2,\"name\":\"Remiremont : le concert d&rsquo;H\u00e9l\u00e8ne Segara est annul\u00e9\"}]},{\"@type\":\"WebSite\",\"@id\":\"https:\/\/vosgesinfo.fr\/remiremontinfo\/#website\",\"url\":\"https:\/\/vosgesinfo.fr\/remiremontinfo\/\",\"name\":\"Remiremont Info\",\"description\":\"Toute l&#039;actualit\u00e9 de Remiremont\",\"publisher\":{\"@id\":\"https:\/\/vosgesinfo.fr\/remiremontinfo\/#organization\"},\"alternateName\":\"Toute l'actualit\u00e9 de Remiremont\",\"potentialAction\":[{\"@type\":\"SearchAction\",\"target\":{\"@type\":\"EntryPoint\",\"urlTemplate\":\"https:\/\/vosgesinfo.fr\/remiremontinfo\/?s={search_term_string}\"},\"query-input\":\"required name=search_term_string\"}],\"inLanguage\":\"fr-FR\"},{\"@type\":\"Organization\",\"@id\":\"https:\/\/vosgesinfo.fr\/remiremontinfo\/#organization\",\"name\":\"Remiremont Info\",\"url\":\"https:\/\/vosgesinfo.fr\/remiremontinfo\/\",\"logo\":{\"@type\":\"ImageObject\",\"inLanguage\":\"fr-FR\",\"@id\":\"https:\/\/vosgesinfo.fr\/remiremontinfo\/#\/schema\/logo\/image\/\",\"url\":\"https:\/\/vosgesinfo.fr\/app\/uploads\/sites\/5\/2023\/08\/favicon-remiremontinfo.png\",\"contentUrl\":\"https:\/\/vosgesinfo.fr\/app\/uploads\/sites\/5\/2023\/08\/favicon-remiremontinfo.png\",\"width\":512,\"height\":512,\"caption\":\"Remiremont Info\"},\"image\":{\"@id\":\"https:\/\/vosgesinfo.fr\/remiremontinfo\/#\/schema\/logo\/image\/\"},\"sameAs\":[\"https:\/\/www.facebook.com\/remiremontinfo\",\"https:\/\/x.com\/VosgesInfo88\",\"https:\/\/www.youtube.com\/@vosgesinfo\"]},{\"@type\":\"Person\",\"@id\":\"https:\/\/vosgesinfo.fr\/remiremontinfo\/#\/schema\/person\/3bfd164d5218a185b1db68655a265316\",\"name\":\"C D\",\"image\":{\"@type\":\"ImageObject\",\"inLanguage\":\"fr-FR\",\"@id\":\"https:\/\/vosgesinfo.fr\/remiremontinfo\/#\/schema\/person\/image\/\",\"url\":\"https:\/\/secure.gravatar.com\/avatar\/1f9a70007336511a47468b8f1c66f922b8b7cf617b02a31149ada43893a5d48f?s=96&d=mm&r=g\",\"contentUrl\":\"https:\/\/secure.gravatar.com\/avatar\/1f9a70007336511a47468b8f1c66f922b8b7cf617b02a31149ada43893a5d48f?s=96&d=mm&r=g\",\"caption\":\"C D\"},\"url\":\"https:\/\/vosgesinfo.fr\/remiremontinfo\/author\/cedric-drevet\/\"}]}<\/script>\n<!-- \/ Yoast SEO plugin. -->","yoast_head_json":{"title":"Remiremont : le concert d'H\u00e9l\u00e8ne Segara est annul\u00e9 - Remiremont Info","robots":{"index":"index","follow":"follow","max-snippet":"max-snippet:-1","max-image-preview":"max-image-preview:large","max-video-preview":"max-video-preview:-1"},"canonical":"https:\/\/vosgesinfo.fr\/remiremontinfo\/2022\/11\/remiremont-concert-dhelene-segara-annule\/","twitter_card":"summary_large_image","twitter_title":"Remiremont : le concert d'H\u00e9l\u00e8ne Segara est annul\u00e9 - Remiremont Info","twitter_description":"Photo d&rsquo;illustration\u00a0 Communiqu\u00e9 de PACCT L\u2019association PACCT (Partenariat des Acteurs Culturels Citoyens et Territoriaux) et l\u2019association R-Play ont le regret [&hellip;]","twitter_image":"https:\/\/vosgesinfo.fr\/app\/uploads\/sites\/5\/2024\/09\/202111259711633-4459523324094708-2461345993163615429-n1-1.jpg","twitter_creator":"@VosgesInfo88","twitter_site":"@VosgesInfo88","twitter_misc":{"\u00c9crit par":"C D","Dur\u00e9e de lecture estim\u00e9e":"2 minutes"},"schema":{"@context":"https:\/\/schema.org","@graph":[{"@type":"Article","@id":"https:\/\/vosgesinfo.fr\/remiremontinfo\/2022\/11\/remiremont-concert-dhelene-segara-annule\/#article","isPartOf":{"@id":"https:\/\/vosgesinfo.fr\/remiremontinfo\/2022\/11\/remiremont-concert-dhelene-segara-annule\/"},"author":{"name":"C D","@id":"https:\/\/vosgesinfo.fr\/remiremontinfo\/#\/schema\/person\/3bfd164d5218a185b1db68655a265316"},"headline":"Remiremont : le concert d&rsquo;H\u00e9l\u00e8ne Segara est annul\u00e9","datePublished":"2022-11-29T07:14:45+00:00","dateModified":"2022-11-29T07:14:45+00:00","mainEntityOfPage":{"@id":"https:\/\/vosgesinfo.fr\/remiremontinfo\/2022\/11\/remiremont-concert-dhelene-segara-annule\/"},"wordCount":497,"commentCount":0,"publisher":{"@id":"https:\/\/vosgesinfo.fr\/remiremontinfo\/#organization"},"image":{"@id":"https:\/\/vosgesinfo.fr\/remiremontinfo\/2022\/11\/remiremont-concert-dhelene-segara-annule\/#primaryimage"},"thumbnailUrl":"https:\/\/vosgesinfo.fr\/app\/uploads\/sites\/5\/2024\/09\/202111259711633-4459523324094708-2461345993163615429-n1-1.jpg","keywords":["annul\u00e9","chant","concert","h\u00e9l\u00e8ne s\u00e9gara","michel drucker","musique","pacct","remiremont","spectacle"],"articleSection":["A la Une","Culture","Remiremont","Remiremont &amp; son canton"],"inLanguage":"fr-FR","potentialAction":[{"@type":"CommentAction","name":"Comment","target":["https:\/\/vosgesinfo.fr\/remiremontinfo\/2022\/11\/remiremont-concert-dhelene-segara-annule\/#respond"]}]},{"@type":"WebPage","@id":"https:\/\/vosgesinfo.fr\/remiremontinfo\/2022\/11\/remiremont-concert-dhelene-segara-annule\/","url":"https:\/\/vosgesinfo.fr\/remiremontinfo\/2022\/11\/remiremont-concert-dhelene-segara-annule\/","name":"Remiremont : le concert d'H\u00e9l\u00e8ne Segara est annul\u00e9 - Remiremont Info","isPartOf":{"@id":"https:\/\/vosgesinfo.fr\/remiremontinfo\/#website"},"primaryImageOfPage":{"@id":"https:\/\/vosgesinfo.fr\/remiremontinfo\/2022\/11\/remiremont-concert-dhelene-segara-annule\/#primaryimage"},"image":{"@id":"https:\/\/vosgesinfo.fr\/remiremontinfo\/2022\/11\/remiremont-concert-dhelene-segara-annule\/#primaryimage"},"thumbnailUrl":"https:\/\/vosgesinfo.fr\/app\/uploads\/sites\/5\/2024\/09\/202111259711633-4459523324094708-2461345993163615429-n1-1.jpg","datePublished":"2022-11-29T07:14:45+00:00","dateModified":"2022-11-29T07:14:45+00:00","breadcrumb":{"@id":"https:\/\/vosgesinfo.fr\/remiremontinfo\/2022\/11\/remiremont-concert-dhelene-segara-annule\/#breadcrumb"},"inLanguage":"fr-FR","potentialAction":[{"@type":"ReadAction","target":["https:\/\/vosgesinfo.fr\/remiremontinfo\/2022\/11\/remiremont-concert-dhelene-segara-annule\/"]}]},{"@type":"ImageObject","inLanguage":"fr-FR","@id":"https:\/\/vosgesinfo.fr\/remiremontinfo\/2022\/11\/remiremont-concert-dhelene-segara-annule\/#primaryimage","url":"https:\/\/vosgesinfo.fr\/app\/uploads\/sites\/5\/2024\/09\/202111259711633-4459523324094708-2461345993163615429-n1-1.jpg","contentUrl":"https:\/\/vosgesinfo.fr\/app\/uploads\/sites\/5\/2024\/09\/202111259711633-4459523324094708-2461345993163615429-n1-1.jpg","width":799,"height":595},{"@type":"BreadcrumbList","@id":"https:\/\/vosgesinfo.fr\/remiremontinfo\/2022\/11\/remiremont-concert-dhelene-segara-annule\/#breadcrumb","itemListElement":[{"@type":"ListItem","position":1,"name":"Home","item":"https:\/\/vosgesinfo.fr\/remiremontinfo\/"},{"@type":"ListItem","position":2,"name":"Remiremont : le concert d&rsquo;H\u00e9l\u00e8ne Segara est annul\u00e9"}]},{"@type":"WebSite","@id":"https:\/\/vosgesinfo.fr\/remiremontinfo\/#website","url":"https:\/\/vosgesinfo.fr\/remiremontinfo\/","name":"Remiremont Info","description":"Toute l&#039;actualit\u00e9 de Remiremont","publisher":{"@id":"https:\/\/vosgesinfo.fr\/remiremontinfo\/#organization"},"alternateName":"Toute l'actualit\u00e9 de Remiremont","potentialAction":[{"@type":"SearchAction","target":{"@type":"EntryPoint","urlTemplate":"https:\/\/vosgesinfo.fr\/remiremontinfo\/?s={search_term_string}"},"query-input":"required name=search_term_string"}],"inLanguage":"fr-FR"},{"@type":"Organization","@id":"https:\/\/vosgesinfo.fr\/remiremontinfo\/#organization","name":"Remiremont Info","url":"https:\/\/vosgesinfo.fr\/remiremontinfo\/","logo":{"@type":"ImageObject","inLanguage":"fr-FR","@id":"https:\/\/vosgesinfo.fr\/remiremontinfo\/#\/schema\/logo\/image\/","url":"https:\/\/vosgesinfo.fr\/app\/uploads\/sites\/5\/2023\/08\/favicon-remiremontinfo.png","contentUrl":"https:\/\/vosgesinfo.fr\/app\/uploads\/sites\/5\/2023\/08\/favicon-remiremontinfo.png","width":512,"height":512,"caption":"Remiremont Info"},"image":{"@id":"https:\/\/vosgesinfo.fr\/remiremontinfo\/#\/schema\/logo\/image\/"},"sameAs":["https:\/\/www.facebook.com\/remiremontinfo","https:\/\/x.com\/VosgesInfo88","https:\/\/www.youtube.com\/@vosgesinfo"]},{"@type":"Person","@id":"https:\/\/vosgesinfo.fr\/remiremontinfo\/#\/schema\/person\/3bfd164d5218a185b1db68655a265316","name":"C D","image":{"@type":"ImageObject","inLanguage":"fr-FR","@id":"https:\/\/vosgesinfo.fr\/remiremontinfo\/#\/schema\/person\/image\/","url":"https:\/\/secure.gravatar.com\/avatar\/1f9a70007336511a47468b8f1c66f922b8b7cf617b02a31149ada43893a5d48f?s=96&d=mm&r=g","contentUrl":"https:\/\/secure.gravatar.com\/avatar\/1f9a70007336511a47468b8f1c66f922b8b7cf617b02a31149ada43893a5d48f?s=96&d=mm&r=g","caption":"C D"},"url":"https:\/\/vosgesinfo.fr\/remiremontinfo\/author\/cedric-drevet\/"}]}},"_links":{"self":[{"href":"https:\/\/vosgesinfo.fr\/remiremontinfo\/wp-json\/wp\/v2\/posts\/65036","targetHints":{"allow":["GET"]}}],"collection":[{"href":"https:\/\/vosgesinfo.fr\/remiremontinfo\/wp-json\/wp\/v2\/posts"}],"about":[{"href":"https:\/\/vosgesinfo.fr\/remiremontinfo\/wp-json\/wp\/v2\/types\/post"}],"author":[{"embeddable":true,"href":"https:\/\/vosgesinfo.fr\/remiremontinfo\/wp-json\/wp\/v2\/users\/407"}],"replies":[{"embeddable":true,"href":"https:\/\/vosgesinfo.fr\/remiremontinfo\/wp-json\/wp\/v2\/comments?post=65036"}],"version-history":[{"count":0,"href":"https:\/\/vosgesinfo.fr\/remiremontinfo\/wp-json\/wp\/v2\/posts\/65036\/revisions"}],"wp:featuredmedia":[{"embeddable":true,"href":"https:\/\/vosgesinfo.fr\/remiremontinfo\/wp-json\/wp\/v2\/media\/65037"}],"wp:attachment":[{"href":"https:\/\/vosgesinfo.fr\/remiremontinfo\/wp-json\/wp\/v2\/media?parent=65036"}],"wp:term":[{"taxonomy":"category","embeddable":true,"href":"https:\/\/vosgesinfo.fr\/remiremontinfo\/wp-json\/wp\/v2\/categories?post=65036"},{"taxonomy":"post_tag","embeddable":true,"href":"https:\/\/vosgesinfo.fr\/remiremontinfo\/wp-json\/wp\/v2\/tags?post=65036"}],"curies":[{"name":"wp","href":"https:\/\/api.w.org\/{rel}","templated":true}]}}