{"id":65040,"date":"2022-11-29T09:25:24","date_gmt":"2022-11-29T08:25:24","guid":{"rendered":"https:\/\/vosgesinfo.fr\/remiremontinfo\/2022\/11\/saint-nabord-ecoliers-contruisent-mini-maison\/"},"modified":"2022-11-29T09:25:24","modified_gmt":"2022-11-29T08:25:24","slug":"saint-nabord-ecoliers-contruisent-mini-maison","status":"publish","type":"post","link":"https:\/\/vosgesinfo.fr\/remiremontinfo\/2022\/11\/saint-nabord-ecoliers-contruisent-mini-maison\/","title":{"rendered":"Saint-Nabord : des \u00e9coliers contruisent une mini-maison"},"content":{"rendered":"<p><a href=\"\/2022\/11\/capeb-\u00e9cole-maison-2.jpg\"><img decoding=\"async\" class=\"alignnone size-large wp-image-358827\" src=\"\/2022\/11\/capeb-\u00e9cole-maison-2-1024x768.jpg\" alt=\"capeb \u00e9cole maison (2)\" width=\"960\" height=\"720\" \/><\/a><\/p>\n<p><span style=\"font-size: 10pt;\"><em>Photos par la Mairie de Saint-Nabord\u00a0<\/em><\/span><\/p>\n<h2><span style=\"font-size: 12pt;\"><strong>Construire une maison miniature du sol au plafond en une demi-journ\u00e9e seulement\u2026 Quel beau d\u00e9fi lanc\u00e9 aux \u00e9l\u00e8ves par la Capeb Vosges, le syndicat patronal des artisans du b\u00e2timent des Vosges, pour leur faire d\u00e9couvrir les m\u00e9tiers de la construction et peut-\u00eatre susciter des vocations.\u00a0<\/strong><\/span><\/h2>\n<p>Guid\u00e9s par notre \u00ab Artisan messager \u00bb du jour, Micha\u00ebl Henry, plaquiste et peintre en b\u00e2timent, investi depuis plusieurs ann\u00e9es dans ce projet, les enfants de la classe de CM2 de l&rsquo;\u00e9cole des Herbures ont v\u00e9cu une exp\u00e9rience immersive dans l\u2019univers des b\u00e2tisseurs de maisons et sont devenus quelques heures durant des acteurs de la construction.<\/p>\n<p>Apr\u00e8s une matin\u00e9e de pr\u00e9sentation du secteur de la construction, ils ont particip\u00e9 aux diff\u00e9rents ateliers propos\u00e9s dans la pi\u00e8ce ma\u00eetresse du dispositif : un petit chantier ambulant \u00e0 la fois ludique et tellement r\u00e9aliste compos\u00e9 d\u2019une dizaine de modules pour exp\u00e9rimenter, avec de vrais outils et de vrais mat\u00e9riaux, le travail de tous les corps de m\u00e9tier impliqu\u00e9s dans la construction d\u2019une habitation.<\/p>\n<p>Installation d\u2019un radiateur et d\u2019un petit chauffe-eau, montage d\u2019un escalier, pose de diff\u00e9rents isolants, travaux de plomberie, r\u00e9alisation d\u2019un circuit \u00e9lectrique pour brancher un n\u00e9on \u2026 des cas pratiques pour avoir une vision plus concr\u00e8te d\u2019une profession, des missions \u00e0 mener \u00e0 bout pour tester ses capacit\u00e9s et peut-\u00eatre se d\u00e9couvrir des affinit\u00e9s avec ces m\u00e9tiers de l\u2019artisanat.\u00a0 Au final, m\u00eame pour les enfants herm\u00e9tiques au bricolage, le plaisir d\u2019assembler tous ces modules pour voir se dessiner une maison miniature fruit de leur travail et de leur belle implication.<\/p>\n<p><span style=\"font-size: 10pt;\"><em>Source : Mairie de Saint-Nabord\u00a0<\/em><\/span><\/p>\n\n","protected":false},"excerpt":{"rendered":"<p>Photos par la Mairie de Saint-Nabord\u00a0 Construire une maison miniature du sol au plafond en une demi-journ\u00e9e seulement\u2026 Quel beau [&hellip;]<\/p>\n","protected":false},"author":407,"featured_media":65041,"comment_status":"open","ping_status":"open","sticky":false,"template":"","format":"standard","meta":{"footnotes":""},"categories":[26,165,35,100],"tags":[3959,415,1672,42,32],"class_list":["post-65040","post","type-post","status-publish","format-standard","has-post-thumbnail","hentry","category-a-la-une","category-enseignement","category-remiremont-son-canton","category-saint-nabord","tag-capeb","tag-ecole","tag-maison","tag-saint-nabord","tag-vosges"],"acf":[],"yoast_head":"<!-- This site is optimized with the Yoast SEO plugin v22.5 - https:\/\/yoast.com\/wordpress\/plugins\/seo\/ -->\n<title>Saint-Nabord : des \u00e9coliers contruisent une mini-maison - Remiremont Info<\/title>\n<meta name=\"robots\" content=\"index, follow, max-snippet:-1, max-image-preview:large, max-video-preview:-1\" \/>\n<link rel=\"canonical\" href=\"https:\/\/vosgesinfo.fr\/remiremontinfo\/2022\/11\/saint-nabord-ecoliers-contruisent-mini-maison\/\" \/>\n<meta name=\"twitter:card\" content=\"summary_large_image\" \/>\n<meta name=\"twitter:title\" content=\"Saint-Nabord : des \u00e9coliers contruisent une mini-maison - Remiremont Info\" \/>\n<meta name=\"twitter:description\" content=\"Photos par la Mairie de Saint-Nabord\u00a0 Construire une maison miniature du sol au plafond en une demi-journ\u00e9e seulement\u2026 Quel beau [&hellip;]\" \/>\n<meta name=\"twitter:image\" content=\"https:\/\/vosgesinfo.fr\/app\/uploads\/sites\/5\/2024\/09\/202211capeb-ecole-maison-2.jpg\" \/>\n<meta name=\"twitter:creator\" content=\"@VosgesInfo88\" \/>\n<meta name=\"twitter:site\" content=\"@VosgesInfo88\" \/>\n<meta name=\"twitter:label1\" content=\"\u00c9crit par\" \/>\n\t<meta name=\"twitter:data1\" content=\"C D\" \/>\n\t<meta name=\"twitter:label2\" content=\"Dur\u00e9e de lecture estim\u00e9e\" \/>\n\t<meta name=\"twitter:data2\" content=\"2 minutes\" \/>\n<script type=\"application\/ld+json\" class=\"yoast-schema-graph\">{\"@context\":\"https:\/\/schema.org\",\"@graph\":[{\"@type\":\"Article\",\"@id\":\"https:\/\/vosgesinfo.fr\/remiremontinfo\/2022\/11\/saint-nabord-ecoliers-contruisent-mini-maison\/#article\",\"isPartOf\":{\"@id\":\"https:\/\/vosgesinfo.fr\/remiremontinfo\/2022\/11\/saint-nabord-ecoliers-contruisent-mini-maison\/\"},\"author\":{\"name\":\"C D\",\"@id\":\"https:\/\/vosgesinfo.fr\/remiremontinfo\/#\/schema\/person\/3bfd164d5218a185b1db68655a265316\"},\"headline\":\"Saint-Nabord : des \u00e9coliers contruisent une mini-maison\",\"datePublished\":\"2022-11-29T08:25:24+00:00\",\"dateModified\":\"2022-11-29T08:25:24+00:00\",\"mainEntityOfPage\":{\"@id\":\"https:\/\/vosgesinfo.fr\/remiremontinfo\/2022\/11\/saint-nabord-ecoliers-contruisent-mini-maison\/\"},\"wordCount\":319,\"commentCount\":0,\"publisher\":{\"@id\":\"https:\/\/vosgesinfo.fr\/remiremontinfo\/#organization\"},\"image\":{\"@id\":\"https:\/\/vosgesinfo.fr\/remiremontinfo\/2022\/11\/saint-nabord-ecoliers-contruisent-mini-maison\/#primaryimage\"},\"thumbnailUrl\":\"https:\/\/vosgesinfo.fr\/app\/uploads\/sites\/5\/2024\/09\/202211capeb-ecole-maison-2.jpg\",\"keywords\":[\"capeb\",\"ecole\",\"Maison\",\"saint-nabord\",\"Vosges\"],\"articleSection\":[\"A la Une\",\"Enseignement\",\"Remiremont &amp; son canton\",\"Saint-Nabord\"],\"inLanguage\":\"fr-FR\",\"potentialAction\":[{\"@type\":\"CommentAction\",\"name\":\"Comment\",\"target\":[\"https:\/\/vosgesinfo.fr\/remiremontinfo\/2022\/11\/saint-nabord-ecoliers-contruisent-mini-maison\/#respond\"]}]},{\"@type\":\"WebPage\",\"@id\":\"https:\/\/vosgesinfo.fr\/remiremontinfo\/2022\/11\/saint-nabord-ecoliers-contruisent-mini-maison\/\",\"url\":\"https:\/\/vosgesinfo.fr\/remiremontinfo\/2022\/11\/saint-nabord-ecoliers-contruisent-mini-maison\/\",\"name\":\"Saint-Nabord : des \u00e9coliers contruisent une mini-maison - Remiremont Info\",\"isPartOf\":{\"@id\":\"https:\/\/vosgesinfo.fr\/remiremontinfo\/#website\"},\"primaryImageOfPage\":{\"@id\":\"https:\/\/vosgesinfo.fr\/remiremontinfo\/2022\/11\/saint-nabord-ecoliers-contruisent-mini-maison\/#primaryimage\"},\"image\":{\"@id\":\"https:\/\/vosgesinfo.fr\/remiremontinfo\/2022\/11\/saint-nabord-ecoliers-contruisent-mini-maison\/#primaryimage\"},\"thumbnailUrl\":\"https:\/\/vosgesinfo.fr\/app\/uploads\/sites\/5\/2024\/09\/202211capeb-ecole-maison-2.jpg\",\"datePublished\":\"2022-11-29T08:25:24+00:00\",\"dateModified\":\"2022-11-29T08:25:24+00:00\",\"breadcrumb\":{\"@id\":\"https:\/\/vosgesinfo.fr\/remiremontinfo\/2022\/11\/saint-nabord-ecoliers-contruisent-mini-maison\/#breadcrumb\"},\"inLanguage\":\"fr-FR\",\"potentialAction\":[{\"@type\":\"ReadAction\",\"target\":[\"https:\/\/vosgesinfo.fr\/remiremontinfo\/2022\/11\/saint-nabord-ecoliers-contruisent-mini-maison\/\"]}]},{\"@type\":\"ImageObject\",\"inLanguage\":\"fr-FR\",\"@id\":\"https:\/\/vosgesinfo.fr\/remiremontinfo\/2022\/11\/saint-nabord-ecoliers-contruisent-mini-maison\/#primaryimage\",\"url\":\"https:\/\/vosgesinfo.fr\/app\/uploads\/sites\/5\/2024\/09\/202211capeb-ecole-maison-2.jpg\",\"contentUrl\":\"https:\/\/vosgesinfo.fr\/app\/uploads\/sites\/5\/2024\/09\/202211capeb-ecole-maison-2.jpg\",\"width\":2048,\"height\":1536},{\"@type\":\"BreadcrumbList\",\"@id\":\"https:\/\/vosgesinfo.fr\/remiremontinfo\/2022\/11\/saint-nabord-ecoliers-contruisent-mini-maison\/#breadcrumb\",\"itemListElement\":[{\"@type\":\"ListItem\",\"position\":1,\"name\":\"Home\",\"item\":\"https:\/\/vosgesinfo.fr\/remiremontinfo\/\"},{\"@type\":\"ListItem\",\"position\":2,\"name\":\"Saint-Nabord : des \u00e9coliers contruisent une mini-maison\"}]},{\"@type\":\"WebSite\",\"@id\":\"https:\/\/vosgesinfo.fr\/remiremontinfo\/#website\",\"url\":\"https:\/\/vosgesinfo.fr\/remiremontinfo\/\",\"name\":\"Remiremont Info\",\"description\":\"Toute l&#039;actualit\u00e9 de Remiremont\",\"publisher\":{\"@id\":\"https:\/\/vosgesinfo.fr\/remiremontinfo\/#organization\"},\"alternateName\":\"Toute l'actualit\u00e9 de Remiremont\",\"potentialAction\":[{\"@type\":\"SearchAction\",\"target\":{\"@type\":\"EntryPoint\",\"urlTemplate\":\"https:\/\/vosgesinfo.fr\/remiremontinfo\/?s={search_term_string}\"},\"query-input\":\"required name=search_term_string\"}],\"inLanguage\":\"fr-FR\"},{\"@type\":\"Organization\",\"@id\":\"https:\/\/vosgesinfo.fr\/remiremontinfo\/#organization\",\"name\":\"Remiremont Info\",\"url\":\"https:\/\/vosgesinfo.fr\/remiremontinfo\/\",\"logo\":{\"@type\":\"ImageObject\",\"inLanguage\":\"fr-FR\",\"@id\":\"https:\/\/vosgesinfo.fr\/remiremontinfo\/#\/schema\/logo\/image\/\",\"url\":\"https:\/\/vosgesinfo.fr\/app\/uploads\/sites\/5\/2023\/08\/favicon-remiremontinfo.png\",\"contentUrl\":\"https:\/\/vosgesinfo.fr\/app\/uploads\/sites\/5\/2023\/08\/favicon-remiremontinfo.png\",\"width\":512,\"height\":512,\"caption\":\"Remiremont Info\"},\"image\":{\"@id\":\"https:\/\/vosgesinfo.fr\/remiremontinfo\/#\/schema\/logo\/image\/\"},\"sameAs\":[\"https:\/\/www.facebook.com\/remiremontinfo\",\"https:\/\/x.com\/VosgesInfo88\",\"https:\/\/www.youtube.com\/@vosgesinfo\"]},{\"@type\":\"Person\",\"@id\":\"https:\/\/vosgesinfo.fr\/remiremontinfo\/#\/schema\/person\/3bfd164d5218a185b1db68655a265316\",\"name\":\"C D\",\"image\":{\"@type\":\"ImageObject\",\"inLanguage\":\"fr-FR\",\"@id\":\"https:\/\/vosgesinfo.fr\/remiremontinfo\/#\/schema\/person\/image\/\",\"url\":\"https:\/\/secure.gravatar.com\/avatar\/1f9a70007336511a47468b8f1c66f922b8b7cf617b02a31149ada43893a5d48f?s=96&d=mm&r=g\",\"contentUrl\":\"https:\/\/secure.gravatar.com\/avatar\/1f9a70007336511a47468b8f1c66f922b8b7cf617b02a31149ada43893a5d48f?s=96&d=mm&r=g\",\"caption\":\"C D\"},\"url\":\"https:\/\/vosgesinfo.fr\/remiremontinfo\/author\/cedric-drevet\/\"}]}<\/script>\n<!-- \/ Yoast SEO plugin. -->","yoast_head_json":{"title":"Saint-Nabord : des \u00e9coliers contruisent une mini-maison - Remiremont Info","robots":{"index":"index","follow":"follow","max-snippet":"max-snippet:-1","max-image-preview":"max-image-preview:large","max-video-preview":"max-video-preview:-1"},"canonical":"https:\/\/vosgesinfo.fr\/remiremontinfo\/2022\/11\/saint-nabord-ecoliers-contruisent-mini-maison\/","twitter_card":"summary_large_image","twitter_title":"Saint-Nabord : des \u00e9coliers contruisent une mini-maison - Remiremont Info","twitter_description":"Photos par la Mairie de Saint-Nabord\u00a0 Construire une maison miniature du sol au plafond en une demi-journ\u00e9e seulement\u2026 Quel beau [&hellip;]","twitter_image":"https:\/\/vosgesinfo.fr\/app\/uploads\/sites\/5\/2024\/09\/202211capeb-ecole-maison-2.jpg","twitter_creator":"@VosgesInfo88","twitter_site":"@VosgesInfo88","twitter_misc":{"\u00c9crit par":"C D","Dur\u00e9e de lecture estim\u00e9e":"2 minutes"},"schema":{"@context":"https:\/\/schema.org","@graph":[{"@type":"Article","@id":"https:\/\/vosgesinfo.fr\/remiremontinfo\/2022\/11\/saint-nabord-ecoliers-contruisent-mini-maison\/#article","isPartOf":{"@id":"https:\/\/vosgesinfo.fr\/remiremontinfo\/2022\/11\/saint-nabord-ecoliers-contruisent-mini-maison\/"},"author":{"name":"C D","@id":"https:\/\/vosgesinfo.fr\/remiremontinfo\/#\/schema\/person\/3bfd164d5218a185b1db68655a265316"},"headline":"Saint-Nabord : des \u00e9coliers contruisent une mini-maison","datePublished":"2022-11-29T08:25:24+00:00","dateModified":"2022-11-29T08:25:24+00:00","mainEntityOfPage":{"@id":"https:\/\/vosgesinfo.fr\/remiremontinfo\/2022\/11\/saint-nabord-ecoliers-contruisent-mini-maison\/"},"wordCount":319,"commentCount":0,"publisher":{"@id":"https:\/\/vosgesinfo.fr\/remiremontinfo\/#organization"},"image":{"@id":"https:\/\/vosgesinfo.fr\/remiremontinfo\/2022\/11\/saint-nabord-ecoliers-contruisent-mini-maison\/#primaryimage"},"thumbnailUrl":"https:\/\/vosgesinfo.fr\/app\/uploads\/sites\/5\/2024\/09\/202211capeb-ecole-maison-2.jpg","keywords":["capeb","ecole","Maison","saint-nabord","Vosges"],"articleSection":["A la Une","Enseignement","Remiremont &amp; son canton","Saint-Nabord"],"inLanguage":"fr-FR","potentialAction":[{"@type":"CommentAction","name":"Comment","target":["https:\/\/vosgesinfo.fr\/remiremontinfo\/2022\/11\/saint-nabord-ecoliers-contruisent-mini-maison\/#respond"]}]},{"@type":"WebPage","@id":"https:\/\/vosgesinfo.fr\/remiremontinfo\/2022\/11\/saint-nabord-ecoliers-contruisent-mini-maison\/","url":"https:\/\/vosgesinfo.fr\/remiremontinfo\/2022\/11\/saint-nabord-ecoliers-contruisent-mini-maison\/","name":"Saint-Nabord : des \u00e9coliers contruisent une mini-maison - Remiremont Info","isPartOf":{"@id":"https:\/\/vosgesinfo.fr\/remiremontinfo\/#website"},"primaryImageOfPage":{"@id":"https:\/\/vosgesinfo.fr\/remiremontinfo\/2022\/11\/saint-nabord-ecoliers-contruisent-mini-maison\/#primaryimage"},"image":{"@id":"https:\/\/vosgesinfo.fr\/remiremontinfo\/2022\/11\/saint-nabord-ecoliers-contruisent-mini-maison\/#primaryimage"},"thumbnailUrl":"https:\/\/vosgesinfo.fr\/app\/uploads\/sites\/5\/2024\/09\/202211capeb-ecole-maison-2.jpg","datePublished":"2022-11-29T08:25:24+00:00","dateModified":"2022-11-29T08:25:24+00:00","breadcrumb":{"@id":"https:\/\/vosgesinfo.fr\/remiremontinfo\/2022\/11\/saint-nabord-ecoliers-contruisent-mini-maison\/#breadcrumb"},"inLanguage":"fr-FR","potentialAction":[{"@type":"ReadAction","target":["https:\/\/vosgesinfo.fr\/remiremontinfo\/2022\/11\/saint-nabord-ecoliers-contruisent-mini-maison\/"]}]},{"@type":"ImageObject","inLanguage":"fr-FR","@id":"https:\/\/vosgesinfo.fr\/remiremontinfo\/2022\/11\/saint-nabord-ecoliers-contruisent-mini-maison\/#primaryimage","url":"https:\/\/vosgesinfo.fr\/app\/uploads\/sites\/5\/2024\/09\/202211capeb-ecole-maison-2.jpg","contentUrl":"https:\/\/vosgesinfo.fr\/app\/uploads\/sites\/5\/2024\/09\/202211capeb-ecole-maison-2.jpg","width":2048,"height":1536},{"@type":"BreadcrumbList","@id":"https:\/\/vosgesinfo.fr\/remiremontinfo\/2022\/11\/saint-nabord-ecoliers-contruisent-mini-maison\/#breadcrumb","itemListElement":[{"@type":"ListItem","position":1,"name":"Home","item":"https:\/\/vosgesinfo.fr\/remiremontinfo\/"},{"@type":"ListItem","position":2,"name":"Saint-Nabord : des \u00e9coliers contruisent une mini-maison"}]},{"@type":"WebSite","@id":"https:\/\/vosgesinfo.fr\/remiremontinfo\/#website","url":"https:\/\/vosgesinfo.fr\/remiremontinfo\/","name":"Remiremont Info","description":"Toute l&#039;actualit\u00e9 de Remiremont","publisher":{"@id":"https:\/\/vosgesinfo.fr\/remiremontinfo\/#organization"},"alternateName":"Toute l'actualit\u00e9 de Remiremont","potentialAction":[{"@type":"SearchAction","target":{"@type":"EntryPoint","urlTemplate":"https:\/\/vosgesinfo.fr\/remiremontinfo\/?s={search_term_string}"},"query-input":"required name=search_term_string"}],"inLanguage":"fr-FR"},{"@type":"Organization","@id":"https:\/\/vosgesinfo.fr\/remiremontinfo\/#organization","name":"Remiremont Info","url":"https:\/\/vosgesinfo.fr\/remiremontinfo\/","logo":{"@type":"ImageObject","inLanguage":"fr-FR","@id":"https:\/\/vosgesinfo.fr\/remiremontinfo\/#\/schema\/logo\/image\/","url":"https:\/\/vosgesinfo.fr\/app\/uploads\/sites\/5\/2023\/08\/favicon-remiremontinfo.png","contentUrl":"https:\/\/vosgesinfo.fr\/app\/uploads\/sites\/5\/2023\/08\/favicon-remiremontinfo.png","width":512,"height":512,"caption":"Remiremont Info"},"image":{"@id":"https:\/\/vosgesinfo.fr\/remiremontinfo\/#\/schema\/logo\/image\/"},"sameAs":["https:\/\/www.facebook.com\/remiremontinfo","https:\/\/x.com\/VosgesInfo88","https:\/\/www.youtube.com\/@vosgesinfo"]},{"@type":"Person","@id":"https:\/\/vosgesinfo.fr\/remiremontinfo\/#\/schema\/person\/3bfd164d5218a185b1db68655a265316","name":"C D","image":{"@type":"ImageObject","inLanguage":"fr-FR","@id":"https:\/\/vosgesinfo.fr\/remiremontinfo\/#\/schema\/person\/image\/","url":"https:\/\/secure.gravatar.com\/avatar\/1f9a70007336511a47468b8f1c66f922b8b7cf617b02a31149ada43893a5d48f?s=96&d=mm&r=g","contentUrl":"https:\/\/secure.gravatar.com\/avatar\/1f9a70007336511a47468b8f1c66f922b8b7cf617b02a31149ada43893a5d48f?s=96&d=mm&r=g","caption":"C D"},"url":"https:\/\/vosgesinfo.fr\/remiremontinfo\/author\/cedric-drevet\/"}]}},"_links":{"self":[{"href":"https:\/\/vosgesinfo.fr\/remiremontinfo\/wp-json\/wp\/v2\/posts\/65040","targetHints":{"allow":["GET"]}}],"collection":[{"href":"https:\/\/vosgesinfo.fr\/remiremontinfo\/wp-json\/wp\/v2\/posts"}],"about":[{"href":"https:\/\/vosgesinfo.fr\/remiremontinfo\/wp-json\/wp\/v2\/types\/post"}],"author":[{"embeddable":true,"href":"https:\/\/vosgesinfo.fr\/remiremontinfo\/wp-json\/wp\/v2\/users\/407"}],"replies":[{"embeddable":true,"href":"https:\/\/vosgesinfo.fr\/remiremontinfo\/wp-json\/wp\/v2\/comments?post=65040"}],"version-history":[{"count":0,"href":"https:\/\/vosgesinfo.fr\/remiremontinfo\/wp-json\/wp\/v2\/posts\/65040\/revisions"}],"wp:featuredmedia":[{"embeddable":true,"href":"https:\/\/vosgesinfo.fr\/remiremontinfo\/wp-json\/wp\/v2\/media\/65041"}],"wp:attachment":[{"href":"https:\/\/vosgesinfo.fr\/remiremontinfo\/wp-json\/wp\/v2\/media?parent=65040"}],"wp:term":[{"taxonomy":"category","embeddable":true,"href":"https:\/\/vosgesinfo.fr\/remiremontinfo\/wp-json\/wp\/v2\/categories?post=65040"},{"taxonomy":"post_tag","embeddable":true,"href":"https:\/\/vosgesinfo.fr\/remiremontinfo\/wp-json\/wp\/v2\/tags?post=65040"}],"curies":[{"name":"wp","href":"https:\/\/api.w.org\/{rel}","templated":true}]}}