{"id":65066,"date":"2022-11-29T09:16:15","date_gmt":"2022-11-29T08:16:15","guid":{"rendered":"https:\/\/vosgesinfo.fr\/remiremontinfo\/2022\/11\/triathlon-aquatique-a-vagney-bresse-cadre-telethon\/"},"modified":"2022-11-29T09:16:15","modified_gmt":"2022-11-29T08:16:15","slug":"triathlon-aquatique-a-vagney-bresse-cadre-telethon","status":"publish","type":"post","link":"https:\/\/vosgesinfo.fr\/remiremontinfo\/2022\/11\/triathlon-aquatique-a-vagney-bresse-cadre-telethon\/","title":{"rendered":"Un triathlon aquatique \u00e0 Vagney et La Bresse dans le cadre du T\u00e9l\u00e9thon"},"content":{"rendered":"<p><a href=\"\/2022\/11\/2022-12-03_Triathlon-te\u0301le\u0301thon-La-Bresse-Vagney_V1-1-page-001-3.jpg\"><img decoding=\"async\" class=\"alignnone size-large wp-image-358866\" src=\"\/2022\/11\/2022-12-03_Triathlon-te\u0301le\u0301thon-La-Bresse-Vagney_V1-1-page-001-3-724x1024.jpg\" alt=\"2022-12-03_Triathlon te\u0301le\u0301thon La Bresse-Vagney_V1 (1)-page-001 (3)\" width=\"724\" height=\"1024\" \/><\/a><\/p>\n<h2 style=\"font-weight: 400;\"><span style=\"font-size: 12pt;\"><strong>\u00ab\u00a0Relevez le d\u00e9fi du triathlon\u00a0\u00bb. Dans le cadre du t\u00e9l\u00e9thon qui a lieu la semaine prochaine, la CCHV, en collaboration avec le club de Triathlon de La Bresse a mis en place une animation sp\u00e9cifique sur les deux piscines du territoire, \u00e0 Vagney et La Bresse.\u00a0<\/strong><\/span><\/h2>\n<p style=\"font-weight: 400;\">Cela permettra de partir \u00e0 la d\u00e9couverte du triathlon, avec les 3 \u00e9preuves qui se feront dans les bassins (nage, aquabike pour le v\u00e9lo, et aqua-jogging avec ceinture pour la course \u00e0 pied).\u00a0L\u2019animation aura lieu simultan\u00e9ment sur les 2 piscines de 14h \u00e0 18h, encadr\u00e9es par des \u00e9ducateurs du club de triathlon de La Bresse. Les personnes qui participeront \u00e0 l\u2019animation ne paieront pas l\u2019entr\u00e9e \u00e0 la piscine\u00a0 (4\u20ac pour La Bresse, 3\u20ac pour Vagney), leurs droits d&rsquo;entr\u00e9e seront vers\u00e9s dans une boite sp\u00e9cifique, qui serait remise au t\u00e9l\u00e9thon \u00e0 l\u2019issue de l\u2019animation.<\/p>\n<p style=\"font-weight: 400;\">\n","protected":false},"excerpt":{"rendered":"<p>\u00ab\u00a0Relevez le d\u00e9fi du triathlon\u00a0\u00bb. Dans le cadre du t\u00e9l\u00e9thon qui a lieu la semaine prochaine, la CCHV, en collaboration [&hellip;]<\/p>\n","protected":false},"author":407,"featured_media":65067,"comment_status":"open","ping_status":"open","sticky":false,"template":"","format":"standard","meta":{"footnotes":""},"categories":[26,104,25,14],"tags":[105,485,340,477,160],"class_list":["post-65066","post","type-post","status-publish","format-standard","has-post-thumbnail","hentry","category-a-la-une","category-la-bresse-la-bresse-son-canton","category-la-bresse-son-canton","category-sport","tag-la-bresse","tag-piscine","tag-telethon","tag-triathlon","tag-vagney"],"acf":[],"yoast_head":"<!-- This site is optimized with the Yoast SEO plugin v22.5 - https:\/\/yoast.com\/wordpress\/plugins\/seo\/ -->\n<title>Un triathlon aquatique \u00e0 Vagney et La Bresse dans le cadre du T\u00e9l\u00e9thon - Remiremont Info<\/title>\n<meta name=\"robots\" content=\"index, follow, max-snippet:-1, max-image-preview:large, max-video-preview:-1\" \/>\n<link rel=\"canonical\" href=\"https:\/\/vosgesinfo.fr\/remiremontinfo\/2022\/11\/triathlon-aquatique-a-vagney-bresse-cadre-telethon\/\" \/>\n<meta name=\"twitter:card\" content=\"summary_large_image\" \/>\n<meta name=\"twitter:title\" content=\"Un triathlon aquatique \u00e0 Vagney et La Bresse dans le cadre du T\u00e9l\u00e9thon - Remiremont Info\" \/>\n<meta name=\"twitter:description\" content=\"\u00ab\u00a0Relevez le d\u00e9fi du triathlon\u00a0\u00bb. Dans le cadre du t\u00e9l\u00e9thon qui a lieu la semaine prochaine, la CCHV, en collaboration [&hellip;]\" \/>\n<meta name=\"twitter:image\" content=\"https:\/\/vosgesinfo.fr\/app\/uploads\/sites\/5\/2024\/09\/2022112022-12-03-triathlon-telethon-la-bresse-vagney-v1-1-page-001-3-scaled.jpg\" \/>\n<meta name=\"twitter:creator\" content=\"@VosgesInfo88\" \/>\n<meta name=\"twitter:site\" content=\"@VosgesInfo88\" \/>\n<meta name=\"twitter:label1\" content=\"\u00c9crit par\" \/>\n\t<meta name=\"twitter:data1\" content=\"C D\" \/>\n\t<meta name=\"twitter:label2\" content=\"Dur\u00e9e de lecture estim\u00e9e\" \/>\n\t<meta name=\"twitter:data2\" content=\"1 minute\" \/>\n<script type=\"application\/ld+json\" class=\"yoast-schema-graph\">{\"@context\":\"https:\/\/schema.org\",\"@graph\":[{\"@type\":\"Article\",\"@id\":\"https:\/\/vosgesinfo.fr\/remiremontinfo\/2022\/11\/triathlon-aquatique-a-vagney-bresse-cadre-telethon\/#article\",\"isPartOf\":{\"@id\":\"https:\/\/vosgesinfo.fr\/remiremontinfo\/2022\/11\/triathlon-aquatique-a-vagney-bresse-cadre-telethon\/\"},\"author\":{\"name\":\"C D\",\"@id\":\"https:\/\/vosgesinfo.fr\/remiremontinfo\/#\/schema\/person\/3bfd164d5218a185b1db68655a265316\"},\"headline\":\"Un triathlon aquatique \u00e0 Vagney et La Bresse dans le cadre du T\u00e9l\u00e9thon\",\"datePublished\":\"2022-11-29T08:16:15+00:00\",\"dateModified\":\"2022-11-29T08:16:15+00:00\",\"mainEntityOfPage\":{\"@id\":\"https:\/\/vosgesinfo.fr\/remiremontinfo\/2022\/11\/triathlon-aquatique-a-vagney-bresse-cadre-telethon\/\"},\"wordCount\":163,\"commentCount\":0,\"publisher\":{\"@id\":\"https:\/\/vosgesinfo.fr\/remiremontinfo\/#organization\"},\"image\":{\"@id\":\"https:\/\/vosgesinfo.fr\/remiremontinfo\/2022\/11\/triathlon-aquatique-a-vagney-bresse-cadre-telethon\/#primaryimage\"},\"thumbnailUrl\":\"https:\/\/vosgesinfo.fr\/app\/uploads\/sites\/5\/2024\/09\/2022112022-12-03-triathlon-telethon-la-bresse-vagney-v1-1-page-001-3-scaled.jpg\",\"keywords\":[\"la bresse\",\"piscine\",\"T\u00e9l\u00e9thon\",\"triathlon\",\"vagney\"],\"articleSection\":[\"A la Une\",\"La Bresse\",\"La Bresse &amp; son canton\",\"Sport\"],\"inLanguage\":\"fr-FR\",\"potentialAction\":[{\"@type\":\"CommentAction\",\"name\":\"Comment\",\"target\":[\"https:\/\/vosgesinfo.fr\/remiremontinfo\/2022\/11\/triathlon-aquatique-a-vagney-bresse-cadre-telethon\/#respond\"]}]},{\"@type\":\"WebPage\",\"@id\":\"https:\/\/vosgesinfo.fr\/remiremontinfo\/2022\/11\/triathlon-aquatique-a-vagney-bresse-cadre-telethon\/\",\"url\":\"https:\/\/vosgesinfo.fr\/remiremontinfo\/2022\/11\/triathlon-aquatique-a-vagney-bresse-cadre-telethon\/\",\"name\":\"Un triathlon aquatique \u00e0 Vagney et La Bresse dans le cadre du T\u00e9l\u00e9thon - Remiremont Info\",\"isPartOf\":{\"@id\":\"https:\/\/vosgesinfo.fr\/remiremontinfo\/#website\"},\"primaryImageOfPage\":{\"@id\":\"https:\/\/vosgesinfo.fr\/remiremontinfo\/2022\/11\/triathlon-aquatique-a-vagney-bresse-cadre-telethon\/#primaryimage\"},\"image\":{\"@id\":\"https:\/\/vosgesinfo.fr\/remiremontinfo\/2022\/11\/triathlon-aquatique-a-vagney-bresse-cadre-telethon\/#primaryimage\"},\"thumbnailUrl\":\"https:\/\/vosgesinfo.fr\/app\/uploads\/sites\/5\/2024\/09\/2022112022-12-03-triathlon-telethon-la-bresse-vagney-v1-1-page-001-3-scaled.jpg\",\"datePublished\":\"2022-11-29T08:16:15+00:00\",\"dateModified\":\"2022-11-29T08:16:15+00:00\",\"breadcrumb\":{\"@id\":\"https:\/\/vosgesinfo.fr\/remiremontinfo\/2022\/11\/triathlon-aquatique-a-vagney-bresse-cadre-telethon\/#breadcrumb\"},\"inLanguage\":\"fr-FR\",\"potentialAction\":[{\"@type\":\"ReadAction\",\"target\":[\"https:\/\/vosgesinfo.fr\/remiremontinfo\/2022\/11\/triathlon-aquatique-a-vagney-bresse-cadre-telethon\/\"]}]},{\"@type\":\"ImageObject\",\"inLanguage\":\"fr-FR\",\"@id\":\"https:\/\/vosgesinfo.fr\/remiremontinfo\/2022\/11\/triathlon-aquatique-a-vagney-bresse-cadre-telethon\/#primaryimage\",\"url\":\"https:\/\/vosgesinfo.fr\/app\/uploads\/sites\/5\/2024\/09\/2022112022-12-03-triathlon-telethon-la-bresse-vagney-v1-1-page-001-3-scaled.jpg\",\"contentUrl\":\"https:\/\/vosgesinfo.fr\/app\/uploads\/sites\/5\/2024\/09\/2022112022-12-03-triathlon-telethon-la-bresse-vagney-v1-1-page-001-3-scaled.jpg\",\"width\":1810,\"height\":2560},{\"@type\":\"BreadcrumbList\",\"@id\":\"https:\/\/vosgesinfo.fr\/remiremontinfo\/2022\/11\/triathlon-aquatique-a-vagney-bresse-cadre-telethon\/#breadcrumb\",\"itemListElement\":[{\"@type\":\"ListItem\",\"position\":1,\"name\":\"Home\",\"item\":\"https:\/\/vosgesinfo.fr\/remiremontinfo\/\"},{\"@type\":\"ListItem\",\"position\":2,\"name\":\"Un triathlon aquatique \u00e0 Vagney et La Bresse dans le cadre du T\u00e9l\u00e9thon\"}]},{\"@type\":\"WebSite\",\"@id\":\"https:\/\/vosgesinfo.fr\/remiremontinfo\/#website\",\"url\":\"https:\/\/vosgesinfo.fr\/remiremontinfo\/\",\"name\":\"Remiremont Info\",\"description\":\"Toute l&#039;actualit\u00e9 de Remiremont\",\"publisher\":{\"@id\":\"https:\/\/vosgesinfo.fr\/remiremontinfo\/#organization\"},\"alternateName\":\"Toute l'actualit\u00e9 de Remiremont\",\"potentialAction\":[{\"@type\":\"SearchAction\",\"target\":{\"@type\":\"EntryPoint\",\"urlTemplate\":\"https:\/\/vosgesinfo.fr\/remiremontinfo\/?s={search_term_string}\"},\"query-input\":\"required name=search_term_string\"}],\"inLanguage\":\"fr-FR\"},{\"@type\":\"Organization\",\"@id\":\"https:\/\/vosgesinfo.fr\/remiremontinfo\/#organization\",\"name\":\"Remiremont Info\",\"url\":\"https:\/\/vosgesinfo.fr\/remiremontinfo\/\",\"logo\":{\"@type\":\"ImageObject\",\"inLanguage\":\"fr-FR\",\"@id\":\"https:\/\/vosgesinfo.fr\/remiremontinfo\/#\/schema\/logo\/image\/\",\"url\":\"https:\/\/vosgesinfo.fr\/app\/uploads\/sites\/5\/2023\/08\/favicon-remiremontinfo.png\",\"contentUrl\":\"https:\/\/vosgesinfo.fr\/app\/uploads\/sites\/5\/2023\/08\/favicon-remiremontinfo.png\",\"width\":512,\"height\":512,\"caption\":\"Remiremont Info\"},\"image\":{\"@id\":\"https:\/\/vosgesinfo.fr\/remiremontinfo\/#\/schema\/logo\/image\/\"},\"sameAs\":[\"https:\/\/www.facebook.com\/remiremontinfo\",\"https:\/\/x.com\/VosgesInfo88\",\"https:\/\/www.youtube.com\/@vosgesinfo\"]},{\"@type\":\"Person\",\"@id\":\"https:\/\/vosgesinfo.fr\/remiremontinfo\/#\/schema\/person\/3bfd164d5218a185b1db68655a265316\",\"name\":\"C D\",\"image\":{\"@type\":\"ImageObject\",\"inLanguage\":\"fr-FR\",\"@id\":\"https:\/\/vosgesinfo.fr\/remiremontinfo\/#\/schema\/person\/image\/\",\"url\":\"https:\/\/secure.gravatar.com\/avatar\/1f9a70007336511a47468b8f1c66f922b8b7cf617b02a31149ada43893a5d48f?s=96&d=mm&r=g\",\"contentUrl\":\"https:\/\/secure.gravatar.com\/avatar\/1f9a70007336511a47468b8f1c66f922b8b7cf617b02a31149ada43893a5d48f?s=96&d=mm&r=g\",\"caption\":\"C D\"},\"url\":\"https:\/\/vosgesinfo.fr\/remiremontinfo\/author\/cedric-drevet\/\"}]}<\/script>\n<!-- \/ Yoast SEO plugin. -->","yoast_head_json":{"title":"Un triathlon aquatique \u00e0 Vagney et La Bresse dans le cadre du T\u00e9l\u00e9thon - Remiremont Info","robots":{"index":"index","follow":"follow","max-snippet":"max-snippet:-1","max-image-preview":"max-image-preview:large","max-video-preview":"max-video-preview:-1"},"canonical":"https:\/\/vosgesinfo.fr\/remiremontinfo\/2022\/11\/triathlon-aquatique-a-vagney-bresse-cadre-telethon\/","twitter_card":"summary_large_image","twitter_title":"Un triathlon aquatique \u00e0 Vagney et La Bresse dans le cadre du T\u00e9l\u00e9thon - Remiremont Info","twitter_description":"\u00ab\u00a0Relevez le d\u00e9fi du triathlon\u00a0\u00bb. Dans le cadre du t\u00e9l\u00e9thon qui a lieu la semaine prochaine, la CCHV, en collaboration [&hellip;]","twitter_image":"https:\/\/vosgesinfo.fr\/app\/uploads\/sites\/5\/2024\/09\/2022112022-12-03-triathlon-telethon-la-bresse-vagney-v1-1-page-001-3-scaled.jpg","twitter_creator":"@VosgesInfo88","twitter_site":"@VosgesInfo88","twitter_misc":{"\u00c9crit par":"C D","Dur\u00e9e de lecture estim\u00e9e":"1 minute"},"schema":{"@context":"https:\/\/schema.org","@graph":[{"@type":"Article","@id":"https:\/\/vosgesinfo.fr\/remiremontinfo\/2022\/11\/triathlon-aquatique-a-vagney-bresse-cadre-telethon\/#article","isPartOf":{"@id":"https:\/\/vosgesinfo.fr\/remiremontinfo\/2022\/11\/triathlon-aquatique-a-vagney-bresse-cadre-telethon\/"},"author":{"name":"C D","@id":"https:\/\/vosgesinfo.fr\/remiremontinfo\/#\/schema\/person\/3bfd164d5218a185b1db68655a265316"},"headline":"Un triathlon aquatique \u00e0 Vagney et La Bresse dans le cadre du T\u00e9l\u00e9thon","datePublished":"2022-11-29T08:16:15+00:00","dateModified":"2022-11-29T08:16:15+00:00","mainEntityOfPage":{"@id":"https:\/\/vosgesinfo.fr\/remiremontinfo\/2022\/11\/triathlon-aquatique-a-vagney-bresse-cadre-telethon\/"},"wordCount":163,"commentCount":0,"publisher":{"@id":"https:\/\/vosgesinfo.fr\/remiremontinfo\/#organization"},"image":{"@id":"https:\/\/vosgesinfo.fr\/remiremontinfo\/2022\/11\/triathlon-aquatique-a-vagney-bresse-cadre-telethon\/#primaryimage"},"thumbnailUrl":"https:\/\/vosgesinfo.fr\/app\/uploads\/sites\/5\/2024\/09\/2022112022-12-03-triathlon-telethon-la-bresse-vagney-v1-1-page-001-3-scaled.jpg","keywords":["la bresse","piscine","T\u00e9l\u00e9thon","triathlon","vagney"],"articleSection":["A la Une","La Bresse","La Bresse &amp; son canton","Sport"],"inLanguage":"fr-FR","potentialAction":[{"@type":"CommentAction","name":"Comment","target":["https:\/\/vosgesinfo.fr\/remiremontinfo\/2022\/11\/triathlon-aquatique-a-vagney-bresse-cadre-telethon\/#respond"]}]},{"@type":"WebPage","@id":"https:\/\/vosgesinfo.fr\/remiremontinfo\/2022\/11\/triathlon-aquatique-a-vagney-bresse-cadre-telethon\/","url":"https:\/\/vosgesinfo.fr\/remiremontinfo\/2022\/11\/triathlon-aquatique-a-vagney-bresse-cadre-telethon\/","name":"Un triathlon aquatique \u00e0 Vagney et La Bresse dans le cadre du T\u00e9l\u00e9thon - Remiremont Info","isPartOf":{"@id":"https:\/\/vosgesinfo.fr\/remiremontinfo\/#website"},"primaryImageOfPage":{"@id":"https:\/\/vosgesinfo.fr\/remiremontinfo\/2022\/11\/triathlon-aquatique-a-vagney-bresse-cadre-telethon\/#primaryimage"},"image":{"@id":"https:\/\/vosgesinfo.fr\/remiremontinfo\/2022\/11\/triathlon-aquatique-a-vagney-bresse-cadre-telethon\/#primaryimage"},"thumbnailUrl":"https:\/\/vosgesinfo.fr\/app\/uploads\/sites\/5\/2024\/09\/2022112022-12-03-triathlon-telethon-la-bresse-vagney-v1-1-page-001-3-scaled.jpg","datePublished":"2022-11-29T08:16:15+00:00","dateModified":"2022-11-29T08:16:15+00:00","breadcrumb":{"@id":"https:\/\/vosgesinfo.fr\/remiremontinfo\/2022\/11\/triathlon-aquatique-a-vagney-bresse-cadre-telethon\/#breadcrumb"},"inLanguage":"fr-FR","potentialAction":[{"@type":"ReadAction","target":["https:\/\/vosgesinfo.fr\/remiremontinfo\/2022\/11\/triathlon-aquatique-a-vagney-bresse-cadre-telethon\/"]}]},{"@type":"ImageObject","inLanguage":"fr-FR","@id":"https:\/\/vosgesinfo.fr\/remiremontinfo\/2022\/11\/triathlon-aquatique-a-vagney-bresse-cadre-telethon\/#primaryimage","url":"https:\/\/vosgesinfo.fr\/app\/uploads\/sites\/5\/2024\/09\/2022112022-12-03-triathlon-telethon-la-bresse-vagney-v1-1-page-001-3-scaled.jpg","contentUrl":"https:\/\/vosgesinfo.fr\/app\/uploads\/sites\/5\/2024\/09\/2022112022-12-03-triathlon-telethon-la-bresse-vagney-v1-1-page-001-3-scaled.jpg","width":1810,"height":2560},{"@type":"BreadcrumbList","@id":"https:\/\/vosgesinfo.fr\/remiremontinfo\/2022\/11\/triathlon-aquatique-a-vagney-bresse-cadre-telethon\/#breadcrumb","itemListElement":[{"@type":"ListItem","position":1,"name":"Home","item":"https:\/\/vosgesinfo.fr\/remiremontinfo\/"},{"@type":"ListItem","position":2,"name":"Un triathlon aquatique \u00e0 Vagney et La Bresse dans le cadre du T\u00e9l\u00e9thon"}]},{"@type":"WebSite","@id":"https:\/\/vosgesinfo.fr\/remiremontinfo\/#website","url":"https:\/\/vosgesinfo.fr\/remiremontinfo\/","name":"Remiremont Info","description":"Toute l&#039;actualit\u00e9 de Remiremont","publisher":{"@id":"https:\/\/vosgesinfo.fr\/remiremontinfo\/#organization"},"alternateName":"Toute l'actualit\u00e9 de Remiremont","potentialAction":[{"@type":"SearchAction","target":{"@type":"EntryPoint","urlTemplate":"https:\/\/vosgesinfo.fr\/remiremontinfo\/?s={search_term_string}"},"query-input":"required name=search_term_string"}],"inLanguage":"fr-FR"},{"@type":"Organization","@id":"https:\/\/vosgesinfo.fr\/remiremontinfo\/#organization","name":"Remiremont Info","url":"https:\/\/vosgesinfo.fr\/remiremontinfo\/","logo":{"@type":"ImageObject","inLanguage":"fr-FR","@id":"https:\/\/vosgesinfo.fr\/remiremontinfo\/#\/schema\/logo\/image\/","url":"https:\/\/vosgesinfo.fr\/app\/uploads\/sites\/5\/2023\/08\/favicon-remiremontinfo.png","contentUrl":"https:\/\/vosgesinfo.fr\/app\/uploads\/sites\/5\/2023\/08\/favicon-remiremontinfo.png","width":512,"height":512,"caption":"Remiremont Info"},"image":{"@id":"https:\/\/vosgesinfo.fr\/remiremontinfo\/#\/schema\/logo\/image\/"},"sameAs":["https:\/\/www.facebook.com\/remiremontinfo","https:\/\/x.com\/VosgesInfo88","https:\/\/www.youtube.com\/@vosgesinfo"]},{"@type":"Person","@id":"https:\/\/vosgesinfo.fr\/remiremontinfo\/#\/schema\/person\/3bfd164d5218a185b1db68655a265316","name":"C D","image":{"@type":"ImageObject","inLanguage":"fr-FR","@id":"https:\/\/vosgesinfo.fr\/remiremontinfo\/#\/schema\/person\/image\/","url":"https:\/\/secure.gravatar.com\/avatar\/1f9a70007336511a47468b8f1c66f922b8b7cf617b02a31149ada43893a5d48f?s=96&d=mm&r=g","contentUrl":"https:\/\/secure.gravatar.com\/avatar\/1f9a70007336511a47468b8f1c66f922b8b7cf617b02a31149ada43893a5d48f?s=96&d=mm&r=g","caption":"C D"},"url":"https:\/\/vosgesinfo.fr\/remiremontinfo\/author\/cedric-drevet\/"}]}},"_links":{"self":[{"href":"https:\/\/vosgesinfo.fr\/remiremontinfo\/wp-json\/wp\/v2\/posts\/65066","targetHints":{"allow":["GET"]}}],"collection":[{"href":"https:\/\/vosgesinfo.fr\/remiremontinfo\/wp-json\/wp\/v2\/posts"}],"about":[{"href":"https:\/\/vosgesinfo.fr\/remiremontinfo\/wp-json\/wp\/v2\/types\/post"}],"author":[{"embeddable":true,"href":"https:\/\/vosgesinfo.fr\/remiremontinfo\/wp-json\/wp\/v2\/users\/407"}],"replies":[{"embeddable":true,"href":"https:\/\/vosgesinfo.fr\/remiremontinfo\/wp-json\/wp\/v2\/comments?post=65066"}],"version-history":[{"count":0,"href":"https:\/\/vosgesinfo.fr\/remiremontinfo\/wp-json\/wp\/v2\/posts\/65066\/revisions"}],"wp:featuredmedia":[{"embeddable":true,"href":"https:\/\/vosgesinfo.fr\/remiremontinfo\/wp-json\/wp\/v2\/media\/65067"}],"wp:attachment":[{"href":"https:\/\/vosgesinfo.fr\/remiremontinfo\/wp-json\/wp\/v2\/media?parent=65066"}],"wp:term":[{"taxonomy":"category","embeddable":true,"href":"https:\/\/vosgesinfo.fr\/remiremontinfo\/wp-json\/wp\/v2\/categories?post=65066"},{"taxonomy":"post_tag","embeddable":true,"href":"https:\/\/vosgesinfo.fr\/remiremontinfo\/wp-json\/wp\/v2\/tags?post=65066"}],"curies":[{"name":"wp","href":"https:\/\/api.w.org\/{rel}","templated":true}]}}