{"id":65077,"date":"2022-11-30T08:11:26","date_gmt":"2022-11-30T07:11:26","guid":{"rendered":"https:\/\/vosgesinfo.fr\/remiremontinfo\/2022\/11\/plombieres-reouverture-thermes-aura-lieu-jeudi-matin\/"},"modified":"2022-11-30T08:11:26","modified_gmt":"2022-11-30T07:11:26","slug":"plombieres-reouverture-thermes-aura-lieu-jeudi-matin","status":"publish","type":"post","link":"https:\/\/vosgesinfo.fr\/remiremontinfo\/2022\/11\/plombieres-reouverture-thermes-aura-lieu-jeudi-matin\/","title":{"rendered":"Plombi\u00e8res : la r\u00e9ouverture des thermes aura lieu jeudi matin"},"content":{"rendered":"<p><a href=\"\/2022\/06\/Plombi\u00e8res-thermes.png\"><img decoding=\"async\" class=\"alignnone size-large wp-image-345581\" src=\"\/2022\/06\/Plombi\u00e8res-thermes-1024x711.png\" alt=\"Plombi\u00e8res thermes\" width=\"960\" height=\"667\" \/><\/a><\/p>\n<p><span style=\"font-size: 10pt;\"><em>Photo d\u2019archives, par la Compagnie des Thermes\u00a0<\/em><\/span><\/p>\n<h2><span style=\"font-size: 12pt;\"><strong>Alors que l\u2019\u00e9dition 2022 du march\u00e9 de No\u00ebl de Plombi\u00e8res a \u00e9t\u00e9 lanc\u00e9e samedi dernier, les habitants de la commune ont une nouvelle raison de se r\u00e9jouir\u00a0: la r\u00e9ouverture des thermes aura lieu ce jeudi matin. Une reprise d\u2019activit\u00e9 attendue depuis de longs mois, et plusieurs fois report\u00e9e.<\/strong><\/span><\/h2>\n<p>Le retour des curistes pour cette p\u00e9riode de fin d\u2019ann\u00e9e intervient apr\u00e8s une longue s\u00e9rie de reports et d\u2019impr\u00e9vus. De longs travaux ont \u00e9t\u00e9 effectu\u00e9s et la r\u00e9ouverture a \u00e9t\u00e9 repouss\u00e9e \u00e0 de nombreuses reprises, avec diff\u00e9rentes raisons \u00e9voqu\u00e9es, notamment l\u2019approvisionnement en mati\u00e8res premi\u00e8res et \u00e9quipements techniques, \u00ab\u00a0fortement bouscul\u00e9 par la crise mondiale actuelle \u00bb. Outre la livraison de mat\u00e9riel et le retard des travaux de r\u00e9novation, des pr\u00e9l\u00e8vements r\u00e9glementaires sur le r\u00e9seau d\u2019eaux froides thermales effectu\u00e9s sous l\u2019autorit\u00e9 de l\u2019ARS, avant la r\u00e9ouverture des thermes de Plombi\u00e8res, ont r\u00e9v\u00e9l\u00e9 quelques traces de l\u00e9gionellose. La situation de l&rsquo;\u00e9tablissement a \u00e9t\u00e9 \u00e9voqu\u00e9e jusque dans l&rsquo;h\u00e9micycle de l&rsquo;Assembl\u00e9e Nationale.<\/p>\n","protected":false},"excerpt":{"rendered":"<p>Photo d\u2019archives, par la Compagnie des Thermes\u00a0 Alors que l\u2019\u00e9dition 2022 du march\u00e9 de No\u00ebl de Plombi\u00e8res a \u00e9t\u00e9 lanc\u00e9e [&hellip;]<\/p>\n","protected":false},"author":407,"featured_media":65078,"comment_status":"open","ping_status":"open","sticky":false,"template":"","format":"standard","meta":{"footnotes":""},"categories":[26,5,82,102],"tags":[103,3569,2022],"class_list":["post-65077","post","type-post","status-publish","format-standard","has-post-thumbnail","hentry","category-a-la-une","category-economie","category-le-val-dajol-son-canton","category-plombieres-les-bains","tag-plombieres","tag-reouverture","tag-thermes"],"acf":[],"yoast_head":"<!-- This site is optimized with the Yoast SEO plugin v22.5 - https:\/\/yoast.com\/wordpress\/plugins\/seo\/ -->\n<title>Plombi\u00e8res : la r\u00e9ouverture des thermes aura lieu jeudi matin - Remiremont Info<\/title>\n<meta name=\"robots\" content=\"index, follow, max-snippet:-1, max-image-preview:large, max-video-preview:-1\" \/>\n<link rel=\"canonical\" href=\"https:\/\/vosgesinfo.fr\/remiremontinfo\/2022\/11\/plombieres-reouverture-thermes-aura-lieu-jeudi-matin\/\" \/>\n<meta name=\"twitter:card\" content=\"summary_large_image\" \/>\n<meta name=\"twitter:title\" content=\"Plombi\u00e8res : la r\u00e9ouverture des thermes aura lieu jeudi matin - Remiremont Info\" \/>\n<meta name=\"twitter:description\" content=\"Photo d\u2019archives, par la Compagnie des Thermes\u00a0 Alors que l\u2019\u00e9dition 2022 du march\u00e9 de No\u00ebl de Plombi\u00e8res a \u00e9t\u00e9 lanc\u00e9e [&hellip;]\" \/>\n<meta name=\"twitter:image\" content=\"https:\/\/vosgesinfo.fr\/app\/uploads\/sites\/5\/2024\/09\/202206plombieres-thermes-3.png\" \/>\n<meta name=\"twitter:creator\" content=\"@VosgesInfo88\" \/>\n<meta name=\"twitter:site\" content=\"@VosgesInfo88\" \/>\n<meta name=\"twitter:label1\" content=\"\u00c9crit par\" \/>\n\t<meta name=\"twitter:data1\" content=\"C D\" \/>\n\t<meta name=\"twitter:label2\" content=\"Dur\u00e9e de lecture estim\u00e9e\" \/>\n\t<meta name=\"twitter:data2\" content=\"1 minute\" \/>\n<script type=\"application\/ld+json\" class=\"yoast-schema-graph\">{\"@context\":\"https:\/\/schema.org\",\"@graph\":[{\"@type\":\"Article\",\"@id\":\"https:\/\/vosgesinfo.fr\/remiremontinfo\/2022\/11\/plombieres-reouverture-thermes-aura-lieu-jeudi-matin\/#article\",\"isPartOf\":{\"@id\":\"https:\/\/vosgesinfo.fr\/remiremontinfo\/2022\/11\/plombieres-reouverture-thermes-aura-lieu-jeudi-matin\/\"},\"author\":{\"name\":\"C D\",\"@id\":\"https:\/\/vosgesinfo.fr\/remiremontinfo\/#\/schema\/person\/3bfd164d5218a185b1db68655a265316\"},\"headline\":\"Plombi\u00e8res : la r\u00e9ouverture des thermes aura lieu jeudi matin\",\"datePublished\":\"2022-11-30T07:11:26+00:00\",\"dateModified\":\"2022-11-30T07:11:26+00:00\",\"mainEntityOfPage\":{\"@id\":\"https:\/\/vosgesinfo.fr\/remiremontinfo\/2022\/11\/plombieres-reouverture-thermes-aura-lieu-jeudi-matin\/\"},\"wordCount\":215,\"commentCount\":0,\"publisher\":{\"@id\":\"https:\/\/vosgesinfo.fr\/remiremontinfo\/#organization\"},\"image\":{\"@id\":\"https:\/\/vosgesinfo.fr\/remiremontinfo\/2022\/11\/plombieres-reouverture-thermes-aura-lieu-jeudi-matin\/#primaryimage\"},\"thumbnailUrl\":\"https:\/\/vosgesinfo.fr\/app\/uploads\/sites\/5\/2024\/09\/202206plombieres-thermes-3.png\",\"keywords\":[\"plombieres\",\"r\u00e9ouverture\",\"thermes\"],\"articleSection\":[\"A la Une\",\"\u00c9conomie\",\"Le Val-d'Ajol &amp; son canton\",\"Plombi\u00e8res-l\u00e8s-Bains\"],\"inLanguage\":\"fr-FR\",\"potentialAction\":[{\"@type\":\"CommentAction\",\"name\":\"Comment\",\"target\":[\"https:\/\/vosgesinfo.fr\/remiremontinfo\/2022\/11\/plombieres-reouverture-thermes-aura-lieu-jeudi-matin\/#respond\"]}]},{\"@type\":\"WebPage\",\"@id\":\"https:\/\/vosgesinfo.fr\/remiremontinfo\/2022\/11\/plombieres-reouverture-thermes-aura-lieu-jeudi-matin\/\",\"url\":\"https:\/\/vosgesinfo.fr\/remiremontinfo\/2022\/11\/plombieres-reouverture-thermes-aura-lieu-jeudi-matin\/\",\"name\":\"Plombi\u00e8res : la r\u00e9ouverture des thermes aura lieu jeudi matin - Remiremont Info\",\"isPartOf\":{\"@id\":\"https:\/\/vosgesinfo.fr\/remiremontinfo\/#website\"},\"primaryImageOfPage\":{\"@id\":\"https:\/\/vosgesinfo.fr\/remiremontinfo\/2022\/11\/plombieres-reouverture-thermes-aura-lieu-jeudi-matin\/#primaryimage\"},\"image\":{\"@id\":\"https:\/\/vosgesinfo.fr\/remiremontinfo\/2022\/11\/plombieres-reouverture-thermes-aura-lieu-jeudi-matin\/#primaryimage\"},\"thumbnailUrl\":\"https:\/\/vosgesinfo.fr\/app\/uploads\/sites\/5\/2024\/09\/202206plombieres-thermes-3.png\",\"datePublished\":\"2022-11-30T07:11:26+00:00\",\"dateModified\":\"2022-11-30T07:11:26+00:00\",\"breadcrumb\":{\"@id\":\"https:\/\/vosgesinfo.fr\/remiremontinfo\/2022\/11\/plombieres-reouverture-thermes-aura-lieu-jeudi-matin\/#breadcrumb\"},\"inLanguage\":\"fr-FR\",\"potentialAction\":[{\"@type\":\"ReadAction\",\"target\":[\"https:\/\/vosgesinfo.fr\/remiremontinfo\/2022\/11\/plombieres-reouverture-thermes-aura-lieu-jeudi-matin\/\"]}]},{\"@type\":\"ImageObject\",\"inLanguage\":\"fr-FR\",\"@id\":\"https:\/\/vosgesinfo.fr\/remiremontinfo\/2022\/11\/plombieres-reouverture-thermes-aura-lieu-jeudi-matin\/#primaryimage\",\"url\":\"https:\/\/vosgesinfo.fr\/app\/uploads\/sites\/5\/2024\/09\/202206plombieres-thermes-3.png\",\"contentUrl\":\"https:\/\/vosgesinfo.fr\/app\/uploads\/sites\/5\/2024\/09\/202206plombieres-thermes-3.png\",\"width\":1067,\"height\":741},{\"@type\":\"BreadcrumbList\",\"@id\":\"https:\/\/vosgesinfo.fr\/remiremontinfo\/2022\/11\/plombieres-reouverture-thermes-aura-lieu-jeudi-matin\/#breadcrumb\",\"itemListElement\":[{\"@type\":\"ListItem\",\"position\":1,\"name\":\"Home\",\"item\":\"https:\/\/vosgesinfo.fr\/remiremontinfo\/\"},{\"@type\":\"ListItem\",\"position\":2,\"name\":\"Plombi\u00e8res : la r\u00e9ouverture des thermes aura lieu jeudi matin\"}]},{\"@type\":\"WebSite\",\"@id\":\"https:\/\/vosgesinfo.fr\/remiremontinfo\/#website\",\"url\":\"https:\/\/vosgesinfo.fr\/remiremontinfo\/\",\"name\":\"Remiremont Info\",\"description\":\"Toute l&#039;actualit\u00e9 de Remiremont\",\"publisher\":{\"@id\":\"https:\/\/vosgesinfo.fr\/remiremontinfo\/#organization\"},\"alternateName\":\"Toute l'actualit\u00e9 de Remiremont\",\"potentialAction\":[{\"@type\":\"SearchAction\",\"target\":{\"@type\":\"EntryPoint\",\"urlTemplate\":\"https:\/\/vosgesinfo.fr\/remiremontinfo\/?s={search_term_string}\"},\"query-input\":\"required name=search_term_string\"}],\"inLanguage\":\"fr-FR\"},{\"@type\":\"Organization\",\"@id\":\"https:\/\/vosgesinfo.fr\/remiremontinfo\/#organization\",\"name\":\"Remiremont Info\",\"url\":\"https:\/\/vosgesinfo.fr\/remiremontinfo\/\",\"logo\":{\"@type\":\"ImageObject\",\"inLanguage\":\"fr-FR\",\"@id\":\"https:\/\/vosgesinfo.fr\/remiremontinfo\/#\/schema\/logo\/image\/\",\"url\":\"https:\/\/vosgesinfo.fr\/app\/uploads\/sites\/5\/2023\/08\/favicon-remiremontinfo.png\",\"contentUrl\":\"https:\/\/vosgesinfo.fr\/app\/uploads\/sites\/5\/2023\/08\/favicon-remiremontinfo.png\",\"width\":512,\"height\":512,\"caption\":\"Remiremont Info\"},\"image\":{\"@id\":\"https:\/\/vosgesinfo.fr\/remiremontinfo\/#\/schema\/logo\/image\/\"},\"sameAs\":[\"https:\/\/www.facebook.com\/remiremontinfo\",\"https:\/\/x.com\/VosgesInfo88\",\"https:\/\/www.youtube.com\/@vosgesinfo\"]},{\"@type\":\"Person\",\"@id\":\"https:\/\/vosgesinfo.fr\/remiremontinfo\/#\/schema\/person\/3bfd164d5218a185b1db68655a265316\",\"name\":\"C D\",\"image\":{\"@type\":\"ImageObject\",\"inLanguage\":\"fr-FR\",\"@id\":\"https:\/\/vosgesinfo.fr\/remiremontinfo\/#\/schema\/person\/image\/\",\"url\":\"https:\/\/secure.gravatar.com\/avatar\/1f9a70007336511a47468b8f1c66f922b8b7cf617b02a31149ada43893a5d48f?s=96&d=mm&r=g\",\"contentUrl\":\"https:\/\/secure.gravatar.com\/avatar\/1f9a70007336511a47468b8f1c66f922b8b7cf617b02a31149ada43893a5d48f?s=96&d=mm&r=g\",\"caption\":\"C D\"},\"url\":\"https:\/\/vosgesinfo.fr\/remiremontinfo\/author\/cedric-drevet\/\"}]}<\/script>\n<!-- \/ Yoast SEO plugin. -->","yoast_head_json":{"title":"Plombi\u00e8res : la r\u00e9ouverture des thermes aura lieu jeudi matin - Remiremont Info","robots":{"index":"index","follow":"follow","max-snippet":"max-snippet:-1","max-image-preview":"max-image-preview:large","max-video-preview":"max-video-preview:-1"},"canonical":"https:\/\/vosgesinfo.fr\/remiremontinfo\/2022\/11\/plombieres-reouverture-thermes-aura-lieu-jeudi-matin\/","twitter_card":"summary_large_image","twitter_title":"Plombi\u00e8res : la r\u00e9ouverture des thermes aura lieu jeudi matin - Remiremont Info","twitter_description":"Photo d\u2019archives, par la Compagnie des Thermes\u00a0 Alors que l\u2019\u00e9dition 2022 du march\u00e9 de No\u00ebl de Plombi\u00e8res a \u00e9t\u00e9 lanc\u00e9e [&hellip;]","twitter_image":"https:\/\/vosgesinfo.fr\/app\/uploads\/sites\/5\/2024\/09\/202206plombieres-thermes-3.png","twitter_creator":"@VosgesInfo88","twitter_site":"@VosgesInfo88","twitter_misc":{"\u00c9crit par":"C D","Dur\u00e9e de lecture estim\u00e9e":"1 minute"},"schema":{"@context":"https:\/\/schema.org","@graph":[{"@type":"Article","@id":"https:\/\/vosgesinfo.fr\/remiremontinfo\/2022\/11\/plombieres-reouverture-thermes-aura-lieu-jeudi-matin\/#article","isPartOf":{"@id":"https:\/\/vosgesinfo.fr\/remiremontinfo\/2022\/11\/plombieres-reouverture-thermes-aura-lieu-jeudi-matin\/"},"author":{"name":"C D","@id":"https:\/\/vosgesinfo.fr\/remiremontinfo\/#\/schema\/person\/3bfd164d5218a185b1db68655a265316"},"headline":"Plombi\u00e8res : la r\u00e9ouverture des thermes aura lieu jeudi matin","datePublished":"2022-11-30T07:11:26+00:00","dateModified":"2022-11-30T07:11:26+00:00","mainEntityOfPage":{"@id":"https:\/\/vosgesinfo.fr\/remiremontinfo\/2022\/11\/plombieres-reouverture-thermes-aura-lieu-jeudi-matin\/"},"wordCount":215,"commentCount":0,"publisher":{"@id":"https:\/\/vosgesinfo.fr\/remiremontinfo\/#organization"},"image":{"@id":"https:\/\/vosgesinfo.fr\/remiremontinfo\/2022\/11\/plombieres-reouverture-thermes-aura-lieu-jeudi-matin\/#primaryimage"},"thumbnailUrl":"https:\/\/vosgesinfo.fr\/app\/uploads\/sites\/5\/2024\/09\/202206plombieres-thermes-3.png","keywords":["plombieres","r\u00e9ouverture","thermes"],"articleSection":["A la Une","\u00c9conomie","Le Val-d'Ajol &amp; son canton","Plombi\u00e8res-l\u00e8s-Bains"],"inLanguage":"fr-FR","potentialAction":[{"@type":"CommentAction","name":"Comment","target":["https:\/\/vosgesinfo.fr\/remiremontinfo\/2022\/11\/plombieres-reouverture-thermes-aura-lieu-jeudi-matin\/#respond"]}]},{"@type":"WebPage","@id":"https:\/\/vosgesinfo.fr\/remiremontinfo\/2022\/11\/plombieres-reouverture-thermes-aura-lieu-jeudi-matin\/","url":"https:\/\/vosgesinfo.fr\/remiremontinfo\/2022\/11\/plombieres-reouverture-thermes-aura-lieu-jeudi-matin\/","name":"Plombi\u00e8res : la r\u00e9ouverture des thermes aura lieu jeudi matin - Remiremont Info","isPartOf":{"@id":"https:\/\/vosgesinfo.fr\/remiremontinfo\/#website"},"primaryImageOfPage":{"@id":"https:\/\/vosgesinfo.fr\/remiremontinfo\/2022\/11\/plombieres-reouverture-thermes-aura-lieu-jeudi-matin\/#primaryimage"},"image":{"@id":"https:\/\/vosgesinfo.fr\/remiremontinfo\/2022\/11\/plombieres-reouverture-thermes-aura-lieu-jeudi-matin\/#primaryimage"},"thumbnailUrl":"https:\/\/vosgesinfo.fr\/app\/uploads\/sites\/5\/2024\/09\/202206plombieres-thermes-3.png","datePublished":"2022-11-30T07:11:26+00:00","dateModified":"2022-11-30T07:11:26+00:00","breadcrumb":{"@id":"https:\/\/vosgesinfo.fr\/remiremontinfo\/2022\/11\/plombieres-reouverture-thermes-aura-lieu-jeudi-matin\/#breadcrumb"},"inLanguage":"fr-FR","potentialAction":[{"@type":"ReadAction","target":["https:\/\/vosgesinfo.fr\/remiremontinfo\/2022\/11\/plombieres-reouverture-thermes-aura-lieu-jeudi-matin\/"]}]},{"@type":"ImageObject","inLanguage":"fr-FR","@id":"https:\/\/vosgesinfo.fr\/remiremontinfo\/2022\/11\/plombieres-reouverture-thermes-aura-lieu-jeudi-matin\/#primaryimage","url":"https:\/\/vosgesinfo.fr\/app\/uploads\/sites\/5\/2024\/09\/202206plombieres-thermes-3.png","contentUrl":"https:\/\/vosgesinfo.fr\/app\/uploads\/sites\/5\/2024\/09\/202206plombieres-thermes-3.png","width":1067,"height":741},{"@type":"BreadcrumbList","@id":"https:\/\/vosgesinfo.fr\/remiremontinfo\/2022\/11\/plombieres-reouverture-thermes-aura-lieu-jeudi-matin\/#breadcrumb","itemListElement":[{"@type":"ListItem","position":1,"name":"Home","item":"https:\/\/vosgesinfo.fr\/remiremontinfo\/"},{"@type":"ListItem","position":2,"name":"Plombi\u00e8res : la r\u00e9ouverture des thermes aura lieu jeudi matin"}]},{"@type":"WebSite","@id":"https:\/\/vosgesinfo.fr\/remiremontinfo\/#website","url":"https:\/\/vosgesinfo.fr\/remiremontinfo\/","name":"Remiremont Info","description":"Toute l&#039;actualit\u00e9 de Remiremont","publisher":{"@id":"https:\/\/vosgesinfo.fr\/remiremontinfo\/#organization"},"alternateName":"Toute l'actualit\u00e9 de Remiremont","potentialAction":[{"@type":"SearchAction","target":{"@type":"EntryPoint","urlTemplate":"https:\/\/vosgesinfo.fr\/remiremontinfo\/?s={search_term_string}"},"query-input":"required name=search_term_string"}],"inLanguage":"fr-FR"},{"@type":"Organization","@id":"https:\/\/vosgesinfo.fr\/remiremontinfo\/#organization","name":"Remiremont Info","url":"https:\/\/vosgesinfo.fr\/remiremontinfo\/","logo":{"@type":"ImageObject","inLanguage":"fr-FR","@id":"https:\/\/vosgesinfo.fr\/remiremontinfo\/#\/schema\/logo\/image\/","url":"https:\/\/vosgesinfo.fr\/app\/uploads\/sites\/5\/2023\/08\/favicon-remiremontinfo.png","contentUrl":"https:\/\/vosgesinfo.fr\/app\/uploads\/sites\/5\/2023\/08\/favicon-remiremontinfo.png","width":512,"height":512,"caption":"Remiremont Info"},"image":{"@id":"https:\/\/vosgesinfo.fr\/remiremontinfo\/#\/schema\/logo\/image\/"},"sameAs":["https:\/\/www.facebook.com\/remiremontinfo","https:\/\/x.com\/VosgesInfo88","https:\/\/www.youtube.com\/@vosgesinfo"]},{"@type":"Person","@id":"https:\/\/vosgesinfo.fr\/remiremontinfo\/#\/schema\/person\/3bfd164d5218a185b1db68655a265316","name":"C D","image":{"@type":"ImageObject","inLanguage":"fr-FR","@id":"https:\/\/vosgesinfo.fr\/remiremontinfo\/#\/schema\/person\/image\/","url":"https:\/\/secure.gravatar.com\/avatar\/1f9a70007336511a47468b8f1c66f922b8b7cf617b02a31149ada43893a5d48f?s=96&d=mm&r=g","contentUrl":"https:\/\/secure.gravatar.com\/avatar\/1f9a70007336511a47468b8f1c66f922b8b7cf617b02a31149ada43893a5d48f?s=96&d=mm&r=g","caption":"C D"},"url":"https:\/\/vosgesinfo.fr\/remiremontinfo\/author\/cedric-drevet\/"}]}},"_links":{"self":[{"href":"https:\/\/vosgesinfo.fr\/remiremontinfo\/wp-json\/wp\/v2\/posts\/65077","targetHints":{"allow":["GET"]}}],"collection":[{"href":"https:\/\/vosgesinfo.fr\/remiremontinfo\/wp-json\/wp\/v2\/posts"}],"about":[{"href":"https:\/\/vosgesinfo.fr\/remiremontinfo\/wp-json\/wp\/v2\/types\/post"}],"author":[{"embeddable":true,"href":"https:\/\/vosgesinfo.fr\/remiremontinfo\/wp-json\/wp\/v2\/users\/407"}],"replies":[{"embeddable":true,"href":"https:\/\/vosgesinfo.fr\/remiremontinfo\/wp-json\/wp\/v2\/comments?post=65077"}],"version-history":[{"count":0,"href":"https:\/\/vosgesinfo.fr\/remiremontinfo\/wp-json\/wp\/v2\/posts\/65077\/revisions"}],"wp:featuredmedia":[{"embeddable":true,"href":"https:\/\/vosgesinfo.fr\/remiremontinfo\/wp-json\/wp\/v2\/media\/65078"}],"wp:attachment":[{"href":"https:\/\/vosgesinfo.fr\/remiremontinfo\/wp-json\/wp\/v2\/media?parent=65077"}],"wp:term":[{"taxonomy":"category","embeddable":true,"href":"https:\/\/vosgesinfo.fr\/remiremontinfo\/wp-json\/wp\/v2\/categories?post=65077"},{"taxonomy":"post_tag","embeddable":true,"href":"https:\/\/vosgesinfo.fr\/remiremontinfo\/wp-json\/wp\/v2\/tags?post=65077"}],"curies":[{"name":"wp","href":"https:\/\/api.w.org\/{rel}","templated":true}]}}