{"id":65087,"date":"2022-11-30T10:37:53","date_gmt":"2022-11-30T09:37:53","guid":{"rendered":"https:\/\/vosgesinfo.fr\/remiremontinfo\/2022\/11\/remiremont-pain-depices-chocolat-saint-nicolas-a-patisserie-jean-luc\/"},"modified":"2022-11-30T10:37:53","modified_gmt":"2022-11-30T09:37:53","slug":"remiremont-pain-depices-chocolat-saint-nicolas-a-patisserie-jean-luc","status":"publish","type":"post","link":"https:\/\/vosgesinfo.fr\/remiremontinfo\/2022\/11\/remiremont-pain-depices-chocolat-saint-nicolas-a-patisserie-jean-luc\/","title":{"rendered":"Remiremont : pain d\u2019\u00e9pices et chocolat pour la Saint-Nicolas \u00e0 la p\u00e2tisserie Jean-Luc"},"content":{"rendered":"<p><a href=\"\/2022\/11\/jean-luc-saint-nicolas-13.jpg\"><img decoding=\"async\" class=\"alignnone size-large wp-image-358914\" src=\"\/2022\/11\/jean-luc-saint-nicolas-13-1024x748.jpg\" alt=\"jean luc saint nicolas (13)\" width=\"960\" height=\"701\" \/><\/a><\/p>\n<h2><span style=\"font-size: 12pt;\"><strong>Mardi\u00a0prochain, c\u2019est la f\u00eate de Saint Nicolas, patron des lorrains et des \u00e9coliers. Des enfants vont d\u00e9poser leurs chaussures dans l\u2019entr\u00e9e en attendant d\u2019y trouver chocolats, pommes ou pains d\u2019\u00e9pices. Et le grand d\u00e9fil\u00e9 aura lieu ce dimanche dans les rues de Remiremont.\u00a0<\/strong><\/span><\/h2>\n<p><span style=\"font-size: 12pt;\">La p\u00e2tisserie Jean-Luc pr\u00e9sente ses cr\u00e9ations pour<\/span> cette grande occasion : Saint-Nicolas au chocolats noir, au lait, en pain d\u2019\u00e9pice, de diverses tailles, boites de chocolats, biscuits, bourriques, marrons glac\u00e9s\u2026 Il y en a pour tous les go\u00fbts ! D\u00e9couvrez ou red\u00e9couvrez \u00e9galement une belle s\u00e9lection de petits chocolats, les papillotes maison, les amendes grill\u00e9es, les orangettes, les mendiants, les barres chocolat\u00e9es. Et bien entendu, la brioche de Saint-Nicolas\u00a0!<\/p>\n\n","protected":false},"excerpt":{"rendered":"<p>Mardi\u00a0prochain, c\u2019est la f\u00eate de Saint Nicolas, patron des lorrains et des \u00e9coliers. Des enfants vont d\u00e9poser leurs chaussures dans [&hellip;]<\/p>\n","protected":false},"author":407,"featured_media":65088,"comment_status":"open","ping_status":"open","sticky":false,"template":"","format":"standard","meta":{"footnotes":""},"categories":[26,124,1556,35],"tags":[3214,3513,3113,3114,44,367,32],"class_list":["post-65087","post","type-post","status-publish","format-standard","has-post-thumbnail","hentry","category-a-la-une","category-fetes","category-remiremont-remiremont-son-canton-2","category-remiremont-son-canton","tag-chocolats","tag-jean-luc","tag-pain-depice","tag-patisserie-jean-luc","tag-remiremont","tag-saint-nicolas","tag-vosges"],"acf":[],"yoast_head":"<!-- This site is optimized with the Yoast SEO plugin v22.5 - https:\/\/yoast.com\/wordpress\/plugins\/seo\/ -->\n<title>Remiremont : pain d\u2019\u00e9pices et chocolat pour la Saint-Nicolas \u00e0 la p\u00e2tisserie Jean-Luc - Remiremont Info<\/title>\n<meta name=\"robots\" content=\"index, follow, max-snippet:-1, max-image-preview:large, max-video-preview:-1\" \/>\n<link rel=\"canonical\" href=\"https:\/\/vosgesinfo.fr\/remiremontinfo\/2022\/11\/remiremont-pain-depices-chocolat-saint-nicolas-a-patisserie-jean-luc\/\" \/>\n<meta name=\"twitter:card\" content=\"summary_large_image\" \/>\n<meta name=\"twitter:title\" content=\"Remiremont : pain d\u2019\u00e9pices et chocolat pour la Saint-Nicolas \u00e0 la p\u00e2tisserie Jean-Luc - Remiremont Info\" \/>\n<meta name=\"twitter:description\" content=\"Mardi\u00a0prochain, c\u2019est la f\u00eate de Saint Nicolas, patron des lorrains et des \u00e9coliers. Des enfants vont d\u00e9poser leurs chaussures dans [&hellip;]\" \/>\n<meta name=\"twitter:image\" content=\"https:\/\/vosgesinfo.fr\/app\/uploads\/sites\/5\/2024\/09\/202211jean-luc-saint-nicolas-13.jpg\" \/>\n<meta name=\"twitter:creator\" content=\"@VosgesInfo88\" \/>\n<meta name=\"twitter:site\" content=\"@VosgesInfo88\" \/>\n<meta name=\"twitter:label1\" content=\"\u00c9crit par\" \/>\n\t<meta name=\"twitter:data1\" content=\"C D\" \/>\n\t<meta name=\"twitter:label2\" content=\"Dur\u00e9e de lecture estim\u00e9e\" \/>\n\t<meta name=\"twitter:data2\" content=\"1 minute\" \/>\n<script type=\"application\/ld+json\" class=\"yoast-schema-graph\">{\"@context\":\"https:\/\/schema.org\",\"@graph\":[{\"@type\":\"Article\",\"@id\":\"https:\/\/vosgesinfo.fr\/remiremontinfo\/2022\/11\/remiremont-pain-depices-chocolat-saint-nicolas-a-patisserie-jean-luc\/#article\",\"isPartOf\":{\"@id\":\"https:\/\/vosgesinfo.fr\/remiremontinfo\/2022\/11\/remiremont-pain-depices-chocolat-saint-nicolas-a-patisserie-jean-luc\/\"},\"author\":{\"name\":\"C D\",\"@id\":\"https:\/\/vosgesinfo.fr\/remiremontinfo\/#\/schema\/person\/3bfd164d5218a185b1db68655a265316\"},\"headline\":\"Remiremont : pain d\u2019\u00e9pices et chocolat pour la Saint-Nicolas \u00e0 la p\u00e2tisserie Jean-Luc\",\"datePublished\":\"2022-11-30T09:37:53+00:00\",\"dateModified\":\"2022-11-30T09:37:53+00:00\",\"mainEntityOfPage\":{\"@id\":\"https:\/\/vosgesinfo.fr\/remiremontinfo\/2022\/11\/remiremont-pain-depices-chocolat-saint-nicolas-a-patisserie-jean-luc\/\"},\"wordCount\":151,\"commentCount\":0,\"publisher\":{\"@id\":\"https:\/\/vosgesinfo.fr\/remiremontinfo\/#organization\"},\"image\":{\"@id\":\"https:\/\/vosgesinfo.fr\/remiremontinfo\/2022\/11\/remiremont-pain-depices-chocolat-saint-nicolas-a-patisserie-jean-luc\/#primaryimage\"},\"thumbnailUrl\":\"https:\/\/vosgesinfo.fr\/app\/uploads\/sites\/5\/2024\/09\/202211jean-luc-saint-nicolas-13.jpg\",\"keywords\":[\"chocolats\",\"jean luc\",\"pain d'\u00e9pice\",\"patisserie jean luc\",\"remiremont\",\"Saint-Nicolas\",\"Vosges\"],\"articleSection\":[\"A la Une\",\"F\u00eates\",\"Remiremont\",\"Remiremont &amp; son canton\"],\"inLanguage\":\"fr-FR\",\"potentialAction\":[{\"@type\":\"CommentAction\",\"name\":\"Comment\",\"target\":[\"https:\/\/vosgesinfo.fr\/remiremontinfo\/2022\/11\/remiremont-pain-depices-chocolat-saint-nicolas-a-patisserie-jean-luc\/#respond\"]}]},{\"@type\":\"WebPage\",\"@id\":\"https:\/\/vosgesinfo.fr\/remiremontinfo\/2022\/11\/remiremont-pain-depices-chocolat-saint-nicolas-a-patisserie-jean-luc\/\",\"url\":\"https:\/\/vosgesinfo.fr\/remiremontinfo\/2022\/11\/remiremont-pain-depices-chocolat-saint-nicolas-a-patisserie-jean-luc\/\",\"name\":\"Remiremont : pain d\u2019\u00e9pices et chocolat pour la Saint-Nicolas \u00e0 la p\u00e2tisserie Jean-Luc - Remiremont Info\",\"isPartOf\":{\"@id\":\"https:\/\/vosgesinfo.fr\/remiremontinfo\/#website\"},\"primaryImageOfPage\":{\"@id\":\"https:\/\/vosgesinfo.fr\/remiremontinfo\/2022\/11\/remiremont-pain-depices-chocolat-saint-nicolas-a-patisserie-jean-luc\/#primaryimage\"},\"image\":{\"@id\":\"https:\/\/vosgesinfo.fr\/remiremontinfo\/2022\/11\/remiremont-pain-depices-chocolat-saint-nicolas-a-patisserie-jean-luc\/#primaryimage\"},\"thumbnailUrl\":\"https:\/\/vosgesinfo.fr\/app\/uploads\/sites\/5\/2024\/09\/202211jean-luc-saint-nicolas-13.jpg\",\"datePublished\":\"2022-11-30T09:37:53+00:00\",\"dateModified\":\"2022-11-30T09:37:53+00:00\",\"breadcrumb\":{\"@id\":\"https:\/\/vosgesinfo.fr\/remiremontinfo\/2022\/11\/remiremont-pain-depices-chocolat-saint-nicolas-a-patisserie-jean-luc\/#breadcrumb\"},\"inLanguage\":\"fr-FR\",\"potentialAction\":[{\"@type\":\"ReadAction\",\"target\":[\"https:\/\/vosgesinfo.fr\/remiremontinfo\/2022\/11\/remiremont-pain-depices-chocolat-saint-nicolas-a-patisserie-jean-luc\/\"]}]},{\"@type\":\"ImageObject\",\"inLanguage\":\"fr-FR\",\"@id\":\"https:\/\/vosgesinfo.fr\/remiremontinfo\/2022\/11\/remiremont-pain-depices-chocolat-saint-nicolas-a-patisserie-jean-luc\/#primaryimage\",\"url\":\"https:\/\/vosgesinfo.fr\/app\/uploads\/sites\/5\/2024\/09\/202211jean-luc-saint-nicolas-13.jpg\",\"contentUrl\":\"https:\/\/vosgesinfo.fr\/app\/uploads\/sites\/5\/2024\/09\/202211jean-luc-saint-nicolas-13.jpg\",\"width\":1600,\"height\":1169},{\"@type\":\"BreadcrumbList\",\"@id\":\"https:\/\/vosgesinfo.fr\/remiremontinfo\/2022\/11\/remiremont-pain-depices-chocolat-saint-nicolas-a-patisserie-jean-luc\/#breadcrumb\",\"itemListElement\":[{\"@type\":\"ListItem\",\"position\":1,\"name\":\"Home\",\"item\":\"https:\/\/vosgesinfo.fr\/remiremontinfo\/\"},{\"@type\":\"ListItem\",\"position\":2,\"name\":\"Remiremont : pain d\u2019\u00e9pices et chocolat pour la Saint-Nicolas \u00e0 la p\u00e2tisserie Jean-Luc\"}]},{\"@type\":\"WebSite\",\"@id\":\"https:\/\/vosgesinfo.fr\/remiremontinfo\/#website\",\"url\":\"https:\/\/vosgesinfo.fr\/remiremontinfo\/\",\"name\":\"Remiremont Info\",\"description\":\"Toute l&#039;actualit\u00e9 de Remiremont\",\"publisher\":{\"@id\":\"https:\/\/vosgesinfo.fr\/remiremontinfo\/#organization\"},\"alternateName\":\"Toute l'actualit\u00e9 de Remiremont\",\"potentialAction\":[{\"@type\":\"SearchAction\",\"target\":{\"@type\":\"EntryPoint\",\"urlTemplate\":\"https:\/\/vosgesinfo.fr\/remiremontinfo\/?s={search_term_string}\"},\"query-input\":\"required name=search_term_string\"}],\"inLanguage\":\"fr-FR\"},{\"@type\":\"Organization\",\"@id\":\"https:\/\/vosgesinfo.fr\/remiremontinfo\/#organization\",\"name\":\"Remiremont Info\",\"url\":\"https:\/\/vosgesinfo.fr\/remiremontinfo\/\",\"logo\":{\"@type\":\"ImageObject\",\"inLanguage\":\"fr-FR\",\"@id\":\"https:\/\/vosgesinfo.fr\/remiremontinfo\/#\/schema\/logo\/image\/\",\"url\":\"https:\/\/vosgesinfo.fr\/app\/uploads\/sites\/5\/2023\/08\/favicon-remiremontinfo.png\",\"contentUrl\":\"https:\/\/vosgesinfo.fr\/app\/uploads\/sites\/5\/2023\/08\/favicon-remiremontinfo.png\",\"width\":512,\"height\":512,\"caption\":\"Remiremont Info\"},\"image\":{\"@id\":\"https:\/\/vosgesinfo.fr\/remiremontinfo\/#\/schema\/logo\/image\/\"},\"sameAs\":[\"https:\/\/www.facebook.com\/remiremontinfo\",\"https:\/\/x.com\/VosgesInfo88\",\"https:\/\/www.youtube.com\/@vosgesinfo\"]},{\"@type\":\"Person\",\"@id\":\"https:\/\/vosgesinfo.fr\/remiremontinfo\/#\/schema\/person\/3bfd164d5218a185b1db68655a265316\",\"name\":\"C D\",\"image\":{\"@type\":\"ImageObject\",\"inLanguage\":\"fr-FR\",\"@id\":\"https:\/\/vosgesinfo.fr\/remiremontinfo\/#\/schema\/person\/image\/\",\"url\":\"https:\/\/secure.gravatar.com\/avatar\/1f9a70007336511a47468b8f1c66f922b8b7cf617b02a31149ada43893a5d48f?s=96&d=mm&r=g\",\"contentUrl\":\"https:\/\/secure.gravatar.com\/avatar\/1f9a70007336511a47468b8f1c66f922b8b7cf617b02a31149ada43893a5d48f?s=96&d=mm&r=g\",\"caption\":\"C D\"},\"url\":\"https:\/\/vosgesinfo.fr\/remiremontinfo\/author\/cedric-drevet\/\"}]}<\/script>\n<!-- \/ Yoast SEO plugin. -->","yoast_head_json":{"title":"Remiremont : pain d\u2019\u00e9pices et chocolat pour la Saint-Nicolas \u00e0 la p\u00e2tisserie Jean-Luc - Remiremont Info","robots":{"index":"index","follow":"follow","max-snippet":"max-snippet:-1","max-image-preview":"max-image-preview:large","max-video-preview":"max-video-preview:-1"},"canonical":"https:\/\/vosgesinfo.fr\/remiremontinfo\/2022\/11\/remiremont-pain-depices-chocolat-saint-nicolas-a-patisserie-jean-luc\/","twitter_card":"summary_large_image","twitter_title":"Remiremont : pain d\u2019\u00e9pices et chocolat pour la Saint-Nicolas \u00e0 la p\u00e2tisserie Jean-Luc - Remiremont Info","twitter_description":"Mardi\u00a0prochain, c\u2019est la f\u00eate de Saint Nicolas, patron des lorrains et des \u00e9coliers. Des enfants vont d\u00e9poser leurs chaussures dans [&hellip;]","twitter_image":"https:\/\/vosgesinfo.fr\/app\/uploads\/sites\/5\/2024\/09\/202211jean-luc-saint-nicolas-13.jpg","twitter_creator":"@VosgesInfo88","twitter_site":"@VosgesInfo88","twitter_misc":{"\u00c9crit par":"C D","Dur\u00e9e de lecture estim\u00e9e":"1 minute"},"schema":{"@context":"https:\/\/schema.org","@graph":[{"@type":"Article","@id":"https:\/\/vosgesinfo.fr\/remiremontinfo\/2022\/11\/remiremont-pain-depices-chocolat-saint-nicolas-a-patisserie-jean-luc\/#article","isPartOf":{"@id":"https:\/\/vosgesinfo.fr\/remiremontinfo\/2022\/11\/remiremont-pain-depices-chocolat-saint-nicolas-a-patisserie-jean-luc\/"},"author":{"name":"C D","@id":"https:\/\/vosgesinfo.fr\/remiremontinfo\/#\/schema\/person\/3bfd164d5218a185b1db68655a265316"},"headline":"Remiremont : pain d\u2019\u00e9pices et chocolat pour la Saint-Nicolas \u00e0 la p\u00e2tisserie Jean-Luc","datePublished":"2022-11-30T09:37:53+00:00","dateModified":"2022-11-30T09:37:53+00:00","mainEntityOfPage":{"@id":"https:\/\/vosgesinfo.fr\/remiremontinfo\/2022\/11\/remiremont-pain-depices-chocolat-saint-nicolas-a-patisserie-jean-luc\/"},"wordCount":151,"commentCount":0,"publisher":{"@id":"https:\/\/vosgesinfo.fr\/remiremontinfo\/#organization"},"image":{"@id":"https:\/\/vosgesinfo.fr\/remiremontinfo\/2022\/11\/remiremont-pain-depices-chocolat-saint-nicolas-a-patisserie-jean-luc\/#primaryimage"},"thumbnailUrl":"https:\/\/vosgesinfo.fr\/app\/uploads\/sites\/5\/2024\/09\/202211jean-luc-saint-nicolas-13.jpg","keywords":["chocolats","jean luc","pain d'\u00e9pice","patisserie jean luc","remiremont","Saint-Nicolas","Vosges"],"articleSection":["A la Une","F\u00eates","Remiremont","Remiremont &amp; son canton"],"inLanguage":"fr-FR","potentialAction":[{"@type":"CommentAction","name":"Comment","target":["https:\/\/vosgesinfo.fr\/remiremontinfo\/2022\/11\/remiremont-pain-depices-chocolat-saint-nicolas-a-patisserie-jean-luc\/#respond"]}]},{"@type":"WebPage","@id":"https:\/\/vosgesinfo.fr\/remiremontinfo\/2022\/11\/remiremont-pain-depices-chocolat-saint-nicolas-a-patisserie-jean-luc\/","url":"https:\/\/vosgesinfo.fr\/remiremontinfo\/2022\/11\/remiremont-pain-depices-chocolat-saint-nicolas-a-patisserie-jean-luc\/","name":"Remiremont : pain d\u2019\u00e9pices et chocolat pour la Saint-Nicolas \u00e0 la p\u00e2tisserie Jean-Luc - Remiremont Info","isPartOf":{"@id":"https:\/\/vosgesinfo.fr\/remiremontinfo\/#website"},"primaryImageOfPage":{"@id":"https:\/\/vosgesinfo.fr\/remiremontinfo\/2022\/11\/remiremont-pain-depices-chocolat-saint-nicolas-a-patisserie-jean-luc\/#primaryimage"},"image":{"@id":"https:\/\/vosgesinfo.fr\/remiremontinfo\/2022\/11\/remiremont-pain-depices-chocolat-saint-nicolas-a-patisserie-jean-luc\/#primaryimage"},"thumbnailUrl":"https:\/\/vosgesinfo.fr\/app\/uploads\/sites\/5\/2024\/09\/202211jean-luc-saint-nicolas-13.jpg","datePublished":"2022-11-30T09:37:53+00:00","dateModified":"2022-11-30T09:37:53+00:00","breadcrumb":{"@id":"https:\/\/vosgesinfo.fr\/remiremontinfo\/2022\/11\/remiremont-pain-depices-chocolat-saint-nicolas-a-patisserie-jean-luc\/#breadcrumb"},"inLanguage":"fr-FR","potentialAction":[{"@type":"ReadAction","target":["https:\/\/vosgesinfo.fr\/remiremontinfo\/2022\/11\/remiremont-pain-depices-chocolat-saint-nicolas-a-patisserie-jean-luc\/"]}]},{"@type":"ImageObject","inLanguage":"fr-FR","@id":"https:\/\/vosgesinfo.fr\/remiremontinfo\/2022\/11\/remiremont-pain-depices-chocolat-saint-nicolas-a-patisserie-jean-luc\/#primaryimage","url":"https:\/\/vosgesinfo.fr\/app\/uploads\/sites\/5\/2024\/09\/202211jean-luc-saint-nicolas-13.jpg","contentUrl":"https:\/\/vosgesinfo.fr\/app\/uploads\/sites\/5\/2024\/09\/202211jean-luc-saint-nicolas-13.jpg","width":1600,"height":1169},{"@type":"BreadcrumbList","@id":"https:\/\/vosgesinfo.fr\/remiremontinfo\/2022\/11\/remiremont-pain-depices-chocolat-saint-nicolas-a-patisserie-jean-luc\/#breadcrumb","itemListElement":[{"@type":"ListItem","position":1,"name":"Home","item":"https:\/\/vosgesinfo.fr\/remiremontinfo\/"},{"@type":"ListItem","position":2,"name":"Remiremont : pain d\u2019\u00e9pices et chocolat pour la Saint-Nicolas \u00e0 la p\u00e2tisserie Jean-Luc"}]},{"@type":"WebSite","@id":"https:\/\/vosgesinfo.fr\/remiremontinfo\/#website","url":"https:\/\/vosgesinfo.fr\/remiremontinfo\/","name":"Remiremont Info","description":"Toute l&#039;actualit\u00e9 de Remiremont","publisher":{"@id":"https:\/\/vosgesinfo.fr\/remiremontinfo\/#organization"},"alternateName":"Toute l'actualit\u00e9 de Remiremont","potentialAction":[{"@type":"SearchAction","target":{"@type":"EntryPoint","urlTemplate":"https:\/\/vosgesinfo.fr\/remiremontinfo\/?s={search_term_string}"},"query-input":"required name=search_term_string"}],"inLanguage":"fr-FR"},{"@type":"Organization","@id":"https:\/\/vosgesinfo.fr\/remiremontinfo\/#organization","name":"Remiremont Info","url":"https:\/\/vosgesinfo.fr\/remiremontinfo\/","logo":{"@type":"ImageObject","inLanguage":"fr-FR","@id":"https:\/\/vosgesinfo.fr\/remiremontinfo\/#\/schema\/logo\/image\/","url":"https:\/\/vosgesinfo.fr\/app\/uploads\/sites\/5\/2023\/08\/favicon-remiremontinfo.png","contentUrl":"https:\/\/vosgesinfo.fr\/app\/uploads\/sites\/5\/2023\/08\/favicon-remiremontinfo.png","width":512,"height":512,"caption":"Remiremont Info"},"image":{"@id":"https:\/\/vosgesinfo.fr\/remiremontinfo\/#\/schema\/logo\/image\/"},"sameAs":["https:\/\/www.facebook.com\/remiremontinfo","https:\/\/x.com\/VosgesInfo88","https:\/\/www.youtube.com\/@vosgesinfo"]},{"@type":"Person","@id":"https:\/\/vosgesinfo.fr\/remiremontinfo\/#\/schema\/person\/3bfd164d5218a185b1db68655a265316","name":"C D","image":{"@type":"ImageObject","inLanguage":"fr-FR","@id":"https:\/\/vosgesinfo.fr\/remiremontinfo\/#\/schema\/person\/image\/","url":"https:\/\/secure.gravatar.com\/avatar\/1f9a70007336511a47468b8f1c66f922b8b7cf617b02a31149ada43893a5d48f?s=96&d=mm&r=g","contentUrl":"https:\/\/secure.gravatar.com\/avatar\/1f9a70007336511a47468b8f1c66f922b8b7cf617b02a31149ada43893a5d48f?s=96&d=mm&r=g","caption":"C D"},"url":"https:\/\/vosgesinfo.fr\/remiremontinfo\/author\/cedric-drevet\/"}]}},"_links":{"self":[{"href":"https:\/\/vosgesinfo.fr\/remiremontinfo\/wp-json\/wp\/v2\/posts\/65087","targetHints":{"allow":["GET"]}}],"collection":[{"href":"https:\/\/vosgesinfo.fr\/remiremontinfo\/wp-json\/wp\/v2\/posts"}],"about":[{"href":"https:\/\/vosgesinfo.fr\/remiremontinfo\/wp-json\/wp\/v2\/types\/post"}],"author":[{"embeddable":true,"href":"https:\/\/vosgesinfo.fr\/remiremontinfo\/wp-json\/wp\/v2\/users\/407"}],"replies":[{"embeddable":true,"href":"https:\/\/vosgesinfo.fr\/remiremontinfo\/wp-json\/wp\/v2\/comments?post=65087"}],"version-history":[{"count":0,"href":"https:\/\/vosgesinfo.fr\/remiremontinfo\/wp-json\/wp\/v2\/posts\/65087\/revisions"}],"wp:featuredmedia":[{"embeddable":true,"href":"https:\/\/vosgesinfo.fr\/remiremontinfo\/wp-json\/wp\/v2\/media\/65088"}],"wp:attachment":[{"href":"https:\/\/vosgesinfo.fr\/remiremontinfo\/wp-json\/wp\/v2\/media?parent=65087"}],"wp:term":[{"taxonomy":"category","embeddable":true,"href":"https:\/\/vosgesinfo.fr\/remiremontinfo\/wp-json\/wp\/v2\/categories?post=65087"},{"taxonomy":"post_tag","embeddable":true,"href":"https:\/\/vosgesinfo.fr\/remiremontinfo\/wp-json\/wp\/v2\/tags?post=65087"}],"curies":[{"name":"wp","href":"https:\/\/api.w.org\/{rel}","templated":true}]}}