{"id":65157,"date":"2022-12-01T05:10:03","date_gmt":"2022-12-01T04:10:03","guid":{"rendered":"https:\/\/vosgesinfo.fr\/remiremontinfo\/2022\/12\/musique-sport-traditions-decouvrez-programme-animations-fetes-de-noel-a-remiremont\/"},"modified":"2022-12-01T05:10:03","modified_gmt":"2022-12-01T04:10:03","slug":"musique-sport-traditions-decouvrez-programme-animations-fetes-de-noel-a-remiremont","status":"publish","type":"post","link":"https:\/\/vosgesinfo.fr\/remiremontinfo\/2022\/12\/musique-sport-traditions-decouvrez-programme-animations-fetes-de-noel-a-remiremont\/","title":{"rendered":"Musique, sport, traditions : d\u00e9couvrez le programme des animations pour les f\u00eates de No\u00ebl \u00e0 Remiremont"},"content":{"rendered":"<h2 dir=\"auto\"><a href=\"\/2022\/12\/march\u00e9-noel-remiremont-1024x768.jpg\"><img decoding=\"async\" class=\"alignnone size-large wp-image-358995\" src=\"\/2022\/12\/march\u00e9-noel-remiremont-1024x768-1024x768.jpg\" alt=\"march\u00e9-noel-remiremont-1024x768\" width=\"960\" height=\"720\" \/><\/a><\/h2>\n<p><span style=\"font-size: 10pt;\"><em>Photo d&rsquo;archive\u00a0<\/em><\/span><\/p>\n<h2 dir=\"auto\"><span style=\"font-size: 12pt;\"><strong>La commune de Remiremont, en partenariat avec <a class=\"x1i10hfl xjbqb8w x6umtig x1b1mbwd xaqea5y xav7gou x9f619 x1ypdohk xt0psk2 xe8uvvx xdj266r x11i5rnm xat24cr x1mh8g0r xexx8yu x4uap5 x18d9i69 xkhd6sd x16tdsg8 x1hl2dhg xggy1nq x1a2a7pz xt0b8zv x1qq9wsj xo1l8bm\" tabindex=\"0\" href=\"https:\/\/www.facebook.com\/lavolontR?__cft__[0]=AZUi7BoetFOWyadiZ4CL4wWiK1yYIsVhGNuhtJiC_FMvslvSfvYSnfykUCilwDhj3esrKglM8llZK9B3ZFxXN7NCJp2OkB4vlHUHygX0I9NnVTg62JAwSFo1LZgsjp6EsLWng5o71SLa_CvWvuWJZM3sAB6Com95HqFWqNVXjs3jLJ7KTcDeioGx07KKDok2PZ8&amp;__tn__=-]K-R\"><span class=\"xt0psk2\">La volont&rsquo;\u0280 Remiremont<\/span><\/a> et plusieurs associations romarimontaines, propose un programme d\u2019animations pour vivre un\u00a0temps de l&rsquo;Avent aux couleurs des f\u00eates de No\u00ebl : Cort\u00e8ge de Saint-Nicolas, March\u00e9 de No\u00ebl, concerts, concours, et ateliers rythmeront ce mois de f\u00eates.\u00a0<\/strong><\/span><\/h2>\n<p>D\u00e9couvrez ci dessous le programme des animations :<\/p>\n<p style=\"text-align: center;\"><a href=\"\/2022\/12\/317237806_195153039742438_2366792233278001320_n.jpg\"><img decoding=\"async\" class=\"alignnone size-large wp-image-358996\" src=\"\/2022\/12\/317237806_195153039742438_2366792233278001320_n-1024x1024.jpg\" alt=\"317237806_195153039742438_2366792233278001320_n\" width=\"960\" height=\"960\" \/><\/a> <a href=\"\/2022\/12\/317252635_195152986409110_2687373134666624584_n.jpg\"><img decoding=\"async\" class=\"alignnone size-large wp-image-358997\" src=\"\/2022\/12\/317252635_195152986409110_2687373134666624584_n-1024x1024.jpg\" alt=\"317252635_195152986409110_2687373134666624584_n\" width=\"960\" height=\"960\" \/><\/a> <a href=\"\/2022\/12\/317308062_195153059742436_9196503259793769461_n.jpg\"><img decoding=\"async\" class=\"alignnone size-large wp-image-358998\" src=\"\/2022\/12\/317308062_195153059742436_9196503259793769461_n-1024x1024.jpg\" alt=\"317308062_195153059742436_9196503259793769461_n\" width=\"960\" height=\"960\" \/><\/a> <a href=\"\/2022\/12\/317310899_195153036409105_719994061919102264_n.jpg\"><img decoding=\"async\" class=\"alignnone size-large wp-image-358999\" src=\"\/2022\/12\/317310899_195153036409105_719994061919102264_n-1024x1024.jpg\" alt=\"317310899_195153036409105_719994061919102264_n\" width=\"960\" height=\"960\" \/><\/a> <a href=\"\/2022\/12\/317514533_195153079742434_2205657494023453127_n.jpg\"><img decoding=\"async\" class=\"alignnone size-large wp-image-359000\" src=\"\/2022\/12\/317514533_195153079742434_2205657494023453127_n-1024x1024.jpg\" alt=\"317514533_195153079742434_2205657494023453127_n\" width=\"960\" height=\"960\" \/><\/a> <a href=\"\/2022\/12\/317604256_195153009742441_2223116822158904402_n.jpg\"><img decoding=\"async\" class=\"alignnone size-large wp-image-359001\" src=\"\/2022\/12\/317604256_195153009742441_2223116822158904402_n-1024x1024.jpg\" alt=\"317604256_195153009742441_2223116822158904402_n\" width=\"960\" height=\"960\" \/><\/a><\/p>\n","protected":false},"excerpt":{"rendered":"<p>Photo d&rsquo;archive\u00a0 La commune de Remiremont, en partenariat avec La volont&rsquo;\u0280 Remiremont et plusieurs associations romarimontaines, propose un programme d\u2019animations [&hellip;]<\/p>\n","protected":false},"author":407,"featured_media":65158,"comment_status":"open","ping_status":"open","sticky":false,"template":"","format":"standard","meta":{"footnotes":""},"categories":[26,124,1556,35],"tags":[291,345,44],"class_list":["post-65157","post","type-post","status-publish","format-standard","has-post-thumbnail","hentry","category-a-la-une","category-fetes","category-remiremont-remiremont-son-canton-2","category-remiremont-son-canton","tag-animations","tag-noel","tag-remiremont"],"acf":[],"yoast_head":"<!-- This site is optimized with the Yoast SEO plugin v22.5 - https:\/\/yoast.com\/wordpress\/plugins\/seo\/ -->\n<title>Musique, sport, traditions : d\u00e9couvrez le programme des animations pour les f\u00eates de No\u00ebl \u00e0 Remiremont - Remiremont Info<\/title>\n<meta name=\"robots\" content=\"index, follow, max-snippet:-1, max-image-preview:large, max-video-preview:-1\" \/>\n<link rel=\"canonical\" href=\"https:\/\/vosgesinfo.fr\/remiremontinfo\/2022\/12\/musique-sport-traditions-decouvrez-programme-animations-fetes-de-noel-a-remiremont\/\" \/>\n<meta name=\"twitter:card\" content=\"summary_large_image\" \/>\n<meta name=\"twitter:title\" content=\"Musique, sport, traditions : d\u00e9couvrez le programme des animations pour les f\u00eates de No\u00ebl \u00e0 Remiremont - Remiremont Info\" \/>\n<meta name=\"twitter:description\" content=\"Photo d&rsquo;archive\u00a0 La commune de Remiremont, en partenariat avec La volont&rsquo;\u0280 Remiremont et plusieurs associations romarimontaines, propose un programme d\u2019animations [&hellip;]\" \/>\n<meta name=\"twitter:image\" content=\"https:\/\/vosgesinfo.fr\/app\/uploads\/sites\/5\/2024\/09\/202212capture-decran-2022-12-01-095332.png\" \/>\n<meta name=\"twitter:creator\" content=\"@VosgesInfo88\" \/>\n<meta name=\"twitter:site\" content=\"@VosgesInfo88\" \/>\n<meta name=\"twitter:label1\" content=\"\u00c9crit par\" \/>\n\t<meta name=\"twitter:data1\" content=\"C D\" \/>\n<script type=\"application\/ld+json\" class=\"yoast-schema-graph\">{\"@context\":\"https:\/\/schema.org\",\"@graph\":[{\"@type\":\"Article\",\"@id\":\"https:\/\/vosgesinfo.fr\/remiremontinfo\/2022\/12\/musique-sport-traditions-decouvrez-programme-animations-fetes-de-noel-a-remiremont\/#article\",\"isPartOf\":{\"@id\":\"https:\/\/vosgesinfo.fr\/remiremontinfo\/2022\/12\/musique-sport-traditions-decouvrez-programme-animations-fetes-de-noel-a-remiremont\/\"},\"author\":{\"name\":\"C D\",\"@id\":\"https:\/\/vosgesinfo.fr\/remiremontinfo\/#\/schema\/person\/3bfd164d5218a185b1db68655a265316\"},\"headline\":\"Musique, sport, traditions : d\u00e9couvrez le programme des animations pour les f\u00eates de No\u00ebl \u00e0 Remiremont\",\"datePublished\":\"2022-12-01T04:10:03+00:00\",\"dateModified\":\"2022-12-01T04:10:03+00:00\",\"mainEntityOfPage\":{\"@id\":\"https:\/\/vosgesinfo.fr\/remiremontinfo\/2022\/12\/musique-sport-traditions-decouvrez-programme-animations-fetes-de-noel-a-remiremont\/\"},\"wordCount\":80,\"commentCount\":0,\"publisher\":{\"@id\":\"https:\/\/vosgesinfo.fr\/remiremontinfo\/#organization\"},\"image\":{\"@id\":\"https:\/\/vosgesinfo.fr\/remiremontinfo\/2022\/12\/musique-sport-traditions-decouvrez-programme-animations-fetes-de-noel-a-remiremont\/#primaryimage\"},\"thumbnailUrl\":\"https:\/\/vosgesinfo.fr\/app\/uploads\/sites\/5\/2024\/09\/202212capture-decran-2022-12-01-095332.png\",\"keywords\":[\"animations\",\"No\u00ebl\",\"remiremont\"],\"articleSection\":[\"A la Une\",\"F\u00eates\",\"Remiremont\",\"Remiremont &amp; son canton\"],\"inLanguage\":\"fr-FR\",\"potentialAction\":[{\"@type\":\"CommentAction\",\"name\":\"Comment\",\"target\":[\"https:\/\/vosgesinfo.fr\/remiremontinfo\/2022\/12\/musique-sport-traditions-decouvrez-programme-animations-fetes-de-noel-a-remiremont\/#respond\"]}]},{\"@type\":\"WebPage\",\"@id\":\"https:\/\/vosgesinfo.fr\/remiremontinfo\/2022\/12\/musique-sport-traditions-decouvrez-programme-animations-fetes-de-noel-a-remiremont\/\",\"url\":\"https:\/\/vosgesinfo.fr\/remiremontinfo\/2022\/12\/musique-sport-traditions-decouvrez-programme-animations-fetes-de-noel-a-remiremont\/\",\"name\":\"Musique, sport, traditions : d\u00e9couvrez le programme des animations pour les f\u00eates de No\u00ebl \u00e0 Remiremont - Remiremont Info\",\"isPartOf\":{\"@id\":\"https:\/\/vosgesinfo.fr\/remiremontinfo\/#website\"},\"primaryImageOfPage\":{\"@id\":\"https:\/\/vosgesinfo.fr\/remiremontinfo\/2022\/12\/musique-sport-traditions-decouvrez-programme-animations-fetes-de-noel-a-remiremont\/#primaryimage\"},\"image\":{\"@id\":\"https:\/\/vosgesinfo.fr\/remiremontinfo\/2022\/12\/musique-sport-traditions-decouvrez-programme-animations-fetes-de-noel-a-remiremont\/#primaryimage\"},\"thumbnailUrl\":\"https:\/\/vosgesinfo.fr\/app\/uploads\/sites\/5\/2024\/09\/202212capture-decran-2022-12-01-095332.png\",\"datePublished\":\"2022-12-01T04:10:03+00:00\",\"dateModified\":\"2022-12-01T04:10:03+00:00\",\"breadcrumb\":{\"@id\":\"https:\/\/vosgesinfo.fr\/remiremontinfo\/2022\/12\/musique-sport-traditions-decouvrez-programme-animations-fetes-de-noel-a-remiremont\/#breadcrumb\"},\"inLanguage\":\"fr-FR\",\"potentialAction\":[{\"@type\":\"ReadAction\",\"target\":[\"https:\/\/vosgesinfo.fr\/remiremontinfo\/2022\/12\/musique-sport-traditions-decouvrez-programme-animations-fetes-de-noel-a-remiremont\/\"]}]},{\"@type\":\"ImageObject\",\"inLanguage\":\"fr-FR\",\"@id\":\"https:\/\/vosgesinfo.fr\/remiremontinfo\/2022\/12\/musique-sport-traditions-decouvrez-programme-animations-fetes-de-noel-a-remiremont\/#primaryimage\",\"url\":\"https:\/\/vosgesinfo.fr\/app\/uploads\/sites\/5\/2024\/09\/202212capture-decran-2022-12-01-095332.png\",\"contentUrl\":\"https:\/\/vosgesinfo.fr\/app\/uploads\/sites\/5\/2024\/09\/202212capture-decran-2022-12-01-095332.png\",\"width\":993,\"height\":635},{\"@type\":\"BreadcrumbList\",\"@id\":\"https:\/\/vosgesinfo.fr\/remiremontinfo\/2022\/12\/musique-sport-traditions-decouvrez-programme-animations-fetes-de-noel-a-remiremont\/#breadcrumb\",\"itemListElement\":[{\"@type\":\"ListItem\",\"position\":1,\"name\":\"Home\",\"item\":\"https:\/\/vosgesinfo.fr\/remiremontinfo\/\"},{\"@type\":\"ListItem\",\"position\":2,\"name\":\"Musique, sport, traditions : d\u00e9couvrez le programme des animations pour les f\u00eates de No\u00ebl \u00e0 Remiremont\"}]},{\"@type\":\"WebSite\",\"@id\":\"https:\/\/vosgesinfo.fr\/remiremontinfo\/#website\",\"url\":\"https:\/\/vosgesinfo.fr\/remiremontinfo\/\",\"name\":\"Remiremont Info\",\"description\":\"Toute l&#039;actualit\u00e9 de Remiremont\",\"publisher\":{\"@id\":\"https:\/\/vosgesinfo.fr\/remiremontinfo\/#organization\"},\"alternateName\":\"Toute l'actualit\u00e9 de Remiremont\",\"potentialAction\":[{\"@type\":\"SearchAction\",\"target\":{\"@type\":\"EntryPoint\",\"urlTemplate\":\"https:\/\/vosgesinfo.fr\/remiremontinfo\/?s={search_term_string}\"},\"query-input\":\"required name=search_term_string\"}],\"inLanguage\":\"fr-FR\"},{\"@type\":\"Organization\",\"@id\":\"https:\/\/vosgesinfo.fr\/remiremontinfo\/#organization\",\"name\":\"Remiremont Info\",\"url\":\"https:\/\/vosgesinfo.fr\/remiremontinfo\/\",\"logo\":{\"@type\":\"ImageObject\",\"inLanguage\":\"fr-FR\",\"@id\":\"https:\/\/vosgesinfo.fr\/remiremontinfo\/#\/schema\/logo\/image\/\",\"url\":\"https:\/\/vosgesinfo.fr\/app\/uploads\/sites\/5\/2023\/08\/favicon-remiremontinfo.png\",\"contentUrl\":\"https:\/\/vosgesinfo.fr\/app\/uploads\/sites\/5\/2023\/08\/favicon-remiremontinfo.png\",\"width\":512,\"height\":512,\"caption\":\"Remiremont Info\"},\"image\":{\"@id\":\"https:\/\/vosgesinfo.fr\/remiremontinfo\/#\/schema\/logo\/image\/\"},\"sameAs\":[\"https:\/\/www.facebook.com\/remiremontinfo\",\"https:\/\/x.com\/VosgesInfo88\",\"https:\/\/www.youtube.com\/@vosgesinfo\"]},{\"@type\":\"Person\",\"@id\":\"https:\/\/vosgesinfo.fr\/remiremontinfo\/#\/schema\/person\/3bfd164d5218a185b1db68655a265316\",\"name\":\"C D\",\"image\":{\"@type\":\"ImageObject\",\"inLanguage\":\"fr-FR\",\"@id\":\"https:\/\/vosgesinfo.fr\/remiremontinfo\/#\/schema\/person\/image\/\",\"url\":\"https:\/\/secure.gravatar.com\/avatar\/1f9a70007336511a47468b8f1c66f922b8b7cf617b02a31149ada43893a5d48f?s=96&d=mm&r=g\",\"contentUrl\":\"https:\/\/secure.gravatar.com\/avatar\/1f9a70007336511a47468b8f1c66f922b8b7cf617b02a31149ada43893a5d48f?s=96&d=mm&r=g\",\"caption\":\"C D\"},\"url\":\"https:\/\/vosgesinfo.fr\/remiremontinfo\/author\/cedric-drevet\/\"}]}<\/script>\n<!-- \/ Yoast SEO plugin. -->","yoast_head_json":{"title":"Musique, sport, traditions : d\u00e9couvrez le programme des animations pour les f\u00eates de No\u00ebl \u00e0 Remiremont - Remiremont Info","robots":{"index":"index","follow":"follow","max-snippet":"max-snippet:-1","max-image-preview":"max-image-preview:large","max-video-preview":"max-video-preview:-1"},"canonical":"https:\/\/vosgesinfo.fr\/remiremontinfo\/2022\/12\/musique-sport-traditions-decouvrez-programme-animations-fetes-de-noel-a-remiremont\/","twitter_card":"summary_large_image","twitter_title":"Musique, sport, traditions : d\u00e9couvrez le programme des animations pour les f\u00eates de No\u00ebl \u00e0 Remiremont - Remiremont Info","twitter_description":"Photo d&rsquo;archive\u00a0 La commune de Remiremont, en partenariat avec La volont&rsquo;\u0280 Remiremont et plusieurs associations romarimontaines, propose un programme d\u2019animations [&hellip;]","twitter_image":"https:\/\/vosgesinfo.fr\/app\/uploads\/sites\/5\/2024\/09\/202212capture-decran-2022-12-01-095332.png","twitter_creator":"@VosgesInfo88","twitter_site":"@VosgesInfo88","twitter_misc":{"\u00c9crit par":"C D"},"schema":{"@context":"https:\/\/schema.org","@graph":[{"@type":"Article","@id":"https:\/\/vosgesinfo.fr\/remiremontinfo\/2022\/12\/musique-sport-traditions-decouvrez-programme-animations-fetes-de-noel-a-remiremont\/#article","isPartOf":{"@id":"https:\/\/vosgesinfo.fr\/remiremontinfo\/2022\/12\/musique-sport-traditions-decouvrez-programme-animations-fetes-de-noel-a-remiremont\/"},"author":{"name":"C D","@id":"https:\/\/vosgesinfo.fr\/remiremontinfo\/#\/schema\/person\/3bfd164d5218a185b1db68655a265316"},"headline":"Musique, sport, traditions : d\u00e9couvrez le programme des animations pour les f\u00eates de No\u00ebl \u00e0 Remiremont","datePublished":"2022-12-01T04:10:03+00:00","dateModified":"2022-12-01T04:10:03+00:00","mainEntityOfPage":{"@id":"https:\/\/vosgesinfo.fr\/remiremontinfo\/2022\/12\/musique-sport-traditions-decouvrez-programme-animations-fetes-de-noel-a-remiremont\/"},"wordCount":80,"commentCount":0,"publisher":{"@id":"https:\/\/vosgesinfo.fr\/remiremontinfo\/#organization"},"image":{"@id":"https:\/\/vosgesinfo.fr\/remiremontinfo\/2022\/12\/musique-sport-traditions-decouvrez-programme-animations-fetes-de-noel-a-remiremont\/#primaryimage"},"thumbnailUrl":"https:\/\/vosgesinfo.fr\/app\/uploads\/sites\/5\/2024\/09\/202212capture-decran-2022-12-01-095332.png","keywords":["animations","No\u00ebl","remiremont"],"articleSection":["A la Une","F\u00eates","Remiremont","Remiremont &amp; son canton"],"inLanguage":"fr-FR","potentialAction":[{"@type":"CommentAction","name":"Comment","target":["https:\/\/vosgesinfo.fr\/remiremontinfo\/2022\/12\/musique-sport-traditions-decouvrez-programme-animations-fetes-de-noel-a-remiremont\/#respond"]}]},{"@type":"WebPage","@id":"https:\/\/vosgesinfo.fr\/remiremontinfo\/2022\/12\/musique-sport-traditions-decouvrez-programme-animations-fetes-de-noel-a-remiremont\/","url":"https:\/\/vosgesinfo.fr\/remiremontinfo\/2022\/12\/musique-sport-traditions-decouvrez-programme-animations-fetes-de-noel-a-remiremont\/","name":"Musique, sport, traditions : d\u00e9couvrez le programme des animations pour les f\u00eates de No\u00ebl \u00e0 Remiremont - Remiremont Info","isPartOf":{"@id":"https:\/\/vosgesinfo.fr\/remiremontinfo\/#website"},"primaryImageOfPage":{"@id":"https:\/\/vosgesinfo.fr\/remiremontinfo\/2022\/12\/musique-sport-traditions-decouvrez-programme-animations-fetes-de-noel-a-remiremont\/#primaryimage"},"image":{"@id":"https:\/\/vosgesinfo.fr\/remiremontinfo\/2022\/12\/musique-sport-traditions-decouvrez-programme-animations-fetes-de-noel-a-remiremont\/#primaryimage"},"thumbnailUrl":"https:\/\/vosgesinfo.fr\/app\/uploads\/sites\/5\/2024\/09\/202212capture-decran-2022-12-01-095332.png","datePublished":"2022-12-01T04:10:03+00:00","dateModified":"2022-12-01T04:10:03+00:00","breadcrumb":{"@id":"https:\/\/vosgesinfo.fr\/remiremontinfo\/2022\/12\/musique-sport-traditions-decouvrez-programme-animations-fetes-de-noel-a-remiremont\/#breadcrumb"},"inLanguage":"fr-FR","potentialAction":[{"@type":"ReadAction","target":["https:\/\/vosgesinfo.fr\/remiremontinfo\/2022\/12\/musique-sport-traditions-decouvrez-programme-animations-fetes-de-noel-a-remiremont\/"]}]},{"@type":"ImageObject","inLanguage":"fr-FR","@id":"https:\/\/vosgesinfo.fr\/remiremontinfo\/2022\/12\/musique-sport-traditions-decouvrez-programme-animations-fetes-de-noel-a-remiremont\/#primaryimage","url":"https:\/\/vosgesinfo.fr\/app\/uploads\/sites\/5\/2024\/09\/202212capture-decran-2022-12-01-095332.png","contentUrl":"https:\/\/vosgesinfo.fr\/app\/uploads\/sites\/5\/2024\/09\/202212capture-decran-2022-12-01-095332.png","width":993,"height":635},{"@type":"BreadcrumbList","@id":"https:\/\/vosgesinfo.fr\/remiremontinfo\/2022\/12\/musique-sport-traditions-decouvrez-programme-animations-fetes-de-noel-a-remiremont\/#breadcrumb","itemListElement":[{"@type":"ListItem","position":1,"name":"Home","item":"https:\/\/vosgesinfo.fr\/remiremontinfo\/"},{"@type":"ListItem","position":2,"name":"Musique, sport, traditions : d\u00e9couvrez le programme des animations pour les f\u00eates de No\u00ebl \u00e0 Remiremont"}]},{"@type":"WebSite","@id":"https:\/\/vosgesinfo.fr\/remiremontinfo\/#website","url":"https:\/\/vosgesinfo.fr\/remiremontinfo\/","name":"Remiremont Info","description":"Toute l&#039;actualit\u00e9 de Remiremont","publisher":{"@id":"https:\/\/vosgesinfo.fr\/remiremontinfo\/#organization"},"alternateName":"Toute l'actualit\u00e9 de Remiremont","potentialAction":[{"@type":"SearchAction","target":{"@type":"EntryPoint","urlTemplate":"https:\/\/vosgesinfo.fr\/remiremontinfo\/?s={search_term_string}"},"query-input":"required name=search_term_string"}],"inLanguage":"fr-FR"},{"@type":"Organization","@id":"https:\/\/vosgesinfo.fr\/remiremontinfo\/#organization","name":"Remiremont Info","url":"https:\/\/vosgesinfo.fr\/remiremontinfo\/","logo":{"@type":"ImageObject","inLanguage":"fr-FR","@id":"https:\/\/vosgesinfo.fr\/remiremontinfo\/#\/schema\/logo\/image\/","url":"https:\/\/vosgesinfo.fr\/app\/uploads\/sites\/5\/2023\/08\/favicon-remiremontinfo.png","contentUrl":"https:\/\/vosgesinfo.fr\/app\/uploads\/sites\/5\/2023\/08\/favicon-remiremontinfo.png","width":512,"height":512,"caption":"Remiremont Info"},"image":{"@id":"https:\/\/vosgesinfo.fr\/remiremontinfo\/#\/schema\/logo\/image\/"},"sameAs":["https:\/\/www.facebook.com\/remiremontinfo","https:\/\/x.com\/VosgesInfo88","https:\/\/www.youtube.com\/@vosgesinfo"]},{"@type":"Person","@id":"https:\/\/vosgesinfo.fr\/remiremontinfo\/#\/schema\/person\/3bfd164d5218a185b1db68655a265316","name":"C D","image":{"@type":"ImageObject","inLanguage":"fr-FR","@id":"https:\/\/vosgesinfo.fr\/remiremontinfo\/#\/schema\/person\/image\/","url":"https:\/\/secure.gravatar.com\/avatar\/1f9a70007336511a47468b8f1c66f922b8b7cf617b02a31149ada43893a5d48f?s=96&d=mm&r=g","contentUrl":"https:\/\/secure.gravatar.com\/avatar\/1f9a70007336511a47468b8f1c66f922b8b7cf617b02a31149ada43893a5d48f?s=96&d=mm&r=g","caption":"C D"},"url":"https:\/\/vosgesinfo.fr\/remiremontinfo\/author\/cedric-drevet\/"}]}},"_links":{"self":[{"href":"https:\/\/vosgesinfo.fr\/remiremontinfo\/wp-json\/wp\/v2\/posts\/65157","targetHints":{"allow":["GET"]}}],"collection":[{"href":"https:\/\/vosgesinfo.fr\/remiremontinfo\/wp-json\/wp\/v2\/posts"}],"about":[{"href":"https:\/\/vosgesinfo.fr\/remiremontinfo\/wp-json\/wp\/v2\/types\/post"}],"author":[{"embeddable":true,"href":"https:\/\/vosgesinfo.fr\/remiremontinfo\/wp-json\/wp\/v2\/users\/407"}],"replies":[{"embeddable":true,"href":"https:\/\/vosgesinfo.fr\/remiremontinfo\/wp-json\/wp\/v2\/comments?post=65157"}],"version-history":[{"count":0,"href":"https:\/\/vosgesinfo.fr\/remiremontinfo\/wp-json\/wp\/v2\/posts\/65157\/revisions"}],"wp:featuredmedia":[{"embeddable":true,"href":"https:\/\/vosgesinfo.fr\/remiremontinfo\/wp-json\/wp\/v2\/media\/65158"}],"wp:attachment":[{"href":"https:\/\/vosgesinfo.fr\/remiremontinfo\/wp-json\/wp\/v2\/media?parent=65157"}],"wp:term":[{"taxonomy":"category","embeddable":true,"href":"https:\/\/vosgesinfo.fr\/remiremontinfo\/wp-json\/wp\/v2\/categories?post=65157"},{"taxonomy":"post_tag","embeddable":true,"href":"https:\/\/vosgesinfo.fr\/remiremontinfo\/wp-json\/wp\/v2\/tags?post=65157"}],"curies":[{"name":"wp","href":"https:\/\/api.w.org\/{rel}","templated":true}]}}