{"id":65225,"date":"2022-12-02T17:18:02","date_gmt":"2022-12-02T16:18:02","guid":{"rendered":"https:\/\/vosgesinfo.fr\/remiremontinfo\/2022\/12\/cornimont-batiment-de-cchv-sia-de-salle-fetes-a-ete-inaugure\/"},"modified":"2022-12-02T17:18:02","modified_gmt":"2022-12-02T16:18:02","slug":"cornimont-batiment-de-cchv-sia-de-salle-fetes-a-ete-inaugure","status":"publish","type":"post","link":"https:\/\/vosgesinfo.fr\/remiremontinfo\/2022\/12\/cornimont-batiment-de-cchv-sia-de-salle-fetes-a-ete-inaugure\/","title":{"rendered":"Cornimont\u00a0: le b\u00e2timent de la CCHV, du SIA et de la salle des f\u00eates a \u00e9t\u00e9 inaugur\u00e9"},"content":{"rendered":"<p><a href=\"\/2022\/12\/DSC_0837.jpg\"><img decoding=\"async\" class=\"alignnone size-large wp-image-359115\" src=\"\/2022\/12\/DSC_0837-1024x681.jpg\" alt=\"DSC_0837\" width=\"960\" height=\"638\" \/><\/a><\/p>\n<h2><span style=\"font-size: 12pt;\"><strong>L&rsquo;inauguration du b\u00e2timent accueillant la Communaut\u00e9 de Communes des Hautes-Vosges, le Syndicat Intercommunal d&rsquo;Assainissement et la salle des f\u00eates a eu lieu ce vendredi 2 d\u00e9cembre \u00e0 Cornimont, en pr\u00e9sence de membres de l\u2019\u00e9quipe municipale, d\u2019\u00e9lus et de participants au projet de r\u00e9habilitation et construction.<\/strong><\/span><\/h2>\n<p>Le b\u00e2timent situ\u00e9 au 24 rue de la 3\u00e8me DIA, d\u00e9sormais occup\u00e9s par les deux institutions et la salle des f\u00eates, \u00e9tait anciennement celui de la mairie, jusqu\u2019en 1995. Des classes d\u2019\u00e9cole l\u2019ont ensuite bri\u00e8vement occup\u00e9. Puis il fut propos\u00e9 pour la Communaut\u00e9 de Communes de la Haute Moselotte. Quelques services y sont rest\u00e9 par la suite. Enfin, ces b\u00e2timents ont \u00e9t\u00e9 propos\u00e9s pour accueillir la nouvelle CCHV. \u00ab\u00a0On a fait une \u00e9tude de faisabilit\u00e9\u00a0\u00bb, explique le maire de Cornimont, Marie-Jos\u00e8phe Cl\u00e9ment. Et le b\u00e2timent correspondait bien \u00e0 ce qui \u00e9tait recherch\u00e9. Avec tout de m\u00eame d\u2019importants travaux \u00e0 r\u00e9aliser. \u00ab\u00a0On avait une partie qui \u00e9tait vraiment v\u00e9tuste, qu\u2019on a d\u00e9molie\u00a0\u00bb. Une partie neuve a \u00e9t\u00e9 construite \u00e0 la place. La partie plus ancienne du b\u00e2timent a \u00e9t\u00e9 r\u00e9nov\u00e9e. Les normes d\u2019accessibilit\u00e9 sont d\u00e9sormais respect\u00e9es. Les sanitaires ont \u00e9t\u00e9 am\u00e9lior\u00e9s. Environ 1000 m\u00e8tres carr\u00e9s r\u00e9nov\u00e9, affirme le maire. Dont 850 m\u00e8tres carr\u00e9s pour la Communaut\u00e9 de communes. Ce vendredi apr\u00e8s-midi, apr\u00e8s une petite visite des locaux, le nouveau b\u00e2timent a \u00e9t\u00e9 inaugur\u00e9, avec le traditionnel d\u00e9coupage du petit ruban tricolore, en pr\u00e9sence notamment du d\u00e9put\u00e9 Christophe Naegelen, du s\u00e9nateur Jean Hingray et du pr\u00e9sident de la Communaut\u00e9 de Commune, Didier Houot.<\/p>\n\n","protected":false},"excerpt":{"rendered":"<p>L&rsquo;inauguration du b\u00e2timent accueillant la Communaut\u00e9 de Communes des Hautes-Vosges, le Syndicat Intercommunal d&rsquo;Assainissement et la salle des f\u00eates a [&hellip;]<\/p>\n","protected":false},"author":407,"featured_media":65226,"comment_status":"open","ping_status":"open","sticky":false,"template":"","format":"standard","meta":{"footnotes":""},"categories":[26,34,25],"tags":[444,79,5151,5152,32],"class_list":["post-65225","post","type-post","status-publish","format-standard","has-post-thumbnail","hentry","category-a-la-une","category-cornimont","category-la-bresse-son-canton","tag-cchv","tag-cornimont","tag-inauguration-sia","tag-salle-des-fetes","tag-vosges"],"acf":[],"yoast_head":"<!-- This site is optimized with the Yoast SEO plugin v22.5 - https:\/\/yoast.com\/wordpress\/plugins\/seo\/ -->\n<title>Cornimont\u00a0: le b\u00e2timent de la CCHV, du SIA et de la salle des f\u00eates a \u00e9t\u00e9 inaugur\u00e9 - Remiremont Info<\/title>\n<meta name=\"robots\" content=\"index, follow, max-snippet:-1, max-image-preview:large, max-video-preview:-1\" \/>\n<link rel=\"canonical\" href=\"https:\/\/vosgesinfo.fr\/remiremontinfo\/2022\/12\/cornimont-batiment-de-cchv-sia-de-salle-fetes-a-ete-inaugure\/\" \/>\n<meta name=\"twitter:card\" content=\"summary_large_image\" \/>\n<meta name=\"twitter:title\" content=\"Cornimont\u00a0: le b\u00e2timent de la CCHV, du SIA et de la salle des f\u00eates a \u00e9t\u00e9 inaugur\u00e9 - Remiremont Info\" \/>\n<meta name=\"twitter:description\" content=\"L&rsquo;inauguration du b\u00e2timent accueillant la Communaut\u00e9 de Communes des Hautes-Vosges, le Syndicat Intercommunal d&rsquo;Assainissement et la salle des f\u00eates a [&hellip;]\" \/>\n<meta name=\"twitter:image\" content=\"https:\/\/vosgesinfo.fr\/app\/uploads\/sites\/5\/2024\/09\/202212dsc-0837.jpg\" \/>\n<meta name=\"twitter:creator\" content=\"@VosgesInfo88\" \/>\n<meta name=\"twitter:site\" content=\"@VosgesInfo88\" \/>\n<meta name=\"twitter:label1\" content=\"\u00c9crit par\" \/>\n\t<meta name=\"twitter:data1\" content=\"C D\" \/>\n\t<meta name=\"twitter:label2\" content=\"Dur\u00e9e de lecture estim\u00e9e\" \/>\n\t<meta name=\"twitter:data2\" content=\"1 minute\" \/>\n<script type=\"application\/ld+json\" class=\"yoast-schema-graph\">{\"@context\":\"https:\/\/schema.org\",\"@graph\":[{\"@type\":\"Article\",\"@id\":\"https:\/\/vosgesinfo.fr\/remiremontinfo\/2022\/12\/cornimont-batiment-de-cchv-sia-de-salle-fetes-a-ete-inaugure\/#article\",\"isPartOf\":{\"@id\":\"https:\/\/vosgesinfo.fr\/remiremontinfo\/2022\/12\/cornimont-batiment-de-cchv-sia-de-salle-fetes-a-ete-inaugure\/\"},\"author\":{\"name\":\"C D\",\"@id\":\"https:\/\/vosgesinfo.fr\/remiremontinfo\/#\/schema\/person\/3bfd164d5218a185b1db68655a265316\"},\"headline\":\"Cornimont\u00a0: le b\u00e2timent de la CCHV, du SIA et de la salle des f\u00eates a \u00e9t\u00e9 inaugur\u00e9\",\"datePublished\":\"2022-12-02T16:18:02+00:00\",\"dateModified\":\"2022-12-02T16:18:02+00:00\",\"mainEntityOfPage\":{\"@id\":\"https:\/\/vosgesinfo.fr\/remiremontinfo\/2022\/12\/cornimont-batiment-de-cchv-sia-de-salle-fetes-a-ete-inaugure\/\"},\"wordCount\":313,\"commentCount\":0,\"publisher\":{\"@id\":\"https:\/\/vosgesinfo.fr\/remiremontinfo\/#organization\"},\"image\":{\"@id\":\"https:\/\/vosgesinfo.fr\/remiremontinfo\/2022\/12\/cornimont-batiment-de-cchv-sia-de-salle-fetes-a-ete-inaugure\/#primaryimage\"},\"thumbnailUrl\":\"https:\/\/vosgesinfo.fr\/app\/uploads\/sites\/5\/2024\/09\/202212dsc-0837.jpg\",\"keywords\":[\"CCHV\",\"cornimont\",\"inauguration sia\",\"salle des f\u00eates\",\"Vosges\"],\"articleSection\":[\"A la Une\",\"Cornimont\",\"La Bresse &amp; son canton\"],\"inLanguage\":\"fr-FR\",\"potentialAction\":[{\"@type\":\"CommentAction\",\"name\":\"Comment\",\"target\":[\"https:\/\/vosgesinfo.fr\/remiremontinfo\/2022\/12\/cornimont-batiment-de-cchv-sia-de-salle-fetes-a-ete-inaugure\/#respond\"]}]},{\"@type\":\"WebPage\",\"@id\":\"https:\/\/vosgesinfo.fr\/remiremontinfo\/2022\/12\/cornimont-batiment-de-cchv-sia-de-salle-fetes-a-ete-inaugure\/\",\"url\":\"https:\/\/vosgesinfo.fr\/remiremontinfo\/2022\/12\/cornimont-batiment-de-cchv-sia-de-salle-fetes-a-ete-inaugure\/\",\"name\":\"Cornimont\u00a0: le b\u00e2timent de la CCHV, du SIA et de la salle des f\u00eates a \u00e9t\u00e9 inaugur\u00e9 - Remiremont Info\",\"isPartOf\":{\"@id\":\"https:\/\/vosgesinfo.fr\/remiremontinfo\/#website\"},\"primaryImageOfPage\":{\"@id\":\"https:\/\/vosgesinfo.fr\/remiremontinfo\/2022\/12\/cornimont-batiment-de-cchv-sia-de-salle-fetes-a-ete-inaugure\/#primaryimage\"},\"image\":{\"@id\":\"https:\/\/vosgesinfo.fr\/remiremontinfo\/2022\/12\/cornimont-batiment-de-cchv-sia-de-salle-fetes-a-ete-inaugure\/#primaryimage\"},\"thumbnailUrl\":\"https:\/\/vosgesinfo.fr\/app\/uploads\/sites\/5\/2024\/09\/202212dsc-0837.jpg\",\"datePublished\":\"2022-12-02T16:18:02+00:00\",\"dateModified\":\"2022-12-02T16:18:02+00:00\",\"breadcrumb\":{\"@id\":\"https:\/\/vosgesinfo.fr\/remiremontinfo\/2022\/12\/cornimont-batiment-de-cchv-sia-de-salle-fetes-a-ete-inaugure\/#breadcrumb\"},\"inLanguage\":\"fr-FR\",\"potentialAction\":[{\"@type\":\"ReadAction\",\"target\":[\"https:\/\/vosgesinfo.fr\/remiremontinfo\/2022\/12\/cornimont-batiment-de-cchv-sia-de-salle-fetes-a-ete-inaugure\/\"]}]},{\"@type\":\"ImageObject\",\"inLanguage\":\"fr-FR\",\"@id\":\"https:\/\/vosgesinfo.fr\/remiremontinfo\/2022\/12\/cornimont-batiment-de-cchv-sia-de-salle-fetes-a-ete-inaugure\/#primaryimage\",\"url\":\"https:\/\/vosgesinfo.fr\/app\/uploads\/sites\/5\/2024\/09\/202212dsc-0837.jpg\",\"contentUrl\":\"https:\/\/vosgesinfo.fr\/app\/uploads\/sites\/5\/2024\/09\/202212dsc-0837.jpg\",\"width\":1600,\"height\":1064},{\"@type\":\"BreadcrumbList\",\"@id\":\"https:\/\/vosgesinfo.fr\/remiremontinfo\/2022\/12\/cornimont-batiment-de-cchv-sia-de-salle-fetes-a-ete-inaugure\/#breadcrumb\",\"itemListElement\":[{\"@type\":\"ListItem\",\"position\":1,\"name\":\"Home\",\"item\":\"https:\/\/vosgesinfo.fr\/remiremontinfo\/\"},{\"@type\":\"ListItem\",\"position\":2,\"name\":\"Cornimont\u00a0: le b\u00e2timent de la CCHV, du SIA et de la salle des f\u00eates a \u00e9t\u00e9 inaugur\u00e9\"}]},{\"@type\":\"WebSite\",\"@id\":\"https:\/\/vosgesinfo.fr\/remiremontinfo\/#website\",\"url\":\"https:\/\/vosgesinfo.fr\/remiremontinfo\/\",\"name\":\"Remiremont Info\",\"description\":\"Toute l&#039;actualit\u00e9 de Remiremont\",\"publisher\":{\"@id\":\"https:\/\/vosgesinfo.fr\/remiremontinfo\/#organization\"},\"alternateName\":\"Toute l'actualit\u00e9 de Remiremont\",\"potentialAction\":[{\"@type\":\"SearchAction\",\"target\":{\"@type\":\"EntryPoint\",\"urlTemplate\":\"https:\/\/vosgesinfo.fr\/remiremontinfo\/?s={search_term_string}\"},\"query-input\":\"required name=search_term_string\"}],\"inLanguage\":\"fr-FR\"},{\"@type\":\"Organization\",\"@id\":\"https:\/\/vosgesinfo.fr\/remiremontinfo\/#organization\",\"name\":\"Remiremont Info\",\"url\":\"https:\/\/vosgesinfo.fr\/remiremontinfo\/\",\"logo\":{\"@type\":\"ImageObject\",\"inLanguage\":\"fr-FR\",\"@id\":\"https:\/\/vosgesinfo.fr\/remiremontinfo\/#\/schema\/logo\/image\/\",\"url\":\"https:\/\/vosgesinfo.fr\/app\/uploads\/sites\/5\/2023\/08\/favicon-remiremontinfo.png\",\"contentUrl\":\"https:\/\/vosgesinfo.fr\/app\/uploads\/sites\/5\/2023\/08\/favicon-remiremontinfo.png\",\"width\":512,\"height\":512,\"caption\":\"Remiremont Info\"},\"image\":{\"@id\":\"https:\/\/vosgesinfo.fr\/remiremontinfo\/#\/schema\/logo\/image\/\"},\"sameAs\":[\"https:\/\/www.facebook.com\/remiremontinfo\",\"https:\/\/x.com\/VosgesInfo88\",\"https:\/\/www.youtube.com\/@vosgesinfo\"]},{\"@type\":\"Person\",\"@id\":\"https:\/\/vosgesinfo.fr\/remiremontinfo\/#\/schema\/person\/3bfd164d5218a185b1db68655a265316\",\"name\":\"C D\",\"image\":{\"@type\":\"ImageObject\",\"inLanguage\":\"fr-FR\",\"@id\":\"https:\/\/vosgesinfo.fr\/remiremontinfo\/#\/schema\/person\/image\/\",\"url\":\"https:\/\/secure.gravatar.com\/avatar\/1f9a70007336511a47468b8f1c66f922b8b7cf617b02a31149ada43893a5d48f?s=96&d=mm&r=g\",\"contentUrl\":\"https:\/\/secure.gravatar.com\/avatar\/1f9a70007336511a47468b8f1c66f922b8b7cf617b02a31149ada43893a5d48f?s=96&d=mm&r=g\",\"caption\":\"C D\"},\"url\":\"https:\/\/vosgesinfo.fr\/remiremontinfo\/author\/cedric-drevet\/\"}]}<\/script>\n<!-- \/ Yoast SEO plugin. -->","yoast_head_json":{"title":"Cornimont\u00a0: le b\u00e2timent de la CCHV, du SIA et de la salle des f\u00eates a \u00e9t\u00e9 inaugur\u00e9 - Remiremont Info","robots":{"index":"index","follow":"follow","max-snippet":"max-snippet:-1","max-image-preview":"max-image-preview:large","max-video-preview":"max-video-preview:-1"},"canonical":"https:\/\/vosgesinfo.fr\/remiremontinfo\/2022\/12\/cornimont-batiment-de-cchv-sia-de-salle-fetes-a-ete-inaugure\/","twitter_card":"summary_large_image","twitter_title":"Cornimont\u00a0: le b\u00e2timent de la CCHV, du SIA et de la salle des f\u00eates a \u00e9t\u00e9 inaugur\u00e9 - Remiremont Info","twitter_description":"L&rsquo;inauguration du b\u00e2timent accueillant la Communaut\u00e9 de Communes des Hautes-Vosges, le Syndicat Intercommunal d&rsquo;Assainissement et la salle des f\u00eates a [&hellip;]","twitter_image":"https:\/\/vosgesinfo.fr\/app\/uploads\/sites\/5\/2024\/09\/202212dsc-0837.jpg","twitter_creator":"@VosgesInfo88","twitter_site":"@VosgesInfo88","twitter_misc":{"\u00c9crit par":"C D","Dur\u00e9e de lecture estim\u00e9e":"1 minute"},"schema":{"@context":"https:\/\/schema.org","@graph":[{"@type":"Article","@id":"https:\/\/vosgesinfo.fr\/remiremontinfo\/2022\/12\/cornimont-batiment-de-cchv-sia-de-salle-fetes-a-ete-inaugure\/#article","isPartOf":{"@id":"https:\/\/vosgesinfo.fr\/remiremontinfo\/2022\/12\/cornimont-batiment-de-cchv-sia-de-salle-fetes-a-ete-inaugure\/"},"author":{"name":"C D","@id":"https:\/\/vosgesinfo.fr\/remiremontinfo\/#\/schema\/person\/3bfd164d5218a185b1db68655a265316"},"headline":"Cornimont\u00a0: le b\u00e2timent de la CCHV, du SIA et de la salle des f\u00eates a \u00e9t\u00e9 inaugur\u00e9","datePublished":"2022-12-02T16:18:02+00:00","dateModified":"2022-12-02T16:18:02+00:00","mainEntityOfPage":{"@id":"https:\/\/vosgesinfo.fr\/remiremontinfo\/2022\/12\/cornimont-batiment-de-cchv-sia-de-salle-fetes-a-ete-inaugure\/"},"wordCount":313,"commentCount":0,"publisher":{"@id":"https:\/\/vosgesinfo.fr\/remiremontinfo\/#organization"},"image":{"@id":"https:\/\/vosgesinfo.fr\/remiremontinfo\/2022\/12\/cornimont-batiment-de-cchv-sia-de-salle-fetes-a-ete-inaugure\/#primaryimage"},"thumbnailUrl":"https:\/\/vosgesinfo.fr\/app\/uploads\/sites\/5\/2024\/09\/202212dsc-0837.jpg","keywords":["CCHV","cornimont","inauguration sia","salle des f\u00eates","Vosges"],"articleSection":["A la Une","Cornimont","La Bresse &amp; son canton"],"inLanguage":"fr-FR","potentialAction":[{"@type":"CommentAction","name":"Comment","target":["https:\/\/vosgesinfo.fr\/remiremontinfo\/2022\/12\/cornimont-batiment-de-cchv-sia-de-salle-fetes-a-ete-inaugure\/#respond"]}]},{"@type":"WebPage","@id":"https:\/\/vosgesinfo.fr\/remiremontinfo\/2022\/12\/cornimont-batiment-de-cchv-sia-de-salle-fetes-a-ete-inaugure\/","url":"https:\/\/vosgesinfo.fr\/remiremontinfo\/2022\/12\/cornimont-batiment-de-cchv-sia-de-salle-fetes-a-ete-inaugure\/","name":"Cornimont\u00a0: le b\u00e2timent de la CCHV, du SIA et de la salle des f\u00eates a \u00e9t\u00e9 inaugur\u00e9 - Remiremont Info","isPartOf":{"@id":"https:\/\/vosgesinfo.fr\/remiremontinfo\/#website"},"primaryImageOfPage":{"@id":"https:\/\/vosgesinfo.fr\/remiremontinfo\/2022\/12\/cornimont-batiment-de-cchv-sia-de-salle-fetes-a-ete-inaugure\/#primaryimage"},"image":{"@id":"https:\/\/vosgesinfo.fr\/remiremontinfo\/2022\/12\/cornimont-batiment-de-cchv-sia-de-salle-fetes-a-ete-inaugure\/#primaryimage"},"thumbnailUrl":"https:\/\/vosgesinfo.fr\/app\/uploads\/sites\/5\/2024\/09\/202212dsc-0837.jpg","datePublished":"2022-12-02T16:18:02+00:00","dateModified":"2022-12-02T16:18:02+00:00","breadcrumb":{"@id":"https:\/\/vosgesinfo.fr\/remiremontinfo\/2022\/12\/cornimont-batiment-de-cchv-sia-de-salle-fetes-a-ete-inaugure\/#breadcrumb"},"inLanguage":"fr-FR","potentialAction":[{"@type":"ReadAction","target":["https:\/\/vosgesinfo.fr\/remiremontinfo\/2022\/12\/cornimont-batiment-de-cchv-sia-de-salle-fetes-a-ete-inaugure\/"]}]},{"@type":"ImageObject","inLanguage":"fr-FR","@id":"https:\/\/vosgesinfo.fr\/remiremontinfo\/2022\/12\/cornimont-batiment-de-cchv-sia-de-salle-fetes-a-ete-inaugure\/#primaryimage","url":"https:\/\/vosgesinfo.fr\/app\/uploads\/sites\/5\/2024\/09\/202212dsc-0837.jpg","contentUrl":"https:\/\/vosgesinfo.fr\/app\/uploads\/sites\/5\/2024\/09\/202212dsc-0837.jpg","width":1600,"height":1064},{"@type":"BreadcrumbList","@id":"https:\/\/vosgesinfo.fr\/remiremontinfo\/2022\/12\/cornimont-batiment-de-cchv-sia-de-salle-fetes-a-ete-inaugure\/#breadcrumb","itemListElement":[{"@type":"ListItem","position":1,"name":"Home","item":"https:\/\/vosgesinfo.fr\/remiremontinfo\/"},{"@type":"ListItem","position":2,"name":"Cornimont\u00a0: le b\u00e2timent de la CCHV, du SIA et de la salle des f\u00eates a \u00e9t\u00e9 inaugur\u00e9"}]},{"@type":"WebSite","@id":"https:\/\/vosgesinfo.fr\/remiremontinfo\/#website","url":"https:\/\/vosgesinfo.fr\/remiremontinfo\/","name":"Remiremont Info","description":"Toute l&#039;actualit\u00e9 de Remiremont","publisher":{"@id":"https:\/\/vosgesinfo.fr\/remiremontinfo\/#organization"},"alternateName":"Toute l'actualit\u00e9 de Remiremont","potentialAction":[{"@type":"SearchAction","target":{"@type":"EntryPoint","urlTemplate":"https:\/\/vosgesinfo.fr\/remiremontinfo\/?s={search_term_string}"},"query-input":"required name=search_term_string"}],"inLanguage":"fr-FR"},{"@type":"Organization","@id":"https:\/\/vosgesinfo.fr\/remiremontinfo\/#organization","name":"Remiremont Info","url":"https:\/\/vosgesinfo.fr\/remiremontinfo\/","logo":{"@type":"ImageObject","inLanguage":"fr-FR","@id":"https:\/\/vosgesinfo.fr\/remiremontinfo\/#\/schema\/logo\/image\/","url":"https:\/\/vosgesinfo.fr\/app\/uploads\/sites\/5\/2023\/08\/favicon-remiremontinfo.png","contentUrl":"https:\/\/vosgesinfo.fr\/app\/uploads\/sites\/5\/2023\/08\/favicon-remiremontinfo.png","width":512,"height":512,"caption":"Remiremont Info"},"image":{"@id":"https:\/\/vosgesinfo.fr\/remiremontinfo\/#\/schema\/logo\/image\/"},"sameAs":["https:\/\/www.facebook.com\/remiremontinfo","https:\/\/x.com\/VosgesInfo88","https:\/\/www.youtube.com\/@vosgesinfo"]},{"@type":"Person","@id":"https:\/\/vosgesinfo.fr\/remiremontinfo\/#\/schema\/person\/3bfd164d5218a185b1db68655a265316","name":"C D","image":{"@type":"ImageObject","inLanguage":"fr-FR","@id":"https:\/\/vosgesinfo.fr\/remiremontinfo\/#\/schema\/person\/image\/","url":"https:\/\/secure.gravatar.com\/avatar\/1f9a70007336511a47468b8f1c66f922b8b7cf617b02a31149ada43893a5d48f?s=96&d=mm&r=g","contentUrl":"https:\/\/secure.gravatar.com\/avatar\/1f9a70007336511a47468b8f1c66f922b8b7cf617b02a31149ada43893a5d48f?s=96&d=mm&r=g","caption":"C D"},"url":"https:\/\/vosgesinfo.fr\/remiremontinfo\/author\/cedric-drevet\/"}]}},"_links":{"self":[{"href":"https:\/\/vosgesinfo.fr\/remiremontinfo\/wp-json\/wp\/v2\/posts\/65225","targetHints":{"allow":["GET"]}}],"collection":[{"href":"https:\/\/vosgesinfo.fr\/remiremontinfo\/wp-json\/wp\/v2\/posts"}],"about":[{"href":"https:\/\/vosgesinfo.fr\/remiremontinfo\/wp-json\/wp\/v2\/types\/post"}],"author":[{"embeddable":true,"href":"https:\/\/vosgesinfo.fr\/remiremontinfo\/wp-json\/wp\/v2\/users\/407"}],"replies":[{"embeddable":true,"href":"https:\/\/vosgesinfo.fr\/remiremontinfo\/wp-json\/wp\/v2\/comments?post=65225"}],"version-history":[{"count":0,"href":"https:\/\/vosgesinfo.fr\/remiremontinfo\/wp-json\/wp\/v2\/posts\/65225\/revisions"}],"wp:featuredmedia":[{"embeddable":true,"href":"https:\/\/vosgesinfo.fr\/remiremontinfo\/wp-json\/wp\/v2\/media\/65226"}],"wp:attachment":[{"href":"https:\/\/vosgesinfo.fr\/remiremontinfo\/wp-json\/wp\/v2\/media?parent=65225"}],"wp:term":[{"taxonomy":"category","embeddable":true,"href":"https:\/\/vosgesinfo.fr\/remiremontinfo\/wp-json\/wp\/v2\/categories?post=65225"},{"taxonomy":"post_tag","embeddable":true,"href":"https:\/\/vosgesinfo.fr\/remiremontinfo\/wp-json\/wp\/v2\/tags?post=65225"}],"curies":[{"name":"wp","href":"https:\/\/api.w.org\/{rel}","templated":true}]}}