{"id":65250,"date":"2022-12-03T08:55:12","date_gmt":"2022-12-03T07:55:12","guid":{"rendered":"https:\/\/vosgesinfo.fr\/remiremontinfo\/2022\/12\/gastronomiam-deja-de-nombreux-gourmands-a-lespace-l-a-c\/"},"modified":"2022-12-03T08:55:12","modified_gmt":"2022-12-03T07:55:12","slug":"gastronomiam-deja-de-nombreux-gourmands-a-lespace-l-a-c","status":"publish","type":"post","link":"https:\/\/vosgesinfo.fr\/remiremontinfo\/2022\/12\/gastronomiam-deja-de-nombreux-gourmands-a-lespace-l-a-c\/","title":{"rendered":"Gastrono\u2019Miam : d\u00e9j\u00e0 de nombreux gourmands \u00e0 l\u2019Espace L.A.C"},"content":{"rendered":"<h3>Le traditionnel salon de la gastronomie, des vins et du terroir organis\u00e9 par l\u2019Office de Tourisme G\u00e9rardmer Hautes-Vosges s\u2019est ouvert hier apr\u00e8s-midi, avec quelques nouveaut\u00e9s et le retour tant attendu du d\u00eener.<\/h3>\n<p>Les derni\u00e8res \u00e9ditions avaient \u00e9t\u00e9 marqu\u00e9es par la crise sanitaire et ses cons\u00e9quences. Cette ann\u00e9e, organisateurs comme exposants\u00a0ont eu \u00e0 c\u0153ur de relancer ce bel \u00e9v\u00e9nement qui s\u00e9duit toujours autant de monde \u00e0 l\u2019approche des f\u00eates. L\u2019occasion de d\u00e9couvrir ou red\u00e9couvrir des produits de qualit\u00e9 venus des quatre coins de France (et m\u00eame au del\u00e0), de d\u00e9guster, avec mod\u00e9ration bien s\u00fbr, sur les conseils des exposants experts et de voyager au travers des sens. Vins, mousseux, charcuteries, fromages, confiseries, nougats, gaufres li\u00e9geoises\u2026 Avec cette ann\u00e9e de nouveaux stands autour des produits gourmands africains et tropicaux, et des produits de la ruche \u00e0 base de miel de sapin des Vosges.<\/p>\n<p class=\"wp-caption-text\">\n<p>&nbsp;<\/p>\n","protected":false},"excerpt":{"rendered":"<p>Le traditionnel salon de la gastronomie, des vins et du terroir organis\u00e9 par l\u2019Office de Tourisme G\u00e9rardmer Hautes-Vosges s\u2019est ouvert [&hellip;]<\/p>\n","protected":false},"author":407,"featured_media":65251,"comment_status":"open","ping_status":"open","sticky":false,"template":"","format":"standard","meta":{"footnotes":""},"categories":[26,120,18],"tags":[5155,63,32],"class_list":["post-65250","post","type-post","status-publish","format-standard","has-post-thumbnail","hentry","category-a-la-une","category-commerce","category-vosges","tag-gastronomiam","tag-gerardmer","tag-vosges"],"acf":[],"yoast_head":"<!-- This site is optimized with the Yoast SEO plugin v22.5 - https:\/\/yoast.com\/wordpress\/plugins\/seo\/ -->\n<title>Gastrono\u2019Miam : d\u00e9j\u00e0 de nombreux gourmands \u00e0 l\u2019Espace L.A.C - Remiremont Info<\/title>\n<meta name=\"robots\" content=\"index, follow, max-snippet:-1, max-image-preview:large, max-video-preview:-1\" \/>\n<link rel=\"canonical\" href=\"https:\/\/vosgesinfo.fr\/remiremontinfo\/2022\/12\/gastronomiam-deja-de-nombreux-gourmands-a-lespace-l-a-c\/\" \/>\n<meta name=\"twitter:card\" content=\"summary_large_image\" \/>\n<meta name=\"twitter:title\" content=\"Gastrono\u2019Miam : d\u00e9j\u00e0 de nombreux gourmands \u00e0 l\u2019Espace L.A.C - Remiremont Info\" \/>\n<meta name=\"twitter:description\" content=\"Le traditionnel salon de la gastronomie, des vins et du terroir organis\u00e9 par l\u2019Office de Tourisme G\u00e9rardmer Hautes-Vosges s\u2019est ouvert [&hellip;]\" \/>\n<meta name=\"twitter:image\" content=\"https:\/\/vosgesinfo.fr\/app\/uploads\/sites\/5\/2024\/09\/202212img-9012.jpg\" \/>\n<meta name=\"twitter:creator\" content=\"@VosgesInfo88\" \/>\n<meta name=\"twitter:site\" content=\"@VosgesInfo88\" \/>\n<meta name=\"twitter:label1\" content=\"\u00c9crit par\" \/>\n\t<meta name=\"twitter:data1\" content=\"C D\" \/>\n\t<meta name=\"twitter:label2\" content=\"Dur\u00e9e de lecture estim\u00e9e\" \/>\n\t<meta name=\"twitter:data2\" content=\"1 minute\" \/>\n<script type=\"application\/ld+json\" class=\"yoast-schema-graph\">{\"@context\":\"https:\/\/schema.org\",\"@graph\":[{\"@type\":\"Article\",\"@id\":\"https:\/\/vosgesinfo.fr\/remiremontinfo\/2022\/12\/gastronomiam-deja-de-nombreux-gourmands-a-lespace-l-a-c\/#article\",\"isPartOf\":{\"@id\":\"https:\/\/vosgesinfo.fr\/remiremontinfo\/2022\/12\/gastronomiam-deja-de-nombreux-gourmands-a-lespace-l-a-c\/\"},\"author\":{\"name\":\"C D\",\"@id\":\"https:\/\/vosgesinfo.fr\/remiremontinfo\/#\/schema\/person\/3bfd164d5218a185b1db68655a265316\"},\"headline\":\"Gastrono\u2019Miam : d\u00e9j\u00e0 de nombreux gourmands \u00e0 l\u2019Espace L.A.C\",\"datePublished\":\"2022-12-03T07:55:12+00:00\",\"dateModified\":\"2022-12-03T07:55:12+00:00\",\"mainEntityOfPage\":{\"@id\":\"https:\/\/vosgesinfo.fr\/remiremontinfo\/2022\/12\/gastronomiam-deja-de-nombreux-gourmands-a-lespace-l-a-c\/\"},\"wordCount\":176,\"commentCount\":0,\"publisher\":{\"@id\":\"https:\/\/vosgesinfo.fr\/remiremontinfo\/#organization\"},\"image\":{\"@id\":\"https:\/\/vosgesinfo.fr\/remiremontinfo\/2022\/12\/gastronomiam-deja-de-nombreux-gourmands-a-lespace-l-a-c\/#primaryimage\"},\"thumbnailUrl\":\"https:\/\/vosgesinfo.fr\/app\/uploads\/sites\/5\/2024\/09\/202212img-9012.jpg\",\"keywords\":[\"Gastrono\u2019Miam\",\"g\u00e9rardmer\",\"Vosges\"],\"articleSection\":[\"A la Une\",\"Commerce\",\"Vosges\"],\"inLanguage\":\"fr-FR\",\"potentialAction\":[{\"@type\":\"CommentAction\",\"name\":\"Comment\",\"target\":[\"https:\/\/vosgesinfo.fr\/remiremontinfo\/2022\/12\/gastronomiam-deja-de-nombreux-gourmands-a-lespace-l-a-c\/#respond\"]}]},{\"@type\":\"WebPage\",\"@id\":\"https:\/\/vosgesinfo.fr\/remiremontinfo\/2022\/12\/gastronomiam-deja-de-nombreux-gourmands-a-lespace-l-a-c\/\",\"url\":\"https:\/\/vosgesinfo.fr\/remiremontinfo\/2022\/12\/gastronomiam-deja-de-nombreux-gourmands-a-lespace-l-a-c\/\",\"name\":\"Gastrono\u2019Miam : d\u00e9j\u00e0 de nombreux gourmands \u00e0 l\u2019Espace L.A.C - Remiremont Info\",\"isPartOf\":{\"@id\":\"https:\/\/vosgesinfo.fr\/remiremontinfo\/#website\"},\"primaryImageOfPage\":{\"@id\":\"https:\/\/vosgesinfo.fr\/remiremontinfo\/2022\/12\/gastronomiam-deja-de-nombreux-gourmands-a-lespace-l-a-c\/#primaryimage\"},\"image\":{\"@id\":\"https:\/\/vosgesinfo.fr\/remiremontinfo\/2022\/12\/gastronomiam-deja-de-nombreux-gourmands-a-lespace-l-a-c\/#primaryimage\"},\"thumbnailUrl\":\"https:\/\/vosgesinfo.fr\/app\/uploads\/sites\/5\/2024\/09\/202212img-9012.jpg\",\"datePublished\":\"2022-12-03T07:55:12+00:00\",\"dateModified\":\"2022-12-03T07:55:12+00:00\",\"breadcrumb\":{\"@id\":\"https:\/\/vosgesinfo.fr\/remiremontinfo\/2022\/12\/gastronomiam-deja-de-nombreux-gourmands-a-lespace-l-a-c\/#breadcrumb\"},\"inLanguage\":\"fr-FR\",\"potentialAction\":[{\"@type\":\"ReadAction\",\"target\":[\"https:\/\/vosgesinfo.fr\/remiremontinfo\/2022\/12\/gastronomiam-deja-de-nombreux-gourmands-a-lespace-l-a-c\/\"]}]},{\"@type\":\"ImageObject\",\"inLanguage\":\"fr-FR\",\"@id\":\"https:\/\/vosgesinfo.fr\/remiremontinfo\/2022\/12\/gastronomiam-deja-de-nombreux-gourmands-a-lespace-l-a-c\/#primaryimage\",\"url\":\"https:\/\/vosgesinfo.fr\/app\/uploads\/sites\/5\/2024\/09\/202212img-9012.jpg\",\"contentUrl\":\"https:\/\/vosgesinfo.fr\/app\/uploads\/sites\/5\/2024\/09\/202212img-9012.jpg\",\"width\":1600,\"height\":1067},{\"@type\":\"BreadcrumbList\",\"@id\":\"https:\/\/vosgesinfo.fr\/remiremontinfo\/2022\/12\/gastronomiam-deja-de-nombreux-gourmands-a-lespace-l-a-c\/#breadcrumb\",\"itemListElement\":[{\"@type\":\"ListItem\",\"position\":1,\"name\":\"Home\",\"item\":\"https:\/\/vosgesinfo.fr\/remiremontinfo\/\"},{\"@type\":\"ListItem\",\"position\":2,\"name\":\"Gastrono\u2019Miam : d\u00e9j\u00e0 de nombreux gourmands \u00e0 l\u2019Espace L.A.C\"}]},{\"@type\":\"WebSite\",\"@id\":\"https:\/\/vosgesinfo.fr\/remiremontinfo\/#website\",\"url\":\"https:\/\/vosgesinfo.fr\/remiremontinfo\/\",\"name\":\"Remiremont Info\",\"description\":\"Toute l&#039;actualit\u00e9 de Remiremont\",\"publisher\":{\"@id\":\"https:\/\/vosgesinfo.fr\/remiremontinfo\/#organization\"},\"alternateName\":\"Toute l'actualit\u00e9 de Remiremont\",\"potentialAction\":[{\"@type\":\"SearchAction\",\"target\":{\"@type\":\"EntryPoint\",\"urlTemplate\":\"https:\/\/vosgesinfo.fr\/remiremontinfo\/?s={search_term_string}\"},\"query-input\":\"required name=search_term_string\"}],\"inLanguage\":\"fr-FR\"},{\"@type\":\"Organization\",\"@id\":\"https:\/\/vosgesinfo.fr\/remiremontinfo\/#organization\",\"name\":\"Remiremont Info\",\"url\":\"https:\/\/vosgesinfo.fr\/remiremontinfo\/\",\"logo\":{\"@type\":\"ImageObject\",\"inLanguage\":\"fr-FR\",\"@id\":\"https:\/\/vosgesinfo.fr\/remiremontinfo\/#\/schema\/logo\/image\/\",\"url\":\"https:\/\/vosgesinfo.fr\/app\/uploads\/sites\/5\/2023\/08\/favicon-remiremontinfo.png\",\"contentUrl\":\"https:\/\/vosgesinfo.fr\/app\/uploads\/sites\/5\/2023\/08\/favicon-remiremontinfo.png\",\"width\":512,\"height\":512,\"caption\":\"Remiremont Info\"},\"image\":{\"@id\":\"https:\/\/vosgesinfo.fr\/remiremontinfo\/#\/schema\/logo\/image\/\"},\"sameAs\":[\"https:\/\/www.facebook.com\/remiremontinfo\",\"https:\/\/x.com\/VosgesInfo88\",\"https:\/\/www.youtube.com\/@vosgesinfo\"]},{\"@type\":\"Person\",\"@id\":\"https:\/\/vosgesinfo.fr\/remiremontinfo\/#\/schema\/person\/3bfd164d5218a185b1db68655a265316\",\"name\":\"C D\",\"image\":{\"@type\":\"ImageObject\",\"inLanguage\":\"fr-FR\",\"@id\":\"https:\/\/vosgesinfo.fr\/remiremontinfo\/#\/schema\/person\/image\/\",\"url\":\"https:\/\/secure.gravatar.com\/avatar\/1f9a70007336511a47468b8f1c66f922b8b7cf617b02a31149ada43893a5d48f?s=96&d=mm&r=g\",\"contentUrl\":\"https:\/\/secure.gravatar.com\/avatar\/1f9a70007336511a47468b8f1c66f922b8b7cf617b02a31149ada43893a5d48f?s=96&d=mm&r=g\",\"caption\":\"C D\"},\"url\":\"https:\/\/vosgesinfo.fr\/remiremontinfo\/author\/cedric-drevet\/\"}]}<\/script>\n<!-- \/ Yoast SEO plugin. -->","yoast_head_json":{"title":"Gastrono\u2019Miam : d\u00e9j\u00e0 de nombreux gourmands \u00e0 l\u2019Espace L.A.C - Remiremont Info","robots":{"index":"index","follow":"follow","max-snippet":"max-snippet:-1","max-image-preview":"max-image-preview:large","max-video-preview":"max-video-preview:-1"},"canonical":"https:\/\/vosgesinfo.fr\/remiremontinfo\/2022\/12\/gastronomiam-deja-de-nombreux-gourmands-a-lespace-l-a-c\/","twitter_card":"summary_large_image","twitter_title":"Gastrono\u2019Miam : d\u00e9j\u00e0 de nombreux gourmands \u00e0 l\u2019Espace L.A.C - Remiremont Info","twitter_description":"Le traditionnel salon de la gastronomie, des vins et du terroir organis\u00e9 par l\u2019Office de Tourisme G\u00e9rardmer Hautes-Vosges s\u2019est ouvert [&hellip;]","twitter_image":"https:\/\/vosgesinfo.fr\/app\/uploads\/sites\/5\/2024\/09\/202212img-9012.jpg","twitter_creator":"@VosgesInfo88","twitter_site":"@VosgesInfo88","twitter_misc":{"\u00c9crit par":"C D","Dur\u00e9e de lecture estim\u00e9e":"1 minute"},"schema":{"@context":"https:\/\/schema.org","@graph":[{"@type":"Article","@id":"https:\/\/vosgesinfo.fr\/remiremontinfo\/2022\/12\/gastronomiam-deja-de-nombreux-gourmands-a-lespace-l-a-c\/#article","isPartOf":{"@id":"https:\/\/vosgesinfo.fr\/remiremontinfo\/2022\/12\/gastronomiam-deja-de-nombreux-gourmands-a-lespace-l-a-c\/"},"author":{"name":"C D","@id":"https:\/\/vosgesinfo.fr\/remiremontinfo\/#\/schema\/person\/3bfd164d5218a185b1db68655a265316"},"headline":"Gastrono\u2019Miam : d\u00e9j\u00e0 de nombreux gourmands \u00e0 l\u2019Espace L.A.C","datePublished":"2022-12-03T07:55:12+00:00","dateModified":"2022-12-03T07:55:12+00:00","mainEntityOfPage":{"@id":"https:\/\/vosgesinfo.fr\/remiremontinfo\/2022\/12\/gastronomiam-deja-de-nombreux-gourmands-a-lespace-l-a-c\/"},"wordCount":176,"commentCount":0,"publisher":{"@id":"https:\/\/vosgesinfo.fr\/remiremontinfo\/#organization"},"image":{"@id":"https:\/\/vosgesinfo.fr\/remiremontinfo\/2022\/12\/gastronomiam-deja-de-nombreux-gourmands-a-lespace-l-a-c\/#primaryimage"},"thumbnailUrl":"https:\/\/vosgesinfo.fr\/app\/uploads\/sites\/5\/2024\/09\/202212img-9012.jpg","keywords":["Gastrono\u2019Miam","g\u00e9rardmer","Vosges"],"articleSection":["A la Une","Commerce","Vosges"],"inLanguage":"fr-FR","potentialAction":[{"@type":"CommentAction","name":"Comment","target":["https:\/\/vosgesinfo.fr\/remiremontinfo\/2022\/12\/gastronomiam-deja-de-nombreux-gourmands-a-lespace-l-a-c\/#respond"]}]},{"@type":"WebPage","@id":"https:\/\/vosgesinfo.fr\/remiremontinfo\/2022\/12\/gastronomiam-deja-de-nombreux-gourmands-a-lespace-l-a-c\/","url":"https:\/\/vosgesinfo.fr\/remiremontinfo\/2022\/12\/gastronomiam-deja-de-nombreux-gourmands-a-lespace-l-a-c\/","name":"Gastrono\u2019Miam : d\u00e9j\u00e0 de nombreux gourmands \u00e0 l\u2019Espace L.A.C - Remiremont Info","isPartOf":{"@id":"https:\/\/vosgesinfo.fr\/remiremontinfo\/#website"},"primaryImageOfPage":{"@id":"https:\/\/vosgesinfo.fr\/remiremontinfo\/2022\/12\/gastronomiam-deja-de-nombreux-gourmands-a-lespace-l-a-c\/#primaryimage"},"image":{"@id":"https:\/\/vosgesinfo.fr\/remiremontinfo\/2022\/12\/gastronomiam-deja-de-nombreux-gourmands-a-lespace-l-a-c\/#primaryimage"},"thumbnailUrl":"https:\/\/vosgesinfo.fr\/app\/uploads\/sites\/5\/2024\/09\/202212img-9012.jpg","datePublished":"2022-12-03T07:55:12+00:00","dateModified":"2022-12-03T07:55:12+00:00","breadcrumb":{"@id":"https:\/\/vosgesinfo.fr\/remiremontinfo\/2022\/12\/gastronomiam-deja-de-nombreux-gourmands-a-lespace-l-a-c\/#breadcrumb"},"inLanguage":"fr-FR","potentialAction":[{"@type":"ReadAction","target":["https:\/\/vosgesinfo.fr\/remiremontinfo\/2022\/12\/gastronomiam-deja-de-nombreux-gourmands-a-lespace-l-a-c\/"]}]},{"@type":"ImageObject","inLanguage":"fr-FR","@id":"https:\/\/vosgesinfo.fr\/remiremontinfo\/2022\/12\/gastronomiam-deja-de-nombreux-gourmands-a-lespace-l-a-c\/#primaryimage","url":"https:\/\/vosgesinfo.fr\/app\/uploads\/sites\/5\/2024\/09\/202212img-9012.jpg","contentUrl":"https:\/\/vosgesinfo.fr\/app\/uploads\/sites\/5\/2024\/09\/202212img-9012.jpg","width":1600,"height":1067},{"@type":"BreadcrumbList","@id":"https:\/\/vosgesinfo.fr\/remiremontinfo\/2022\/12\/gastronomiam-deja-de-nombreux-gourmands-a-lespace-l-a-c\/#breadcrumb","itemListElement":[{"@type":"ListItem","position":1,"name":"Home","item":"https:\/\/vosgesinfo.fr\/remiremontinfo\/"},{"@type":"ListItem","position":2,"name":"Gastrono\u2019Miam : d\u00e9j\u00e0 de nombreux gourmands \u00e0 l\u2019Espace L.A.C"}]},{"@type":"WebSite","@id":"https:\/\/vosgesinfo.fr\/remiremontinfo\/#website","url":"https:\/\/vosgesinfo.fr\/remiremontinfo\/","name":"Remiremont Info","description":"Toute l&#039;actualit\u00e9 de Remiremont","publisher":{"@id":"https:\/\/vosgesinfo.fr\/remiremontinfo\/#organization"},"alternateName":"Toute l'actualit\u00e9 de Remiremont","potentialAction":[{"@type":"SearchAction","target":{"@type":"EntryPoint","urlTemplate":"https:\/\/vosgesinfo.fr\/remiremontinfo\/?s={search_term_string}"},"query-input":"required name=search_term_string"}],"inLanguage":"fr-FR"},{"@type":"Organization","@id":"https:\/\/vosgesinfo.fr\/remiremontinfo\/#organization","name":"Remiremont Info","url":"https:\/\/vosgesinfo.fr\/remiremontinfo\/","logo":{"@type":"ImageObject","inLanguage":"fr-FR","@id":"https:\/\/vosgesinfo.fr\/remiremontinfo\/#\/schema\/logo\/image\/","url":"https:\/\/vosgesinfo.fr\/app\/uploads\/sites\/5\/2023\/08\/favicon-remiremontinfo.png","contentUrl":"https:\/\/vosgesinfo.fr\/app\/uploads\/sites\/5\/2023\/08\/favicon-remiremontinfo.png","width":512,"height":512,"caption":"Remiremont Info"},"image":{"@id":"https:\/\/vosgesinfo.fr\/remiremontinfo\/#\/schema\/logo\/image\/"},"sameAs":["https:\/\/www.facebook.com\/remiremontinfo","https:\/\/x.com\/VosgesInfo88","https:\/\/www.youtube.com\/@vosgesinfo"]},{"@type":"Person","@id":"https:\/\/vosgesinfo.fr\/remiremontinfo\/#\/schema\/person\/3bfd164d5218a185b1db68655a265316","name":"C D","image":{"@type":"ImageObject","inLanguage":"fr-FR","@id":"https:\/\/vosgesinfo.fr\/remiremontinfo\/#\/schema\/person\/image\/","url":"https:\/\/secure.gravatar.com\/avatar\/1f9a70007336511a47468b8f1c66f922b8b7cf617b02a31149ada43893a5d48f?s=96&d=mm&r=g","contentUrl":"https:\/\/secure.gravatar.com\/avatar\/1f9a70007336511a47468b8f1c66f922b8b7cf617b02a31149ada43893a5d48f?s=96&d=mm&r=g","caption":"C D"},"url":"https:\/\/vosgesinfo.fr\/remiremontinfo\/author\/cedric-drevet\/"}]}},"_links":{"self":[{"href":"https:\/\/vosgesinfo.fr\/remiremontinfo\/wp-json\/wp\/v2\/posts\/65250","targetHints":{"allow":["GET"]}}],"collection":[{"href":"https:\/\/vosgesinfo.fr\/remiremontinfo\/wp-json\/wp\/v2\/posts"}],"about":[{"href":"https:\/\/vosgesinfo.fr\/remiremontinfo\/wp-json\/wp\/v2\/types\/post"}],"author":[{"embeddable":true,"href":"https:\/\/vosgesinfo.fr\/remiremontinfo\/wp-json\/wp\/v2\/users\/407"}],"replies":[{"embeddable":true,"href":"https:\/\/vosgesinfo.fr\/remiremontinfo\/wp-json\/wp\/v2\/comments?post=65250"}],"version-history":[{"count":0,"href":"https:\/\/vosgesinfo.fr\/remiremontinfo\/wp-json\/wp\/v2\/posts\/65250\/revisions"}],"wp:featuredmedia":[{"embeddable":true,"href":"https:\/\/vosgesinfo.fr\/remiremontinfo\/wp-json\/wp\/v2\/media\/65251"}],"wp:attachment":[{"href":"https:\/\/vosgesinfo.fr\/remiremontinfo\/wp-json\/wp\/v2\/media?parent=65250"}],"wp:term":[{"taxonomy":"category","embeddable":true,"href":"https:\/\/vosgesinfo.fr\/remiremontinfo\/wp-json\/wp\/v2\/categories?post=65250"},{"taxonomy":"post_tag","embeddable":true,"href":"https:\/\/vosgesinfo.fr\/remiremontinfo\/wp-json\/wp\/v2\/tags?post=65250"}],"curies":[{"name":"wp","href":"https:\/\/api.w.org\/{rel}","templated":true}]}}