{"id":65259,"date":"2022-12-03T08:26:11","date_gmt":"2022-12-03T07:26:11","guid":{"rendered":"https:\/\/vosgesinfo.fr\/remiremontinfo\/2022\/12\/saint-nicolas-defilera-samedi-rues-de-plombieres\/"},"modified":"2022-12-03T08:26:11","modified_gmt":"2022-12-03T07:26:11","slug":"saint-nicolas-defilera-samedi-rues-de-plombieres","status":"publish","type":"post","link":"https:\/\/vosgesinfo.fr\/remiremontinfo\/2022\/12\/saint-nicolas-defilera-samedi-rues-de-plombieres\/","title":{"rendered":"Saint-Nicolas d\u00e9filera ce samedi dans les rues de Plombi\u00e8res"},"content":{"rendered":"<div class=\"x11i5rnm xat24cr x1mh8g0r x1vvkbs xdj266r x126k92a\">\n<h2 dir=\"auto\"><a href=\"\/2020\/12\/D5357CB9-2B9E-4D9F-93F5-D19C4BBAC63E.jpg\"><img decoding=\"async\" class=\"alignnone size-full wp-image-303551\" src=\"\/2020\/12\/D5357CB9-2B9E-4D9F-93F5-D19C4BBAC63E.jpg\" alt=\"saint nicolas plombi\u00e8res\" width=\"800\" height=\"605\" \/><\/a><\/h2>\n<h2 dir=\"auto\"><span style=\"font-size: 12pt;\"><strong>Saint-Nicolas s&rsquo;invite ce samedi \u00e0 Plombi\u00e8res.\u00a0D\u00e9couvrez le programme du March\u00e9 de No\u00ebl ce week-end du 3 et 4 d\u00e9cembre. Petits et grands, rem\u00e9morez-vous la l\u00e9gende de Saint-Nicolas en son et en lumi\u00e8re, rencontrez le patron de la Lorraine et assistez au traditionnel d\u00e9fil\u00e9 du grand saint.<\/strong><\/span><\/h2>\n<\/div>\n<div class=\"x11i5rnm xat24cr x1mh8g0r x1vvkbs xtlvy1s x126k92a\">\n<div dir=\"auto\">Tout le week-end<\/div>\n<div dir=\"auto\">&#8211;\u00a0D\u00e9fil\u00e9 de Saint-Nicolas au d\u00e9part de la rue Fulton \u00e0 17h.<\/div>\n<div dir=\"auto\">&#8211;\u00a0Pierre et Marie vous font d\u00e9couvrir les douces m\u00e9lodies de notre instrument de musique traditionnel populaire typique de notre r\u00e9gion : l&rsquo;\u00e9pinette des Vosges.<\/div>\n<div dir=\"auto\">&#8211;\u00a0Animation des rues par les danseurs du groupe folklorique portugais Os Lusos.<\/div>\n<div dir=\"auto\">&#8211;\u00a0Glaner, d\u00e9goter, chiner, fureter\u2026 La Galerie des bains se transforme en succursale du P\u00e8re No\u00ebl, avec cr\u00e9ations originales et brocante de No\u00ebl.<\/div>\n<\/div>\n<div class=\"x11i5rnm xat24cr x1mh8g0r x1vvkbs xtlvy1s x126k92a\">\n<div dir=\"auto\"><\/div>\n<div dir=\"auto\">Samedi<\/div>\n<div dir=\"auto\">&#8211; Remise du prix Saint-Nicolas du conte de No\u00ebl et d\u00e9dicaces \u00e0 l&rsquo;office de tourisme, \u00e0 partir de 14h.<\/div>\n<div dir=\"auto\">&#8211;\u00a0Animation des rues par les musiciens de la ville jumel\u00e9e de Rickenbach (Bade-Wurtemberg, Allemagne).<\/div>\n<\/div>\n<div class=\"x11i5rnm xat24cr x1mh8g0r x1vvkbs xtlvy1s x126k92a\">\n<div dir=\"auto\"><\/div>\n<div dir=\"auto\">Dimanche<\/div>\n<div dir=\"auto\">&#8211;\u00a0Animation des rues par la fanfare L&rsquo;Avenir de Hadol et la batterie fanfare du Cercle du XVII.<\/div>\n<div dir=\"auto\">&#8211;\u00a0Le grand d\u00e9fi du T\u00e9l\u00e9thon : monter 1 millions de marche !<\/div>\n<\/div>\n<div class=\"x11i5rnm xat24cr x1mh8g0r x1vvkbs xtlvy1s x126k92a\">\n<div dir=\"auto\"><\/div>\n<div dir=\"auto\">Programme complet sur\u00a0<a class=\"x1i10hfl xjbqb8w x6umtig x1b1mbwd xaqea5y xav7gou x9f619 x1ypdohk xt0psk2 xe8uvvx xdj266r x11i5rnm xat24cr x1mh8g0r xexx8yu x4uap5 x18d9i69 xkhd6sd x16tdsg8 x1hl2dhg xggy1nq x1a2a7pz xt0b8zv x1fey0fg\" tabindex=\"0\" href=\"http:\/\/www.tourisme-remiremont-plombieres.com\/le-marche-de-noel-dantan-2022-a-plombieres-les-bains?fbclid=IwAR3Um6iFw6mWBFUUzlGNojDoTWP-f9E-PhOgH-VV0kUd2z5c7Wrxk2DHOXM\" target=\"_blank\" rel=\"nofollow noopener\">http:\/\/www.tourisme-remiremont-plombieres.com\/le-marche&#8230;<\/a><\/div>\n<\/div>\n<div dir=\"auto\"><\/div>\n<div dir=\"auto\"><span style=\"font-size: 10pt;\"><em>Source :\u00a0<a href=\"https:\/\/www.facebook.com\/RemiremontPlombieresTourisme\">Remiremont Plombi\u00e8res-les-Bains Tourisme<\/a><\/em><\/span><\/div>\n","protected":false},"excerpt":{"rendered":"<p>Saint-Nicolas s&rsquo;invite ce samedi \u00e0 Plombi\u00e8res.\u00a0D\u00e9couvrez le programme du March\u00e9 de No\u00ebl ce week-end du 3 et 4 d\u00e9cembre. Petits [&hellip;]<\/p>\n","protected":false},"author":407,"featured_media":65260,"comment_status":"open","ping_status":"open","sticky":false,"template":"","format":"standard","meta":{"footnotes":""},"categories":[26,124,82,102],"tags":[460,103,367],"class_list":["post-65259","post","type-post","status-publish","format-standard","has-post-thumbnail","hentry","category-a-la-une","category-fetes","category-le-val-dajol-son-canton","category-plombieres-les-bains","tag-marche-de-noel","tag-plombieres","tag-saint-nicolas"],"acf":[],"yoast_head":"<!-- This site is optimized with the Yoast SEO plugin v22.5 - https:\/\/yoast.com\/wordpress\/plugins\/seo\/ -->\n<title>Saint-Nicolas d\u00e9filera ce samedi dans les rues de Plombi\u00e8res - Remiremont Info<\/title>\n<meta name=\"robots\" content=\"index, follow, max-snippet:-1, max-image-preview:large, max-video-preview:-1\" \/>\n<link rel=\"canonical\" href=\"https:\/\/vosgesinfo.fr\/remiremontinfo\/2022\/12\/saint-nicolas-defilera-samedi-rues-de-plombieres\/\" \/>\n<meta name=\"twitter:card\" content=\"summary_large_image\" \/>\n<meta name=\"twitter:title\" content=\"Saint-Nicolas d\u00e9filera ce samedi dans les rues de Plombi\u00e8res - Remiremont Info\" \/>\n<meta name=\"twitter:description\" content=\"Saint-Nicolas s&rsquo;invite ce samedi \u00e0 Plombi\u00e8res.\u00a0D\u00e9couvrez le programme du March\u00e9 de No\u00ebl ce week-end du 3 et 4 d\u00e9cembre. Petits [&hellip;]\" \/>\n<meta name=\"twitter:image\" content=\"https:\/\/vosgesinfo.fr\/app\/uploads\/sites\/5\/2024\/09\/202012d5357cb9-2b9e-4d9f-93f5-d19c4bbac63e-1.jpg\" \/>\n<meta name=\"twitter:creator\" content=\"@VosgesInfo88\" \/>\n<meta name=\"twitter:site\" content=\"@VosgesInfo88\" \/>\n<meta name=\"twitter:label1\" content=\"\u00c9crit par\" \/>\n\t<meta name=\"twitter:data1\" content=\"C D\" \/>\n\t<meta name=\"twitter:label2\" content=\"Dur\u00e9e de lecture estim\u00e9e\" \/>\n\t<meta name=\"twitter:data2\" content=\"1 minute\" \/>\n<script type=\"application\/ld+json\" class=\"yoast-schema-graph\">{\"@context\":\"https:\/\/schema.org\",\"@graph\":[{\"@type\":\"Article\",\"@id\":\"https:\/\/vosgesinfo.fr\/remiremontinfo\/2022\/12\/saint-nicolas-defilera-samedi-rues-de-plombieres\/#article\",\"isPartOf\":{\"@id\":\"https:\/\/vosgesinfo.fr\/remiremontinfo\/2022\/12\/saint-nicolas-defilera-samedi-rues-de-plombieres\/\"},\"author\":{\"name\":\"C D\",\"@id\":\"https:\/\/vosgesinfo.fr\/remiremontinfo\/#\/schema\/person\/3bfd164d5218a185b1db68655a265316\"},\"headline\":\"Saint-Nicolas d\u00e9filera ce samedi dans les rues de Plombi\u00e8res\",\"datePublished\":\"2022-12-03T07:26:11+00:00\",\"dateModified\":\"2022-12-03T07:26:11+00:00\",\"mainEntityOfPage\":{\"@id\":\"https:\/\/vosgesinfo.fr\/remiremontinfo\/2022\/12\/saint-nicolas-defilera-samedi-rues-de-plombieres\/\"},\"wordCount\":232,\"commentCount\":0,\"publisher\":{\"@id\":\"https:\/\/vosgesinfo.fr\/remiremontinfo\/#organization\"},\"image\":{\"@id\":\"https:\/\/vosgesinfo.fr\/remiremontinfo\/2022\/12\/saint-nicolas-defilera-samedi-rues-de-plombieres\/#primaryimage\"},\"thumbnailUrl\":\"https:\/\/vosgesinfo.fr\/app\/uploads\/sites\/5\/2024\/09\/202012d5357cb9-2b9e-4d9f-93f5-d19c4bbac63e-1.jpg\",\"keywords\":[\"MARCHE DE NOEL\",\"plombieres\",\"Saint-Nicolas\"],\"articleSection\":[\"A la Une\",\"F\u00eates\",\"Le Val-d'Ajol &amp; son canton\",\"Plombi\u00e8res-l\u00e8s-Bains\"],\"inLanguage\":\"fr-FR\",\"potentialAction\":[{\"@type\":\"CommentAction\",\"name\":\"Comment\",\"target\":[\"https:\/\/vosgesinfo.fr\/remiremontinfo\/2022\/12\/saint-nicolas-defilera-samedi-rues-de-plombieres\/#respond\"]}]},{\"@type\":\"WebPage\",\"@id\":\"https:\/\/vosgesinfo.fr\/remiremontinfo\/2022\/12\/saint-nicolas-defilera-samedi-rues-de-plombieres\/\",\"url\":\"https:\/\/vosgesinfo.fr\/remiremontinfo\/2022\/12\/saint-nicolas-defilera-samedi-rues-de-plombieres\/\",\"name\":\"Saint-Nicolas d\u00e9filera ce samedi dans les rues de Plombi\u00e8res - Remiremont Info\",\"isPartOf\":{\"@id\":\"https:\/\/vosgesinfo.fr\/remiremontinfo\/#website\"},\"primaryImageOfPage\":{\"@id\":\"https:\/\/vosgesinfo.fr\/remiremontinfo\/2022\/12\/saint-nicolas-defilera-samedi-rues-de-plombieres\/#primaryimage\"},\"image\":{\"@id\":\"https:\/\/vosgesinfo.fr\/remiremontinfo\/2022\/12\/saint-nicolas-defilera-samedi-rues-de-plombieres\/#primaryimage\"},\"thumbnailUrl\":\"https:\/\/vosgesinfo.fr\/app\/uploads\/sites\/5\/2024\/09\/202012d5357cb9-2b9e-4d9f-93f5-d19c4bbac63e-1.jpg\",\"datePublished\":\"2022-12-03T07:26:11+00:00\",\"dateModified\":\"2022-12-03T07:26:11+00:00\",\"breadcrumb\":{\"@id\":\"https:\/\/vosgesinfo.fr\/remiremontinfo\/2022\/12\/saint-nicolas-defilera-samedi-rues-de-plombieres\/#breadcrumb\"},\"inLanguage\":\"fr-FR\",\"potentialAction\":[{\"@type\":\"ReadAction\",\"target\":[\"https:\/\/vosgesinfo.fr\/remiremontinfo\/2022\/12\/saint-nicolas-defilera-samedi-rues-de-plombieres\/\"]}]},{\"@type\":\"ImageObject\",\"inLanguage\":\"fr-FR\",\"@id\":\"https:\/\/vosgesinfo.fr\/remiremontinfo\/2022\/12\/saint-nicolas-defilera-samedi-rues-de-plombieres\/#primaryimage\",\"url\":\"https:\/\/vosgesinfo.fr\/app\/uploads\/sites\/5\/2024\/09\/202012d5357cb9-2b9e-4d9f-93f5-d19c4bbac63e-1.jpg\",\"contentUrl\":\"https:\/\/vosgesinfo.fr\/app\/uploads\/sites\/5\/2024\/09\/202012d5357cb9-2b9e-4d9f-93f5-d19c4bbac63e-1.jpg\",\"width\":800,\"height\":605},{\"@type\":\"BreadcrumbList\",\"@id\":\"https:\/\/vosgesinfo.fr\/remiremontinfo\/2022\/12\/saint-nicolas-defilera-samedi-rues-de-plombieres\/#breadcrumb\",\"itemListElement\":[{\"@type\":\"ListItem\",\"position\":1,\"name\":\"Home\",\"item\":\"https:\/\/vosgesinfo.fr\/remiremontinfo\/\"},{\"@type\":\"ListItem\",\"position\":2,\"name\":\"Saint-Nicolas d\u00e9filera ce samedi dans les rues de Plombi\u00e8res\"}]},{\"@type\":\"WebSite\",\"@id\":\"https:\/\/vosgesinfo.fr\/remiremontinfo\/#website\",\"url\":\"https:\/\/vosgesinfo.fr\/remiremontinfo\/\",\"name\":\"Remiremont Info\",\"description\":\"Toute l&#039;actualit\u00e9 de Remiremont\",\"publisher\":{\"@id\":\"https:\/\/vosgesinfo.fr\/remiremontinfo\/#organization\"},\"alternateName\":\"Toute l'actualit\u00e9 de Remiremont\",\"potentialAction\":[{\"@type\":\"SearchAction\",\"target\":{\"@type\":\"EntryPoint\",\"urlTemplate\":\"https:\/\/vosgesinfo.fr\/remiremontinfo\/?s={search_term_string}\"},\"query-input\":\"required name=search_term_string\"}],\"inLanguage\":\"fr-FR\"},{\"@type\":\"Organization\",\"@id\":\"https:\/\/vosgesinfo.fr\/remiremontinfo\/#organization\",\"name\":\"Remiremont Info\",\"url\":\"https:\/\/vosgesinfo.fr\/remiremontinfo\/\",\"logo\":{\"@type\":\"ImageObject\",\"inLanguage\":\"fr-FR\",\"@id\":\"https:\/\/vosgesinfo.fr\/remiremontinfo\/#\/schema\/logo\/image\/\",\"url\":\"https:\/\/vosgesinfo.fr\/app\/uploads\/sites\/5\/2023\/08\/favicon-remiremontinfo.png\",\"contentUrl\":\"https:\/\/vosgesinfo.fr\/app\/uploads\/sites\/5\/2023\/08\/favicon-remiremontinfo.png\",\"width\":512,\"height\":512,\"caption\":\"Remiremont Info\"},\"image\":{\"@id\":\"https:\/\/vosgesinfo.fr\/remiremontinfo\/#\/schema\/logo\/image\/\"},\"sameAs\":[\"https:\/\/www.facebook.com\/remiremontinfo\",\"https:\/\/x.com\/VosgesInfo88\",\"https:\/\/www.youtube.com\/@vosgesinfo\"]},{\"@type\":\"Person\",\"@id\":\"https:\/\/vosgesinfo.fr\/remiremontinfo\/#\/schema\/person\/3bfd164d5218a185b1db68655a265316\",\"name\":\"C D\",\"image\":{\"@type\":\"ImageObject\",\"inLanguage\":\"fr-FR\",\"@id\":\"https:\/\/vosgesinfo.fr\/remiremontinfo\/#\/schema\/person\/image\/\",\"url\":\"https:\/\/secure.gravatar.com\/avatar\/1f9a70007336511a47468b8f1c66f922b8b7cf617b02a31149ada43893a5d48f?s=96&d=mm&r=g\",\"contentUrl\":\"https:\/\/secure.gravatar.com\/avatar\/1f9a70007336511a47468b8f1c66f922b8b7cf617b02a31149ada43893a5d48f?s=96&d=mm&r=g\",\"caption\":\"C D\"},\"url\":\"https:\/\/vosgesinfo.fr\/remiremontinfo\/author\/cedric-drevet\/\"}]}<\/script>\n<!-- \/ Yoast SEO plugin. -->","yoast_head_json":{"title":"Saint-Nicolas d\u00e9filera ce samedi dans les rues de Plombi\u00e8res - Remiremont Info","robots":{"index":"index","follow":"follow","max-snippet":"max-snippet:-1","max-image-preview":"max-image-preview:large","max-video-preview":"max-video-preview:-1"},"canonical":"https:\/\/vosgesinfo.fr\/remiremontinfo\/2022\/12\/saint-nicolas-defilera-samedi-rues-de-plombieres\/","twitter_card":"summary_large_image","twitter_title":"Saint-Nicolas d\u00e9filera ce samedi dans les rues de Plombi\u00e8res - Remiremont Info","twitter_description":"Saint-Nicolas s&rsquo;invite ce samedi \u00e0 Plombi\u00e8res.\u00a0D\u00e9couvrez le programme du March\u00e9 de No\u00ebl ce week-end du 3 et 4 d\u00e9cembre. Petits [&hellip;]","twitter_image":"https:\/\/vosgesinfo.fr\/app\/uploads\/sites\/5\/2024\/09\/202012d5357cb9-2b9e-4d9f-93f5-d19c4bbac63e-1.jpg","twitter_creator":"@VosgesInfo88","twitter_site":"@VosgesInfo88","twitter_misc":{"\u00c9crit par":"C D","Dur\u00e9e de lecture estim\u00e9e":"1 minute"},"schema":{"@context":"https:\/\/schema.org","@graph":[{"@type":"Article","@id":"https:\/\/vosgesinfo.fr\/remiremontinfo\/2022\/12\/saint-nicolas-defilera-samedi-rues-de-plombieres\/#article","isPartOf":{"@id":"https:\/\/vosgesinfo.fr\/remiremontinfo\/2022\/12\/saint-nicolas-defilera-samedi-rues-de-plombieres\/"},"author":{"name":"C D","@id":"https:\/\/vosgesinfo.fr\/remiremontinfo\/#\/schema\/person\/3bfd164d5218a185b1db68655a265316"},"headline":"Saint-Nicolas d\u00e9filera ce samedi dans les rues de Plombi\u00e8res","datePublished":"2022-12-03T07:26:11+00:00","dateModified":"2022-12-03T07:26:11+00:00","mainEntityOfPage":{"@id":"https:\/\/vosgesinfo.fr\/remiremontinfo\/2022\/12\/saint-nicolas-defilera-samedi-rues-de-plombieres\/"},"wordCount":232,"commentCount":0,"publisher":{"@id":"https:\/\/vosgesinfo.fr\/remiremontinfo\/#organization"},"image":{"@id":"https:\/\/vosgesinfo.fr\/remiremontinfo\/2022\/12\/saint-nicolas-defilera-samedi-rues-de-plombieres\/#primaryimage"},"thumbnailUrl":"https:\/\/vosgesinfo.fr\/app\/uploads\/sites\/5\/2024\/09\/202012d5357cb9-2b9e-4d9f-93f5-d19c4bbac63e-1.jpg","keywords":["MARCHE DE NOEL","plombieres","Saint-Nicolas"],"articleSection":["A la Une","F\u00eates","Le Val-d'Ajol &amp; son canton","Plombi\u00e8res-l\u00e8s-Bains"],"inLanguage":"fr-FR","potentialAction":[{"@type":"CommentAction","name":"Comment","target":["https:\/\/vosgesinfo.fr\/remiremontinfo\/2022\/12\/saint-nicolas-defilera-samedi-rues-de-plombieres\/#respond"]}]},{"@type":"WebPage","@id":"https:\/\/vosgesinfo.fr\/remiremontinfo\/2022\/12\/saint-nicolas-defilera-samedi-rues-de-plombieres\/","url":"https:\/\/vosgesinfo.fr\/remiremontinfo\/2022\/12\/saint-nicolas-defilera-samedi-rues-de-plombieres\/","name":"Saint-Nicolas d\u00e9filera ce samedi dans les rues de Plombi\u00e8res - Remiremont Info","isPartOf":{"@id":"https:\/\/vosgesinfo.fr\/remiremontinfo\/#website"},"primaryImageOfPage":{"@id":"https:\/\/vosgesinfo.fr\/remiremontinfo\/2022\/12\/saint-nicolas-defilera-samedi-rues-de-plombieres\/#primaryimage"},"image":{"@id":"https:\/\/vosgesinfo.fr\/remiremontinfo\/2022\/12\/saint-nicolas-defilera-samedi-rues-de-plombieres\/#primaryimage"},"thumbnailUrl":"https:\/\/vosgesinfo.fr\/app\/uploads\/sites\/5\/2024\/09\/202012d5357cb9-2b9e-4d9f-93f5-d19c4bbac63e-1.jpg","datePublished":"2022-12-03T07:26:11+00:00","dateModified":"2022-12-03T07:26:11+00:00","breadcrumb":{"@id":"https:\/\/vosgesinfo.fr\/remiremontinfo\/2022\/12\/saint-nicolas-defilera-samedi-rues-de-plombieres\/#breadcrumb"},"inLanguage":"fr-FR","potentialAction":[{"@type":"ReadAction","target":["https:\/\/vosgesinfo.fr\/remiremontinfo\/2022\/12\/saint-nicolas-defilera-samedi-rues-de-plombieres\/"]}]},{"@type":"ImageObject","inLanguage":"fr-FR","@id":"https:\/\/vosgesinfo.fr\/remiremontinfo\/2022\/12\/saint-nicolas-defilera-samedi-rues-de-plombieres\/#primaryimage","url":"https:\/\/vosgesinfo.fr\/app\/uploads\/sites\/5\/2024\/09\/202012d5357cb9-2b9e-4d9f-93f5-d19c4bbac63e-1.jpg","contentUrl":"https:\/\/vosgesinfo.fr\/app\/uploads\/sites\/5\/2024\/09\/202012d5357cb9-2b9e-4d9f-93f5-d19c4bbac63e-1.jpg","width":800,"height":605},{"@type":"BreadcrumbList","@id":"https:\/\/vosgesinfo.fr\/remiremontinfo\/2022\/12\/saint-nicolas-defilera-samedi-rues-de-plombieres\/#breadcrumb","itemListElement":[{"@type":"ListItem","position":1,"name":"Home","item":"https:\/\/vosgesinfo.fr\/remiremontinfo\/"},{"@type":"ListItem","position":2,"name":"Saint-Nicolas d\u00e9filera ce samedi dans les rues de Plombi\u00e8res"}]},{"@type":"WebSite","@id":"https:\/\/vosgesinfo.fr\/remiremontinfo\/#website","url":"https:\/\/vosgesinfo.fr\/remiremontinfo\/","name":"Remiremont Info","description":"Toute l&#039;actualit\u00e9 de Remiremont","publisher":{"@id":"https:\/\/vosgesinfo.fr\/remiremontinfo\/#organization"},"alternateName":"Toute l'actualit\u00e9 de Remiremont","potentialAction":[{"@type":"SearchAction","target":{"@type":"EntryPoint","urlTemplate":"https:\/\/vosgesinfo.fr\/remiremontinfo\/?s={search_term_string}"},"query-input":"required name=search_term_string"}],"inLanguage":"fr-FR"},{"@type":"Organization","@id":"https:\/\/vosgesinfo.fr\/remiremontinfo\/#organization","name":"Remiremont Info","url":"https:\/\/vosgesinfo.fr\/remiremontinfo\/","logo":{"@type":"ImageObject","inLanguage":"fr-FR","@id":"https:\/\/vosgesinfo.fr\/remiremontinfo\/#\/schema\/logo\/image\/","url":"https:\/\/vosgesinfo.fr\/app\/uploads\/sites\/5\/2023\/08\/favicon-remiremontinfo.png","contentUrl":"https:\/\/vosgesinfo.fr\/app\/uploads\/sites\/5\/2023\/08\/favicon-remiremontinfo.png","width":512,"height":512,"caption":"Remiremont Info"},"image":{"@id":"https:\/\/vosgesinfo.fr\/remiremontinfo\/#\/schema\/logo\/image\/"},"sameAs":["https:\/\/www.facebook.com\/remiremontinfo","https:\/\/x.com\/VosgesInfo88","https:\/\/www.youtube.com\/@vosgesinfo"]},{"@type":"Person","@id":"https:\/\/vosgesinfo.fr\/remiremontinfo\/#\/schema\/person\/3bfd164d5218a185b1db68655a265316","name":"C D","image":{"@type":"ImageObject","inLanguage":"fr-FR","@id":"https:\/\/vosgesinfo.fr\/remiremontinfo\/#\/schema\/person\/image\/","url":"https:\/\/secure.gravatar.com\/avatar\/1f9a70007336511a47468b8f1c66f922b8b7cf617b02a31149ada43893a5d48f?s=96&d=mm&r=g","contentUrl":"https:\/\/secure.gravatar.com\/avatar\/1f9a70007336511a47468b8f1c66f922b8b7cf617b02a31149ada43893a5d48f?s=96&d=mm&r=g","caption":"C D"},"url":"https:\/\/vosgesinfo.fr\/remiremontinfo\/author\/cedric-drevet\/"}]}},"_links":{"self":[{"href":"https:\/\/vosgesinfo.fr\/remiremontinfo\/wp-json\/wp\/v2\/posts\/65259","targetHints":{"allow":["GET"]}}],"collection":[{"href":"https:\/\/vosgesinfo.fr\/remiremontinfo\/wp-json\/wp\/v2\/posts"}],"about":[{"href":"https:\/\/vosgesinfo.fr\/remiremontinfo\/wp-json\/wp\/v2\/types\/post"}],"author":[{"embeddable":true,"href":"https:\/\/vosgesinfo.fr\/remiremontinfo\/wp-json\/wp\/v2\/users\/407"}],"replies":[{"embeddable":true,"href":"https:\/\/vosgesinfo.fr\/remiremontinfo\/wp-json\/wp\/v2\/comments?post=65259"}],"version-history":[{"count":0,"href":"https:\/\/vosgesinfo.fr\/remiremontinfo\/wp-json\/wp\/v2\/posts\/65259\/revisions"}],"wp:featuredmedia":[{"embeddable":true,"href":"https:\/\/vosgesinfo.fr\/remiremontinfo\/wp-json\/wp\/v2\/media\/65260"}],"wp:attachment":[{"href":"https:\/\/vosgesinfo.fr\/remiremontinfo\/wp-json\/wp\/v2\/media?parent=65259"}],"wp:term":[{"taxonomy":"category","embeddable":true,"href":"https:\/\/vosgesinfo.fr\/remiremontinfo\/wp-json\/wp\/v2\/categories?post=65259"},{"taxonomy":"post_tag","embeddable":true,"href":"https:\/\/vosgesinfo.fr\/remiremontinfo\/wp-json\/wp\/v2\/tags?post=65259"}],"curies":[{"name":"wp","href":"https:\/\/api.w.org\/{rel}","templated":true}]}}