{"id":65325,"date":"2022-12-05T11:50:51","date_gmt":"2022-12-05T10:50:51","guid":{"rendered":"https:\/\/vosgesinfo.fr\/remiremontinfo\/2022\/12\/basse-rupt-volontaires-nettoient-ancienne-decharge-gargantuesque\/"},"modified":"2022-12-05T11:50:51","modified_gmt":"2022-12-05T10:50:51","slug":"basse-rupt-volontaires-nettoient-ancienne-decharge-gargantuesque","status":"publish","type":"post","link":"https:\/\/vosgesinfo.fr\/remiremontinfo\/2022\/12\/basse-rupt-volontaires-nettoient-ancienne-decharge-gargantuesque\/","title":{"rendered":"Basse-sur-le-Rupt : des volontaires nettoient une ancienne d\u00e9charge \u00ab\u00a0gargantuesque\u00a0\u00bb"},"content":{"rendered":"<div class=\"x11i5rnm xat24cr x1mh8g0r x1vvkbs xtlvy1s x126k92a\">\n\n<p dir=\"auto\"><span style=\"font-size: 10pt;\"><em>Photos par\u00a0<a href=\"https:\/\/www.facebook.com\/Randonetthautesvosges\">Rando&rsquo;nett Hautes Vosges<\/a><\/em><\/span><\/p>\n<h2 dir=\"auto\"><span style=\"font-size: 12pt;\"><strong>Le week-end dernier, des membres de l&rsquo;association Rando&rsquo;nett \u00e9taient pr\u00e9sents\u00a0sur la commune de Basse sur le Rupt au niveau de Contrexard pour la premi\u00e8re \u00e9tape de nettoyage d&rsquo;une ancienne d\u00e9charge \u00ab\u00a0gargantuesque\u00a0\u00bb. 13\u00a0personnes ont partip\u00e9 \u00e0 cette op\u00e9ration.\u00a0<\/strong><\/span><\/h2>\n<\/div>\n<div class=\"x11i5rnm xat24cr x1mh8g0r x1vvkbs xtlvy1s x126k92a\">\n<div dir=\"auto\">Au menu : \u00ab\u00a0de la ferraille, de la ferraille avec un soup\u00e7on de ferraille et de plastique\u00a0\u00bb, explique l&rsquo;association. \u00ab\u00a0Au moins 5 carcasses de voiture on \u00e9t\u00e9 sortie gr\u00e2ce au tracteur de la Ferme Germain du col des Hayes. Un nombre incalculable de Cuisini\u00e8re, po\u00eale a bois, chaudi\u00e8re, frigo et autre. 14 pneus on \u00e9t\u00e9 sorti \u00e9galement des d\u00e9combres.<\/div>\n<\/div>\n<div class=\"x11i5rnm xat24cr x1mh8g0r x1vvkbs xtlvy1s x126k92a\">\n<div dir=\"auto\">Sur cette journ\u00e9e nous avons ramass\u00e9 environ la moiti\u00e9 de cette grosse d\u00e9charge. il y aura une suite l&rsquo;ann\u00e9e prochaine\u00a0\u00bb. L&rsquo;estimation est compliqu\u00e9, mais l&rsquo;on serait \u00e0 environ 5 tonnes pour cette journ\u00e9e.<\/div>\n<\/div>\n<div dir=\"auto\"><\/div>\n<div dir=\"auto\"><span style=\"font-size: 10pt;\"><em>Source :\u00a0<a href=\"https:\/\/www.facebook.com\/Randonetthautesvosges\">Rando&rsquo;nett Hautes Vosges<\/a><\/em><\/span><\/div>\n","protected":false},"excerpt":{"rendered":"<p>Photos par\u00a0Rando&rsquo;nett Hautes Vosges Le week-end dernier, des membres de l&rsquo;association Rando&rsquo;nett \u00e9taient pr\u00e9sents\u00a0sur la commune de Basse sur le [&hellip;]<\/p>\n","protected":false},"author":407,"featured_media":65326,"comment_status":"open","ping_status":"open","sticky":false,"template":"","format":"standard","meta":{"footnotes":""},"categories":[26,7,25],"tags":[4334,555,94,3314,32],"class_list":["post-65325","post","type-post","status-publish","format-standard","has-post-thumbnail","hentry","category-a-la-une","category-environnement","category-la-bresse-son-canton","tag-decharge","tag-dechets","tag-environnement","tag-rando-nett","tag-vosges"],"acf":[],"yoast_head":"<!-- This site is optimized with the Yoast SEO plugin v22.5 - https:\/\/yoast.com\/wordpress\/plugins\/seo\/ -->\n<title>Basse-sur-le-Rupt : des volontaires nettoient une ancienne d\u00e9charge &quot;gargantuesque&quot; - Remiremont Info<\/title>\n<meta name=\"robots\" content=\"index, follow, max-snippet:-1, max-image-preview:large, max-video-preview:-1\" \/>\n<link rel=\"canonical\" href=\"https:\/\/vosgesinfo.fr\/remiremontinfo\/2022\/12\/basse-rupt-volontaires-nettoient-ancienne-decharge-gargantuesque\/\" \/>\n<meta name=\"twitter:card\" content=\"summary_large_image\" \/>\n<meta name=\"twitter:title\" content=\"Basse-sur-le-Rupt : des volontaires nettoient une ancienne d\u00e9charge &quot;gargantuesque&quot; - Remiremont Info\" \/>\n<meta name=\"twitter:description\" content=\"Photos par\u00a0Rando&rsquo;nett Hautes Vosges Le week-end dernier, des membres de l&rsquo;association Rando&rsquo;nett \u00e9taient pr\u00e9sents\u00a0sur la commune de Basse sur le [&hellip;]\" \/>\n<meta name=\"twitter:image\" content=\"https:\/\/vosgesinfo.fr\/app\/uploads\/sites\/5\/2024\/09\/202212decharge-dechets-rando-nett-3.jpg\" \/>\n<meta name=\"twitter:creator\" content=\"@VosgesInfo88\" \/>\n<meta name=\"twitter:site\" content=\"@VosgesInfo88\" \/>\n<meta name=\"twitter:label1\" content=\"\u00c9crit par\" \/>\n\t<meta name=\"twitter:data1\" content=\"C D\" \/>\n\t<meta name=\"twitter:label2\" content=\"Dur\u00e9e de lecture estim\u00e9e\" \/>\n\t<meta name=\"twitter:data2\" content=\"1 minute\" \/>\n<script type=\"application\/ld+json\" class=\"yoast-schema-graph\">{\"@context\":\"https:\/\/schema.org\",\"@graph\":[{\"@type\":\"Article\",\"@id\":\"https:\/\/vosgesinfo.fr\/remiremontinfo\/2022\/12\/basse-rupt-volontaires-nettoient-ancienne-decharge-gargantuesque\/#article\",\"isPartOf\":{\"@id\":\"https:\/\/vosgesinfo.fr\/remiremontinfo\/2022\/12\/basse-rupt-volontaires-nettoient-ancienne-decharge-gargantuesque\/\"},\"author\":{\"name\":\"C D\",\"@id\":\"https:\/\/vosgesinfo.fr\/remiremontinfo\/#\/schema\/person\/3bfd164d5218a185b1db68655a265316\"},\"headline\":\"Basse-sur-le-Rupt : des volontaires nettoient une ancienne d\u00e9charge \u00ab\u00a0gargantuesque\u00a0\u00bb\",\"datePublished\":\"2022-12-05T10:50:51+00:00\",\"dateModified\":\"2022-12-05T10:50:51+00:00\",\"mainEntityOfPage\":{\"@id\":\"https:\/\/vosgesinfo.fr\/remiremontinfo\/2022\/12\/basse-rupt-volontaires-nettoient-ancienne-decharge-gargantuesque\/\"},\"wordCount\":173,\"commentCount\":0,\"publisher\":{\"@id\":\"https:\/\/vosgesinfo.fr\/remiremontinfo\/#organization\"},\"image\":{\"@id\":\"https:\/\/vosgesinfo.fr\/remiremontinfo\/2022\/12\/basse-rupt-volontaires-nettoient-ancienne-decharge-gargantuesque\/#primaryimage\"},\"thumbnailUrl\":\"https:\/\/vosgesinfo.fr\/app\/uploads\/sites\/5\/2024\/09\/202212decharge-dechets-rando-nett-3.jpg\",\"keywords\":[\"d\u00e9charge\",\"D\u00e9chets\",\"environnement\",\"rando nett\",\"Vosges\"],\"articleSection\":[\"A la Une\",\"Environnement\",\"La Bresse &amp; son canton\"],\"inLanguage\":\"fr-FR\",\"potentialAction\":[{\"@type\":\"CommentAction\",\"name\":\"Comment\",\"target\":[\"https:\/\/vosgesinfo.fr\/remiremontinfo\/2022\/12\/basse-rupt-volontaires-nettoient-ancienne-decharge-gargantuesque\/#respond\"]}]},{\"@type\":\"WebPage\",\"@id\":\"https:\/\/vosgesinfo.fr\/remiremontinfo\/2022\/12\/basse-rupt-volontaires-nettoient-ancienne-decharge-gargantuesque\/\",\"url\":\"https:\/\/vosgesinfo.fr\/remiremontinfo\/2022\/12\/basse-rupt-volontaires-nettoient-ancienne-decharge-gargantuesque\/\",\"name\":\"Basse-sur-le-Rupt : des volontaires nettoient une ancienne d\u00e9charge \\\"gargantuesque\\\" - Remiremont Info\",\"isPartOf\":{\"@id\":\"https:\/\/vosgesinfo.fr\/remiremontinfo\/#website\"},\"primaryImageOfPage\":{\"@id\":\"https:\/\/vosgesinfo.fr\/remiremontinfo\/2022\/12\/basse-rupt-volontaires-nettoient-ancienne-decharge-gargantuesque\/#primaryimage\"},\"image\":{\"@id\":\"https:\/\/vosgesinfo.fr\/remiremontinfo\/2022\/12\/basse-rupt-volontaires-nettoient-ancienne-decharge-gargantuesque\/#primaryimage\"},\"thumbnailUrl\":\"https:\/\/vosgesinfo.fr\/app\/uploads\/sites\/5\/2024\/09\/202212decharge-dechets-rando-nett-3.jpg\",\"datePublished\":\"2022-12-05T10:50:51+00:00\",\"dateModified\":\"2022-12-05T10:50:51+00:00\",\"breadcrumb\":{\"@id\":\"https:\/\/vosgesinfo.fr\/remiremontinfo\/2022\/12\/basse-rupt-volontaires-nettoient-ancienne-decharge-gargantuesque\/#breadcrumb\"},\"inLanguage\":\"fr-FR\",\"potentialAction\":[{\"@type\":\"ReadAction\",\"target\":[\"https:\/\/vosgesinfo.fr\/remiremontinfo\/2022\/12\/basse-rupt-volontaires-nettoient-ancienne-decharge-gargantuesque\/\"]}]},{\"@type\":\"ImageObject\",\"inLanguage\":\"fr-FR\",\"@id\":\"https:\/\/vosgesinfo.fr\/remiremontinfo\/2022\/12\/basse-rupt-volontaires-nettoient-ancienne-decharge-gargantuesque\/#primaryimage\",\"url\":\"https:\/\/vosgesinfo.fr\/app\/uploads\/sites\/5\/2024\/09\/202212decharge-dechets-rando-nett-3.jpg\",\"contentUrl\":\"https:\/\/vosgesinfo.fr\/app\/uploads\/sites\/5\/2024\/09\/202212decharge-dechets-rando-nett-3.jpg\",\"width\":1514,\"height\":1136},{\"@type\":\"BreadcrumbList\",\"@id\":\"https:\/\/vosgesinfo.fr\/remiremontinfo\/2022\/12\/basse-rupt-volontaires-nettoient-ancienne-decharge-gargantuesque\/#breadcrumb\",\"itemListElement\":[{\"@type\":\"ListItem\",\"position\":1,\"name\":\"Home\",\"item\":\"https:\/\/vosgesinfo.fr\/remiremontinfo\/\"},{\"@type\":\"ListItem\",\"position\":2,\"name\":\"Basse-sur-le-Rupt : des volontaires nettoient une ancienne d\u00e9charge \u00ab\u00a0gargantuesque\u00a0\u00bb\"}]},{\"@type\":\"WebSite\",\"@id\":\"https:\/\/vosgesinfo.fr\/remiremontinfo\/#website\",\"url\":\"https:\/\/vosgesinfo.fr\/remiremontinfo\/\",\"name\":\"Remiremont Info\",\"description\":\"Toute l&#039;actualit\u00e9 de Remiremont\",\"publisher\":{\"@id\":\"https:\/\/vosgesinfo.fr\/remiremontinfo\/#organization\"},\"alternateName\":\"Toute l'actualit\u00e9 de Remiremont\",\"potentialAction\":[{\"@type\":\"SearchAction\",\"target\":{\"@type\":\"EntryPoint\",\"urlTemplate\":\"https:\/\/vosgesinfo.fr\/remiremontinfo\/?s={search_term_string}\"},\"query-input\":\"required name=search_term_string\"}],\"inLanguage\":\"fr-FR\"},{\"@type\":\"Organization\",\"@id\":\"https:\/\/vosgesinfo.fr\/remiremontinfo\/#organization\",\"name\":\"Remiremont Info\",\"url\":\"https:\/\/vosgesinfo.fr\/remiremontinfo\/\",\"logo\":{\"@type\":\"ImageObject\",\"inLanguage\":\"fr-FR\",\"@id\":\"https:\/\/vosgesinfo.fr\/remiremontinfo\/#\/schema\/logo\/image\/\",\"url\":\"https:\/\/vosgesinfo.fr\/app\/uploads\/sites\/5\/2023\/08\/favicon-remiremontinfo.png\",\"contentUrl\":\"https:\/\/vosgesinfo.fr\/app\/uploads\/sites\/5\/2023\/08\/favicon-remiremontinfo.png\",\"width\":512,\"height\":512,\"caption\":\"Remiremont Info\"},\"image\":{\"@id\":\"https:\/\/vosgesinfo.fr\/remiremontinfo\/#\/schema\/logo\/image\/\"},\"sameAs\":[\"https:\/\/www.facebook.com\/remiremontinfo\",\"https:\/\/x.com\/VosgesInfo88\",\"https:\/\/www.youtube.com\/@vosgesinfo\"]},{\"@type\":\"Person\",\"@id\":\"https:\/\/vosgesinfo.fr\/remiremontinfo\/#\/schema\/person\/3bfd164d5218a185b1db68655a265316\",\"name\":\"C D\",\"image\":{\"@type\":\"ImageObject\",\"inLanguage\":\"fr-FR\",\"@id\":\"https:\/\/vosgesinfo.fr\/remiremontinfo\/#\/schema\/person\/image\/\",\"url\":\"https:\/\/secure.gravatar.com\/avatar\/1f9a70007336511a47468b8f1c66f922b8b7cf617b02a31149ada43893a5d48f?s=96&d=mm&r=g\",\"contentUrl\":\"https:\/\/secure.gravatar.com\/avatar\/1f9a70007336511a47468b8f1c66f922b8b7cf617b02a31149ada43893a5d48f?s=96&d=mm&r=g\",\"caption\":\"C D\"},\"url\":\"https:\/\/vosgesinfo.fr\/remiremontinfo\/author\/cedric-drevet\/\"}]}<\/script>\n<!-- \/ Yoast SEO plugin. -->","yoast_head_json":{"title":"Basse-sur-le-Rupt : des volontaires nettoient une ancienne d\u00e9charge \"gargantuesque\" - Remiremont Info","robots":{"index":"index","follow":"follow","max-snippet":"max-snippet:-1","max-image-preview":"max-image-preview:large","max-video-preview":"max-video-preview:-1"},"canonical":"https:\/\/vosgesinfo.fr\/remiremontinfo\/2022\/12\/basse-rupt-volontaires-nettoient-ancienne-decharge-gargantuesque\/","twitter_card":"summary_large_image","twitter_title":"Basse-sur-le-Rupt : des volontaires nettoient une ancienne d\u00e9charge \"gargantuesque\" - Remiremont Info","twitter_description":"Photos par\u00a0Rando&rsquo;nett Hautes Vosges Le week-end dernier, des membres de l&rsquo;association Rando&rsquo;nett \u00e9taient pr\u00e9sents\u00a0sur la commune de Basse sur le [&hellip;]","twitter_image":"https:\/\/vosgesinfo.fr\/app\/uploads\/sites\/5\/2024\/09\/202212decharge-dechets-rando-nett-3.jpg","twitter_creator":"@VosgesInfo88","twitter_site":"@VosgesInfo88","twitter_misc":{"\u00c9crit par":"C D","Dur\u00e9e de lecture estim\u00e9e":"1 minute"},"schema":{"@context":"https:\/\/schema.org","@graph":[{"@type":"Article","@id":"https:\/\/vosgesinfo.fr\/remiremontinfo\/2022\/12\/basse-rupt-volontaires-nettoient-ancienne-decharge-gargantuesque\/#article","isPartOf":{"@id":"https:\/\/vosgesinfo.fr\/remiremontinfo\/2022\/12\/basse-rupt-volontaires-nettoient-ancienne-decharge-gargantuesque\/"},"author":{"name":"C D","@id":"https:\/\/vosgesinfo.fr\/remiremontinfo\/#\/schema\/person\/3bfd164d5218a185b1db68655a265316"},"headline":"Basse-sur-le-Rupt : des volontaires nettoient une ancienne d\u00e9charge \u00ab\u00a0gargantuesque\u00a0\u00bb","datePublished":"2022-12-05T10:50:51+00:00","dateModified":"2022-12-05T10:50:51+00:00","mainEntityOfPage":{"@id":"https:\/\/vosgesinfo.fr\/remiremontinfo\/2022\/12\/basse-rupt-volontaires-nettoient-ancienne-decharge-gargantuesque\/"},"wordCount":173,"commentCount":0,"publisher":{"@id":"https:\/\/vosgesinfo.fr\/remiremontinfo\/#organization"},"image":{"@id":"https:\/\/vosgesinfo.fr\/remiremontinfo\/2022\/12\/basse-rupt-volontaires-nettoient-ancienne-decharge-gargantuesque\/#primaryimage"},"thumbnailUrl":"https:\/\/vosgesinfo.fr\/app\/uploads\/sites\/5\/2024\/09\/202212decharge-dechets-rando-nett-3.jpg","keywords":["d\u00e9charge","D\u00e9chets","environnement","rando nett","Vosges"],"articleSection":["A la Une","Environnement","La Bresse &amp; son canton"],"inLanguage":"fr-FR","potentialAction":[{"@type":"CommentAction","name":"Comment","target":["https:\/\/vosgesinfo.fr\/remiremontinfo\/2022\/12\/basse-rupt-volontaires-nettoient-ancienne-decharge-gargantuesque\/#respond"]}]},{"@type":"WebPage","@id":"https:\/\/vosgesinfo.fr\/remiremontinfo\/2022\/12\/basse-rupt-volontaires-nettoient-ancienne-decharge-gargantuesque\/","url":"https:\/\/vosgesinfo.fr\/remiremontinfo\/2022\/12\/basse-rupt-volontaires-nettoient-ancienne-decharge-gargantuesque\/","name":"Basse-sur-le-Rupt : des volontaires nettoient une ancienne d\u00e9charge \"gargantuesque\" - Remiremont Info","isPartOf":{"@id":"https:\/\/vosgesinfo.fr\/remiremontinfo\/#website"},"primaryImageOfPage":{"@id":"https:\/\/vosgesinfo.fr\/remiremontinfo\/2022\/12\/basse-rupt-volontaires-nettoient-ancienne-decharge-gargantuesque\/#primaryimage"},"image":{"@id":"https:\/\/vosgesinfo.fr\/remiremontinfo\/2022\/12\/basse-rupt-volontaires-nettoient-ancienne-decharge-gargantuesque\/#primaryimage"},"thumbnailUrl":"https:\/\/vosgesinfo.fr\/app\/uploads\/sites\/5\/2024\/09\/202212decharge-dechets-rando-nett-3.jpg","datePublished":"2022-12-05T10:50:51+00:00","dateModified":"2022-12-05T10:50:51+00:00","breadcrumb":{"@id":"https:\/\/vosgesinfo.fr\/remiremontinfo\/2022\/12\/basse-rupt-volontaires-nettoient-ancienne-decharge-gargantuesque\/#breadcrumb"},"inLanguage":"fr-FR","potentialAction":[{"@type":"ReadAction","target":["https:\/\/vosgesinfo.fr\/remiremontinfo\/2022\/12\/basse-rupt-volontaires-nettoient-ancienne-decharge-gargantuesque\/"]}]},{"@type":"ImageObject","inLanguage":"fr-FR","@id":"https:\/\/vosgesinfo.fr\/remiremontinfo\/2022\/12\/basse-rupt-volontaires-nettoient-ancienne-decharge-gargantuesque\/#primaryimage","url":"https:\/\/vosgesinfo.fr\/app\/uploads\/sites\/5\/2024\/09\/202212decharge-dechets-rando-nett-3.jpg","contentUrl":"https:\/\/vosgesinfo.fr\/app\/uploads\/sites\/5\/2024\/09\/202212decharge-dechets-rando-nett-3.jpg","width":1514,"height":1136},{"@type":"BreadcrumbList","@id":"https:\/\/vosgesinfo.fr\/remiremontinfo\/2022\/12\/basse-rupt-volontaires-nettoient-ancienne-decharge-gargantuesque\/#breadcrumb","itemListElement":[{"@type":"ListItem","position":1,"name":"Home","item":"https:\/\/vosgesinfo.fr\/remiremontinfo\/"},{"@type":"ListItem","position":2,"name":"Basse-sur-le-Rupt : des volontaires nettoient une ancienne d\u00e9charge \u00ab\u00a0gargantuesque\u00a0\u00bb"}]},{"@type":"WebSite","@id":"https:\/\/vosgesinfo.fr\/remiremontinfo\/#website","url":"https:\/\/vosgesinfo.fr\/remiremontinfo\/","name":"Remiremont Info","description":"Toute l&#039;actualit\u00e9 de Remiremont","publisher":{"@id":"https:\/\/vosgesinfo.fr\/remiremontinfo\/#organization"},"alternateName":"Toute l'actualit\u00e9 de Remiremont","potentialAction":[{"@type":"SearchAction","target":{"@type":"EntryPoint","urlTemplate":"https:\/\/vosgesinfo.fr\/remiremontinfo\/?s={search_term_string}"},"query-input":"required name=search_term_string"}],"inLanguage":"fr-FR"},{"@type":"Organization","@id":"https:\/\/vosgesinfo.fr\/remiremontinfo\/#organization","name":"Remiremont Info","url":"https:\/\/vosgesinfo.fr\/remiremontinfo\/","logo":{"@type":"ImageObject","inLanguage":"fr-FR","@id":"https:\/\/vosgesinfo.fr\/remiremontinfo\/#\/schema\/logo\/image\/","url":"https:\/\/vosgesinfo.fr\/app\/uploads\/sites\/5\/2023\/08\/favicon-remiremontinfo.png","contentUrl":"https:\/\/vosgesinfo.fr\/app\/uploads\/sites\/5\/2023\/08\/favicon-remiremontinfo.png","width":512,"height":512,"caption":"Remiremont Info"},"image":{"@id":"https:\/\/vosgesinfo.fr\/remiremontinfo\/#\/schema\/logo\/image\/"},"sameAs":["https:\/\/www.facebook.com\/remiremontinfo","https:\/\/x.com\/VosgesInfo88","https:\/\/www.youtube.com\/@vosgesinfo"]},{"@type":"Person","@id":"https:\/\/vosgesinfo.fr\/remiremontinfo\/#\/schema\/person\/3bfd164d5218a185b1db68655a265316","name":"C D","image":{"@type":"ImageObject","inLanguage":"fr-FR","@id":"https:\/\/vosgesinfo.fr\/remiremontinfo\/#\/schema\/person\/image\/","url":"https:\/\/secure.gravatar.com\/avatar\/1f9a70007336511a47468b8f1c66f922b8b7cf617b02a31149ada43893a5d48f?s=96&d=mm&r=g","contentUrl":"https:\/\/secure.gravatar.com\/avatar\/1f9a70007336511a47468b8f1c66f922b8b7cf617b02a31149ada43893a5d48f?s=96&d=mm&r=g","caption":"C D"},"url":"https:\/\/vosgesinfo.fr\/remiremontinfo\/author\/cedric-drevet\/"}]}},"_links":{"self":[{"href":"https:\/\/vosgesinfo.fr\/remiremontinfo\/wp-json\/wp\/v2\/posts\/65325","targetHints":{"allow":["GET"]}}],"collection":[{"href":"https:\/\/vosgesinfo.fr\/remiremontinfo\/wp-json\/wp\/v2\/posts"}],"about":[{"href":"https:\/\/vosgesinfo.fr\/remiremontinfo\/wp-json\/wp\/v2\/types\/post"}],"author":[{"embeddable":true,"href":"https:\/\/vosgesinfo.fr\/remiremontinfo\/wp-json\/wp\/v2\/users\/407"}],"replies":[{"embeddable":true,"href":"https:\/\/vosgesinfo.fr\/remiremontinfo\/wp-json\/wp\/v2\/comments?post=65325"}],"version-history":[{"count":0,"href":"https:\/\/vosgesinfo.fr\/remiremontinfo\/wp-json\/wp\/v2\/posts\/65325\/revisions"}],"wp:featuredmedia":[{"embeddable":true,"href":"https:\/\/vosgesinfo.fr\/remiremontinfo\/wp-json\/wp\/v2\/media\/65326"}],"wp:attachment":[{"href":"https:\/\/vosgesinfo.fr\/remiremontinfo\/wp-json\/wp\/v2\/media?parent=65325"}],"wp:term":[{"taxonomy":"category","embeddable":true,"href":"https:\/\/vosgesinfo.fr\/remiremontinfo\/wp-json\/wp\/v2\/categories?post=65325"},{"taxonomy":"post_tag","embeddable":true,"href":"https:\/\/vosgesinfo.fr\/remiremontinfo\/wp-json\/wp\/v2\/tags?post=65325"}],"curies":[{"name":"wp","href":"https:\/\/api.w.org\/{rel}","templated":true}]}}