{"id":65331,"date":"2022-12-05T11:56:25","date_gmt":"2022-12-05T10:56:25","guid":{"rendered":"https:\/\/vosgesinfo.fr\/remiremontinfo\/2022\/12\/saint-maurice-domaine-rouge-gazon-sera-ouvert-cet-hiver\/"},"modified":"2022-12-05T11:56:25","modified_gmt":"2022-12-05T10:56:25","slug":"saint-maurice-domaine-rouge-gazon-sera-ouvert-cet-hiver","status":"publish","type":"post","link":"https:\/\/vosgesinfo.fr\/remiremontinfo\/2022\/12\/saint-maurice-domaine-rouge-gazon-sera-ouvert-cet-hiver\/","title":{"rendered":"Saint-Maurice : le domaine du Rouge Gazon sera ouvert cet hiver"},"content":{"rendered":"<h2 dir=\"auto\"><a href=\"\/2022\/12\/317331408_513038150850223_3639650386328507645_n.jpg\"><img decoding=\"async\" class=\"alignnone size-large wp-image-359306\" src=\"\/2022\/12\/317331408_513038150850223_3639650386328507645_n-1024x768.jpg\" alt=\"317331408_513038150850223_3639650386328507645_n\" width=\"960\" height=\"720\" \/><\/a><\/h2>\n<p><span style=\"font-size: 10pt;\"><em>Photo par la Mairie de Saint-Maurice\u00a0<\/em><\/span><\/p>\n<h2 dir=\"auto\"><span style=\"font-size: 12pt;\"><strong> Un nouveau chapitre est en train de s&rsquo;\u00e9crire pour le Rouge Gazon, site embl\u00e9matique des Hautes Vosges. La municipalit\u00e9 de Saint-Maurice communiquera prochainement sur le projet. D\u00e8s que la neige sera pr\u00e9sente sur le magnifique Domaine du Rouge Gazon, la Station sera ouverte comme suit :<\/strong><\/span><\/h2>\n<div dir=\"auto\">      :<\/div>\n<div dir=\"auto\">&#8211; les 5 t\u00e9l\u00e9skis et le tapis roulant,<\/div>\n<div dir=\"auto\">&#8211;\u00a0la piste noire \u00ab\u00a0Le Mur\u00a0\u00bb,<\/div>\n<div dir=\"auto\">&#8211; les 2 pistes rouge \u00ab\u00a0La Ferme\u00a0\u00bb et Le Stade\u00a0\u00bb,<\/div>\n<div dir=\"auto\">&#8211;\u00a0les 3 pistes bleues \u00ab\u00a0Le r\u00e9servoir\u00a0\u00bb, \u00ab\u00a0La creuse\u00a0\u00bb et \u00ab\u00a0l&rsquo;interm\u00e9diaire\u00a0\u00bb,<\/div>\n<div dir=\"auto\">&#8211;\u00a0les 4 pistes vertes \u00ab\u00a0l&rsquo;Alizier\u00a0\u00bb, \u00ab\u00a0La verte\u00a0\u00bb, \u00ab\u00a0La Familiale\u00a0\u00bb, \u00ab\u00a0Rox &amp; Rouky\u00a0\u00bb,<\/div>\n<div dir=\"auto\"><\/div>\n<div dir=\"auto\">      :<\/div>\n<div dir=\"auto\">&#8211;\u00a0piste de ski de fond de 10km,<\/div>\n<div dir=\"auto\">&#8211;\u00a0piste de ski de fond de 7km,<\/div>\n<div dir=\"auto\">&#8211;\u00a0piste de ski de fond de 3.5km.<\/div>\n<div dir=\"auto\"><\/div>\n<div dir=\"auto\">     :<\/div>\n<div dir=\"auto\">&#8211;\u00a0circuit raquettes balis\u00e9s 1h,<\/div>\n<div dir=\"auto\">&#8211;\u00a0circuit raquettes balis\u00e9s 2h30.<\/div>\n<div dir=\"auto\"><\/div>\n<div dir=\"auto\">  &lsquo;   \u0301 :<\/div>\n<div dir=\"auto\">&#8211; tapis roulant pour petits et grands,<\/div>\n<div dir=\"auto\">&#8211; piste de luge s\u00e9curis\u00e9e,<\/div>\n<div dir=\"auto\">&#8211;\u00a0jardin d&rsquo;enfant et espace PIOU-PIOU.<\/div>\n<div dir=\"auto\"><\/div>\n<div dir=\"auto\">Restauration et brasserie\u00a0ouvertes de 9h \u00e0 18h.<\/div>\n<div dir=\"auto\"><\/div>\n<div dir=\"auto\">La Station du Rouge Gazon est joigniable au 03 29 25 12 80.<\/div>\n<div dir=\"auto\">Billetterie et\u00a0location de mat\u00e9riel ouverte la journ\u00e9e.<\/div>\n<div dir=\"auto\">R\u00e9servations <a class=\"x1i10hfl xjbqb8w x6umtig x1b1mbwd xaqea5y xav7gou x9f619 x1ypdohk xt0psk2 xe8uvvx xdj266r x11i5rnm xat24cr x1mh8g0r xexx8yu x4uap5 x18d9i69 xkhd6sd x16tdsg8 x1hl2dhg xggy1nq x1a2a7pz xt0b8zv x1qq9wsj xo1l8bm\" tabindex=\"0\" href=\"https:\/\/www.facebook.com\/esfrougegazon.fr?__cft__[0]=AZVCINH_oolwrwuYxXCw6Qx7zd2-ggV12qf4nYw-b9xoPZrIF_HBTn0Nkq7EjAlc6csan2BBOk4_AV659m-T7vJWjjJlt12NFUmJQRtpEJmDB56wkYM8UHzMaSi75WJlqz8o4JnJ8MuS3hF8_CJCzLg9-npz253uBFF1A4PnFcxKsba5YnYUSQgEnxl6yL9JaxU&amp;__tn__=-]K-R\"><span class=\"xt0psk2\">ESF Rouge Gazon<\/span><\/a><\/div>\n<div dir=\"auto\">T. 06 80 26 90 14<\/div>\n<div dir=\"auto\">info@rouge-gazon.net<\/div>\n<div dir=\"auto\"><a class=\"x1i10hfl xjbqb8w x6umtig x1b1mbwd xaqea5y xav7gou x9f619 x1ypdohk xt0psk2 xe8uvvx xdj266r x11i5rnm xat24cr x1mh8g0r xexx8yu x4uap5 x18d9i69 xkhd6sd x16tdsg8 x1hl2dhg xggy1nq x1a2a7pz xt0b8zv x1fey0fg\" tabindex=\"0\" href=\"https:\/\/l.facebook.com\/l.php?u=https%3A%2F%2Fwww.esf-rouge-gazon.net%2F%3Ffbclid%3DIwAR2Lfwcv1EFHY3BiHGd3PuITxM1janjCvPZ04DPG3V9RtHlWoug986eWDRs&amp;h=AT3KDMTsGC5mxosWJPiSXMo98hU_zWDWvuHPCL8nUupbE_uiymiJvqS-EenldlUl_MNi1PL0XGTlCBZ45LWE6dDRSmjltl8nUfxWAz_26QYLAklZ6Yt1WDwrr3BVuP_77IhRzKGO472hqpPgQU65&amp;__tn__=-UK-R&amp;c[0]=AT1NDYI67-rPbb_cIG_O6qbOAVDV4h7_ljodutQEiBi5T2rCSCusOOzkV-jIPPXPUKOI6vaoroHm6yUrnUcP2dD1W_ETc0NbIUqksXcoTyaeRj1SyH_bEqPoiTq3pHmxUpt_9tMBtVfVyGGIw7HvrAgjJxWcCCT9RN4Rl8VtBuM4r4UsmW9HJC_LA3OBxtftPtAMmY7h2wal\" target=\"_blank\" rel=\"nofollow noopener\">www.esf-rouge-gazon.net<\/a><\/div>\n<div dir=\"auto\"><\/div>\n<div dir=\"auto\"><span style=\"font-size: 10pt;\"><em>Source : Mairie de Saint-Maurice\u00a0<\/em><\/span><\/div>\n","protected":false},"excerpt":{"rendered":"<p>Photo par la Mairie de Saint-Maurice\u00a0 Un nouveau chapitre est en train de s&rsquo;\u00e9crire pour le Rouge Gazon, site embl\u00e9matique [&hellip;]<\/p>\n","protected":false},"author":407,"featured_media":65332,"comment_status":"open","ping_status":"open","sticky":false,"template":"","format":"standard","meta":{"footnotes":""},"categories":[26,37,39,14],"tags":[353,355,32],"class_list":["post-65331","post","type-post","status-publish","format-standard","has-post-thumbnail","hentry","category-a-la-une","category-le-thillot-son-canton","category-saint-maurice-moselle","category-sport","tag-rouge-gazon","tag-ski","tag-vosges"],"acf":[],"yoast_head":"<!-- This site is optimized with the Yoast SEO plugin v22.5 - https:\/\/yoast.com\/wordpress\/plugins\/seo\/ -->\n<title>Saint-Maurice : le domaine du Rouge Gazon sera ouvert cet hiver - Remiremont Info<\/title>\n<meta name=\"robots\" content=\"index, follow, max-snippet:-1, max-image-preview:large, max-video-preview:-1\" \/>\n<link rel=\"canonical\" href=\"https:\/\/vosgesinfo.fr\/remiremontinfo\/2022\/12\/saint-maurice-domaine-rouge-gazon-sera-ouvert-cet-hiver\/\" \/>\n<meta name=\"twitter:card\" content=\"summary_large_image\" \/>\n<meta name=\"twitter:title\" content=\"Saint-Maurice : le domaine du Rouge Gazon sera ouvert cet hiver - Remiremont Info\" \/>\n<meta name=\"twitter:description\" content=\"Photo par la Mairie de Saint-Maurice\u00a0 Un nouveau chapitre est en train de s&rsquo;\u00e9crire pour le Rouge Gazon, site embl\u00e9matique [&hellip;]\" \/>\n<meta name=\"twitter:image\" content=\"https:\/\/vosgesinfo.fr\/app\/uploads\/sites\/5\/2024\/09\/202212317331408-513038150850223-3639650386328507645-n.jpg\" \/>\n<meta name=\"twitter:creator\" content=\"@VosgesInfo88\" \/>\n<meta name=\"twitter:site\" content=\"@VosgesInfo88\" \/>\n<meta name=\"twitter:label1\" content=\"\u00c9crit par\" \/>\n\t<meta name=\"twitter:data1\" content=\"C D\" \/>\n\t<meta name=\"twitter:label2\" content=\"Dur\u00e9e de lecture estim\u00e9e\" \/>\n\t<meta name=\"twitter:data2\" content=\"1 minute\" \/>\n<script type=\"application\/ld+json\" class=\"yoast-schema-graph\">{\"@context\":\"https:\/\/schema.org\",\"@graph\":[{\"@type\":\"Article\",\"@id\":\"https:\/\/vosgesinfo.fr\/remiremontinfo\/2022\/12\/saint-maurice-domaine-rouge-gazon-sera-ouvert-cet-hiver\/#article\",\"isPartOf\":{\"@id\":\"https:\/\/vosgesinfo.fr\/remiremontinfo\/2022\/12\/saint-maurice-domaine-rouge-gazon-sera-ouvert-cet-hiver\/\"},\"author\":{\"name\":\"C D\",\"@id\":\"https:\/\/vosgesinfo.fr\/remiremontinfo\/#\/schema\/person\/3bfd164d5218a185b1db68655a265316\"},\"headline\":\"Saint-Maurice : le domaine du Rouge Gazon sera ouvert cet hiver\",\"datePublished\":\"2022-12-05T10:56:25+00:00\",\"dateModified\":\"2022-12-05T10:56:25+00:00\",\"mainEntityOfPage\":{\"@id\":\"https:\/\/vosgesinfo.fr\/remiremontinfo\/2022\/12\/saint-maurice-domaine-rouge-gazon-sera-ouvert-cet-hiver\/\"},\"wordCount\":213,\"commentCount\":0,\"publisher\":{\"@id\":\"https:\/\/vosgesinfo.fr\/remiremontinfo\/#organization\"},\"image\":{\"@id\":\"https:\/\/vosgesinfo.fr\/remiremontinfo\/2022\/12\/saint-maurice-domaine-rouge-gazon-sera-ouvert-cet-hiver\/#primaryimage\"},\"thumbnailUrl\":\"https:\/\/vosgesinfo.fr\/app\/uploads\/sites\/5\/2024\/09\/202212317331408-513038150850223-3639650386328507645-n.jpg\",\"keywords\":[\"Rouge-Gazon\",\"ski\",\"Vosges\"],\"articleSection\":[\"A la Une\",\"Le Thillot &amp; son canton\",\"Saint-Maurice\/Moselle\",\"Sport\"],\"inLanguage\":\"fr-FR\",\"potentialAction\":[{\"@type\":\"CommentAction\",\"name\":\"Comment\",\"target\":[\"https:\/\/vosgesinfo.fr\/remiremontinfo\/2022\/12\/saint-maurice-domaine-rouge-gazon-sera-ouvert-cet-hiver\/#respond\"]}]},{\"@type\":\"WebPage\",\"@id\":\"https:\/\/vosgesinfo.fr\/remiremontinfo\/2022\/12\/saint-maurice-domaine-rouge-gazon-sera-ouvert-cet-hiver\/\",\"url\":\"https:\/\/vosgesinfo.fr\/remiremontinfo\/2022\/12\/saint-maurice-domaine-rouge-gazon-sera-ouvert-cet-hiver\/\",\"name\":\"Saint-Maurice : le domaine du Rouge Gazon sera ouvert cet hiver - Remiremont Info\",\"isPartOf\":{\"@id\":\"https:\/\/vosgesinfo.fr\/remiremontinfo\/#website\"},\"primaryImageOfPage\":{\"@id\":\"https:\/\/vosgesinfo.fr\/remiremontinfo\/2022\/12\/saint-maurice-domaine-rouge-gazon-sera-ouvert-cet-hiver\/#primaryimage\"},\"image\":{\"@id\":\"https:\/\/vosgesinfo.fr\/remiremontinfo\/2022\/12\/saint-maurice-domaine-rouge-gazon-sera-ouvert-cet-hiver\/#primaryimage\"},\"thumbnailUrl\":\"https:\/\/vosgesinfo.fr\/app\/uploads\/sites\/5\/2024\/09\/202212317331408-513038150850223-3639650386328507645-n.jpg\",\"datePublished\":\"2022-12-05T10:56:25+00:00\",\"dateModified\":\"2022-12-05T10:56:25+00:00\",\"breadcrumb\":{\"@id\":\"https:\/\/vosgesinfo.fr\/remiremontinfo\/2022\/12\/saint-maurice-domaine-rouge-gazon-sera-ouvert-cet-hiver\/#breadcrumb\"},\"inLanguage\":\"fr-FR\",\"potentialAction\":[{\"@type\":\"ReadAction\",\"target\":[\"https:\/\/vosgesinfo.fr\/remiremontinfo\/2022\/12\/saint-maurice-domaine-rouge-gazon-sera-ouvert-cet-hiver\/\"]}]},{\"@type\":\"ImageObject\",\"inLanguage\":\"fr-FR\",\"@id\":\"https:\/\/vosgesinfo.fr\/remiremontinfo\/2022\/12\/saint-maurice-domaine-rouge-gazon-sera-ouvert-cet-hiver\/#primaryimage\",\"url\":\"https:\/\/vosgesinfo.fr\/app\/uploads\/sites\/5\/2024\/09\/202212317331408-513038150850223-3639650386328507645-n.jpg\",\"contentUrl\":\"https:\/\/vosgesinfo.fr\/app\/uploads\/sites\/5\/2024\/09\/202212317331408-513038150850223-3639650386328507645-n.jpg\",\"width\":2048,\"height\":1536},{\"@type\":\"BreadcrumbList\",\"@id\":\"https:\/\/vosgesinfo.fr\/remiremontinfo\/2022\/12\/saint-maurice-domaine-rouge-gazon-sera-ouvert-cet-hiver\/#breadcrumb\",\"itemListElement\":[{\"@type\":\"ListItem\",\"position\":1,\"name\":\"Home\",\"item\":\"https:\/\/vosgesinfo.fr\/remiremontinfo\/\"},{\"@type\":\"ListItem\",\"position\":2,\"name\":\"Saint-Maurice : le domaine du Rouge Gazon sera ouvert cet hiver\"}]},{\"@type\":\"WebSite\",\"@id\":\"https:\/\/vosgesinfo.fr\/remiremontinfo\/#website\",\"url\":\"https:\/\/vosgesinfo.fr\/remiremontinfo\/\",\"name\":\"Remiremont Info\",\"description\":\"Toute l&#039;actualit\u00e9 de Remiremont\",\"publisher\":{\"@id\":\"https:\/\/vosgesinfo.fr\/remiremontinfo\/#organization\"},\"alternateName\":\"Toute l'actualit\u00e9 de Remiremont\",\"potentialAction\":[{\"@type\":\"SearchAction\",\"target\":{\"@type\":\"EntryPoint\",\"urlTemplate\":\"https:\/\/vosgesinfo.fr\/remiremontinfo\/?s={search_term_string}\"},\"query-input\":\"required name=search_term_string\"}],\"inLanguage\":\"fr-FR\"},{\"@type\":\"Organization\",\"@id\":\"https:\/\/vosgesinfo.fr\/remiremontinfo\/#organization\",\"name\":\"Remiremont Info\",\"url\":\"https:\/\/vosgesinfo.fr\/remiremontinfo\/\",\"logo\":{\"@type\":\"ImageObject\",\"inLanguage\":\"fr-FR\",\"@id\":\"https:\/\/vosgesinfo.fr\/remiremontinfo\/#\/schema\/logo\/image\/\",\"url\":\"https:\/\/vosgesinfo.fr\/app\/uploads\/sites\/5\/2023\/08\/favicon-remiremontinfo.png\",\"contentUrl\":\"https:\/\/vosgesinfo.fr\/app\/uploads\/sites\/5\/2023\/08\/favicon-remiremontinfo.png\",\"width\":512,\"height\":512,\"caption\":\"Remiremont Info\"},\"image\":{\"@id\":\"https:\/\/vosgesinfo.fr\/remiremontinfo\/#\/schema\/logo\/image\/\"},\"sameAs\":[\"https:\/\/www.facebook.com\/remiremontinfo\",\"https:\/\/x.com\/VosgesInfo88\",\"https:\/\/www.youtube.com\/@vosgesinfo\"]},{\"@type\":\"Person\",\"@id\":\"https:\/\/vosgesinfo.fr\/remiremontinfo\/#\/schema\/person\/3bfd164d5218a185b1db68655a265316\",\"name\":\"C D\",\"image\":{\"@type\":\"ImageObject\",\"inLanguage\":\"fr-FR\",\"@id\":\"https:\/\/vosgesinfo.fr\/remiremontinfo\/#\/schema\/person\/image\/\",\"url\":\"https:\/\/secure.gravatar.com\/avatar\/1f9a70007336511a47468b8f1c66f922b8b7cf617b02a31149ada43893a5d48f?s=96&d=mm&r=g\",\"contentUrl\":\"https:\/\/secure.gravatar.com\/avatar\/1f9a70007336511a47468b8f1c66f922b8b7cf617b02a31149ada43893a5d48f?s=96&d=mm&r=g\",\"caption\":\"C D\"},\"url\":\"https:\/\/vosgesinfo.fr\/remiremontinfo\/author\/cedric-drevet\/\"}]}<\/script>\n<!-- \/ Yoast SEO plugin. -->","yoast_head_json":{"title":"Saint-Maurice : le domaine du Rouge Gazon sera ouvert cet hiver - Remiremont Info","robots":{"index":"index","follow":"follow","max-snippet":"max-snippet:-1","max-image-preview":"max-image-preview:large","max-video-preview":"max-video-preview:-1"},"canonical":"https:\/\/vosgesinfo.fr\/remiremontinfo\/2022\/12\/saint-maurice-domaine-rouge-gazon-sera-ouvert-cet-hiver\/","twitter_card":"summary_large_image","twitter_title":"Saint-Maurice : le domaine du Rouge Gazon sera ouvert cet hiver - Remiremont Info","twitter_description":"Photo par la Mairie de Saint-Maurice\u00a0 Un nouveau chapitre est en train de s&rsquo;\u00e9crire pour le Rouge Gazon, site embl\u00e9matique [&hellip;]","twitter_image":"https:\/\/vosgesinfo.fr\/app\/uploads\/sites\/5\/2024\/09\/202212317331408-513038150850223-3639650386328507645-n.jpg","twitter_creator":"@VosgesInfo88","twitter_site":"@VosgesInfo88","twitter_misc":{"\u00c9crit par":"C D","Dur\u00e9e de lecture estim\u00e9e":"1 minute"},"schema":{"@context":"https:\/\/schema.org","@graph":[{"@type":"Article","@id":"https:\/\/vosgesinfo.fr\/remiremontinfo\/2022\/12\/saint-maurice-domaine-rouge-gazon-sera-ouvert-cet-hiver\/#article","isPartOf":{"@id":"https:\/\/vosgesinfo.fr\/remiremontinfo\/2022\/12\/saint-maurice-domaine-rouge-gazon-sera-ouvert-cet-hiver\/"},"author":{"name":"C D","@id":"https:\/\/vosgesinfo.fr\/remiremontinfo\/#\/schema\/person\/3bfd164d5218a185b1db68655a265316"},"headline":"Saint-Maurice : le domaine du Rouge Gazon sera ouvert cet hiver","datePublished":"2022-12-05T10:56:25+00:00","dateModified":"2022-12-05T10:56:25+00:00","mainEntityOfPage":{"@id":"https:\/\/vosgesinfo.fr\/remiremontinfo\/2022\/12\/saint-maurice-domaine-rouge-gazon-sera-ouvert-cet-hiver\/"},"wordCount":213,"commentCount":0,"publisher":{"@id":"https:\/\/vosgesinfo.fr\/remiremontinfo\/#organization"},"image":{"@id":"https:\/\/vosgesinfo.fr\/remiremontinfo\/2022\/12\/saint-maurice-domaine-rouge-gazon-sera-ouvert-cet-hiver\/#primaryimage"},"thumbnailUrl":"https:\/\/vosgesinfo.fr\/app\/uploads\/sites\/5\/2024\/09\/202212317331408-513038150850223-3639650386328507645-n.jpg","keywords":["Rouge-Gazon","ski","Vosges"],"articleSection":["A la Une","Le Thillot &amp; son canton","Saint-Maurice\/Moselle","Sport"],"inLanguage":"fr-FR","potentialAction":[{"@type":"CommentAction","name":"Comment","target":["https:\/\/vosgesinfo.fr\/remiremontinfo\/2022\/12\/saint-maurice-domaine-rouge-gazon-sera-ouvert-cet-hiver\/#respond"]}]},{"@type":"WebPage","@id":"https:\/\/vosgesinfo.fr\/remiremontinfo\/2022\/12\/saint-maurice-domaine-rouge-gazon-sera-ouvert-cet-hiver\/","url":"https:\/\/vosgesinfo.fr\/remiremontinfo\/2022\/12\/saint-maurice-domaine-rouge-gazon-sera-ouvert-cet-hiver\/","name":"Saint-Maurice : le domaine du Rouge Gazon sera ouvert cet hiver - Remiremont Info","isPartOf":{"@id":"https:\/\/vosgesinfo.fr\/remiremontinfo\/#website"},"primaryImageOfPage":{"@id":"https:\/\/vosgesinfo.fr\/remiremontinfo\/2022\/12\/saint-maurice-domaine-rouge-gazon-sera-ouvert-cet-hiver\/#primaryimage"},"image":{"@id":"https:\/\/vosgesinfo.fr\/remiremontinfo\/2022\/12\/saint-maurice-domaine-rouge-gazon-sera-ouvert-cet-hiver\/#primaryimage"},"thumbnailUrl":"https:\/\/vosgesinfo.fr\/app\/uploads\/sites\/5\/2024\/09\/202212317331408-513038150850223-3639650386328507645-n.jpg","datePublished":"2022-12-05T10:56:25+00:00","dateModified":"2022-12-05T10:56:25+00:00","breadcrumb":{"@id":"https:\/\/vosgesinfo.fr\/remiremontinfo\/2022\/12\/saint-maurice-domaine-rouge-gazon-sera-ouvert-cet-hiver\/#breadcrumb"},"inLanguage":"fr-FR","potentialAction":[{"@type":"ReadAction","target":["https:\/\/vosgesinfo.fr\/remiremontinfo\/2022\/12\/saint-maurice-domaine-rouge-gazon-sera-ouvert-cet-hiver\/"]}]},{"@type":"ImageObject","inLanguage":"fr-FR","@id":"https:\/\/vosgesinfo.fr\/remiremontinfo\/2022\/12\/saint-maurice-domaine-rouge-gazon-sera-ouvert-cet-hiver\/#primaryimage","url":"https:\/\/vosgesinfo.fr\/app\/uploads\/sites\/5\/2024\/09\/202212317331408-513038150850223-3639650386328507645-n.jpg","contentUrl":"https:\/\/vosgesinfo.fr\/app\/uploads\/sites\/5\/2024\/09\/202212317331408-513038150850223-3639650386328507645-n.jpg","width":2048,"height":1536},{"@type":"BreadcrumbList","@id":"https:\/\/vosgesinfo.fr\/remiremontinfo\/2022\/12\/saint-maurice-domaine-rouge-gazon-sera-ouvert-cet-hiver\/#breadcrumb","itemListElement":[{"@type":"ListItem","position":1,"name":"Home","item":"https:\/\/vosgesinfo.fr\/remiremontinfo\/"},{"@type":"ListItem","position":2,"name":"Saint-Maurice : le domaine du Rouge Gazon sera ouvert cet hiver"}]},{"@type":"WebSite","@id":"https:\/\/vosgesinfo.fr\/remiremontinfo\/#website","url":"https:\/\/vosgesinfo.fr\/remiremontinfo\/","name":"Remiremont Info","description":"Toute l&#039;actualit\u00e9 de Remiremont","publisher":{"@id":"https:\/\/vosgesinfo.fr\/remiremontinfo\/#organization"},"alternateName":"Toute l'actualit\u00e9 de Remiremont","potentialAction":[{"@type":"SearchAction","target":{"@type":"EntryPoint","urlTemplate":"https:\/\/vosgesinfo.fr\/remiremontinfo\/?s={search_term_string}"},"query-input":"required name=search_term_string"}],"inLanguage":"fr-FR"},{"@type":"Organization","@id":"https:\/\/vosgesinfo.fr\/remiremontinfo\/#organization","name":"Remiremont Info","url":"https:\/\/vosgesinfo.fr\/remiremontinfo\/","logo":{"@type":"ImageObject","inLanguage":"fr-FR","@id":"https:\/\/vosgesinfo.fr\/remiremontinfo\/#\/schema\/logo\/image\/","url":"https:\/\/vosgesinfo.fr\/app\/uploads\/sites\/5\/2023\/08\/favicon-remiremontinfo.png","contentUrl":"https:\/\/vosgesinfo.fr\/app\/uploads\/sites\/5\/2023\/08\/favicon-remiremontinfo.png","width":512,"height":512,"caption":"Remiremont Info"},"image":{"@id":"https:\/\/vosgesinfo.fr\/remiremontinfo\/#\/schema\/logo\/image\/"},"sameAs":["https:\/\/www.facebook.com\/remiremontinfo","https:\/\/x.com\/VosgesInfo88","https:\/\/www.youtube.com\/@vosgesinfo"]},{"@type":"Person","@id":"https:\/\/vosgesinfo.fr\/remiremontinfo\/#\/schema\/person\/3bfd164d5218a185b1db68655a265316","name":"C D","image":{"@type":"ImageObject","inLanguage":"fr-FR","@id":"https:\/\/vosgesinfo.fr\/remiremontinfo\/#\/schema\/person\/image\/","url":"https:\/\/secure.gravatar.com\/avatar\/1f9a70007336511a47468b8f1c66f922b8b7cf617b02a31149ada43893a5d48f?s=96&d=mm&r=g","contentUrl":"https:\/\/secure.gravatar.com\/avatar\/1f9a70007336511a47468b8f1c66f922b8b7cf617b02a31149ada43893a5d48f?s=96&d=mm&r=g","caption":"C D"},"url":"https:\/\/vosgesinfo.fr\/remiremontinfo\/author\/cedric-drevet\/"}]}},"_links":{"self":[{"href":"https:\/\/vosgesinfo.fr\/remiremontinfo\/wp-json\/wp\/v2\/posts\/65331","targetHints":{"allow":["GET"]}}],"collection":[{"href":"https:\/\/vosgesinfo.fr\/remiremontinfo\/wp-json\/wp\/v2\/posts"}],"about":[{"href":"https:\/\/vosgesinfo.fr\/remiremontinfo\/wp-json\/wp\/v2\/types\/post"}],"author":[{"embeddable":true,"href":"https:\/\/vosgesinfo.fr\/remiremontinfo\/wp-json\/wp\/v2\/users\/407"}],"replies":[{"embeddable":true,"href":"https:\/\/vosgesinfo.fr\/remiremontinfo\/wp-json\/wp\/v2\/comments?post=65331"}],"version-history":[{"count":0,"href":"https:\/\/vosgesinfo.fr\/remiremontinfo\/wp-json\/wp\/v2\/posts\/65331\/revisions"}],"wp:featuredmedia":[{"embeddable":true,"href":"https:\/\/vosgesinfo.fr\/remiremontinfo\/wp-json\/wp\/v2\/media\/65332"}],"wp:attachment":[{"href":"https:\/\/vosgesinfo.fr\/remiremontinfo\/wp-json\/wp\/v2\/media?parent=65331"}],"wp:term":[{"taxonomy":"category","embeddable":true,"href":"https:\/\/vosgesinfo.fr\/remiremontinfo\/wp-json\/wp\/v2\/categories?post=65331"},{"taxonomy":"post_tag","embeddable":true,"href":"https:\/\/vosgesinfo.fr\/remiremontinfo\/wp-json\/wp\/v2\/tags?post=65331"}],"curies":[{"name":"wp","href":"https:\/\/api.w.org\/{rel}","templated":true}]}}