{"id":65336,"date":"2022-12-05T15:00:22","date_gmt":"2022-12-05T14:00:22","guid":{"rendered":"https:\/\/vosgesinfo.fr\/remiremontinfo\/2022\/12\/assises-vosgien-accuse-davoir-viole-prostitue-fille-de-13-ans\/"},"modified":"2022-12-05T15:00:22","modified_gmt":"2022-12-05T14:00:22","slug":"assises-vosgien-accuse-davoir-viole-prostitue-fille-de-13-ans","status":"publish","type":"post","link":"https:\/\/vosgesinfo.fr\/remiremontinfo\/2022\/12\/assises-vosgien-accuse-davoir-viole-prostitue-fille-de-13-ans\/","title":{"rendered":"Assises : un Vosgien accus\u00e9 d\u2019avoir viol\u00e9 et prostitu\u00e9 sa fille de 13 ans"},"content":{"rendered":"<h2>A partir de ce lundi 5 d\u00e9cembre et jusqu\u2019\u00e0 mercredi 7 d\u00e9cembre, a lieu une nouvelle session de la cour d\u2019assises des Vosges. Les jug\u00e9s devront se pencher une affaire qui concerne un p\u00e8re de famille. Celui-ci est accus\u00e9 d\u2019avoir viol\u00e9 et prostitu\u00e9 sa propre fille \u00e0 partir de ses 13 ans. Il risque jusqu\u2019\u00e0 20 ans de prison.<\/h2>\n<p>La troisi\u00e8me session de la cour d\u2019assises des Vosges a d\u00e9but\u00e9 ce lundi apr\u00e8s-midi au tribunal d\u2019\u00c9pinal avec une affaire de viol et de prostitution. Un Vosgien est accus\u00e9 d\u2019avoir viol\u00e9 et prostitu\u00e9 sa fille. En effet, un ami du p\u00e8re de famille aurait abus\u00e9 de la jeune fille en \u00e9change de 50 euros. La jeune fille aurait m\u00eame perdu sa virginit\u00e9 apr\u00e8s un rapport sexuel avec son p\u00e8re. Elle aurait alors d\u00e9cid\u00e9 de prendre la pilule pour ne pas tomber enceinte de son p\u00e8re.<\/p>\n<p>Selon la jeune fille, les faits se sont arr\u00eat\u00e9s quand elle a d\u00e9nonc\u00e9 son p\u00e8re \u00e0 la conseill\u00e8re d\u2019orientation de son \u00e9tablissement scolai<\/p>\n","protected":false},"excerpt":{"rendered":"<p>A partir de ce lundi 5 d\u00e9cembre et jusqu\u2019\u00e0 mercredi 7 d\u00e9cembre, a lieu une nouvelle session de la cour [&hellip;]<\/p>\n","protected":false},"author":407,"featured_media":65337,"comment_status":"open","ping_status":"open","sticky":false,"template":"","format":"standard","meta":{"footnotes":""},"categories":[26,138,18],"tags":[167,5160,32],"class_list":["post-65336","post","type-post","status-publish","format-standard","has-post-thumbnail","hentry","category-a-la-une","category-justice","category-vosges","tag-justice","tag-prostitution","tag-vosges"],"acf":[],"yoast_head":"<!-- This site is optimized with the Yoast SEO plugin v22.5 - https:\/\/yoast.com\/wordpress\/plugins\/seo\/ -->\n<title>Assises : un Vosgien accus\u00e9 d\u2019avoir viol\u00e9 et prostitu\u00e9 sa fille de 13 ans - Remiremont Info<\/title>\n<meta name=\"robots\" content=\"index, follow, max-snippet:-1, max-image-preview:large, max-video-preview:-1\" \/>\n<link rel=\"canonical\" href=\"https:\/\/vosgesinfo.fr\/remiremontinfo\/2022\/12\/assises-vosgien-accuse-davoir-viole-prostitue-fille-de-13-ans\/\" \/>\n<meta name=\"twitter:card\" content=\"summary_large_image\" \/>\n<meta name=\"twitter:title\" content=\"Assises : un Vosgien accus\u00e9 d\u2019avoir viol\u00e9 et prostitu\u00e9 sa fille de 13 ans - Remiremont Info\" \/>\n<meta name=\"twitter:description\" content=\"A partir de ce lundi 5 d\u00e9cembre et jusqu\u2019\u00e0 mercredi 7 d\u00e9cembre, a lieu une nouvelle session de la cour [&hellip;]\" \/>\n<meta name=\"twitter:image\" content=\"https:\/\/vosgesinfo.fr\/app\/uploads\/sites\/5\/2024\/09\/201810violences.jpg\" \/>\n<meta name=\"twitter:creator\" content=\"@VosgesInfo88\" \/>\n<meta name=\"twitter:site\" content=\"@VosgesInfo88\" \/>\n<meta name=\"twitter:label1\" content=\"\u00c9crit par\" \/>\n\t<meta name=\"twitter:data1\" content=\"C D\" \/>\n\t<meta name=\"twitter:label2\" content=\"Dur\u00e9e de lecture estim\u00e9e\" \/>\n\t<meta name=\"twitter:data2\" content=\"1 minute\" \/>\n<script type=\"application\/ld+json\" class=\"yoast-schema-graph\">{\"@context\":\"https:\/\/schema.org\",\"@graph\":[{\"@type\":\"Article\",\"@id\":\"https:\/\/vosgesinfo.fr\/remiremontinfo\/2022\/12\/assises-vosgien-accuse-davoir-viole-prostitue-fille-de-13-ans\/#article\",\"isPartOf\":{\"@id\":\"https:\/\/vosgesinfo.fr\/remiremontinfo\/2022\/12\/assises-vosgien-accuse-davoir-viole-prostitue-fille-de-13-ans\/\"},\"author\":{\"name\":\"C D\",\"@id\":\"https:\/\/vosgesinfo.fr\/remiremontinfo\/#\/schema\/person\/3bfd164d5218a185b1db68655a265316\"},\"headline\":\"Assises : un Vosgien accus\u00e9 d\u2019avoir viol\u00e9 et prostitu\u00e9 sa fille de 13 ans\",\"datePublished\":\"2022-12-05T14:00:22+00:00\",\"dateModified\":\"2022-12-05T14:00:22+00:00\",\"mainEntityOfPage\":{\"@id\":\"https:\/\/vosgesinfo.fr\/remiremontinfo\/2022\/12\/assises-vosgien-accuse-davoir-viole-prostitue-fille-de-13-ans\/\"},\"wordCount\":197,\"commentCount\":0,\"publisher\":{\"@id\":\"https:\/\/vosgesinfo.fr\/remiremontinfo\/#organization\"},\"image\":{\"@id\":\"https:\/\/vosgesinfo.fr\/remiremontinfo\/2022\/12\/assises-vosgien-accuse-davoir-viole-prostitue-fille-de-13-ans\/#primaryimage\"},\"thumbnailUrl\":\"https:\/\/vosgesinfo.fr\/app\/uploads\/sites\/5\/2024\/09\/201810violences.jpg\",\"keywords\":[\"justice\",\"prostitution\",\"Vosges\"],\"articleSection\":[\"A la Une\",\"Justice\",\"Vosges\"],\"inLanguage\":\"fr-FR\",\"potentialAction\":[{\"@type\":\"CommentAction\",\"name\":\"Comment\",\"target\":[\"https:\/\/vosgesinfo.fr\/remiremontinfo\/2022\/12\/assises-vosgien-accuse-davoir-viole-prostitue-fille-de-13-ans\/#respond\"]}]},{\"@type\":\"WebPage\",\"@id\":\"https:\/\/vosgesinfo.fr\/remiremontinfo\/2022\/12\/assises-vosgien-accuse-davoir-viole-prostitue-fille-de-13-ans\/\",\"url\":\"https:\/\/vosgesinfo.fr\/remiremontinfo\/2022\/12\/assises-vosgien-accuse-davoir-viole-prostitue-fille-de-13-ans\/\",\"name\":\"Assises : un Vosgien accus\u00e9 d\u2019avoir viol\u00e9 et prostitu\u00e9 sa fille de 13 ans - Remiremont Info\",\"isPartOf\":{\"@id\":\"https:\/\/vosgesinfo.fr\/remiremontinfo\/#website\"},\"primaryImageOfPage\":{\"@id\":\"https:\/\/vosgesinfo.fr\/remiremontinfo\/2022\/12\/assises-vosgien-accuse-davoir-viole-prostitue-fille-de-13-ans\/#primaryimage\"},\"image\":{\"@id\":\"https:\/\/vosgesinfo.fr\/remiremontinfo\/2022\/12\/assises-vosgien-accuse-davoir-viole-prostitue-fille-de-13-ans\/#primaryimage\"},\"thumbnailUrl\":\"https:\/\/vosgesinfo.fr\/app\/uploads\/sites\/5\/2024\/09\/201810violences.jpg\",\"datePublished\":\"2022-12-05T14:00:22+00:00\",\"dateModified\":\"2022-12-05T14:00:22+00:00\",\"breadcrumb\":{\"@id\":\"https:\/\/vosgesinfo.fr\/remiremontinfo\/2022\/12\/assises-vosgien-accuse-davoir-viole-prostitue-fille-de-13-ans\/#breadcrumb\"},\"inLanguage\":\"fr-FR\",\"potentialAction\":[{\"@type\":\"ReadAction\",\"target\":[\"https:\/\/vosgesinfo.fr\/remiremontinfo\/2022\/12\/assises-vosgien-accuse-davoir-viole-prostitue-fille-de-13-ans\/\"]}]},{\"@type\":\"ImageObject\",\"inLanguage\":\"fr-FR\",\"@id\":\"https:\/\/vosgesinfo.fr\/remiremontinfo\/2022\/12\/assises-vosgien-accuse-davoir-viole-prostitue-fille-de-13-ans\/#primaryimage\",\"url\":\"https:\/\/vosgesinfo.fr\/app\/uploads\/sites\/5\/2024\/09\/201810violences.jpg\",\"contentUrl\":\"https:\/\/vosgesinfo.fr\/app\/uploads\/sites\/5\/2024\/09\/201810violences.jpg\",\"width\":960,\"height\":640},{\"@type\":\"BreadcrumbList\",\"@id\":\"https:\/\/vosgesinfo.fr\/remiremontinfo\/2022\/12\/assises-vosgien-accuse-davoir-viole-prostitue-fille-de-13-ans\/#breadcrumb\",\"itemListElement\":[{\"@type\":\"ListItem\",\"position\":1,\"name\":\"Home\",\"item\":\"https:\/\/vosgesinfo.fr\/remiremontinfo\/\"},{\"@type\":\"ListItem\",\"position\":2,\"name\":\"Assises : un Vosgien accus\u00e9 d\u2019avoir viol\u00e9 et prostitu\u00e9 sa fille de 13 ans\"}]},{\"@type\":\"WebSite\",\"@id\":\"https:\/\/vosgesinfo.fr\/remiremontinfo\/#website\",\"url\":\"https:\/\/vosgesinfo.fr\/remiremontinfo\/\",\"name\":\"Remiremont Info\",\"description\":\"Toute l&#039;actualit\u00e9 de Remiremont\",\"publisher\":{\"@id\":\"https:\/\/vosgesinfo.fr\/remiremontinfo\/#organization\"},\"alternateName\":\"Toute l'actualit\u00e9 de Remiremont\",\"potentialAction\":[{\"@type\":\"SearchAction\",\"target\":{\"@type\":\"EntryPoint\",\"urlTemplate\":\"https:\/\/vosgesinfo.fr\/remiremontinfo\/?s={search_term_string}\"},\"query-input\":\"required name=search_term_string\"}],\"inLanguage\":\"fr-FR\"},{\"@type\":\"Organization\",\"@id\":\"https:\/\/vosgesinfo.fr\/remiremontinfo\/#organization\",\"name\":\"Remiremont Info\",\"url\":\"https:\/\/vosgesinfo.fr\/remiremontinfo\/\",\"logo\":{\"@type\":\"ImageObject\",\"inLanguage\":\"fr-FR\",\"@id\":\"https:\/\/vosgesinfo.fr\/remiremontinfo\/#\/schema\/logo\/image\/\",\"url\":\"https:\/\/vosgesinfo.fr\/app\/uploads\/sites\/5\/2023\/08\/favicon-remiremontinfo.png\",\"contentUrl\":\"https:\/\/vosgesinfo.fr\/app\/uploads\/sites\/5\/2023\/08\/favicon-remiremontinfo.png\",\"width\":512,\"height\":512,\"caption\":\"Remiremont Info\"},\"image\":{\"@id\":\"https:\/\/vosgesinfo.fr\/remiremontinfo\/#\/schema\/logo\/image\/\"},\"sameAs\":[\"https:\/\/www.facebook.com\/remiremontinfo\",\"https:\/\/x.com\/VosgesInfo88\",\"https:\/\/www.youtube.com\/@vosgesinfo\"]},{\"@type\":\"Person\",\"@id\":\"https:\/\/vosgesinfo.fr\/remiremontinfo\/#\/schema\/person\/3bfd164d5218a185b1db68655a265316\",\"name\":\"C D\",\"image\":{\"@type\":\"ImageObject\",\"inLanguage\":\"fr-FR\",\"@id\":\"https:\/\/vosgesinfo.fr\/remiremontinfo\/#\/schema\/person\/image\/\",\"url\":\"https:\/\/secure.gravatar.com\/avatar\/1f9a70007336511a47468b8f1c66f922b8b7cf617b02a31149ada43893a5d48f?s=96&d=mm&r=g\",\"contentUrl\":\"https:\/\/secure.gravatar.com\/avatar\/1f9a70007336511a47468b8f1c66f922b8b7cf617b02a31149ada43893a5d48f?s=96&d=mm&r=g\",\"caption\":\"C D\"},\"url\":\"https:\/\/vosgesinfo.fr\/remiremontinfo\/author\/cedric-drevet\/\"}]}<\/script>\n<!-- \/ Yoast SEO plugin. -->","yoast_head_json":{"title":"Assises : un Vosgien accus\u00e9 d\u2019avoir viol\u00e9 et prostitu\u00e9 sa fille de 13 ans - Remiremont Info","robots":{"index":"index","follow":"follow","max-snippet":"max-snippet:-1","max-image-preview":"max-image-preview:large","max-video-preview":"max-video-preview:-1"},"canonical":"https:\/\/vosgesinfo.fr\/remiremontinfo\/2022\/12\/assises-vosgien-accuse-davoir-viole-prostitue-fille-de-13-ans\/","twitter_card":"summary_large_image","twitter_title":"Assises : un Vosgien accus\u00e9 d\u2019avoir viol\u00e9 et prostitu\u00e9 sa fille de 13 ans - Remiremont Info","twitter_description":"A partir de ce lundi 5 d\u00e9cembre et jusqu\u2019\u00e0 mercredi 7 d\u00e9cembre, a lieu une nouvelle session de la cour [&hellip;]","twitter_image":"https:\/\/vosgesinfo.fr\/app\/uploads\/sites\/5\/2024\/09\/201810violences.jpg","twitter_creator":"@VosgesInfo88","twitter_site":"@VosgesInfo88","twitter_misc":{"\u00c9crit par":"C D","Dur\u00e9e de lecture estim\u00e9e":"1 minute"},"schema":{"@context":"https:\/\/schema.org","@graph":[{"@type":"Article","@id":"https:\/\/vosgesinfo.fr\/remiremontinfo\/2022\/12\/assises-vosgien-accuse-davoir-viole-prostitue-fille-de-13-ans\/#article","isPartOf":{"@id":"https:\/\/vosgesinfo.fr\/remiremontinfo\/2022\/12\/assises-vosgien-accuse-davoir-viole-prostitue-fille-de-13-ans\/"},"author":{"name":"C D","@id":"https:\/\/vosgesinfo.fr\/remiremontinfo\/#\/schema\/person\/3bfd164d5218a185b1db68655a265316"},"headline":"Assises : un Vosgien accus\u00e9 d\u2019avoir viol\u00e9 et prostitu\u00e9 sa fille de 13 ans","datePublished":"2022-12-05T14:00:22+00:00","dateModified":"2022-12-05T14:00:22+00:00","mainEntityOfPage":{"@id":"https:\/\/vosgesinfo.fr\/remiremontinfo\/2022\/12\/assises-vosgien-accuse-davoir-viole-prostitue-fille-de-13-ans\/"},"wordCount":197,"commentCount":0,"publisher":{"@id":"https:\/\/vosgesinfo.fr\/remiremontinfo\/#organization"},"image":{"@id":"https:\/\/vosgesinfo.fr\/remiremontinfo\/2022\/12\/assises-vosgien-accuse-davoir-viole-prostitue-fille-de-13-ans\/#primaryimage"},"thumbnailUrl":"https:\/\/vosgesinfo.fr\/app\/uploads\/sites\/5\/2024\/09\/201810violences.jpg","keywords":["justice","prostitution","Vosges"],"articleSection":["A la Une","Justice","Vosges"],"inLanguage":"fr-FR","potentialAction":[{"@type":"CommentAction","name":"Comment","target":["https:\/\/vosgesinfo.fr\/remiremontinfo\/2022\/12\/assises-vosgien-accuse-davoir-viole-prostitue-fille-de-13-ans\/#respond"]}]},{"@type":"WebPage","@id":"https:\/\/vosgesinfo.fr\/remiremontinfo\/2022\/12\/assises-vosgien-accuse-davoir-viole-prostitue-fille-de-13-ans\/","url":"https:\/\/vosgesinfo.fr\/remiremontinfo\/2022\/12\/assises-vosgien-accuse-davoir-viole-prostitue-fille-de-13-ans\/","name":"Assises : un Vosgien accus\u00e9 d\u2019avoir viol\u00e9 et prostitu\u00e9 sa fille de 13 ans - Remiremont Info","isPartOf":{"@id":"https:\/\/vosgesinfo.fr\/remiremontinfo\/#website"},"primaryImageOfPage":{"@id":"https:\/\/vosgesinfo.fr\/remiremontinfo\/2022\/12\/assises-vosgien-accuse-davoir-viole-prostitue-fille-de-13-ans\/#primaryimage"},"image":{"@id":"https:\/\/vosgesinfo.fr\/remiremontinfo\/2022\/12\/assises-vosgien-accuse-davoir-viole-prostitue-fille-de-13-ans\/#primaryimage"},"thumbnailUrl":"https:\/\/vosgesinfo.fr\/app\/uploads\/sites\/5\/2024\/09\/201810violences.jpg","datePublished":"2022-12-05T14:00:22+00:00","dateModified":"2022-12-05T14:00:22+00:00","breadcrumb":{"@id":"https:\/\/vosgesinfo.fr\/remiremontinfo\/2022\/12\/assises-vosgien-accuse-davoir-viole-prostitue-fille-de-13-ans\/#breadcrumb"},"inLanguage":"fr-FR","potentialAction":[{"@type":"ReadAction","target":["https:\/\/vosgesinfo.fr\/remiremontinfo\/2022\/12\/assises-vosgien-accuse-davoir-viole-prostitue-fille-de-13-ans\/"]}]},{"@type":"ImageObject","inLanguage":"fr-FR","@id":"https:\/\/vosgesinfo.fr\/remiremontinfo\/2022\/12\/assises-vosgien-accuse-davoir-viole-prostitue-fille-de-13-ans\/#primaryimage","url":"https:\/\/vosgesinfo.fr\/app\/uploads\/sites\/5\/2024\/09\/201810violences.jpg","contentUrl":"https:\/\/vosgesinfo.fr\/app\/uploads\/sites\/5\/2024\/09\/201810violences.jpg","width":960,"height":640},{"@type":"BreadcrumbList","@id":"https:\/\/vosgesinfo.fr\/remiremontinfo\/2022\/12\/assises-vosgien-accuse-davoir-viole-prostitue-fille-de-13-ans\/#breadcrumb","itemListElement":[{"@type":"ListItem","position":1,"name":"Home","item":"https:\/\/vosgesinfo.fr\/remiremontinfo\/"},{"@type":"ListItem","position":2,"name":"Assises : un Vosgien accus\u00e9 d\u2019avoir viol\u00e9 et prostitu\u00e9 sa fille de 13 ans"}]},{"@type":"WebSite","@id":"https:\/\/vosgesinfo.fr\/remiremontinfo\/#website","url":"https:\/\/vosgesinfo.fr\/remiremontinfo\/","name":"Remiremont Info","description":"Toute l&#039;actualit\u00e9 de Remiremont","publisher":{"@id":"https:\/\/vosgesinfo.fr\/remiremontinfo\/#organization"},"alternateName":"Toute l'actualit\u00e9 de Remiremont","potentialAction":[{"@type":"SearchAction","target":{"@type":"EntryPoint","urlTemplate":"https:\/\/vosgesinfo.fr\/remiremontinfo\/?s={search_term_string}"},"query-input":"required name=search_term_string"}],"inLanguage":"fr-FR"},{"@type":"Organization","@id":"https:\/\/vosgesinfo.fr\/remiremontinfo\/#organization","name":"Remiremont Info","url":"https:\/\/vosgesinfo.fr\/remiremontinfo\/","logo":{"@type":"ImageObject","inLanguage":"fr-FR","@id":"https:\/\/vosgesinfo.fr\/remiremontinfo\/#\/schema\/logo\/image\/","url":"https:\/\/vosgesinfo.fr\/app\/uploads\/sites\/5\/2023\/08\/favicon-remiremontinfo.png","contentUrl":"https:\/\/vosgesinfo.fr\/app\/uploads\/sites\/5\/2023\/08\/favicon-remiremontinfo.png","width":512,"height":512,"caption":"Remiremont Info"},"image":{"@id":"https:\/\/vosgesinfo.fr\/remiremontinfo\/#\/schema\/logo\/image\/"},"sameAs":["https:\/\/www.facebook.com\/remiremontinfo","https:\/\/x.com\/VosgesInfo88","https:\/\/www.youtube.com\/@vosgesinfo"]},{"@type":"Person","@id":"https:\/\/vosgesinfo.fr\/remiremontinfo\/#\/schema\/person\/3bfd164d5218a185b1db68655a265316","name":"C D","image":{"@type":"ImageObject","inLanguage":"fr-FR","@id":"https:\/\/vosgesinfo.fr\/remiremontinfo\/#\/schema\/person\/image\/","url":"https:\/\/secure.gravatar.com\/avatar\/1f9a70007336511a47468b8f1c66f922b8b7cf617b02a31149ada43893a5d48f?s=96&d=mm&r=g","contentUrl":"https:\/\/secure.gravatar.com\/avatar\/1f9a70007336511a47468b8f1c66f922b8b7cf617b02a31149ada43893a5d48f?s=96&d=mm&r=g","caption":"C D"},"url":"https:\/\/vosgesinfo.fr\/remiremontinfo\/author\/cedric-drevet\/"}]}},"_links":{"self":[{"href":"https:\/\/vosgesinfo.fr\/remiremontinfo\/wp-json\/wp\/v2\/posts\/65336","targetHints":{"allow":["GET"]}}],"collection":[{"href":"https:\/\/vosgesinfo.fr\/remiremontinfo\/wp-json\/wp\/v2\/posts"}],"about":[{"href":"https:\/\/vosgesinfo.fr\/remiremontinfo\/wp-json\/wp\/v2\/types\/post"}],"author":[{"embeddable":true,"href":"https:\/\/vosgesinfo.fr\/remiremontinfo\/wp-json\/wp\/v2\/users\/407"}],"replies":[{"embeddable":true,"href":"https:\/\/vosgesinfo.fr\/remiremontinfo\/wp-json\/wp\/v2\/comments?post=65336"}],"version-history":[{"count":0,"href":"https:\/\/vosgesinfo.fr\/remiremontinfo\/wp-json\/wp\/v2\/posts\/65336\/revisions"}],"wp:featuredmedia":[{"embeddable":true,"href":"https:\/\/vosgesinfo.fr\/remiremontinfo\/wp-json\/wp\/v2\/media\/65337"}],"wp:attachment":[{"href":"https:\/\/vosgesinfo.fr\/remiremontinfo\/wp-json\/wp\/v2\/media?parent=65336"}],"wp:term":[{"taxonomy":"category","embeddable":true,"href":"https:\/\/vosgesinfo.fr\/remiremontinfo\/wp-json\/wp\/v2\/categories?post=65336"},{"taxonomy":"post_tag","embeddable":true,"href":"https:\/\/vosgesinfo.fr\/remiremontinfo\/wp-json\/wp\/v2\/tags?post=65336"}],"curies":[{"name":"wp","href":"https:\/\/api.w.org\/{rel}","templated":true}]}}