{"id":65340,"date":"2022-12-05T16:53:42","date_gmt":"2022-12-05T15:53:42","guid":{"rendered":"https:\/\/vosgesinfo.fr\/remiremontinfo\/2022\/12\/elodie-gossuin-invitee-dhonneur-presidente-jury-de-prochaine-fete-jonquilles\/"},"modified":"2022-12-05T16:53:42","modified_gmt":"2022-12-05T15:53:42","slug":"elodie-gossuin-invitee-dhonneur-presidente-jury-de-prochaine-fete-jonquilles","status":"publish","type":"post","link":"https:\/\/vosgesinfo.fr\/remiremontinfo\/2022\/12\/elodie-gossuin-invitee-dhonneur-presidente-jury-de-prochaine-fete-jonquilles\/","title":{"rendered":"\u00c9lodie Gossuin invit\u00e9e d\u2019honneur et pr\u00e9sidente du jury de la prochaine F\u00eate des Jonquilles"},"content":{"rendered":"<p>C\u2019est un coup de ma\u00eetre r\u00e9alis\u00e9 par les membres de la Soci\u00e9t\u00e9 des F\u00eates de G\u00e9rardmer emmen\u00e9e par sa pr\u00e9sidente Nicole Curtit. L\u2019ancienne Miss France \u00c9lodie Gossuin est l\u2019invit\u00e9e d\u2019honneur et pr\u00e9sidente du jury de la prochaine F\u00eate des Jonquilles programm\u00e9e le 16 avril 2023.<\/p>\n<p>La jolie jeune femme aujourd\u2019hui \u00e2g\u00e9e de 41 ans, ancien mannequin, est une personnalit\u00e9 m\u00e9diatique depuis son \u00e9lection comme reine de beaut\u00e9 en 1980. Depuis une vingtaine d\u2019ann\u00e9es, elle fut successivement chroniqueuse \u00e0 la t\u00e9l\u00e9vision,\u00a0 mais elle s\u2019est surtout faite remarqu\u00e9e pour animer les matinales radio de RFM depuis 2015 apr\u00e8s \u00eatre pass\u00e9e par FUN Radio et NRJ.<\/p>\n<p>Sa pr\u00e9sence d\u2019ores et d\u00e9j\u00e0 act\u00e9e pour le printemps prochain et un plus pour la manifestation qui f\u00eate son 50\u00e8me corso fleuri.<\/p>\n","protected":false},"excerpt":{"rendered":"<p>C\u2019est un coup de ma\u00eetre r\u00e9alis\u00e9 par les membres de la Soci\u00e9t\u00e9 des F\u00eates de G\u00e9rardmer emmen\u00e9e par sa pr\u00e9sidente [&hellip;]<\/p>\n","protected":false},"author":407,"featured_media":65341,"comment_status":"open","ping_status":"open","sticky":false,"template":"","format":"standard","meta":{"footnotes":""},"categories":[26,124,18],"tags":[5161,2004,32],"class_list":["post-65340","post","type-post","status-publish","format-standard","has-post-thumbnail","hentry","category-a-la-une","category-fetes","category-vosges","tag-elodie-gossuin","tag-fete-des-jonquilles","tag-vosges"],"acf":[],"yoast_head":"<!-- This site is optimized with the Yoast SEO plugin v22.5 - https:\/\/yoast.com\/wordpress\/plugins\/seo\/ -->\n<title>\u00c9lodie Gossuin invit\u00e9e d\u2019honneur et pr\u00e9sidente du jury de la prochaine F\u00eate des Jonquilles - Remiremont Info<\/title>\n<meta name=\"robots\" content=\"index, follow, max-snippet:-1, max-image-preview:large, max-video-preview:-1\" \/>\n<link rel=\"canonical\" href=\"https:\/\/vosgesinfo.fr\/remiremontinfo\/2022\/12\/elodie-gossuin-invitee-dhonneur-presidente-jury-de-prochaine-fete-jonquilles\/\" \/>\n<meta name=\"twitter:card\" content=\"summary_large_image\" \/>\n<meta name=\"twitter:title\" content=\"\u00c9lodie Gossuin invit\u00e9e d\u2019honneur et pr\u00e9sidente du jury de la prochaine F\u00eate des Jonquilles - Remiremont Info\" \/>\n<meta name=\"twitter:description\" content=\"C\u2019est un coup de ma\u00eetre r\u00e9alis\u00e9 par les membres de la Soci\u00e9t\u00e9 des F\u00eates de G\u00e9rardmer emmen\u00e9e par sa pr\u00e9sidente [&hellip;]\" \/>\n<meta name=\"twitter:image\" content=\"https:\/\/vosgesinfo.fr\/app\/uploads\/sites\/5\/2024\/09\/202212screenshot-20221205-155021-facebook-1024x399-1.jpg\" \/>\n<meta name=\"twitter:creator\" content=\"@VosgesInfo88\" \/>\n<meta name=\"twitter:site\" content=\"@VosgesInfo88\" \/>\n<meta name=\"twitter:label1\" content=\"\u00c9crit par\" \/>\n\t<meta name=\"twitter:data1\" content=\"C D\" \/>\n\t<meta name=\"twitter:label2\" content=\"Dur\u00e9e de lecture estim\u00e9e\" \/>\n\t<meta name=\"twitter:data2\" content=\"1 minute\" \/>\n<script type=\"application\/ld+json\" class=\"yoast-schema-graph\">{\"@context\":\"https:\/\/schema.org\",\"@graph\":[{\"@type\":\"Article\",\"@id\":\"https:\/\/vosgesinfo.fr\/remiremontinfo\/2022\/12\/elodie-gossuin-invitee-dhonneur-presidente-jury-de-prochaine-fete-jonquilles\/#article\",\"isPartOf\":{\"@id\":\"https:\/\/vosgesinfo.fr\/remiremontinfo\/2022\/12\/elodie-gossuin-invitee-dhonneur-presidente-jury-de-prochaine-fete-jonquilles\/\"},\"author\":{\"name\":\"C D\",\"@id\":\"https:\/\/vosgesinfo.fr\/remiremontinfo\/#\/schema\/person\/3bfd164d5218a185b1db68655a265316\"},\"headline\":\"\u00c9lodie Gossuin invit\u00e9e d\u2019honneur et pr\u00e9sidente du jury de la prochaine F\u00eate des Jonquilles\",\"datePublished\":\"2022-12-05T15:53:42+00:00\",\"dateModified\":\"2022-12-05T15:53:42+00:00\",\"mainEntityOfPage\":{\"@id\":\"https:\/\/vosgesinfo.fr\/remiremontinfo\/2022\/12\/elodie-gossuin-invitee-dhonneur-presidente-jury-de-prochaine-fete-jonquilles\/\"},\"wordCount\":168,\"commentCount\":0,\"publisher\":{\"@id\":\"https:\/\/vosgesinfo.fr\/remiremontinfo\/#organization\"},\"image\":{\"@id\":\"https:\/\/vosgesinfo.fr\/remiremontinfo\/2022\/12\/elodie-gossuin-invitee-dhonneur-presidente-jury-de-prochaine-fete-jonquilles\/#primaryimage\"},\"thumbnailUrl\":\"https:\/\/vosgesinfo.fr\/app\/uploads\/sites\/5\/2024\/09\/202212screenshot-20221205-155021-facebook-1024x399-1.jpg\",\"keywords\":[\"elodie gossuin\",\"F\u00eate des Jonquilles\",\"Vosges\"],\"articleSection\":[\"A la Une\",\"F\u00eates\",\"Vosges\"],\"inLanguage\":\"fr-FR\",\"potentialAction\":[{\"@type\":\"CommentAction\",\"name\":\"Comment\",\"target\":[\"https:\/\/vosgesinfo.fr\/remiremontinfo\/2022\/12\/elodie-gossuin-invitee-dhonneur-presidente-jury-de-prochaine-fete-jonquilles\/#respond\"]}]},{\"@type\":\"WebPage\",\"@id\":\"https:\/\/vosgesinfo.fr\/remiremontinfo\/2022\/12\/elodie-gossuin-invitee-dhonneur-presidente-jury-de-prochaine-fete-jonquilles\/\",\"url\":\"https:\/\/vosgesinfo.fr\/remiremontinfo\/2022\/12\/elodie-gossuin-invitee-dhonneur-presidente-jury-de-prochaine-fete-jonquilles\/\",\"name\":\"\u00c9lodie Gossuin invit\u00e9e d\u2019honneur et pr\u00e9sidente du jury de la prochaine F\u00eate des Jonquilles - Remiremont Info\",\"isPartOf\":{\"@id\":\"https:\/\/vosgesinfo.fr\/remiremontinfo\/#website\"},\"primaryImageOfPage\":{\"@id\":\"https:\/\/vosgesinfo.fr\/remiremontinfo\/2022\/12\/elodie-gossuin-invitee-dhonneur-presidente-jury-de-prochaine-fete-jonquilles\/#primaryimage\"},\"image\":{\"@id\":\"https:\/\/vosgesinfo.fr\/remiremontinfo\/2022\/12\/elodie-gossuin-invitee-dhonneur-presidente-jury-de-prochaine-fete-jonquilles\/#primaryimage\"},\"thumbnailUrl\":\"https:\/\/vosgesinfo.fr\/app\/uploads\/sites\/5\/2024\/09\/202212screenshot-20221205-155021-facebook-1024x399-1.jpg\",\"datePublished\":\"2022-12-05T15:53:42+00:00\",\"dateModified\":\"2022-12-05T15:53:42+00:00\",\"breadcrumb\":{\"@id\":\"https:\/\/vosgesinfo.fr\/remiremontinfo\/2022\/12\/elodie-gossuin-invitee-dhonneur-presidente-jury-de-prochaine-fete-jonquilles\/#breadcrumb\"},\"inLanguage\":\"fr-FR\",\"potentialAction\":[{\"@type\":\"ReadAction\",\"target\":[\"https:\/\/vosgesinfo.fr\/remiremontinfo\/2022\/12\/elodie-gossuin-invitee-dhonneur-presidente-jury-de-prochaine-fete-jonquilles\/\"]}]},{\"@type\":\"ImageObject\",\"inLanguage\":\"fr-FR\",\"@id\":\"https:\/\/vosgesinfo.fr\/remiremontinfo\/2022\/12\/elodie-gossuin-invitee-dhonneur-presidente-jury-de-prochaine-fete-jonquilles\/#primaryimage\",\"url\":\"https:\/\/vosgesinfo.fr\/app\/uploads\/sites\/5\/2024\/09\/202212screenshot-20221205-155021-facebook-1024x399-1.jpg\",\"contentUrl\":\"https:\/\/vosgesinfo.fr\/app\/uploads\/sites\/5\/2024\/09\/202212screenshot-20221205-155021-facebook-1024x399-1.jpg\",\"width\":1024,\"height\":399},{\"@type\":\"BreadcrumbList\",\"@id\":\"https:\/\/vosgesinfo.fr\/remiremontinfo\/2022\/12\/elodie-gossuin-invitee-dhonneur-presidente-jury-de-prochaine-fete-jonquilles\/#breadcrumb\",\"itemListElement\":[{\"@type\":\"ListItem\",\"position\":1,\"name\":\"Home\",\"item\":\"https:\/\/vosgesinfo.fr\/remiremontinfo\/\"},{\"@type\":\"ListItem\",\"position\":2,\"name\":\"\u00c9lodie Gossuin invit\u00e9e d\u2019honneur et pr\u00e9sidente du jury de la prochaine F\u00eate des Jonquilles\"}]},{\"@type\":\"WebSite\",\"@id\":\"https:\/\/vosgesinfo.fr\/remiremontinfo\/#website\",\"url\":\"https:\/\/vosgesinfo.fr\/remiremontinfo\/\",\"name\":\"Remiremont Info\",\"description\":\"Toute l&#039;actualit\u00e9 de Remiremont\",\"publisher\":{\"@id\":\"https:\/\/vosgesinfo.fr\/remiremontinfo\/#organization\"},\"alternateName\":\"Toute l'actualit\u00e9 de Remiremont\",\"potentialAction\":[{\"@type\":\"SearchAction\",\"target\":{\"@type\":\"EntryPoint\",\"urlTemplate\":\"https:\/\/vosgesinfo.fr\/remiremontinfo\/?s={search_term_string}\"},\"query-input\":\"required name=search_term_string\"}],\"inLanguage\":\"fr-FR\"},{\"@type\":\"Organization\",\"@id\":\"https:\/\/vosgesinfo.fr\/remiremontinfo\/#organization\",\"name\":\"Remiremont Info\",\"url\":\"https:\/\/vosgesinfo.fr\/remiremontinfo\/\",\"logo\":{\"@type\":\"ImageObject\",\"inLanguage\":\"fr-FR\",\"@id\":\"https:\/\/vosgesinfo.fr\/remiremontinfo\/#\/schema\/logo\/image\/\",\"url\":\"https:\/\/vosgesinfo.fr\/app\/uploads\/sites\/5\/2023\/08\/favicon-remiremontinfo.png\",\"contentUrl\":\"https:\/\/vosgesinfo.fr\/app\/uploads\/sites\/5\/2023\/08\/favicon-remiremontinfo.png\",\"width\":512,\"height\":512,\"caption\":\"Remiremont Info\"},\"image\":{\"@id\":\"https:\/\/vosgesinfo.fr\/remiremontinfo\/#\/schema\/logo\/image\/\"},\"sameAs\":[\"https:\/\/www.facebook.com\/remiremontinfo\",\"https:\/\/x.com\/VosgesInfo88\",\"https:\/\/www.youtube.com\/@vosgesinfo\"]},{\"@type\":\"Person\",\"@id\":\"https:\/\/vosgesinfo.fr\/remiremontinfo\/#\/schema\/person\/3bfd164d5218a185b1db68655a265316\",\"name\":\"C D\",\"image\":{\"@type\":\"ImageObject\",\"inLanguage\":\"fr-FR\",\"@id\":\"https:\/\/vosgesinfo.fr\/remiremontinfo\/#\/schema\/person\/image\/\",\"url\":\"https:\/\/secure.gravatar.com\/avatar\/1f9a70007336511a47468b8f1c66f922b8b7cf617b02a31149ada43893a5d48f?s=96&d=mm&r=g\",\"contentUrl\":\"https:\/\/secure.gravatar.com\/avatar\/1f9a70007336511a47468b8f1c66f922b8b7cf617b02a31149ada43893a5d48f?s=96&d=mm&r=g\",\"caption\":\"C D\"},\"url\":\"https:\/\/vosgesinfo.fr\/remiremontinfo\/author\/cedric-drevet\/\"}]}<\/script>\n<!-- \/ Yoast SEO plugin. -->","yoast_head_json":{"title":"\u00c9lodie Gossuin invit\u00e9e d\u2019honneur et pr\u00e9sidente du jury de la prochaine F\u00eate des Jonquilles - Remiremont Info","robots":{"index":"index","follow":"follow","max-snippet":"max-snippet:-1","max-image-preview":"max-image-preview:large","max-video-preview":"max-video-preview:-1"},"canonical":"https:\/\/vosgesinfo.fr\/remiremontinfo\/2022\/12\/elodie-gossuin-invitee-dhonneur-presidente-jury-de-prochaine-fete-jonquilles\/","twitter_card":"summary_large_image","twitter_title":"\u00c9lodie Gossuin invit\u00e9e d\u2019honneur et pr\u00e9sidente du jury de la prochaine F\u00eate des Jonquilles - Remiremont Info","twitter_description":"C\u2019est un coup de ma\u00eetre r\u00e9alis\u00e9 par les membres de la Soci\u00e9t\u00e9 des F\u00eates de G\u00e9rardmer emmen\u00e9e par sa pr\u00e9sidente [&hellip;]","twitter_image":"https:\/\/vosgesinfo.fr\/app\/uploads\/sites\/5\/2024\/09\/202212screenshot-20221205-155021-facebook-1024x399-1.jpg","twitter_creator":"@VosgesInfo88","twitter_site":"@VosgesInfo88","twitter_misc":{"\u00c9crit par":"C D","Dur\u00e9e de lecture estim\u00e9e":"1 minute"},"schema":{"@context":"https:\/\/schema.org","@graph":[{"@type":"Article","@id":"https:\/\/vosgesinfo.fr\/remiremontinfo\/2022\/12\/elodie-gossuin-invitee-dhonneur-presidente-jury-de-prochaine-fete-jonquilles\/#article","isPartOf":{"@id":"https:\/\/vosgesinfo.fr\/remiremontinfo\/2022\/12\/elodie-gossuin-invitee-dhonneur-presidente-jury-de-prochaine-fete-jonquilles\/"},"author":{"name":"C D","@id":"https:\/\/vosgesinfo.fr\/remiremontinfo\/#\/schema\/person\/3bfd164d5218a185b1db68655a265316"},"headline":"\u00c9lodie Gossuin invit\u00e9e d\u2019honneur et pr\u00e9sidente du jury de la prochaine F\u00eate des Jonquilles","datePublished":"2022-12-05T15:53:42+00:00","dateModified":"2022-12-05T15:53:42+00:00","mainEntityOfPage":{"@id":"https:\/\/vosgesinfo.fr\/remiremontinfo\/2022\/12\/elodie-gossuin-invitee-dhonneur-presidente-jury-de-prochaine-fete-jonquilles\/"},"wordCount":168,"commentCount":0,"publisher":{"@id":"https:\/\/vosgesinfo.fr\/remiremontinfo\/#organization"},"image":{"@id":"https:\/\/vosgesinfo.fr\/remiremontinfo\/2022\/12\/elodie-gossuin-invitee-dhonneur-presidente-jury-de-prochaine-fete-jonquilles\/#primaryimage"},"thumbnailUrl":"https:\/\/vosgesinfo.fr\/app\/uploads\/sites\/5\/2024\/09\/202212screenshot-20221205-155021-facebook-1024x399-1.jpg","keywords":["elodie gossuin","F\u00eate des Jonquilles","Vosges"],"articleSection":["A la Une","F\u00eates","Vosges"],"inLanguage":"fr-FR","potentialAction":[{"@type":"CommentAction","name":"Comment","target":["https:\/\/vosgesinfo.fr\/remiremontinfo\/2022\/12\/elodie-gossuin-invitee-dhonneur-presidente-jury-de-prochaine-fete-jonquilles\/#respond"]}]},{"@type":"WebPage","@id":"https:\/\/vosgesinfo.fr\/remiremontinfo\/2022\/12\/elodie-gossuin-invitee-dhonneur-presidente-jury-de-prochaine-fete-jonquilles\/","url":"https:\/\/vosgesinfo.fr\/remiremontinfo\/2022\/12\/elodie-gossuin-invitee-dhonneur-presidente-jury-de-prochaine-fete-jonquilles\/","name":"\u00c9lodie Gossuin invit\u00e9e d\u2019honneur et pr\u00e9sidente du jury de la prochaine F\u00eate des Jonquilles - Remiremont Info","isPartOf":{"@id":"https:\/\/vosgesinfo.fr\/remiremontinfo\/#website"},"primaryImageOfPage":{"@id":"https:\/\/vosgesinfo.fr\/remiremontinfo\/2022\/12\/elodie-gossuin-invitee-dhonneur-presidente-jury-de-prochaine-fete-jonquilles\/#primaryimage"},"image":{"@id":"https:\/\/vosgesinfo.fr\/remiremontinfo\/2022\/12\/elodie-gossuin-invitee-dhonneur-presidente-jury-de-prochaine-fete-jonquilles\/#primaryimage"},"thumbnailUrl":"https:\/\/vosgesinfo.fr\/app\/uploads\/sites\/5\/2024\/09\/202212screenshot-20221205-155021-facebook-1024x399-1.jpg","datePublished":"2022-12-05T15:53:42+00:00","dateModified":"2022-12-05T15:53:42+00:00","breadcrumb":{"@id":"https:\/\/vosgesinfo.fr\/remiremontinfo\/2022\/12\/elodie-gossuin-invitee-dhonneur-presidente-jury-de-prochaine-fete-jonquilles\/#breadcrumb"},"inLanguage":"fr-FR","potentialAction":[{"@type":"ReadAction","target":["https:\/\/vosgesinfo.fr\/remiremontinfo\/2022\/12\/elodie-gossuin-invitee-dhonneur-presidente-jury-de-prochaine-fete-jonquilles\/"]}]},{"@type":"ImageObject","inLanguage":"fr-FR","@id":"https:\/\/vosgesinfo.fr\/remiremontinfo\/2022\/12\/elodie-gossuin-invitee-dhonneur-presidente-jury-de-prochaine-fete-jonquilles\/#primaryimage","url":"https:\/\/vosgesinfo.fr\/app\/uploads\/sites\/5\/2024\/09\/202212screenshot-20221205-155021-facebook-1024x399-1.jpg","contentUrl":"https:\/\/vosgesinfo.fr\/app\/uploads\/sites\/5\/2024\/09\/202212screenshot-20221205-155021-facebook-1024x399-1.jpg","width":1024,"height":399},{"@type":"BreadcrumbList","@id":"https:\/\/vosgesinfo.fr\/remiremontinfo\/2022\/12\/elodie-gossuin-invitee-dhonneur-presidente-jury-de-prochaine-fete-jonquilles\/#breadcrumb","itemListElement":[{"@type":"ListItem","position":1,"name":"Home","item":"https:\/\/vosgesinfo.fr\/remiremontinfo\/"},{"@type":"ListItem","position":2,"name":"\u00c9lodie Gossuin invit\u00e9e d\u2019honneur et pr\u00e9sidente du jury de la prochaine F\u00eate des Jonquilles"}]},{"@type":"WebSite","@id":"https:\/\/vosgesinfo.fr\/remiremontinfo\/#website","url":"https:\/\/vosgesinfo.fr\/remiremontinfo\/","name":"Remiremont Info","description":"Toute l&#039;actualit\u00e9 de Remiremont","publisher":{"@id":"https:\/\/vosgesinfo.fr\/remiremontinfo\/#organization"},"alternateName":"Toute l'actualit\u00e9 de Remiremont","potentialAction":[{"@type":"SearchAction","target":{"@type":"EntryPoint","urlTemplate":"https:\/\/vosgesinfo.fr\/remiremontinfo\/?s={search_term_string}"},"query-input":"required name=search_term_string"}],"inLanguage":"fr-FR"},{"@type":"Organization","@id":"https:\/\/vosgesinfo.fr\/remiremontinfo\/#organization","name":"Remiremont Info","url":"https:\/\/vosgesinfo.fr\/remiremontinfo\/","logo":{"@type":"ImageObject","inLanguage":"fr-FR","@id":"https:\/\/vosgesinfo.fr\/remiremontinfo\/#\/schema\/logo\/image\/","url":"https:\/\/vosgesinfo.fr\/app\/uploads\/sites\/5\/2023\/08\/favicon-remiremontinfo.png","contentUrl":"https:\/\/vosgesinfo.fr\/app\/uploads\/sites\/5\/2023\/08\/favicon-remiremontinfo.png","width":512,"height":512,"caption":"Remiremont Info"},"image":{"@id":"https:\/\/vosgesinfo.fr\/remiremontinfo\/#\/schema\/logo\/image\/"},"sameAs":["https:\/\/www.facebook.com\/remiremontinfo","https:\/\/x.com\/VosgesInfo88","https:\/\/www.youtube.com\/@vosgesinfo"]},{"@type":"Person","@id":"https:\/\/vosgesinfo.fr\/remiremontinfo\/#\/schema\/person\/3bfd164d5218a185b1db68655a265316","name":"C D","image":{"@type":"ImageObject","inLanguage":"fr-FR","@id":"https:\/\/vosgesinfo.fr\/remiremontinfo\/#\/schema\/person\/image\/","url":"https:\/\/secure.gravatar.com\/avatar\/1f9a70007336511a47468b8f1c66f922b8b7cf617b02a31149ada43893a5d48f?s=96&d=mm&r=g","contentUrl":"https:\/\/secure.gravatar.com\/avatar\/1f9a70007336511a47468b8f1c66f922b8b7cf617b02a31149ada43893a5d48f?s=96&d=mm&r=g","caption":"C D"},"url":"https:\/\/vosgesinfo.fr\/remiremontinfo\/author\/cedric-drevet\/"}]}},"_links":{"self":[{"href":"https:\/\/vosgesinfo.fr\/remiremontinfo\/wp-json\/wp\/v2\/posts\/65340","targetHints":{"allow":["GET"]}}],"collection":[{"href":"https:\/\/vosgesinfo.fr\/remiremontinfo\/wp-json\/wp\/v2\/posts"}],"about":[{"href":"https:\/\/vosgesinfo.fr\/remiremontinfo\/wp-json\/wp\/v2\/types\/post"}],"author":[{"embeddable":true,"href":"https:\/\/vosgesinfo.fr\/remiremontinfo\/wp-json\/wp\/v2\/users\/407"}],"replies":[{"embeddable":true,"href":"https:\/\/vosgesinfo.fr\/remiremontinfo\/wp-json\/wp\/v2\/comments?post=65340"}],"version-history":[{"count":0,"href":"https:\/\/vosgesinfo.fr\/remiremontinfo\/wp-json\/wp\/v2\/posts\/65340\/revisions"}],"wp:featuredmedia":[{"embeddable":true,"href":"https:\/\/vosgesinfo.fr\/remiremontinfo\/wp-json\/wp\/v2\/media\/65341"}],"wp:attachment":[{"href":"https:\/\/vosgesinfo.fr\/remiremontinfo\/wp-json\/wp\/v2\/media?parent=65340"}],"wp:term":[{"taxonomy":"category","embeddable":true,"href":"https:\/\/vosgesinfo.fr\/remiremontinfo\/wp-json\/wp\/v2\/categories?post=65340"},{"taxonomy":"post_tag","embeddable":true,"href":"https:\/\/vosgesinfo.fr\/remiremontinfo\/wp-json\/wp\/v2\/tags?post=65340"}],"curies":[{"name":"wp","href":"https:\/\/api.w.org\/{rel}","templated":true}]}}