{"id":65402,"date":"2022-12-07T16:20:16","date_gmt":"2022-12-07T15:20:16","guid":{"rendered":"https:\/\/vosgesinfo.fr\/remiremontinfo\/2022\/12\/deux-salaries-soupconnes-de-vol-a-location-de-skis-a-gerardmer\/"},"modified":"2022-12-07T16:20:16","modified_gmt":"2022-12-07T15:20:16","slug":"deux-salaries-soupconnes-de-vol-a-location-de-skis-a-gerardmer","status":"publish","type":"post","link":"https:\/\/vosgesinfo.fr\/remiremontinfo\/2022\/12\/deux-salaries-soupconnes-de-vol-a-location-de-skis-a-gerardmer\/","title":{"rendered":"Deux salari\u00e9s soup\u00e7onn\u00e9s de vol \u00e0 la location de skis \u00e0 G\u00e9rardmer"},"content":{"rendered":"<h2><strong>Ce mardi avait lieu l\u2019audience en correctionnel concernant deux salari\u00e9s soup\u00e7onn\u00e9s de vol \u00e0 la location de skis \u00e0 G\u00e9rardmer. Les faits jug\u00e9s au tribunal d\u2019\u00c9pinal aurait \u00e9t\u00e9 commis entre 2015 et 2018. La Ville de G\u00e9rardmer se porte partie civile. Le verdict sera rendu le 7 f\u00e9vrier 2023.\u00a0<\/strong><\/h2>\n<p>Des faits de d\u00e9tournement d\u2019argent auraient \u00e9t\u00e9 commis par deux salari\u00e9s au magasin de la location de skis de la station de la Mauselaine, \u00e0 G\u00e9rardmer, entre le 1er mars 2015 et le 31 mars 2018. Les deux salari\u00e9s jug\u00e9s ce mardi au tribunal d\u2019\u00c9pinal, \u00e9taient employ\u00e9s par la r\u00e9gie municipale \u00ab\u00a0G\u00e9rardmer Ski\u00a0\u00bb. La ville de G\u00e9rardmer, repr\u00e9sent\u00e9e par le maire, Stessy Spiessman est partie civile.<\/p>\n<p>L\u2019un des deux qui a d\u00e9m\u00e9nag\u00e9 \u00e0 Noumea ne s\u2019est pas pr\u00e9sent\u00e9 \u00e0 l\u2019audience. Ils \u00e9taient repr\u00e9sent\u00e9s par Ma\u00eetre St\u00e9phane Giuranna. Les deux ho<\/p>\n","protected":false},"excerpt":{"rendered":"<p>Ce mardi avait lieu l\u2019audience en correctionnel concernant deux salari\u00e9s soup\u00e7onn\u00e9s de vol \u00e0 la location de skis \u00e0 G\u00e9rardmer. [&hellip;]<\/p>\n","protected":false},"author":407,"featured_media":65403,"comment_status":"open","ping_status":"open","sticky":false,"template":"","format":"standard","meta":{"footnotes":""},"categories":[26,138,18],"tags":[63,167,32],"class_list":["post-65402","post","type-post","status-publish","format-standard","has-post-thumbnail","hentry","category-a-la-une","category-justice","category-vosges","tag-gerardmer","tag-justice","tag-vosges"],"acf":[],"yoast_head":"<!-- This site is optimized with the Yoast SEO plugin v22.5 - https:\/\/yoast.com\/wordpress\/plugins\/seo\/ -->\n<title>Deux salari\u00e9s soup\u00e7onn\u00e9s de vol \u00e0 la location de skis \u00e0 G\u00e9rardmer - Remiremont Info<\/title>\n<meta name=\"robots\" content=\"index, follow, max-snippet:-1, max-image-preview:large, max-video-preview:-1\" \/>\n<link rel=\"canonical\" href=\"https:\/\/vosgesinfo.fr\/remiremontinfo\/2022\/12\/deux-salaries-soupconnes-de-vol-a-location-de-skis-a-gerardmer\/\" \/>\n<meta name=\"twitter:card\" content=\"summary_large_image\" \/>\n<meta name=\"twitter:title\" content=\"Deux salari\u00e9s soup\u00e7onn\u00e9s de vol \u00e0 la location de skis \u00e0 G\u00e9rardmer - Remiremont Info\" \/>\n<meta name=\"twitter:description\" content=\"Ce mardi avait lieu l\u2019audience en correctionnel concernant deux salari\u00e9s soup\u00e7onn\u00e9s de vol \u00e0 la location de skis \u00e0 G\u00e9rardmer. [&hellip;]\" \/>\n<meta name=\"twitter:image\" content=\"https:\/\/vosgesinfo.fr\/app\/uploads\/sites\/5\/2024\/09\/202203tribunal-epinal-image-darchive-3.jpg\" \/>\n<meta name=\"twitter:creator\" content=\"@VosgesInfo88\" \/>\n<meta name=\"twitter:site\" content=\"@VosgesInfo88\" \/>\n<meta name=\"twitter:label1\" content=\"\u00c9crit par\" \/>\n\t<meta name=\"twitter:data1\" content=\"C D\" \/>\n\t<meta name=\"twitter:label2\" content=\"Dur\u00e9e de lecture estim\u00e9e\" \/>\n\t<meta name=\"twitter:data2\" content=\"1 minute\" \/>\n<script type=\"application\/ld+json\" class=\"yoast-schema-graph\">{\"@context\":\"https:\/\/schema.org\",\"@graph\":[{\"@type\":\"Article\",\"@id\":\"https:\/\/vosgesinfo.fr\/remiremontinfo\/2022\/12\/deux-salaries-soupconnes-de-vol-a-location-de-skis-a-gerardmer\/#article\",\"isPartOf\":{\"@id\":\"https:\/\/vosgesinfo.fr\/remiremontinfo\/2022\/12\/deux-salaries-soupconnes-de-vol-a-location-de-skis-a-gerardmer\/\"},\"author\":{\"name\":\"C D\",\"@id\":\"https:\/\/vosgesinfo.fr\/remiremontinfo\/#\/schema\/person\/3bfd164d5218a185b1db68655a265316\"},\"headline\":\"Deux salari\u00e9s soup\u00e7onn\u00e9s de vol \u00e0 la location de skis \u00e0 G\u00e9rardmer\",\"datePublished\":\"2022-12-07T15:20:16+00:00\",\"dateModified\":\"2022-12-07T15:20:16+00:00\",\"mainEntityOfPage\":{\"@id\":\"https:\/\/vosgesinfo.fr\/remiremontinfo\/2022\/12\/deux-salaries-soupconnes-de-vol-a-location-de-skis-a-gerardmer\/\"},\"wordCount\":173,\"commentCount\":0,\"publisher\":{\"@id\":\"https:\/\/vosgesinfo.fr\/remiremontinfo\/#organization\"},\"image\":{\"@id\":\"https:\/\/vosgesinfo.fr\/remiremontinfo\/2022\/12\/deux-salaries-soupconnes-de-vol-a-location-de-skis-a-gerardmer\/#primaryimage\"},\"thumbnailUrl\":\"https:\/\/vosgesinfo.fr\/app\/uploads\/sites\/5\/2024\/09\/202203tribunal-epinal-image-darchive-3.jpg\",\"keywords\":[\"g\u00e9rardmer\",\"justice\",\"Vosges\"],\"articleSection\":[\"A la Une\",\"Justice\",\"Vosges\"],\"inLanguage\":\"fr-FR\",\"potentialAction\":[{\"@type\":\"CommentAction\",\"name\":\"Comment\",\"target\":[\"https:\/\/vosgesinfo.fr\/remiremontinfo\/2022\/12\/deux-salaries-soupconnes-de-vol-a-location-de-skis-a-gerardmer\/#respond\"]}]},{\"@type\":\"WebPage\",\"@id\":\"https:\/\/vosgesinfo.fr\/remiremontinfo\/2022\/12\/deux-salaries-soupconnes-de-vol-a-location-de-skis-a-gerardmer\/\",\"url\":\"https:\/\/vosgesinfo.fr\/remiremontinfo\/2022\/12\/deux-salaries-soupconnes-de-vol-a-location-de-skis-a-gerardmer\/\",\"name\":\"Deux salari\u00e9s soup\u00e7onn\u00e9s de vol \u00e0 la location de skis \u00e0 G\u00e9rardmer - Remiremont Info\",\"isPartOf\":{\"@id\":\"https:\/\/vosgesinfo.fr\/remiremontinfo\/#website\"},\"primaryImageOfPage\":{\"@id\":\"https:\/\/vosgesinfo.fr\/remiremontinfo\/2022\/12\/deux-salaries-soupconnes-de-vol-a-location-de-skis-a-gerardmer\/#primaryimage\"},\"image\":{\"@id\":\"https:\/\/vosgesinfo.fr\/remiremontinfo\/2022\/12\/deux-salaries-soupconnes-de-vol-a-location-de-skis-a-gerardmer\/#primaryimage\"},\"thumbnailUrl\":\"https:\/\/vosgesinfo.fr\/app\/uploads\/sites\/5\/2024\/09\/202203tribunal-epinal-image-darchive-3.jpg\",\"datePublished\":\"2022-12-07T15:20:16+00:00\",\"dateModified\":\"2022-12-07T15:20:16+00:00\",\"breadcrumb\":{\"@id\":\"https:\/\/vosgesinfo.fr\/remiremontinfo\/2022\/12\/deux-salaries-soupconnes-de-vol-a-location-de-skis-a-gerardmer\/#breadcrumb\"},\"inLanguage\":\"fr-FR\",\"potentialAction\":[{\"@type\":\"ReadAction\",\"target\":[\"https:\/\/vosgesinfo.fr\/remiremontinfo\/2022\/12\/deux-salaries-soupconnes-de-vol-a-location-de-skis-a-gerardmer\/\"]}]},{\"@type\":\"ImageObject\",\"inLanguage\":\"fr-FR\",\"@id\":\"https:\/\/vosgesinfo.fr\/remiremontinfo\/2022\/12\/deux-salaries-soupconnes-de-vol-a-location-de-skis-a-gerardmer\/#primaryimage\",\"url\":\"https:\/\/vosgesinfo.fr\/app\/uploads\/sites\/5\/2024\/09\/202203tribunal-epinal-image-darchive-3.jpg\",\"contentUrl\":\"https:\/\/vosgesinfo.fr\/app\/uploads\/sites\/5\/2024\/09\/202203tribunal-epinal-image-darchive-3.jpg\",\"width\":800,\"height\":584},{\"@type\":\"BreadcrumbList\",\"@id\":\"https:\/\/vosgesinfo.fr\/remiremontinfo\/2022\/12\/deux-salaries-soupconnes-de-vol-a-location-de-skis-a-gerardmer\/#breadcrumb\",\"itemListElement\":[{\"@type\":\"ListItem\",\"position\":1,\"name\":\"Home\",\"item\":\"https:\/\/vosgesinfo.fr\/remiremontinfo\/\"},{\"@type\":\"ListItem\",\"position\":2,\"name\":\"Deux salari\u00e9s soup\u00e7onn\u00e9s de vol \u00e0 la location de skis \u00e0 G\u00e9rardmer\"}]},{\"@type\":\"WebSite\",\"@id\":\"https:\/\/vosgesinfo.fr\/remiremontinfo\/#website\",\"url\":\"https:\/\/vosgesinfo.fr\/remiremontinfo\/\",\"name\":\"Remiremont Info\",\"description\":\"Toute l&#039;actualit\u00e9 de Remiremont\",\"publisher\":{\"@id\":\"https:\/\/vosgesinfo.fr\/remiremontinfo\/#organization\"},\"alternateName\":\"Toute l'actualit\u00e9 de Remiremont\",\"potentialAction\":[{\"@type\":\"SearchAction\",\"target\":{\"@type\":\"EntryPoint\",\"urlTemplate\":\"https:\/\/vosgesinfo.fr\/remiremontinfo\/?s={search_term_string}\"},\"query-input\":\"required name=search_term_string\"}],\"inLanguage\":\"fr-FR\"},{\"@type\":\"Organization\",\"@id\":\"https:\/\/vosgesinfo.fr\/remiremontinfo\/#organization\",\"name\":\"Remiremont Info\",\"url\":\"https:\/\/vosgesinfo.fr\/remiremontinfo\/\",\"logo\":{\"@type\":\"ImageObject\",\"inLanguage\":\"fr-FR\",\"@id\":\"https:\/\/vosgesinfo.fr\/remiremontinfo\/#\/schema\/logo\/image\/\",\"url\":\"https:\/\/vosgesinfo.fr\/app\/uploads\/sites\/5\/2023\/08\/favicon-remiremontinfo.png\",\"contentUrl\":\"https:\/\/vosgesinfo.fr\/app\/uploads\/sites\/5\/2023\/08\/favicon-remiremontinfo.png\",\"width\":512,\"height\":512,\"caption\":\"Remiremont Info\"},\"image\":{\"@id\":\"https:\/\/vosgesinfo.fr\/remiremontinfo\/#\/schema\/logo\/image\/\"},\"sameAs\":[\"https:\/\/www.facebook.com\/remiremontinfo\",\"https:\/\/x.com\/VosgesInfo88\",\"https:\/\/www.youtube.com\/@vosgesinfo\"]},{\"@type\":\"Person\",\"@id\":\"https:\/\/vosgesinfo.fr\/remiremontinfo\/#\/schema\/person\/3bfd164d5218a185b1db68655a265316\",\"name\":\"C D\",\"image\":{\"@type\":\"ImageObject\",\"inLanguage\":\"fr-FR\",\"@id\":\"https:\/\/vosgesinfo.fr\/remiremontinfo\/#\/schema\/person\/image\/\",\"url\":\"https:\/\/secure.gravatar.com\/avatar\/1f9a70007336511a47468b8f1c66f922b8b7cf617b02a31149ada43893a5d48f?s=96&d=mm&r=g\",\"contentUrl\":\"https:\/\/secure.gravatar.com\/avatar\/1f9a70007336511a47468b8f1c66f922b8b7cf617b02a31149ada43893a5d48f?s=96&d=mm&r=g\",\"caption\":\"C D\"},\"url\":\"https:\/\/vosgesinfo.fr\/remiremontinfo\/author\/cedric-drevet\/\"}]}<\/script>\n<!-- \/ Yoast SEO plugin. -->","yoast_head_json":{"title":"Deux salari\u00e9s soup\u00e7onn\u00e9s de vol \u00e0 la location de skis \u00e0 G\u00e9rardmer - Remiremont Info","robots":{"index":"index","follow":"follow","max-snippet":"max-snippet:-1","max-image-preview":"max-image-preview:large","max-video-preview":"max-video-preview:-1"},"canonical":"https:\/\/vosgesinfo.fr\/remiremontinfo\/2022\/12\/deux-salaries-soupconnes-de-vol-a-location-de-skis-a-gerardmer\/","twitter_card":"summary_large_image","twitter_title":"Deux salari\u00e9s soup\u00e7onn\u00e9s de vol \u00e0 la location de skis \u00e0 G\u00e9rardmer - Remiremont Info","twitter_description":"Ce mardi avait lieu l\u2019audience en correctionnel concernant deux salari\u00e9s soup\u00e7onn\u00e9s de vol \u00e0 la location de skis \u00e0 G\u00e9rardmer. [&hellip;]","twitter_image":"https:\/\/vosgesinfo.fr\/app\/uploads\/sites\/5\/2024\/09\/202203tribunal-epinal-image-darchive-3.jpg","twitter_creator":"@VosgesInfo88","twitter_site":"@VosgesInfo88","twitter_misc":{"\u00c9crit par":"C D","Dur\u00e9e de lecture estim\u00e9e":"1 minute"},"schema":{"@context":"https:\/\/schema.org","@graph":[{"@type":"Article","@id":"https:\/\/vosgesinfo.fr\/remiremontinfo\/2022\/12\/deux-salaries-soupconnes-de-vol-a-location-de-skis-a-gerardmer\/#article","isPartOf":{"@id":"https:\/\/vosgesinfo.fr\/remiremontinfo\/2022\/12\/deux-salaries-soupconnes-de-vol-a-location-de-skis-a-gerardmer\/"},"author":{"name":"C D","@id":"https:\/\/vosgesinfo.fr\/remiremontinfo\/#\/schema\/person\/3bfd164d5218a185b1db68655a265316"},"headline":"Deux salari\u00e9s soup\u00e7onn\u00e9s de vol \u00e0 la location de skis \u00e0 G\u00e9rardmer","datePublished":"2022-12-07T15:20:16+00:00","dateModified":"2022-12-07T15:20:16+00:00","mainEntityOfPage":{"@id":"https:\/\/vosgesinfo.fr\/remiremontinfo\/2022\/12\/deux-salaries-soupconnes-de-vol-a-location-de-skis-a-gerardmer\/"},"wordCount":173,"commentCount":0,"publisher":{"@id":"https:\/\/vosgesinfo.fr\/remiremontinfo\/#organization"},"image":{"@id":"https:\/\/vosgesinfo.fr\/remiremontinfo\/2022\/12\/deux-salaries-soupconnes-de-vol-a-location-de-skis-a-gerardmer\/#primaryimage"},"thumbnailUrl":"https:\/\/vosgesinfo.fr\/app\/uploads\/sites\/5\/2024\/09\/202203tribunal-epinal-image-darchive-3.jpg","keywords":["g\u00e9rardmer","justice","Vosges"],"articleSection":["A la Une","Justice","Vosges"],"inLanguage":"fr-FR","potentialAction":[{"@type":"CommentAction","name":"Comment","target":["https:\/\/vosgesinfo.fr\/remiremontinfo\/2022\/12\/deux-salaries-soupconnes-de-vol-a-location-de-skis-a-gerardmer\/#respond"]}]},{"@type":"WebPage","@id":"https:\/\/vosgesinfo.fr\/remiremontinfo\/2022\/12\/deux-salaries-soupconnes-de-vol-a-location-de-skis-a-gerardmer\/","url":"https:\/\/vosgesinfo.fr\/remiremontinfo\/2022\/12\/deux-salaries-soupconnes-de-vol-a-location-de-skis-a-gerardmer\/","name":"Deux salari\u00e9s soup\u00e7onn\u00e9s de vol \u00e0 la location de skis \u00e0 G\u00e9rardmer - Remiremont Info","isPartOf":{"@id":"https:\/\/vosgesinfo.fr\/remiremontinfo\/#website"},"primaryImageOfPage":{"@id":"https:\/\/vosgesinfo.fr\/remiremontinfo\/2022\/12\/deux-salaries-soupconnes-de-vol-a-location-de-skis-a-gerardmer\/#primaryimage"},"image":{"@id":"https:\/\/vosgesinfo.fr\/remiremontinfo\/2022\/12\/deux-salaries-soupconnes-de-vol-a-location-de-skis-a-gerardmer\/#primaryimage"},"thumbnailUrl":"https:\/\/vosgesinfo.fr\/app\/uploads\/sites\/5\/2024\/09\/202203tribunal-epinal-image-darchive-3.jpg","datePublished":"2022-12-07T15:20:16+00:00","dateModified":"2022-12-07T15:20:16+00:00","breadcrumb":{"@id":"https:\/\/vosgesinfo.fr\/remiremontinfo\/2022\/12\/deux-salaries-soupconnes-de-vol-a-location-de-skis-a-gerardmer\/#breadcrumb"},"inLanguage":"fr-FR","potentialAction":[{"@type":"ReadAction","target":["https:\/\/vosgesinfo.fr\/remiremontinfo\/2022\/12\/deux-salaries-soupconnes-de-vol-a-location-de-skis-a-gerardmer\/"]}]},{"@type":"ImageObject","inLanguage":"fr-FR","@id":"https:\/\/vosgesinfo.fr\/remiremontinfo\/2022\/12\/deux-salaries-soupconnes-de-vol-a-location-de-skis-a-gerardmer\/#primaryimage","url":"https:\/\/vosgesinfo.fr\/app\/uploads\/sites\/5\/2024\/09\/202203tribunal-epinal-image-darchive-3.jpg","contentUrl":"https:\/\/vosgesinfo.fr\/app\/uploads\/sites\/5\/2024\/09\/202203tribunal-epinal-image-darchive-3.jpg","width":800,"height":584},{"@type":"BreadcrumbList","@id":"https:\/\/vosgesinfo.fr\/remiremontinfo\/2022\/12\/deux-salaries-soupconnes-de-vol-a-location-de-skis-a-gerardmer\/#breadcrumb","itemListElement":[{"@type":"ListItem","position":1,"name":"Home","item":"https:\/\/vosgesinfo.fr\/remiremontinfo\/"},{"@type":"ListItem","position":2,"name":"Deux salari\u00e9s soup\u00e7onn\u00e9s de vol \u00e0 la location de skis \u00e0 G\u00e9rardmer"}]},{"@type":"WebSite","@id":"https:\/\/vosgesinfo.fr\/remiremontinfo\/#website","url":"https:\/\/vosgesinfo.fr\/remiremontinfo\/","name":"Remiremont Info","description":"Toute l&#039;actualit\u00e9 de Remiremont","publisher":{"@id":"https:\/\/vosgesinfo.fr\/remiremontinfo\/#organization"},"alternateName":"Toute l'actualit\u00e9 de Remiremont","potentialAction":[{"@type":"SearchAction","target":{"@type":"EntryPoint","urlTemplate":"https:\/\/vosgesinfo.fr\/remiremontinfo\/?s={search_term_string}"},"query-input":"required name=search_term_string"}],"inLanguage":"fr-FR"},{"@type":"Organization","@id":"https:\/\/vosgesinfo.fr\/remiremontinfo\/#organization","name":"Remiremont Info","url":"https:\/\/vosgesinfo.fr\/remiremontinfo\/","logo":{"@type":"ImageObject","inLanguage":"fr-FR","@id":"https:\/\/vosgesinfo.fr\/remiremontinfo\/#\/schema\/logo\/image\/","url":"https:\/\/vosgesinfo.fr\/app\/uploads\/sites\/5\/2023\/08\/favicon-remiremontinfo.png","contentUrl":"https:\/\/vosgesinfo.fr\/app\/uploads\/sites\/5\/2023\/08\/favicon-remiremontinfo.png","width":512,"height":512,"caption":"Remiremont Info"},"image":{"@id":"https:\/\/vosgesinfo.fr\/remiremontinfo\/#\/schema\/logo\/image\/"},"sameAs":["https:\/\/www.facebook.com\/remiremontinfo","https:\/\/x.com\/VosgesInfo88","https:\/\/www.youtube.com\/@vosgesinfo"]},{"@type":"Person","@id":"https:\/\/vosgesinfo.fr\/remiremontinfo\/#\/schema\/person\/3bfd164d5218a185b1db68655a265316","name":"C D","image":{"@type":"ImageObject","inLanguage":"fr-FR","@id":"https:\/\/vosgesinfo.fr\/remiremontinfo\/#\/schema\/person\/image\/","url":"https:\/\/secure.gravatar.com\/avatar\/1f9a70007336511a47468b8f1c66f922b8b7cf617b02a31149ada43893a5d48f?s=96&d=mm&r=g","contentUrl":"https:\/\/secure.gravatar.com\/avatar\/1f9a70007336511a47468b8f1c66f922b8b7cf617b02a31149ada43893a5d48f?s=96&d=mm&r=g","caption":"C D"},"url":"https:\/\/vosgesinfo.fr\/remiremontinfo\/author\/cedric-drevet\/"}]}},"_links":{"self":[{"href":"https:\/\/vosgesinfo.fr\/remiremontinfo\/wp-json\/wp\/v2\/posts\/65402","targetHints":{"allow":["GET"]}}],"collection":[{"href":"https:\/\/vosgesinfo.fr\/remiremontinfo\/wp-json\/wp\/v2\/posts"}],"about":[{"href":"https:\/\/vosgesinfo.fr\/remiremontinfo\/wp-json\/wp\/v2\/types\/post"}],"author":[{"embeddable":true,"href":"https:\/\/vosgesinfo.fr\/remiremontinfo\/wp-json\/wp\/v2\/users\/407"}],"replies":[{"embeddable":true,"href":"https:\/\/vosgesinfo.fr\/remiremontinfo\/wp-json\/wp\/v2\/comments?post=65402"}],"version-history":[{"count":0,"href":"https:\/\/vosgesinfo.fr\/remiremontinfo\/wp-json\/wp\/v2\/posts\/65402\/revisions"}],"wp:featuredmedia":[{"embeddable":true,"href":"https:\/\/vosgesinfo.fr\/remiremontinfo\/wp-json\/wp\/v2\/media\/65403"}],"wp:attachment":[{"href":"https:\/\/vosgesinfo.fr\/remiremontinfo\/wp-json\/wp\/v2\/media?parent=65402"}],"wp:term":[{"taxonomy":"category","embeddable":true,"href":"https:\/\/vosgesinfo.fr\/remiremontinfo\/wp-json\/wp\/v2\/categories?post=65402"},{"taxonomy":"post_tag","embeddable":true,"href":"https:\/\/vosgesinfo.fr\/remiremontinfo\/wp-json\/wp\/v2\/tags?post=65402"}],"curies":[{"name":"wp","href":"https:\/\/api.w.org\/{rel}","templated":true}]}}