{"id":65419,"date":"2022-12-08T09:50:45","date_gmt":"2022-12-08T08:50:45","guid":{"rendered":"https:\/\/vosgesinfo.fr\/remiremontinfo\/2022\/12\/marc-fesneau-ministre-de-lagriculture-a-epinal-assises-lait\/"},"modified":"2022-12-08T09:50:45","modified_gmt":"2022-12-08T08:50:45","slug":"marc-fesneau-ministre-de-lagriculture-a-epinal-assises-lait","status":"publish","type":"post","link":"https:\/\/vosgesinfo.fr\/remiremontinfo\/2022\/12\/marc-fesneau-ministre-de-lagriculture-a-epinal-assises-lait\/","title":{"rendered":"Marc Fesneau, le ministre de l\u2019Agriculture \u00e0 \u00c9pinal pour les assises du lait"},"content":{"rendered":"<h2><strong>Pendant deux jours, la fili\u00e8re fran\u00e7aise laiti\u00e8re se retrouve au centre des congr\u00e8s d\u2019\u00c9pinal. Ce jeudi matin le ministre de l\u2019Agriculture, Marc Fesneau, est de passage dans la cit\u00e9 des images \u00e0 l\u2019occasion de la deuxi\u00e8me \u00e9dition des Assises de la F\u00e9d\u00e9ration Nationale du Lait (FNL), qui a d\u00e9but\u00e9 mercredi avec 300 congressistes venus de toute la France.\u00a0<\/strong><\/h2>\n<p>&nbsp;<\/p>\n","protected":false},"excerpt":{"rendered":"<p>Pendant deux jours, la fili\u00e8re fran\u00e7aise laiti\u00e8re se retrouve au centre des congr\u00e8s d\u2019\u00c9pinal. Ce jeudi matin le ministre de [&hellip;]<\/p>\n","protected":false},"author":407,"featured_media":65420,"comment_status":"open","ping_status":"open","sticky":false,"template":"","format":"standard","meta":{"footnotes":""},"categories":[26,47,18],"tags":[49,126,32],"class_list":["post-65419","post","type-post","status-publish","format-standard","has-post-thumbnail","hentry","category-a-la-une","category-agriculture","category-vosges","tag-agriculture","tag-politique","tag-vosges"],"acf":[],"yoast_head":"<!-- This site is optimized with the Yoast SEO plugin v22.5 - https:\/\/yoast.com\/wordpress\/plugins\/seo\/ -->\n<title>Marc Fesneau, le ministre de l\u2019Agriculture \u00e0 \u00c9pinal pour les assises du lait - Remiremont Info<\/title>\n<meta name=\"robots\" content=\"index, follow, max-snippet:-1, max-image-preview:large, max-video-preview:-1\" \/>\n<link rel=\"canonical\" href=\"https:\/\/vosgesinfo.fr\/remiremontinfo\/2022\/12\/marc-fesneau-ministre-de-lagriculture-a-epinal-assises-lait\/\" \/>\n<meta name=\"twitter:card\" content=\"summary_large_image\" \/>\n<meta name=\"twitter:title\" content=\"Marc Fesneau, le ministre de l\u2019Agriculture \u00e0 \u00c9pinal pour les assises du lait - Remiremont Info\" \/>\n<meta name=\"twitter:description\" content=\"Pendant deux jours, la fili\u00e8re fran\u00e7aise laiti\u00e8re se retrouve au centre des congr\u00e8s d\u2019\u00c9pinal. Ce jeudi matin le ministre de [&hellip;]\" \/>\n<meta name=\"twitter:image\" content=\"https:\/\/vosgesinfo.fr\/app\/uploads\/sites\/5\/2024\/09\/202212assises-du-lait-epinal-marc-fesneau-ministre-agriculture-4-800x600-1.jpg\" \/>\n<meta name=\"twitter:creator\" content=\"@VosgesInfo88\" \/>\n<meta name=\"twitter:site\" content=\"@VosgesInfo88\" \/>\n<meta name=\"twitter:label1\" content=\"\u00c9crit par\" \/>\n\t<meta name=\"twitter:data1\" content=\"C D\" \/>\n<script type=\"application\/ld+json\" class=\"yoast-schema-graph\">{\"@context\":\"https:\/\/schema.org\",\"@graph\":[{\"@type\":\"Article\",\"@id\":\"https:\/\/vosgesinfo.fr\/remiremontinfo\/2022\/12\/marc-fesneau-ministre-de-lagriculture-a-epinal-assises-lait\/#article\",\"isPartOf\":{\"@id\":\"https:\/\/vosgesinfo.fr\/remiremontinfo\/2022\/12\/marc-fesneau-ministre-de-lagriculture-a-epinal-assises-lait\/\"},\"author\":{\"name\":\"C D\",\"@id\":\"https:\/\/vosgesinfo.fr\/remiremontinfo\/#\/schema\/person\/3bfd164d5218a185b1db68655a265316\"},\"headline\":\"Marc Fesneau, le ministre de l\u2019Agriculture \u00e0 \u00c9pinal pour les assises du lait\",\"datePublished\":\"2022-12-08T08:50:45+00:00\",\"dateModified\":\"2022-12-08T08:50:45+00:00\",\"mainEntityOfPage\":{\"@id\":\"https:\/\/vosgesinfo.fr\/remiremontinfo\/2022\/12\/marc-fesneau-ministre-de-lagriculture-a-epinal-assises-lait\/\"},\"wordCount\":81,\"commentCount\":0,\"publisher\":{\"@id\":\"https:\/\/vosgesinfo.fr\/remiremontinfo\/#organization\"},\"image\":{\"@id\":\"https:\/\/vosgesinfo.fr\/remiremontinfo\/2022\/12\/marc-fesneau-ministre-de-lagriculture-a-epinal-assises-lait\/#primaryimage\"},\"thumbnailUrl\":\"https:\/\/vosgesinfo.fr\/app\/uploads\/sites\/5\/2024\/09\/202212assises-du-lait-epinal-marc-fesneau-ministre-agriculture-4-800x600-1.jpg\",\"keywords\":[\"agriculture\",\"politique\",\"Vosges\"],\"articleSection\":[\"A la Une\",\"Agriculture\",\"Vosges\"],\"inLanguage\":\"fr-FR\",\"potentialAction\":[{\"@type\":\"CommentAction\",\"name\":\"Comment\",\"target\":[\"https:\/\/vosgesinfo.fr\/remiremontinfo\/2022\/12\/marc-fesneau-ministre-de-lagriculture-a-epinal-assises-lait\/#respond\"]}]},{\"@type\":\"WebPage\",\"@id\":\"https:\/\/vosgesinfo.fr\/remiremontinfo\/2022\/12\/marc-fesneau-ministre-de-lagriculture-a-epinal-assises-lait\/\",\"url\":\"https:\/\/vosgesinfo.fr\/remiremontinfo\/2022\/12\/marc-fesneau-ministre-de-lagriculture-a-epinal-assises-lait\/\",\"name\":\"Marc Fesneau, le ministre de l\u2019Agriculture \u00e0 \u00c9pinal pour les assises du lait - Remiremont Info\",\"isPartOf\":{\"@id\":\"https:\/\/vosgesinfo.fr\/remiremontinfo\/#website\"},\"primaryImageOfPage\":{\"@id\":\"https:\/\/vosgesinfo.fr\/remiremontinfo\/2022\/12\/marc-fesneau-ministre-de-lagriculture-a-epinal-assises-lait\/#primaryimage\"},\"image\":{\"@id\":\"https:\/\/vosgesinfo.fr\/remiremontinfo\/2022\/12\/marc-fesneau-ministre-de-lagriculture-a-epinal-assises-lait\/#primaryimage\"},\"thumbnailUrl\":\"https:\/\/vosgesinfo.fr\/app\/uploads\/sites\/5\/2024\/09\/202212assises-du-lait-epinal-marc-fesneau-ministre-agriculture-4-800x600-1.jpg\",\"datePublished\":\"2022-12-08T08:50:45+00:00\",\"dateModified\":\"2022-12-08T08:50:45+00:00\",\"breadcrumb\":{\"@id\":\"https:\/\/vosgesinfo.fr\/remiremontinfo\/2022\/12\/marc-fesneau-ministre-de-lagriculture-a-epinal-assises-lait\/#breadcrumb\"},\"inLanguage\":\"fr-FR\",\"potentialAction\":[{\"@type\":\"ReadAction\",\"target\":[\"https:\/\/vosgesinfo.fr\/remiremontinfo\/2022\/12\/marc-fesneau-ministre-de-lagriculture-a-epinal-assises-lait\/\"]}]},{\"@type\":\"ImageObject\",\"inLanguage\":\"fr-FR\",\"@id\":\"https:\/\/vosgesinfo.fr\/remiremontinfo\/2022\/12\/marc-fesneau-ministre-de-lagriculture-a-epinal-assises-lait\/#primaryimage\",\"url\":\"https:\/\/vosgesinfo.fr\/app\/uploads\/sites\/5\/2024\/09\/202212assises-du-lait-epinal-marc-fesneau-ministre-agriculture-4-800x600-1.jpg\",\"contentUrl\":\"https:\/\/vosgesinfo.fr\/app\/uploads\/sites\/5\/2024\/09\/202212assises-du-lait-epinal-marc-fesneau-ministre-agriculture-4-800x600-1.jpg\",\"width\":800,\"height\":600},{\"@type\":\"BreadcrumbList\",\"@id\":\"https:\/\/vosgesinfo.fr\/remiremontinfo\/2022\/12\/marc-fesneau-ministre-de-lagriculture-a-epinal-assises-lait\/#breadcrumb\",\"itemListElement\":[{\"@type\":\"ListItem\",\"position\":1,\"name\":\"Home\",\"item\":\"https:\/\/vosgesinfo.fr\/remiremontinfo\/\"},{\"@type\":\"ListItem\",\"position\":2,\"name\":\"Marc Fesneau, le ministre de l\u2019Agriculture \u00e0 \u00c9pinal pour les assises du lait\"}]},{\"@type\":\"WebSite\",\"@id\":\"https:\/\/vosgesinfo.fr\/remiremontinfo\/#website\",\"url\":\"https:\/\/vosgesinfo.fr\/remiremontinfo\/\",\"name\":\"Remiremont Info\",\"description\":\"Toute l&#039;actualit\u00e9 de Remiremont\",\"publisher\":{\"@id\":\"https:\/\/vosgesinfo.fr\/remiremontinfo\/#organization\"},\"alternateName\":\"Toute l'actualit\u00e9 de Remiremont\",\"potentialAction\":[{\"@type\":\"SearchAction\",\"target\":{\"@type\":\"EntryPoint\",\"urlTemplate\":\"https:\/\/vosgesinfo.fr\/remiremontinfo\/?s={search_term_string}\"},\"query-input\":\"required name=search_term_string\"}],\"inLanguage\":\"fr-FR\"},{\"@type\":\"Organization\",\"@id\":\"https:\/\/vosgesinfo.fr\/remiremontinfo\/#organization\",\"name\":\"Remiremont Info\",\"url\":\"https:\/\/vosgesinfo.fr\/remiremontinfo\/\",\"logo\":{\"@type\":\"ImageObject\",\"inLanguage\":\"fr-FR\",\"@id\":\"https:\/\/vosgesinfo.fr\/remiremontinfo\/#\/schema\/logo\/image\/\",\"url\":\"https:\/\/vosgesinfo.fr\/app\/uploads\/sites\/5\/2023\/08\/favicon-remiremontinfo.png\",\"contentUrl\":\"https:\/\/vosgesinfo.fr\/app\/uploads\/sites\/5\/2023\/08\/favicon-remiremontinfo.png\",\"width\":512,\"height\":512,\"caption\":\"Remiremont Info\"},\"image\":{\"@id\":\"https:\/\/vosgesinfo.fr\/remiremontinfo\/#\/schema\/logo\/image\/\"},\"sameAs\":[\"https:\/\/www.facebook.com\/remiremontinfo\",\"https:\/\/x.com\/VosgesInfo88\",\"https:\/\/www.youtube.com\/@vosgesinfo\"]},{\"@type\":\"Person\",\"@id\":\"https:\/\/vosgesinfo.fr\/remiremontinfo\/#\/schema\/person\/3bfd164d5218a185b1db68655a265316\",\"name\":\"C D\",\"image\":{\"@type\":\"ImageObject\",\"inLanguage\":\"fr-FR\",\"@id\":\"https:\/\/vosgesinfo.fr\/remiremontinfo\/#\/schema\/person\/image\/\",\"url\":\"https:\/\/secure.gravatar.com\/avatar\/1f9a70007336511a47468b8f1c66f922b8b7cf617b02a31149ada43893a5d48f?s=96&d=mm&r=g\",\"contentUrl\":\"https:\/\/secure.gravatar.com\/avatar\/1f9a70007336511a47468b8f1c66f922b8b7cf617b02a31149ada43893a5d48f?s=96&d=mm&r=g\",\"caption\":\"C D\"},\"url\":\"https:\/\/vosgesinfo.fr\/remiremontinfo\/author\/cedric-drevet\/\"}]}<\/script>\n<!-- \/ Yoast SEO plugin. -->","yoast_head_json":{"title":"Marc Fesneau, le ministre de l\u2019Agriculture \u00e0 \u00c9pinal pour les assises du lait - Remiremont Info","robots":{"index":"index","follow":"follow","max-snippet":"max-snippet:-1","max-image-preview":"max-image-preview:large","max-video-preview":"max-video-preview:-1"},"canonical":"https:\/\/vosgesinfo.fr\/remiremontinfo\/2022\/12\/marc-fesneau-ministre-de-lagriculture-a-epinal-assises-lait\/","twitter_card":"summary_large_image","twitter_title":"Marc Fesneau, le ministre de l\u2019Agriculture \u00e0 \u00c9pinal pour les assises du lait - Remiremont Info","twitter_description":"Pendant deux jours, la fili\u00e8re fran\u00e7aise laiti\u00e8re se retrouve au centre des congr\u00e8s d\u2019\u00c9pinal. Ce jeudi matin le ministre de [&hellip;]","twitter_image":"https:\/\/vosgesinfo.fr\/app\/uploads\/sites\/5\/2024\/09\/202212assises-du-lait-epinal-marc-fesneau-ministre-agriculture-4-800x600-1.jpg","twitter_creator":"@VosgesInfo88","twitter_site":"@VosgesInfo88","twitter_misc":{"\u00c9crit par":"C D"},"schema":{"@context":"https:\/\/schema.org","@graph":[{"@type":"Article","@id":"https:\/\/vosgesinfo.fr\/remiremontinfo\/2022\/12\/marc-fesneau-ministre-de-lagriculture-a-epinal-assises-lait\/#article","isPartOf":{"@id":"https:\/\/vosgesinfo.fr\/remiremontinfo\/2022\/12\/marc-fesneau-ministre-de-lagriculture-a-epinal-assises-lait\/"},"author":{"name":"C D","@id":"https:\/\/vosgesinfo.fr\/remiremontinfo\/#\/schema\/person\/3bfd164d5218a185b1db68655a265316"},"headline":"Marc Fesneau, le ministre de l\u2019Agriculture \u00e0 \u00c9pinal pour les assises du lait","datePublished":"2022-12-08T08:50:45+00:00","dateModified":"2022-12-08T08:50:45+00:00","mainEntityOfPage":{"@id":"https:\/\/vosgesinfo.fr\/remiremontinfo\/2022\/12\/marc-fesneau-ministre-de-lagriculture-a-epinal-assises-lait\/"},"wordCount":81,"commentCount":0,"publisher":{"@id":"https:\/\/vosgesinfo.fr\/remiremontinfo\/#organization"},"image":{"@id":"https:\/\/vosgesinfo.fr\/remiremontinfo\/2022\/12\/marc-fesneau-ministre-de-lagriculture-a-epinal-assises-lait\/#primaryimage"},"thumbnailUrl":"https:\/\/vosgesinfo.fr\/app\/uploads\/sites\/5\/2024\/09\/202212assises-du-lait-epinal-marc-fesneau-ministre-agriculture-4-800x600-1.jpg","keywords":["agriculture","politique","Vosges"],"articleSection":["A la Une","Agriculture","Vosges"],"inLanguage":"fr-FR","potentialAction":[{"@type":"CommentAction","name":"Comment","target":["https:\/\/vosgesinfo.fr\/remiremontinfo\/2022\/12\/marc-fesneau-ministre-de-lagriculture-a-epinal-assises-lait\/#respond"]}]},{"@type":"WebPage","@id":"https:\/\/vosgesinfo.fr\/remiremontinfo\/2022\/12\/marc-fesneau-ministre-de-lagriculture-a-epinal-assises-lait\/","url":"https:\/\/vosgesinfo.fr\/remiremontinfo\/2022\/12\/marc-fesneau-ministre-de-lagriculture-a-epinal-assises-lait\/","name":"Marc Fesneau, le ministre de l\u2019Agriculture \u00e0 \u00c9pinal pour les assises du lait - Remiremont Info","isPartOf":{"@id":"https:\/\/vosgesinfo.fr\/remiremontinfo\/#website"},"primaryImageOfPage":{"@id":"https:\/\/vosgesinfo.fr\/remiremontinfo\/2022\/12\/marc-fesneau-ministre-de-lagriculture-a-epinal-assises-lait\/#primaryimage"},"image":{"@id":"https:\/\/vosgesinfo.fr\/remiremontinfo\/2022\/12\/marc-fesneau-ministre-de-lagriculture-a-epinal-assises-lait\/#primaryimage"},"thumbnailUrl":"https:\/\/vosgesinfo.fr\/app\/uploads\/sites\/5\/2024\/09\/202212assises-du-lait-epinal-marc-fesneau-ministre-agriculture-4-800x600-1.jpg","datePublished":"2022-12-08T08:50:45+00:00","dateModified":"2022-12-08T08:50:45+00:00","breadcrumb":{"@id":"https:\/\/vosgesinfo.fr\/remiremontinfo\/2022\/12\/marc-fesneau-ministre-de-lagriculture-a-epinal-assises-lait\/#breadcrumb"},"inLanguage":"fr-FR","potentialAction":[{"@type":"ReadAction","target":["https:\/\/vosgesinfo.fr\/remiremontinfo\/2022\/12\/marc-fesneau-ministre-de-lagriculture-a-epinal-assises-lait\/"]}]},{"@type":"ImageObject","inLanguage":"fr-FR","@id":"https:\/\/vosgesinfo.fr\/remiremontinfo\/2022\/12\/marc-fesneau-ministre-de-lagriculture-a-epinal-assises-lait\/#primaryimage","url":"https:\/\/vosgesinfo.fr\/app\/uploads\/sites\/5\/2024\/09\/202212assises-du-lait-epinal-marc-fesneau-ministre-agriculture-4-800x600-1.jpg","contentUrl":"https:\/\/vosgesinfo.fr\/app\/uploads\/sites\/5\/2024\/09\/202212assises-du-lait-epinal-marc-fesneau-ministre-agriculture-4-800x600-1.jpg","width":800,"height":600},{"@type":"BreadcrumbList","@id":"https:\/\/vosgesinfo.fr\/remiremontinfo\/2022\/12\/marc-fesneau-ministre-de-lagriculture-a-epinal-assises-lait\/#breadcrumb","itemListElement":[{"@type":"ListItem","position":1,"name":"Home","item":"https:\/\/vosgesinfo.fr\/remiremontinfo\/"},{"@type":"ListItem","position":2,"name":"Marc Fesneau, le ministre de l\u2019Agriculture \u00e0 \u00c9pinal pour les assises du lait"}]},{"@type":"WebSite","@id":"https:\/\/vosgesinfo.fr\/remiremontinfo\/#website","url":"https:\/\/vosgesinfo.fr\/remiremontinfo\/","name":"Remiremont Info","description":"Toute l&#039;actualit\u00e9 de Remiremont","publisher":{"@id":"https:\/\/vosgesinfo.fr\/remiremontinfo\/#organization"},"alternateName":"Toute l'actualit\u00e9 de Remiremont","potentialAction":[{"@type":"SearchAction","target":{"@type":"EntryPoint","urlTemplate":"https:\/\/vosgesinfo.fr\/remiremontinfo\/?s={search_term_string}"},"query-input":"required name=search_term_string"}],"inLanguage":"fr-FR"},{"@type":"Organization","@id":"https:\/\/vosgesinfo.fr\/remiremontinfo\/#organization","name":"Remiremont Info","url":"https:\/\/vosgesinfo.fr\/remiremontinfo\/","logo":{"@type":"ImageObject","inLanguage":"fr-FR","@id":"https:\/\/vosgesinfo.fr\/remiremontinfo\/#\/schema\/logo\/image\/","url":"https:\/\/vosgesinfo.fr\/app\/uploads\/sites\/5\/2023\/08\/favicon-remiremontinfo.png","contentUrl":"https:\/\/vosgesinfo.fr\/app\/uploads\/sites\/5\/2023\/08\/favicon-remiremontinfo.png","width":512,"height":512,"caption":"Remiremont Info"},"image":{"@id":"https:\/\/vosgesinfo.fr\/remiremontinfo\/#\/schema\/logo\/image\/"},"sameAs":["https:\/\/www.facebook.com\/remiremontinfo","https:\/\/x.com\/VosgesInfo88","https:\/\/www.youtube.com\/@vosgesinfo"]},{"@type":"Person","@id":"https:\/\/vosgesinfo.fr\/remiremontinfo\/#\/schema\/person\/3bfd164d5218a185b1db68655a265316","name":"C D","image":{"@type":"ImageObject","inLanguage":"fr-FR","@id":"https:\/\/vosgesinfo.fr\/remiremontinfo\/#\/schema\/person\/image\/","url":"https:\/\/secure.gravatar.com\/avatar\/1f9a70007336511a47468b8f1c66f922b8b7cf617b02a31149ada43893a5d48f?s=96&d=mm&r=g","contentUrl":"https:\/\/secure.gravatar.com\/avatar\/1f9a70007336511a47468b8f1c66f922b8b7cf617b02a31149ada43893a5d48f?s=96&d=mm&r=g","caption":"C D"},"url":"https:\/\/vosgesinfo.fr\/remiremontinfo\/author\/cedric-drevet\/"}]}},"_links":{"self":[{"href":"https:\/\/vosgesinfo.fr\/remiremontinfo\/wp-json\/wp\/v2\/posts\/65419","targetHints":{"allow":["GET"]}}],"collection":[{"href":"https:\/\/vosgesinfo.fr\/remiremontinfo\/wp-json\/wp\/v2\/posts"}],"about":[{"href":"https:\/\/vosgesinfo.fr\/remiremontinfo\/wp-json\/wp\/v2\/types\/post"}],"author":[{"embeddable":true,"href":"https:\/\/vosgesinfo.fr\/remiremontinfo\/wp-json\/wp\/v2\/users\/407"}],"replies":[{"embeddable":true,"href":"https:\/\/vosgesinfo.fr\/remiremontinfo\/wp-json\/wp\/v2\/comments?post=65419"}],"version-history":[{"count":0,"href":"https:\/\/vosgesinfo.fr\/remiremontinfo\/wp-json\/wp\/v2\/posts\/65419\/revisions"}],"wp:featuredmedia":[{"embeddable":true,"href":"https:\/\/vosgesinfo.fr\/remiremontinfo\/wp-json\/wp\/v2\/media\/65420"}],"wp:attachment":[{"href":"https:\/\/vosgesinfo.fr\/remiremontinfo\/wp-json\/wp\/v2\/media?parent=65419"}],"wp:term":[{"taxonomy":"category","embeddable":true,"href":"https:\/\/vosgesinfo.fr\/remiremontinfo\/wp-json\/wp\/v2\/categories?post=65419"},{"taxonomy":"post_tag","embeddable":true,"href":"https:\/\/vosgesinfo.fr\/remiremontinfo\/wp-json\/wp\/v2\/tags?post=65419"}],"curies":[{"name":"wp","href":"https:\/\/api.w.org\/{rel}","templated":true}]}}