{"id":65432,"date":"2022-12-08T11:31:05","date_gmt":"2022-12-08T10:31:05","guid":{"rendered":"https:\/\/vosgesinfo.fr\/remiremontinfo\/2022\/12\/plombieres-documentaire-retour-loup-presence-de-realisateur\/"},"modified":"2022-12-08T11:31:05","modified_gmt":"2022-12-08T10:31:05","slug":"plombieres-documentaire-retour-loup-presence-de-realisateur","status":"publish","type":"post","link":"https:\/\/vosgesinfo.fr\/remiremontinfo\/2022\/12\/plombieres-documentaire-retour-loup-presence-de-realisateur\/","title":{"rendered":"Plombi\u00e8res : un documentaire sur le retour du loup en pr\u00e9sence de son r\u00e9alisateur"},"content":{"rendered":"<p><a href=\"\/2022\/12\/Notre-part-sauvage-CREDIT-Supermouche_Productions_JP_Valentin.jpg\"><img decoding=\"async\" class=\"alignnone size-large wp-image-359520\" src=\"\/2022\/12\/Notre-part-sauvage-CREDIT-Supermouche_Productions_JP_Valentin-1024x576.jpg\" alt=\"Notre part sauvage CREDIT Supermouche_Productions_JP_Valentin\" width=\"960\" height=\"540\" \/><\/a><\/p>\n<p><span style=\"font-size: 10pt;\"><em>Photo par\u00a0<a href=\"https:\/\/www.francetvpro.fr\/contenu-de-presse\/34755953\">Notre part sauvage | FranceTvPro.fr<\/a><\/em><\/span><\/p>\n<h2><strong><span style=\"font-family: arial, sans-serif; font-size: large;\">Ce vendredi 9 d\u00e9cembre\u00a0\u00e0 20h30,\u00a0l&rsquo;\u00e9quipe de Plombi\u00e8res Cin\u00e9ma aura le plaisir d&rsquo;accueillir Jean-Pierre Valentin, avec son nouveau film \u00ab\u00a0Notre part sauvage, La controverse du loup\u00a0\u00bb.\u00a0 Le r\u00e9alisateur<\/span><span style=\"font-family: arial, sans-serif; font-size: large;\">\u00a0\u00e9tait d\u00e9j\u00e0 venu pr\u00e9senter son documentaire pr\u00e9c\u00e9dant en 2020 :\u00a0\u00ab\u00a0Envers et contre tout, \u00e9leveuses\u00a0\u00bb.\u00a0200 personnes \u00e9taient venues pour l&rsquo;occasion.<\/span><\/strong><\/h2>\n<p>Le m\u00eame soir Mathieu Brassier et Vladimir Jolly viendront pr\u00e9senter un film court m\u00e9trage (12mn) r\u00e9alis\u00e9 avec les r\u00e9sidents du Foyer Tremplin de Saint Am\u00e9 : \u00ab\u00a0Barrage au projet\u00a0\u00bb\u00a0; Vladimir JOLLY est un spectateur assidu du cin\u00e9ma de Plombi\u00e8res et acteur dans le film.\u00a0La soir\u00e9e sera gratuite, l&rsquo;ap\u00e9ritif sera offert par les b\u00e9n\u00e9voles \u00e0 partir de 20H!<\/p>\n<div><strong><em><span style=\"font-family: arial, sans-serif; font-size: large;\">NOTRE PART SAUVAGE, LA CONTROVERSE DU LOUP (52mn)<\/span><\/em><\/strong><\/div>\n<div><span style=\"font-family: arial, sans-serif; font-size: large;\">Le loup est de retour. Alors des \u00e9leveurs victimes de pr\u00e9dations s\u2019alarment \u00e0 juste titre et les esprits s\u2019\u00e9chauffent. Mais finalement le loup n\u2019arrive t-il pas \u00e0 point nomm\u00e9, \u00e0 l\u2019heure o\u00f9 la place de la nature, du sauvage, doit \u00eatre r\u00e9\u00e9valu\u00e9e ? Philosophes et anthropologues, environnementalistes et bergers, nous aident \u00e0 discerner les enjeux, \u00e0 nous tenir au chevet des bois et des b\u00eates, mais aussi nous engagent \u00e0 raisonner sur nos relations avec le monde agricole, nos habitudes de consommation, notre rapport \u00e0 l\u2019alt\u00e9rit\u00e9.<br \/>\n<\/span><\/div>\n<div><span style=\"font-family: arial, sans-serif; font-size: large;\">\u00a0<\/span><\/div>\n<div><em><strong><span style=\"font-family: arial, sans-serif; font-size: large;\">BARRAGE AU PROJET (12 mn)<\/span><\/strong><\/em><\/div>\n<div><span style=\"font-family: arial, sans-serif; font-size: large;\"><span style=\"color: #42293f;\">Ecrit et jou\u00e9 par sept r\u00e9sidents du Foyer Tremplin de Saint-Am\u00e9 et mis en sc\u00e8ne\u00a0par Matthieu Brassier de la compagnie de la 5\u00e8me Sir\u00e8ne\u00a0d\u2019Epinal. Ce court sur le th\u00e8me\u00a0de l\u2019\u00e9cologie a \u00e9t\u00e9 r\u00e9alis\u00e9 dans le cadre de la F\u00eate de l\u2019eau.\u00a0<\/span><\/span><span style=\"color: #42293f; font-family: arial, sans-serif; font-size: large;\">Le film a \u00e9t\u00e9 s\u00e9lectionn\u00e9 au FESTIVAL REGARDS CROISES, COURTS METRAGE \u00ab\u00a0METIERS ET HANDICAP\u00a0\u00bb DE ST MALO.\u00a0<\/span><\/div>\n<div><\/div>\n<div><a href=\"\/2022\/12\/unnamed.jpg\"><img decoding=\"async\" class=\"alignnone size-large wp-image-359519\" src=\"\/2022\/12\/unnamed-1024x772.jpg\" alt=\"unnamed\" width=\"960\" height=\"724\" \/><\/a><\/div>\n","protected":false},"excerpt":{"rendered":"<p>Photo par\u00a0Notre part sauvage | FranceTvPro.fr Ce vendredi 9 d\u00e9cembre\u00a0\u00e0 20h30,\u00a0l&rsquo;\u00e9quipe de Plombi\u00e8res Cin\u00e9ma aura le plaisir d&rsquo;accueillir Jean-Pierre Valentin, [&hellip;]<\/p>\n","protected":false},"author":407,"featured_media":65433,"comment_status":"open","ping_status":"open","sticky":false,"template":"","format":"standard","meta":{"footnotes":""},"categories":[26,4,82,102],"tags":[4968,76,420,5172,103,32],"class_list":["post-65432","post","type-post","status-publish","format-standard","has-post-thumbnail","hentry","category-a-la-une","category-culture","category-le-val-dajol-son-canton","category-plombieres-les-bains","tag-barrage-au-projet","tag-cinema","tag-loup","tag-notre-part-sauvage","tag-plombieres","tag-vosges"],"acf":[],"yoast_head":"<!-- This site is optimized with the Yoast SEO plugin v22.5 - https:\/\/yoast.com\/wordpress\/plugins\/seo\/ -->\n<title>Plombi\u00e8res : un documentaire sur le retour du loup en pr\u00e9sence de son r\u00e9alisateur - Remiremont Info<\/title>\n<meta name=\"robots\" content=\"index, follow, max-snippet:-1, max-image-preview:large, max-video-preview:-1\" \/>\n<link rel=\"canonical\" href=\"https:\/\/vosgesinfo.fr\/remiremontinfo\/2022\/12\/plombieres-documentaire-retour-loup-presence-de-realisateur\/\" \/>\n<meta name=\"twitter:card\" content=\"summary_large_image\" \/>\n<meta name=\"twitter:title\" content=\"Plombi\u00e8res : un documentaire sur le retour du loup en pr\u00e9sence de son r\u00e9alisateur - Remiremont Info\" \/>\n<meta name=\"twitter:description\" content=\"Photo par\u00a0Notre part sauvage | FranceTvPro.fr Ce vendredi 9 d\u00e9cembre\u00a0\u00e0 20h30,\u00a0l&rsquo;\u00e9quipe de Plombi\u00e8res Cin\u00e9ma aura le plaisir d&rsquo;accueillir Jean-Pierre Valentin, [&hellip;]\" \/>\n<meta name=\"twitter:image\" content=\"https:\/\/vosgesinfo.fr\/app\/uploads\/sites\/5\/2024\/09\/202212notre-part-sauvage-credit-supermouche-productions-jp-valentin.jpg\" \/>\n<meta name=\"twitter:creator\" content=\"@VosgesInfo88\" \/>\n<meta name=\"twitter:site\" content=\"@VosgesInfo88\" \/>\n<meta name=\"twitter:label1\" content=\"\u00c9crit par\" \/>\n\t<meta name=\"twitter:data1\" content=\"C D\" \/>\n\t<meta name=\"twitter:label2\" content=\"Dur\u00e9e de lecture estim\u00e9e\" \/>\n\t<meta name=\"twitter:data2\" content=\"1 minute\" \/>\n<script type=\"application\/ld+json\" class=\"yoast-schema-graph\">{\"@context\":\"https:\/\/schema.org\",\"@graph\":[{\"@type\":\"Article\",\"@id\":\"https:\/\/vosgesinfo.fr\/remiremontinfo\/2022\/12\/plombieres-documentaire-retour-loup-presence-de-realisateur\/#article\",\"isPartOf\":{\"@id\":\"https:\/\/vosgesinfo.fr\/remiremontinfo\/2022\/12\/plombieres-documentaire-retour-loup-presence-de-realisateur\/\"},\"author\":{\"name\":\"C D\",\"@id\":\"https:\/\/vosgesinfo.fr\/remiremontinfo\/#\/schema\/person\/3bfd164d5218a185b1db68655a265316\"},\"headline\":\"Plombi\u00e8res : un documentaire sur le retour du loup en pr\u00e9sence de son r\u00e9alisateur\",\"datePublished\":\"2022-12-08T10:31:05+00:00\",\"dateModified\":\"2022-12-08T10:31:05+00:00\",\"mainEntityOfPage\":{\"@id\":\"https:\/\/vosgesinfo.fr\/remiremontinfo\/2022\/12\/plombieres-documentaire-retour-loup-presence-de-realisateur\/\"},\"wordCount\":318,\"commentCount\":0,\"publisher\":{\"@id\":\"https:\/\/vosgesinfo.fr\/remiremontinfo\/#organization\"},\"image\":{\"@id\":\"https:\/\/vosgesinfo.fr\/remiremontinfo\/2022\/12\/plombieres-documentaire-retour-loup-presence-de-realisateur\/#primaryimage\"},\"thumbnailUrl\":\"https:\/\/vosgesinfo.fr\/app\/uploads\/sites\/5\/2024\/09\/202212notre-part-sauvage-credit-supermouche-productions-jp-valentin.jpg\",\"keywords\":[\"barrage au projet\",\"cinema\",\"loup\",\"notre part sauvage\",\"plombieres\",\"Vosges\"],\"articleSection\":[\"A la Une\",\"Culture\",\"Le Val-d'Ajol &amp; son canton\",\"Plombi\u00e8res-l\u00e8s-Bains\"],\"inLanguage\":\"fr-FR\",\"potentialAction\":[{\"@type\":\"CommentAction\",\"name\":\"Comment\",\"target\":[\"https:\/\/vosgesinfo.fr\/remiremontinfo\/2022\/12\/plombieres-documentaire-retour-loup-presence-de-realisateur\/#respond\"]}]},{\"@type\":\"WebPage\",\"@id\":\"https:\/\/vosgesinfo.fr\/remiremontinfo\/2022\/12\/plombieres-documentaire-retour-loup-presence-de-realisateur\/\",\"url\":\"https:\/\/vosgesinfo.fr\/remiremontinfo\/2022\/12\/plombieres-documentaire-retour-loup-presence-de-realisateur\/\",\"name\":\"Plombi\u00e8res : un documentaire sur le retour du loup en pr\u00e9sence de son r\u00e9alisateur - Remiremont Info\",\"isPartOf\":{\"@id\":\"https:\/\/vosgesinfo.fr\/remiremontinfo\/#website\"},\"primaryImageOfPage\":{\"@id\":\"https:\/\/vosgesinfo.fr\/remiremontinfo\/2022\/12\/plombieres-documentaire-retour-loup-presence-de-realisateur\/#primaryimage\"},\"image\":{\"@id\":\"https:\/\/vosgesinfo.fr\/remiremontinfo\/2022\/12\/plombieres-documentaire-retour-loup-presence-de-realisateur\/#primaryimage\"},\"thumbnailUrl\":\"https:\/\/vosgesinfo.fr\/app\/uploads\/sites\/5\/2024\/09\/202212notre-part-sauvage-credit-supermouche-productions-jp-valentin.jpg\",\"datePublished\":\"2022-12-08T10:31:05+00:00\",\"dateModified\":\"2022-12-08T10:31:05+00:00\",\"breadcrumb\":{\"@id\":\"https:\/\/vosgesinfo.fr\/remiremontinfo\/2022\/12\/plombieres-documentaire-retour-loup-presence-de-realisateur\/#breadcrumb\"},\"inLanguage\":\"fr-FR\",\"potentialAction\":[{\"@type\":\"ReadAction\",\"target\":[\"https:\/\/vosgesinfo.fr\/remiremontinfo\/2022\/12\/plombieres-documentaire-retour-loup-presence-de-realisateur\/\"]}]},{\"@type\":\"ImageObject\",\"inLanguage\":\"fr-FR\",\"@id\":\"https:\/\/vosgesinfo.fr\/remiremontinfo\/2022\/12\/plombieres-documentaire-retour-loup-presence-de-realisateur\/#primaryimage\",\"url\":\"https:\/\/vosgesinfo.fr\/app\/uploads\/sites\/5\/2024\/09\/202212notre-part-sauvage-credit-supermouche-productions-jp-valentin.jpg\",\"contentUrl\":\"https:\/\/vosgesinfo.fr\/app\/uploads\/sites\/5\/2024\/09\/202212notre-part-sauvage-credit-supermouche-productions-jp-valentin.jpg\",\"width\":1200,\"height\":675},{\"@type\":\"BreadcrumbList\",\"@id\":\"https:\/\/vosgesinfo.fr\/remiremontinfo\/2022\/12\/plombieres-documentaire-retour-loup-presence-de-realisateur\/#breadcrumb\",\"itemListElement\":[{\"@type\":\"ListItem\",\"position\":1,\"name\":\"Home\",\"item\":\"https:\/\/vosgesinfo.fr\/remiremontinfo\/\"},{\"@type\":\"ListItem\",\"position\":2,\"name\":\"Plombi\u00e8res : un documentaire sur le retour du loup en pr\u00e9sence de son r\u00e9alisateur\"}]},{\"@type\":\"WebSite\",\"@id\":\"https:\/\/vosgesinfo.fr\/remiremontinfo\/#website\",\"url\":\"https:\/\/vosgesinfo.fr\/remiremontinfo\/\",\"name\":\"Remiremont Info\",\"description\":\"Toute l&#039;actualit\u00e9 de Remiremont\",\"publisher\":{\"@id\":\"https:\/\/vosgesinfo.fr\/remiremontinfo\/#organization\"},\"alternateName\":\"Toute l'actualit\u00e9 de Remiremont\",\"potentialAction\":[{\"@type\":\"SearchAction\",\"target\":{\"@type\":\"EntryPoint\",\"urlTemplate\":\"https:\/\/vosgesinfo.fr\/remiremontinfo\/?s={search_term_string}\"},\"query-input\":\"required name=search_term_string\"}],\"inLanguage\":\"fr-FR\"},{\"@type\":\"Organization\",\"@id\":\"https:\/\/vosgesinfo.fr\/remiremontinfo\/#organization\",\"name\":\"Remiremont Info\",\"url\":\"https:\/\/vosgesinfo.fr\/remiremontinfo\/\",\"logo\":{\"@type\":\"ImageObject\",\"inLanguage\":\"fr-FR\",\"@id\":\"https:\/\/vosgesinfo.fr\/remiremontinfo\/#\/schema\/logo\/image\/\",\"url\":\"https:\/\/vosgesinfo.fr\/app\/uploads\/sites\/5\/2023\/08\/favicon-remiremontinfo.png\",\"contentUrl\":\"https:\/\/vosgesinfo.fr\/app\/uploads\/sites\/5\/2023\/08\/favicon-remiremontinfo.png\",\"width\":512,\"height\":512,\"caption\":\"Remiremont Info\"},\"image\":{\"@id\":\"https:\/\/vosgesinfo.fr\/remiremontinfo\/#\/schema\/logo\/image\/\"},\"sameAs\":[\"https:\/\/www.facebook.com\/remiremontinfo\",\"https:\/\/x.com\/VosgesInfo88\",\"https:\/\/www.youtube.com\/@vosgesinfo\"]},{\"@type\":\"Person\",\"@id\":\"https:\/\/vosgesinfo.fr\/remiremontinfo\/#\/schema\/person\/3bfd164d5218a185b1db68655a265316\",\"name\":\"C D\",\"image\":{\"@type\":\"ImageObject\",\"inLanguage\":\"fr-FR\",\"@id\":\"https:\/\/vosgesinfo.fr\/remiremontinfo\/#\/schema\/person\/image\/\",\"url\":\"https:\/\/secure.gravatar.com\/avatar\/1f9a70007336511a47468b8f1c66f922b8b7cf617b02a31149ada43893a5d48f?s=96&d=mm&r=g\",\"contentUrl\":\"https:\/\/secure.gravatar.com\/avatar\/1f9a70007336511a47468b8f1c66f922b8b7cf617b02a31149ada43893a5d48f?s=96&d=mm&r=g\",\"caption\":\"C D\"},\"url\":\"https:\/\/vosgesinfo.fr\/remiremontinfo\/author\/cedric-drevet\/\"}]}<\/script>\n<!-- \/ Yoast SEO plugin. -->","yoast_head_json":{"title":"Plombi\u00e8res : un documentaire sur le retour du loup en pr\u00e9sence de son r\u00e9alisateur - Remiremont Info","robots":{"index":"index","follow":"follow","max-snippet":"max-snippet:-1","max-image-preview":"max-image-preview:large","max-video-preview":"max-video-preview:-1"},"canonical":"https:\/\/vosgesinfo.fr\/remiremontinfo\/2022\/12\/plombieres-documentaire-retour-loup-presence-de-realisateur\/","twitter_card":"summary_large_image","twitter_title":"Plombi\u00e8res : un documentaire sur le retour du loup en pr\u00e9sence de son r\u00e9alisateur - Remiremont Info","twitter_description":"Photo par\u00a0Notre part sauvage | FranceTvPro.fr Ce vendredi 9 d\u00e9cembre\u00a0\u00e0 20h30,\u00a0l&rsquo;\u00e9quipe de Plombi\u00e8res Cin\u00e9ma aura le plaisir d&rsquo;accueillir Jean-Pierre Valentin, [&hellip;]","twitter_image":"https:\/\/vosgesinfo.fr\/app\/uploads\/sites\/5\/2024\/09\/202212notre-part-sauvage-credit-supermouche-productions-jp-valentin.jpg","twitter_creator":"@VosgesInfo88","twitter_site":"@VosgesInfo88","twitter_misc":{"\u00c9crit par":"C D","Dur\u00e9e de lecture estim\u00e9e":"1 minute"},"schema":{"@context":"https:\/\/schema.org","@graph":[{"@type":"Article","@id":"https:\/\/vosgesinfo.fr\/remiremontinfo\/2022\/12\/plombieres-documentaire-retour-loup-presence-de-realisateur\/#article","isPartOf":{"@id":"https:\/\/vosgesinfo.fr\/remiremontinfo\/2022\/12\/plombieres-documentaire-retour-loup-presence-de-realisateur\/"},"author":{"name":"C D","@id":"https:\/\/vosgesinfo.fr\/remiremontinfo\/#\/schema\/person\/3bfd164d5218a185b1db68655a265316"},"headline":"Plombi\u00e8res : un documentaire sur le retour du loup en pr\u00e9sence de son r\u00e9alisateur","datePublished":"2022-12-08T10:31:05+00:00","dateModified":"2022-12-08T10:31:05+00:00","mainEntityOfPage":{"@id":"https:\/\/vosgesinfo.fr\/remiremontinfo\/2022\/12\/plombieres-documentaire-retour-loup-presence-de-realisateur\/"},"wordCount":318,"commentCount":0,"publisher":{"@id":"https:\/\/vosgesinfo.fr\/remiremontinfo\/#organization"},"image":{"@id":"https:\/\/vosgesinfo.fr\/remiremontinfo\/2022\/12\/plombieres-documentaire-retour-loup-presence-de-realisateur\/#primaryimage"},"thumbnailUrl":"https:\/\/vosgesinfo.fr\/app\/uploads\/sites\/5\/2024\/09\/202212notre-part-sauvage-credit-supermouche-productions-jp-valentin.jpg","keywords":["barrage au projet","cinema","loup","notre part sauvage","plombieres","Vosges"],"articleSection":["A la Une","Culture","Le Val-d'Ajol &amp; son canton","Plombi\u00e8res-l\u00e8s-Bains"],"inLanguage":"fr-FR","potentialAction":[{"@type":"CommentAction","name":"Comment","target":["https:\/\/vosgesinfo.fr\/remiremontinfo\/2022\/12\/plombieres-documentaire-retour-loup-presence-de-realisateur\/#respond"]}]},{"@type":"WebPage","@id":"https:\/\/vosgesinfo.fr\/remiremontinfo\/2022\/12\/plombieres-documentaire-retour-loup-presence-de-realisateur\/","url":"https:\/\/vosgesinfo.fr\/remiremontinfo\/2022\/12\/plombieres-documentaire-retour-loup-presence-de-realisateur\/","name":"Plombi\u00e8res : un documentaire sur le retour du loup en pr\u00e9sence de son r\u00e9alisateur - Remiremont Info","isPartOf":{"@id":"https:\/\/vosgesinfo.fr\/remiremontinfo\/#website"},"primaryImageOfPage":{"@id":"https:\/\/vosgesinfo.fr\/remiremontinfo\/2022\/12\/plombieres-documentaire-retour-loup-presence-de-realisateur\/#primaryimage"},"image":{"@id":"https:\/\/vosgesinfo.fr\/remiremontinfo\/2022\/12\/plombieres-documentaire-retour-loup-presence-de-realisateur\/#primaryimage"},"thumbnailUrl":"https:\/\/vosgesinfo.fr\/app\/uploads\/sites\/5\/2024\/09\/202212notre-part-sauvage-credit-supermouche-productions-jp-valentin.jpg","datePublished":"2022-12-08T10:31:05+00:00","dateModified":"2022-12-08T10:31:05+00:00","breadcrumb":{"@id":"https:\/\/vosgesinfo.fr\/remiremontinfo\/2022\/12\/plombieres-documentaire-retour-loup-presence-de-realisateur\/#breadcrumb"},"inLanguage":"fr-FR","potentialAction":[{"@type":"ReadAction","target":["https:\/\/vosgesinfo.fr\/remiremontinfo\/2022\/12\/plombieres-documentaire-retour-loup-presence-de-realisateur\/"]}]},{"@type":"ImageObject","inLanguage":"fr-FR","@id":"https:\/\/vosgesinfo.fr\/remiremontinfo\/2022\/12\/plombieres-documentaire-retour-loup-presence-de-realisateur\/#primaryimage","url":"https:\/\/vosgesinfo.fr\/app\/uploads\/sites\/5\/2024\/09\/202212notre-part-sauvage-credit-supermouche-productions-jp-valentin.jpg","contentUrl":"https:\/\/vosgesinfo.fr\/app\/uploads\/sites\/5\/2024\/09\/202212notre-part-sauvage-credit-supermouche-productions-jp-valentin.jpg","width":1200,"height":675},{"@type":"BreadcrumbList","@id":"https:\/\/vosgesinfo.fr\/remiremontinfo\/2022\/12\/plombieres-documentaire-retour-loup-presence-de-realisateur\/#breadcrumb","itemListElement":[{"@type":"ListItem","position":1,"name":"Home","item":"https:\/\/vosgesinfo.fr\/remiremontinfo\/"},{"@type":"ListItem","position":2,"name":"Plombi\u00e8res : un documentaire sur le retour du loup en pr\u00e9sence de son r\u00e9alisateur"}]},{"@type":"WebSite","@id":"https:\/\/vosgesinfo.fr\/remiremontinfo\/#website","url":"https:\/\/vosgesinfo.fr\/remiremontinfo\/","name":"Remiremont Info","description":"Toute l&#039;actualit\u00e9 de Remiremont","publisher":{"@id":"https:\/\/vosgesinfo.fr\/remiremontinfo\/#organization"},"alternateName":"Toute l'actualit\u00e9 de Remiremont","potentialAction":[{"@type":"SearchAction","target":{"@type":"EntryPoint","urlTemplate":"https:\/\/vosgesinfo.fr\/remiremontinfo\/?s={search_term_string}"},"query-input":"required name=search_term_string"}],"inLanguage":"fr-FR"},{"@type":"Organization","@id":"https:\/\/vosgesinfo.fr\/remiremontinfo\/#organization","name":"Remiremont Info","url":"https:\/\/vosgesinfo.fr\/remiremontinfo\/","logo":{"@type":"ImageObject","inLanguage":"fr-FR","@id":"https:\/\/vosgesinfo.fr\/remiremontinfo\/#\/schema\/logo\/image\/","url":"https:\/\/vosgesinfo.fr\/app\/uploads\/sites\/5\/2023\/08\/favicon-remiremontinfo.png","contentUrl":"https:\/\/vosgesinfo.fr\/app\/uploads\/sites\/5\/2023\/08\/favicon-remiremontinfo.png","width":512,"height":512,"caption":"Remiremont Info"},"image":{"@id":"https:\/\/vosgesinfo.fr\/remiremontinfo\/#\/schema\/logo\/image\/"},"sameAs":["https:\/\/www.facebook.com\/remiremontinfo","https:\/\/x.com\/VosgesInfo88","https:\/\/www.youtube.com\/@vosgesinfo"]},{"@type":"Person","@id":"https:\/\/vosgesinfo.fr\/remiremontinfo\/#\/schema\/person\/3bfd164d5218a185b1db68655a265316","name":"C D","image":{"@type":"ImageObject","inLanguage":"fr-FR","@id":"https:\/\/vosgesinfo.fr\/remiremontinfo\/#\/schema\/person\/image\/","url":"https:\/\/secure.gravatar.com\/avatar\/1f9a70007336511a47468b8f1c66f922b8b7cf617b02a31149ada43893a5d48f?s=96&d=mm&r=g","contentUrl":"https:\/\/secure.gravatar.com\/avatar\/1f9a70007336511a47468b8f1c66f922b8b7cf617b02a31149ada43893a5d48f?s=96&d=mm&r=g","caption":"C D"},"url":"https:\/\/vosgesinfo.fr\/remiremontinfo\/author\/cedric-drevet\/"}]}},"_links":{"self":[{"href":"https:\/\/vosgesinfo.fr\/remiremontinfo\/wp-json\/wp\/v2\/posts\/65432","targetHints":{"allow":["GET"]}}],"collection":[{"href":"https:\/\/vosgesinfo.fr\/remiremontinfo\/wp-json\/wp\/v2\/posts"}],"about":[{"href":"https:\/\/vosgesinfo.fr\/remiremontinfo\/wp-json\/wp\/v2\/types\/post"}],"author":[{"embeddable":true,"href":"https:\/\/vosgesinfo.fr\/remiremontinfo\/wp-json\/wp\/v2\/users\/407"}],"replies":[{"embeddable":true,"href":"https:\/\/vosgesinfo.fr\/remiremontinfo\/wp-json\/wp\/v2\/comments?post=65432"}],"version-history":[{"count":0,"href":"https:\/\/vosgesinfo.fr\/remiremontinfo\/wp-json\/wp\/v2\/posts\/65432\/revisions"}],"wp:featuredmedia":[{"embeddable":true,"href":"https:\/\/vosgesinfo.fr\/remiremontinfo\/wp-json\/wp\/v2\/media\/65433"}],"wp:attachment":[{"href":"https:\/\/vosgesinfo.fr\/remiremontinfo\/wp-json\/wp\/v2\/media?parent=65432"}],"wp:term":[{"taxonomy":"category","embeddable":true,"href":"https:\/\/vosgesinfo.fr\/remiremontinfo\/wp-json\/wp\/v2\/categories?post=65432"},{"taxonomy":"post_tag","embeddable":true,"href":"https:\/\/vosgesinfo.fr\/remiremontinfo\/wp-json\/wp\/v2\/tags?post=65432"}],"curies":[{"name":"wp","href":"https:\/\/api.w.org\/{rel}","templated":true}]}}