{"id":65440,"date":"2022-12-09T11:15:08","date_gmt":"2022-12-09T10:15:08","guid":{"rendered":"https:\/\/vosgesinfo.fr\/remiremontinfo\/2022\/12\/quelque-40-collaborateurs-de-vosgelis-plantent-arbres-equipes-de-lonf\/"},"modified":"2022-12-09T11:15:08","modified_gmt":"2022-12-09T10:15:08","slug":"quelque-40-collaborateurs-de-vosgelis-plantent-arbres-equipes-de-lonf","status":"publish","type":"post","link":"https:\/\/vosgesinfo.fr\/remiremontinfo\/2022\/12\/quelque-40-collaborateurs-de-vosgelis-plantent-arbres-equipes-de-lonf\/","title":{"rendered":"Quelque 40 collaborateurs de Vosgelis plantent des arbres avec les \u00e9quipes de l\u2019ONF"},"content":{"rendered":"\n<h2><span style=\"font-size: 12pt;\"><strong>Une quarantaine de salari\u00e9s de l\u2019entreprise Vosgelis s\u2019est rassembl\u00e9e ce vendredi 9 d\u00e9cembre au matin pour participer, avec les \u00e9quipes de l\u2019ONF, au reboisement de 2,3 hectares o\u00f9 les \u00e9pic\u00e9as ont \u00e9t\u00e9 d\u00e9truits par des attaques de scolytes. L\u2019op\u00e9ration a lieu en for\u00eat domaniale de Humont. Apr\u00e8s une pr\u00e9paration au restaurant de la Demoiselle du V8, les participants ont emprunt\u00e9 une route foresti\u00e8re pour rejoindre la parcelle.<\/strong><\/span><\/h2>\n<p>Cette action fait suite au projet \u00ab Label bas carbone \u00bb sign\u00e9 le 17 septembre dernier entre Vosgelis et l\u2019ONF. Fabrice Barbe, directeur g\u00e9n\u00e9ral de Vosgelis, a souhait\u00e9 que l\u2019engagement de Vosgelis aille au- del\u00e0 de la participation financi\u00e8re et que les collaborateurs mettent \u00ab la main \u00e0 la pioche \u00bb. Lanc\u00e9 en 2019 par le Minist\u00e8re fran\u00e7ais de la Transition \u00e9cologique et solidaire, le Label bas carbone est aujourd\u2019hui le seul dispositif sur le territoire national \u00e0 proposer des projets de compensation carbone dans le domaine forestier avec une reconnaissance des r\u00e9ductions d\u2019\u00e9missions de CO2 certifi\u00e9e par l\u2019Etat.<\/p>\n<p>La r\u00e9gion Grand-Est compte 20 projets de ce type, dont un dans le d\u00e9partement des Vosges. Partenaire de longue date de l\u2019ONF, Vosgelis a saisi cette opportunit\u00e9 de contribuer \u00e0 la reconstitution de for\u00eats impact\u00e9es par les s\u00e9cheresses cons\u00e9cutives et les attaques d\u2019insectes. C\u2019est avec enthousiasme qu\u2019une quarantaine d\u2019entre eux a r\u00e9pondu \u00ab pr\u00e9sent \u00bb \u00e0 l\u2019appel du directeur g\u00e9n\u00e9ral : gardiens d\u2019immeubles, directeurs et responsables de services, charg\u00e9s de relation client\u00e8le, \u00e9quipes de proximit\u00e9 ou fonctions supports et administratives.<\/p>\n<p>Organis\u00e9e par l\u2019agence territoriale Vosges Montagne de l\u2019ONF et son directeur Patrick Kubler, la demi-journ\u00e9e a commenc\u00e9 par un accueil caf\u00e9 suivi d\u2019une pr\u00e9sentation du projet aux \u00e9quipes de Vosgelis. Puis, une fois sur place, par groupes de 5 ou 6, encadr\u00e9s par des membres de l\u2019ONF, ils se sont d\u00e9ploy\u00e9s sur la parcelle, pr\u00e9par\u00e9e en amont et cl\u00f4tur\u00e9e afin d\u2019\u00e9viter que les plants, une centaine sur les 2800 pr\u00e9vus au total, choisis parmi des essences adapt\u00e9es au r\u00e9chauffement climatique, ne soient ensuite endommag\u00e9s par le gibier. Le travail de plantation a \u00e9t\u00e9 effectu\u00e9 durant deux heures environ avant que toute l\u2019\u00e9quipe se retrouve au centre socio-culturel de Saint-Nabord, mis \u00e0 disposition par la municipalit\u00e9, pour un repas pris en commun.<\/p>\n\n","protected":false},"excerpt":{"rendered":"<p>Une quarantaine de salari\u00e9s de l\u2019entreprise Vosgelis s\u2019est rassembl\u00e9e ce vendredi 9 d\u00e9cembre au matin pour participer, avec les \u00e9quipes [&hellip;]<\/p>\n","protected":false},"author":407,"featured_media":65441,"comment_status":"open","ping_status":"open","sticky":false,"template":"","format":"standard","meta":{"footnotes":""},"categories":[26,7,35,100],"tags":[3091,94,193,2231,4111,348,32],"class_list":["post-65440","post","type-post","status-publish","format-standard","has-post-thumbnail","hentry","category-a-la-une","category-environnement","category-remiremont-son-canton","category-saint-nabord","tag-arbres","tag-environnement","tag-foret","tag-onf","tag-planter","tag-vosgelis","tag-vosges"],"acf":[],"yoast_head":"<!-- This site is optimized with the Yoast SEO plugin v22.5 - https:\/\/yoast.com\/wordpress\/plugins\/seo\/ -->\n<title>Quelque 40 collaborateurs de Vosgelis plantent des arbres avec les \u00e9quipes de l\u2019ONF - Remiremont Info<\/title>\n<meta name=\"robots\" content=\"index, follow, max-snippet:-1, max-image-preview:large, max-video-preview:-1\" \/>\n<link rel=\"canonical\" href=\"https:\/\/vosgesinfo.fr\/remiremontinfo\/2022\/12\/quelque-40-collaborateurs-de-vosgelis-plantent-arbres-equipes-de-lonf\/\" \/>\n<meta name=\"twitter:card\" content=\"summary_large_image\" \/>\n<meta name=\"twitter:title\" content=\"Quelque 40 collaborateurs de Vosgelis plantent des arbres avec les \u00e9quipes de l\u2019ONF - Remiremont Info\" \/>\n<meta name=\"twitter:description\" content=\"Une quarantaine de salari\u00e9s de l\u2019entreprise Vosgelis s\u2019est rassembl\u00e9e ce vendredi 9 d\u00e9cembre au matin pour participer, avec les \u00e9quipes [&hellip;]\" \/>\n<meta name=\"twitter:image\" content=\"https:\/\/vosgesinfo.fr\/app\/uploads\/sites\/5\/2024\/09\/202212onf-vosgelis-demoiselle-7.jpg\" \/>\n<meta name=\"twitter:creator\" content=\"@VosgesInfo88\" \/>\n<meta name=\"twitter:site\" content=\"@VosgesInfo88\" \/>\n<meta name=\"twitter:label1\" content=\"\u00c9crit par\" \/>\n\t<meta name=\"twitter:data1\" content=\"C D\" \/>\n\t<meta name=\"twitter:label2\" content=\"Dur\u00e9e de lecture estim\u00e9e\" \/>\n\t<meta name=\"twitter:data2\" content=\"2 minutes\" \/>\n<script type=\"application\/ld+json\" class=\"yoast-schema-graph\">{\"@context\":\"https:\/\/schema.org\",\"@graph\":[{\"@type\":\"Article\",\"@id\":\"https:\/\/vosgesinfo.fr\/remiremontinfo\/2022\/12\/quelque-40-collaborateurs-de-vosgelis-plantent-arbres-equipes-de-lonf\/#article\",\"isPartOf\":{\"@id\":\"https:\/\/vosgesinfo.fr\/remiremontinfo\/2022\/12\/quelque-40-collaborateurs-de-vosgelis-plantent-arbres-equipes-de-lonf\/\"},\"author\":{\"name\":\"C D\",\"@id\":\"https:\/\/vosgesinfo.fr\/remiremontinfo\/#\/schema\/person\/3bfd164d5218a185b1db68655a265316\"},\"headline\":\"Quelque 40 collaborateurs de Vosgelis plantent des arbres avec les \u00e9quipes de l\u2019ONF\",\"datePublished\":\"2022-12-09T10:15:08+00:00\",\"dateModified\":\"2022-12-09T10:15:08+00:00\",\"mainEntityOfPage\":{\"@id\":\"https:\/\/vosgesinfo.fr\/remiremontinfo\/2022\/12\/quelque-40-collaborateurs-de-vosgelis-plantent-arbres-equipes-de-lonf\/\"},\"wordCount\":441,\"commentCount\":0,\"publisher\":{\"@id\":\"https:\/\/vosgesinfo.fr\/remiremontinfo\/#organization\"},\"image\":{\"@id\":\"https:\/\/vosgesinfo.fr\/remiremontinfo\/2022\/12\/quelque-40-collaborateurs-de-vosgelis-plantent-arbres-equipes-de-lonf\/#primaryimage\"},\"thumbnailUrl\":\"https:\/\/vosgesinfo.fr\/app\/uploads\/sites\/5\/2024\/09\/202212onf-vosgelis-demoiselle-7.jpg\",\"keywords\":[\"Arbres\",\"environnement\",\"For\u00eat\",\"onf\",\"planter\",\"vosgelis\",\"Vosges\"],\"articleSection\":[\"A la Une\",\"Environnement\",\"Remiremont &amp; son canton\",\"Saint-Nabord\"],\"inLanguage\":\"fr-FR\",\"potentialAction\":[{\"@type\":\"CommentAction\",\"name\":\"Comment\",\"target\":[\"https:\/\/vosgesinfo.fr\/remiremontinfo\/2022\/12\/quelque-40-collaborateurs-de-vosgelis-plantent-arbres-equipes-de-lonf\/#respond\"]}]},{\"@type\":\"WebPage\",\"@id\":\"https:\/\/vosgesinfo.fr\/remiremontinfo\/2022\/12\/quelque-40-collaborateurs-de-vosgelis-plantent-arbres-equipes-de-lonf\/\",\"url\":\"https:\/\/vosgesinfo.fr\/remiremontinfo\/2022\/12\/quelque-40-collaborateurs-de-vosgelis-plantent-arbres-equipes-de-lonf\/\",\"name\":\"Quelque 40 collaborateurs de Vosgelis plantent des arbres avec les \u00e9quipes de l\u2019ONF - Remiremont Info\",\"isPartOf\":{\"@id\":\"https:\/\/vosgesinfo.fr\/remiremontinfo\/#website\"},\"primaryImageOfPage\":{\"@id\":\"https:\/\/vosgesinfo.fr\/remiremontinfo\/2022\/12\/quelque-40-collaborateurs-de-vosgelis-plantent-arbres-equipes-de-lonf\/#primaryimage\"},\"image\":{\"@id\":\"https:\/\/vosgesinfo.fr\/remiremontinfo\/2022\/12\/quelque-40-collaborateurs-de-vosgelis-plantent-arbres-equipes-de-lonf\/#primaryimage\"},\"thumbnailUrl\":\"https:\/\/vosgesinfo.fr\/app\/uploads\/sites\/5\/2024\/09\/202212onf-vosgelis-demoiselle-7.jpg\",\"datePublished\":\"2022-12-09T10:15:08+00:00\",\"dateModified\":\"2022-12-09T10:15:08+00:00\",\"breadcrumb\":{\"@id\":\"https:\/\/vosgesinfo.fr\/remiremontinfo\/2022\/12\/quelque-40-collaborateurs-de-vosgelis-plantent-arbres-equipes-de-lonf\/#breadcrumb\"},\"inLanguage\":\"fr-FR\",\"potentialAction\":[{\"@type\":\"ReadAction\",\"target\":[\"https:\/\/vosgesinfo.fr\/remiremontinfo\/2022\/12\/quelque-40-collaborateurs-de-vosgelis-plantent-arbres-equipes-de-lonf\/\"]}]},{\"@type\":\"ImageObject\",\"inLanguage\":\"fr-FR\",\"@id\":\"https:\/\/vosgesinfo.fr\/remiremontinfo\/2022\/12\/quelque-40-collaborateurs-de-vosgelis-plantent-arbres-equipes-de-lonf\/#primaryimage\",\"url\":\"https:\/\/vosgesinfo.fr\/app\/uploads\/sites\/5\/2024\/09\/202212onf-vosgelis-demoiselle-7.jpg\",\"contentUrl\":\"https:\/\/vosgesinfo.fr\/app\/uploads\/sites\/5\/2024\/09\/202212onf-vosgelis-demoiselle-7.jpg\",\"width\":1600,\"height\":1201},{\"@type\":\"BreadcrumbList\",\"@id\":\"https:\/\/vosgesinfo.fr\/remiremontinfo\/2022\/12\/quelque-40-collaborateurs-de-vosgelis-plantent-arbres-equipes-de-lonf\/#breadcrumb\",\"itemListElement\":[{\"@type\":\"ListItem\",\"position\":1,\"name\":\"Home\",\"item\":\"https:\/\/vosgesinfo.fr\/remiremontinfo\/\"},{\"@type\":\"ListItem\",\"position\":2,\"name\":\"Quelque 40 collaborateurs de Vosgelis plantent des arbres avec les \u00e9quipes de l\u2019ONF\"}]},{\"@type\":\"WebSite\",\"@id\":\"https:\/\/vosgesinfo.fr\/remiremontinfo\/#website\",\"url\":\"https:\/\/vosgesinfo.fr\/remiremontinfo\/\",\"name\":\"Remiremont Info\",\"description\":\"Toute l&#039;actualit\u00e9 de Remiremont\",\"publisher\":{\"@id\":\"https:\/\/vosgesinfo.fr\/remiremontinfo\/#organization\"},\"alternateName\":\"Toute l'actualit\u00e9 de Remiremont\",\"potentialAction\":[{\"@type\":\"SearchAction\",\"target\":{\"@type\":\"EntryPoint\",\"urlTemplate\":\"https:\/\/vosgesinfo.fr\/remiremontinfo\/?s={search_term_string}\"},\"query-input\":\"required name=search_term_string\"}],\"inLanguage\":\"fr-FR\"},{\"@type\":\"Organization\",\"@id\":\"https:\/\/vosgesinfo.fr\/remiremontinfo\/#organization\",\"name\":\"Remiremont Info\",\"url\":\"https:\/\/vosgesinfo.fr\/remiremontinfo\/\",\"logo\":{\"@type\":\"ImageObject\",\"inLanguage\":\"fr-FR\",\"@id\":\"https:\/\/vosgesinfo.fr\/remiremontinfo\/#\/schema\/logo\/image\/\",\"url\":\"https:\/\/vosgesinfo.fr\/app\/uploads\/sites\/5\/2023\/08\/favicon-remiremontinfo.png\",\"contentUrl\":\"https:\/\/vosgesinfo.fr\/app\/uploads\/sites\/5\/2023\/08\/favicon-remiremontinfo.png\",\"width\":512,\"height\":512,\"caption\":\"Remiremont Info\"},\"image\":{\"@id\":\"https:\/\/vosgesinfo.fr\/remiremontinfo\/#\/schema\/logo\/image\/\"},\"sameAs\":[\"https:\/\/www.facebook.com\/remiremontinfo\",\"https:\/\/x.com\/VosgesInfo88\",\"https:\/\/www.youtube.com\/@vosgesinfo\"]},{\"@type\":\"Person\",\"@id\":\"https:\/\/vosgesinfo.fr\/remiremontinfo\/#\/schema\/person\/3bfd164d5218a185b1db68655a265316\",\"name\":\"C D\",\"image\":{\"@type\":\"ImageObject\",\"inLanguage\":\"fr-FR\",\"@id\":\"https:\/\/vosgesinfo.fr\/remiremontinfo\/#\/schema\/person\/image\/\",\"url\":\"https:\/\/secure.gravatar.com\/avatar\/1f9a70007336511a47468b8f1c66f922b8b7cf617b02a31149ada43893a5d48f?s=96&d=mm&r=g\",\"contentUrl\":\"https:\/\/secure.gravatar.com\/avatar\/1f9a70007336511a47468b8f1c66f922b8b7cf617b02a31149ada43893a5d48f?s=96&d=mm&r=g\",\"caption\":\"C D\"},\"url\":\"https:\/\/vosgesinfo.fr\/remiremontinfo\/author\/cedric-drevet\/\"}]}<\/script>\n<!-- \/ Yoast SEO plugin. -->","yoast_head_json":{"title":"Quelque 40 collaborateurs de Vosgelis plantent des arbres avec les \u00e9quipes de l\u2019ONF - Remiremont Info","robots":{"index":"index","follow":"follow","max-snippet":"max-snippet:-1","max-image-preview":"max-image-preview:large","max-video-preview":"max-video-preview:-1"},"canonical":"https:\/\/vosgesinfo.fr\/remiremontinfo\/2022\/12\/quelque-40-collaborateurs-de-vosgelis-plantent-arbres-equipes-de-lonf\/","twitter_card":"summary_large_image","twitter_title":"Quelque 40 collaborateurs de Vosgelis plantent des arbres avec les \u00e9quipes de l\u2019ONF - Remiremont Info","twitter_description":"Une quarantaine de salari\u00e9s de l\u2019entreprise Vosgelis s\u2019est rassembl\u00e9e ce vendredi 9 d\u00e9cembre au matin pour participer, avec les \u00e9quipes [&hellip;]","twitter_image":"https:\/\/vosgesinfo.fr\/app\/uploads\/sites\/5\/2024\/09\/202212onf-vosgelis-demoiselle-7.jpg","twitter_creator":"@VosgesInfo88","twitter_site":"@VosgesInfo88","twitter_misc":{"\u00c9crit par":"C D","Dur\u00e9e de lecture estim\u00e9e":"2 minutes"},"schema":{"@context":"https:\/\/schema.org","@graph":[{"@type":"Article","@id":"https:\/\/vosgesinfo.fr\/remiremontinfo\/2022\/12\/quelque-40-collaborateurs-de-vosgelis-plantent-arbres-equipes-de-lonf\/#article","isPartOf":{"@id":"https:\/\/vosgesinfo.fr\/remiremontinfo\/2022\/12\/quelque-40-collaborateurs-de-vosgelis-plantent-arbres-equipes-de-lonf\/"},"author":{"name":"C D","@id":"https:\/\/vosgesinfo.fr\/remiremontinfo\/#\/schema\/person\/3bfd164d5218a185b1db68655a265316"},"headline":"Quelque 40 collaborateurs de Vosgelis plantent des arbres avec les \u00e9quipes de l\u2019ONF","datePublished":"2022-12-09T10:15:08+00:00","dateModified":"2022-12-09T10:15:08+00:00","mainEntityOfPage":{"@id":"https:\/\/vosgesinfo.fr\/remiremontinfo\/2022\/12\/quelque-40-collaborateurs-de-vosgelis-plantent-arbres-equipes-de-lonf\/"},"wordCount":441,"commentCount":0,"publisher":{"@id":"https:\/\/vosgesinfo.fr\/remiremontinfo\/#organization"},"image":{"@id":"https:\/\/vosgesinfo.fr\/remiremontinfo\/2022\/12\/quelque-40-collaborateurs-de-vosgelis-plantent-arbres-equipes-de-lonf\/#primaryimage"},"thumbnailUrl":"https:\/\/vosgesinfo.fr\/app\/uploads\/sites\/5\/2024\/09\/202212onf-vosgelis-demoiselle-7.jpg","keywords":["Arbres","environnement","For\u00eat","onf","planter","vosgelis","Vosges"],"articleSection":["A la Une","Environnement","Remiremont &amp; son canton","Saint-Nabord"],"inLanguage":"fr-FR","potentialAction":[{"@type":"CommentAction","name":"Comment","target":["https:\/\/vosgesinfo.fr\/remiremontinfo\/2022\/12\/quelque-40-collaborateurs-de-vosgelis-plantent-arbres-equipes-de-lonf\/#respond"]}]},{"@type":"WebPage","@id":"https:\/\/vosgesinfo.fr\/remiremontinfo\/2022\/12\/quelque-40-collaborateurs-de-vosgelis-plantent-arbres-equipes-de-lonf\/","url":"https:\/\/vosgesinfo.fr\/remiremontinfo\/2022\/12\/quelque-40-collaborateurs-de-vosgelis-plantent-arbres-equipes-de-lonf\/","name":"Quelque 40 collaborateurs de Vosgelis plantent des arbres avec les \u00e9quipes de l\u2019ONF - Remiremont Info","isPartOf":{"@id":"https:\/\/vosgesinfo.fr\/remiremontinfo\/#website"},"primaryImageOfPage":{"@id":"https:\/\/vosgesinfo.fr\/remiremontinfo\/2022\/12\/quelque-40-collaborateurs-de-vosgelis-plantent-arbres-equipes-de-lonf\/#primaryimage"},"image":{"@id":"https:\/\/vosgesinfo.fr\/remiremontinfo\/2022\/12\/quelque-40-collaborateurs-de-vosgelis-plantent-arbres-equipes-de-lonf\/#primaryimage"},"thumbnailUrl":"https:\/\/vosgesinfo.fr\/app\/uploads\/sites\/5\/2024\/09\/202212onf-vosgelis-demoiselle-7.jpg","datePublished":"2022-12-09T10:15:08+00:00","dateModified":"2022-12-09T10:15:08+00:00","breadcrumb":{"@id":"https:\/\/vosgesinfo.fr\/remiremontinfo\/2022\/12\/quelque-40-collaborateurs-de-vosgelis-plantent-arbres-equipes-de-lonf\/#breadcrumb"},"inLanguage":"fr-FR","potentialAction":[{"@type":"ReadAction","target":["https:\/\/vosgesinfo.fr\/remiremontinfo\/2022\/12\/quelque-40-collaborateurs-de-vosgelis-plantent-arbres-equipes-de-lonf\/"]}]},{"@type":"ImageObject","inLanguage":"fr-FR","@id":"https:\/\/vosgesinfo.fr\/remiremontinfo\/2022\/12\/quelque-40-collaborateurs-de-vosgelis-plantent-arbres-equipes-de-lonf\/#primaryimage","url":"https:\/\/vosgesinfo.fr\/app\/uploads\/sites\/5\/2024\/09\/202212onf-vosgelis-demoiselle-7.jpg","contentUrl":"https:\/\/vosgesinfo.fr\/app\/uploads\/sites\/5\/2024\/09\/202212onf-vosgelis-demoiselle-7.jpg","width":1600,"height":1201},{"@type":"BreadcrumbList","@id":"https:\/\/vosgesinfo.fr\/remiremontinfo\/2022\/12\/quelque-40-collaborateurs-de-vosgelis-plantent-arbres-equipes-de-lonf\/#breadcrumb","itemListElement":[{"@type":"ListItem","position":1,"name":"Home","item":"https:\/\/vosgesinfo.fr\/remiremontinfo\/"},{"@type":"ListItem","position":2,"name":"Quelque 40 collaborateurs de Vosgelis plantent des arbres avec les \u00e9quipes de l\u2019ONF"}]},{"@type":"WebSite","@id":"https:\/\/vosgesinfo.fr\/remiremontinfo\/#website","url":"https:\/\/vosgesinfo.fr\/remiremontinfo\/","name":"Remiremont Info","description":"Toute l&#039;actualit\u00e9 de Remiremont","publisher":{"@id":"https:\/\/vosgesinfo.fr\/remiremontinfo\/#organization"},"alternateName":"Toute l'actualit\u00e9 de Remiremont","potentialAction":[{"@type":"SearchAction","target":{"@type":"EntryPoint","urlTemplate":"https:\/\/vosgesinfo.fr\/remiremontinfo\/?s={search_term_string}"},"query-input":"required name=search_term_string"}],"inLanguage":"fr-FR"},{"@type":"Organization","@id":"https:\/\/vosgesinfo.fr\/remiremontinfo\/#organization","name":"Remiremont Info","url":"https:\/\/vosgesinfo.fr\/remiremontinfo\/","logo":{"@type":"ImageObject","inLanguage":"fr-FR","@id":"https:\/\/vosgesinfo.fr\/remiremontinfo\/#\/schema\/logo\/image\/","url":"https:\/\/vosgesinfo.fr\/app\/uploads\/sites\/5\/2023\/08\/favicon-remiremontinfo.png","contentUrl":"https:\/\/vosgesinfo.fr\/app\/uploads\/sites\/5\/2023\/08\/favicon-remiremontinfo.png","width":512,"height":512,"caption":"Remiremont Info"},"image":{"@id":"https:\/\/vosgesinfo.fr\/remiremontinfo\/#\/schema\/logo\/image\/"},"sameAs":["https:\/\/www.facebook.com\/remiremontinfo","https:\/\/x.com\/VosgesInfo88","https:\/\/www.youtube.com\/@vosgesinfo"]},{"@type":"Person","@id":"https:\/\/vosgesinfo.fr\/remiremontinfo\/#\/schema\/person\/3bfd164d5218a185b1db68655a265316","name":"C D","image":{"@type":"ImageObject","inLanguage":"fr-FR","@id":"https:\/\/vosgesinfo.fr\/remiremontinfo\/#\/schema\/person\/image\/","url":"https:\/\/secure.gravatar.com\/avatar\/1f9a70007336511a47468b8f1c66f922b8b7cf617b02a31149ada43893a5d48f?s=96&d=mm&r=g","contentUrl":"https:\/\/secure.gravatar.com\/avatar\/1f9a70007336511a47468b8f1c66f922b8b7cf617b02a31149ada43893a5d48f?s=96&d=mm&r=g","caption":"C D"},"url":"https:\/\/vosgesinfo.fr\/remiremontinfo\/author\/cedric-drevet\/"}]}},"_links":{"self":[{"href":"https:\/\/vosgesinfo.fr\/remiremontinfo\/wp-json\/wp\/v2\/posts\/65440","targetHints":{"allow":["GET"]}}],"collection":[{"href":"https:\/\/vosgesinfo.fr\/remiremontinfo\/wp-json\/wp\/v2\/posts"}],"about":[{"href":"https:\/\/vosgesinfo.fr\/remiremontinfo\/wp-json\/wp\/v2\/types\/post"}],"author":[{"embeddable":true,"href":"https:\/\/vosgesinfo.fr\/remiremontinfo\/wp-json\/wp\/v2\/users\/407"}],"replies":[{"embeddable":true,"href":"https:\/\/vosgesinfo.fr\/remiremontinfo\/wp-json\/wp\/v2\/comments?post=65440"}],"version-history":[{"count":0,"href":"https:\/\/vosgesinfo.fr\/remiremontinfo\/wp-json\/wp\/v2\/posts\/65440\/revisions"}],"wp:featuredmedia":[{"embeddable":true,"href":"https:\/\/vosgesinfo.fr\/remiremontinfo\/wp-json\/wp\/v2\/media\/65441"}],"wp:attachment":[{"href":"https:\/\/vosgesinfo.fr\/remiremontinfo\/wp-json\/wp\/v2\/media?parent=65440"}],"wp:term":[{"taxonomy":"category","embeddable":true,"href":"https:\/\/vosgesinfo.fr\/remiremontinfo\/wp-json\/wp\/v2\/categories?post=65440"},{"taxonomy":"post_tag","embeddable":true,"href":"https:\/\/vosgesinfo.fr\/remiremontinfo\/wp-json\/wp\/v2\/tags?post=65440"}],"curies":[{"name":"wp","href":"https:\/\/api.w.org\/{rel}","templated":true}]}}