{"id":65478,"date":"2022-12-09T12:49:45","date_gmt":"2022-12-09T11:49:45","guid":{"rendered":"https:\/\/vosgesinfo.fr\/remiremontinfo\/2022\/12\/ceremonie-de-presentation-memorial-vosgiens\/"},"modified":"2022-12-09T12:49:45","modified_gmt":"2022-12-09T11:49:45","slug":"ceremonie-de-presentation-memorial-vosgiens","status":"publish","type":"post","link":"https:\/\/vosgesinfo.fr\/remiremontinfo\/2022\/12\/ceremonie-de-presentation-memorial-vosgiens\/","title":{"rendered":"C\u00e9r\u00e9monie de pr\u00e9sentation du M\u00e9morial des Vosgiens"},"content":{"rendered":"<div dir=\"auto\">\n<p>Jeudi 8 d\u00e9cembre, Virginie MARTINEZ, directrice de cabinet de madame la pr\u00e9f\u00e8te, et V\u00e9ronique PEAUCELLE-DELELIS, directrice g\u00e9n\u00e9rale de l\u2019\u00a0<span class=\"xt0psk2\">ONACVG<\/span>, ont pr\u00e9sid\u00e9 la c\u00e9r\u00e9monie de pr\u00e9sentation du M\u00e9morial des Vosgiens<\/p>\n<\/div>\n<div dir=\"auto\">Cet ouvrage comporte un ensemble de 164 fiches de Vosgiens morts pour la France en Afrique du nord. Il vient compl\u00e9ter un ouvrage similaire \u00e9dit\u00e9 pour les morts pour la Fra<\/div>\n","protected":false},"excerpt":{"rendered":"<p>Jeudi 8 d\u00e9cembre, Virginie MARTINEZ, directrice de cabinet de madame la pr\u00e9f\u00e8te, et V\u00e9ronique PEAUCELLE-DELELIS, directrice g\u00e9n\u00e9rale de l\u2019\u00a0ONACVG, ont [&hellip;]<\/p>\n","protected":false},"author":407,"featured_media":65479,"comment_status":"open","ping_status":"open","sticky":false,"template":"","format":"standard","meta":{"footnotes":""},"categories":[26,86,18],"tags":[5175,32,2042],"class_list":["post-65478","post","type-post","status-publish","format-standard","has-post-thumbnail","hentry","category-a-la-une","category-histoire","category-vosges","tag-memorial","tag-vosges","tag-vosgien"],"acf":[],"yoast_head":"<!-- This site is optimized with the Yoast SEO plugin v22.5 - https:\/\/yoast.com\/wordpress\/plugins\/seo\/ -->\n<title>C\u00e9r\u00e9monie de pr\u00e9sentation du M\u00e9morial des Vosgiens - Remiremont Info<\/title>\n<meta name=\"robots\" content=\"index, follow, max-snippet:-1, max-image-preview:large, max-video-preview:-1\" \/>\n<link rel=\"canonical\" href=\"https:\/\/vosgesinfo.fr\/remiremontinfo\/2022\/12\/ceremonie-de-presentation-memorial-vosgiens\/\" \/>\n<meta name=\"twitter:card\" content=\"summary_large_image\" \/>\n<meta name=\"twitter:title\" content=\"C\u00e9r\u00e9monie de pr\u00e9sentation du M\u00e9morial des Vosgiens - Remiremont Info\" \/>\n<meta name=\"twitter:description\" content=\"Jeudi 8 d\u00e9cembre, Virginie MARTINEZ, directrice de cabinet de madame la pr\u00e9f\u00e8te, et V\u00e9ronique PEAUCELLE-DELELIS, directrice g\u00e9n\u00e9rale de l\u2019\u00a0ONACVG, ont [&hellip;]\" \/>\n<meta name=\"twitter:image\" content=\"https:\/\/vosgesinfo.fr\/app\/uploads\/sites\/5\/2024\/09\/202212318784472-464489565830121-1662995565442069354-n.jpg\" \/>\n<meta name=\"twitter:creator\" content=\"@VosgesInfo88\" \/>\n<meta name=\"twitter:site\" content=\"@VosgesInfo88\" \/>\n<meta name=\"twitter:label1\" content=\"\u00c9crit par\" \/>\n\t<meta name=\"twitter:data1\" content=\"C D\" \/>\n<script type=\"application\/ld+json\" class=\"yoast-schema-graph\">{\"@context\":\"https:\/\/schema.org\",\"@graph\":[{\"@type\":\"Article\",\"@id\":\"https:\/\/vosgesinfo.fr\/remiremontinfo\/2022\/12\/ceremonie-de-presentation-memorial-vosgiens\/#article\",\"isPartOf\":{\"@id\":\"https:\/\/vosgesinfo.fr\/remiremontinfo\/2022\/12\/ceremonie-de-presentation-memorial-vosgiens\/\"},\"author\":{\"name\":\"C D\",\"@id\":\"https:\/\/vosgesinfo.fr\/remiremontinfo\/#\/schema\/person\/3bfd164d5218a185b1db68655a265316\"},\"headline\":\"C\u00e9r\u00e9monie de pr\u00e9sentation du M\u00e9morial des Vosgiens\",\"datePublished\":\"2022-12-09T11:49:45+00:00\",\"dateModified\":\"2022-12-09T11:49:45+00:00\",\"mainEntityOfPage\":{\"@id\":\"https:\/\/vosgesinfo.fr\/remiremontinfo\/2022\/12\/ceremonie-de-presentation-memorial-vosgiens\/\"},\"wordCount\":82,\"commentCount\":0,\"publisher\":{\"@id\":\"https:\/\/vosgesinfo.fr\/remiremontinfo\/#organization\"},\"image\":{\"@id\":\"https:\/\/vosgesinfo.fr\/remiremontinfo\/2022\/12\/ceremonie-de-presentation-memorial-vosgiens\/#primaryimage\"},\"thumbnailUrl\":\"https:\/\/vosgesinfo.fr\/app\/uploads\/sites\/5\/2024\/09\/202212318784472-464489565830121-1662995565442069354-n.jpg\",\"keywords\":[\"m\u00e9morial\",\"Vosges\",\"Vosgien\"],\"articleSection\":[\"A la Une\",\"Histoire\",\"Vosges\"],\"inLanguage\":\"fr-FR\",\"potentialAction\":[{\"@type\":\"CommentAction\",\"name\":\"Comment\",\"target\":[\"https:\/\/vosgesinfo.fr\/remiremontinfo\/2022\/12\/ceremonie-de-presentation-memorial-vosgiens\/#respond\"]}]},{\"@type\":\"WebPage\",\"@id\":\"https:\/\/vosgesinfo.fr\/remiremontinfo\/2022\/12\/ceremonie-de-presentation-memorial-vosgiens\/\",\"url\":\"https:\/\/vosgesinfo.fr\/remiremontinfo\/2022\/12\/ceremonie-de-presentation-memorial-vosgiens\/\",\"name\":\"C\u00e9r\u00e9monie de pr\u00e9sentation du M\u00e9morial des Vosgiens - Remiremont Info\",\"isPartOf\":{\"@id\":\"https:\/\/vosgesinfo.fr\/remiremontinfo\/#website\"},\"primaryImageOfPage\":{\"@id\":\"https:\/\/vosgesinfo.fr\/remiremontinfo\/2022\/12\/ceremonie-de-presentation-memorial-vosgiens\/#primaryimage\"},\"image\":{\"@id\":\"https:\/\/vosgesinfo.fr\/remiremontinfo\/2022\/12\/ceremonie-de-presentation-memorial-vosgiens\/#primaryimage\"},\"thumbnailUrl\":\"https:\/\/vosgesinfo.fr\/app\/uploads\/sites\/5\/2024\/09\/202212318784472-464489565830121-1662995565442069354-n.jpg\",\"datePublished\":\"2022-12-09T11:49:45+00:00\",\"dateModified\":\"2022-12-09T11:49:45+00:00\",\"breadcrumb\":{\"@id\":\"https:\/\/vosgesinfo.fr\/remiremontinfo\/2022\/12\/ceremonie-de-presentation-memorial-vosgiens\/#breadcrumb\"},\"inLanguage\":\"fr-FR\",\"potentialAction\":[{\"@type\":\"ReadAction\",\"target\":[\"https:\/\/vosgesinfo.fr\/remiremontinfo\/2022\/12\/ceremonie-de-presentation-memorial-vosgiens\/\"]}]},{\"@type\":\"ImageObject\",\"inLanguage\":\"fr-FR\",\"@id\":\"https:\/\/vosgesinfo.fr\/remiremontinfo\/2022\/12\/ceremonie-de-presentation-memorial-vosgiens\/#primaryimage\",\"url\":\"https:\/\/vosgesinfo.fr\/app\/uploads\/sites\/5\/2024\/09\/202212318784472-464489565830121-1662995565442069354-n.jpg\",\"contentUrl\":\"https:\/\/vosgesinfo.fr\/app\/uploads\/sites\/5\/2024\/09\/202212318784472-464489565830121-1662995565442069354-n.jpg\",\"width\":800,\"height\":600},{\"@type\":\"BreadcrumbList\",\"@id\":\"https:\/\/vosgesinfo.fr\/remiremontinfo\/2022\/12\/ceremonie-de-presentation-memorial-vosgiens\/#breadcrumb\",\"itemListElement\":[{\"@type\":\"ListItem\",\"position\":1,\"name\":\"Home\",\"item\":\"https:\/\/vosgesinfo.fr\/remiremontinfo\/\"},{\"@type\":\"ListItem\",\"position\":2,\"name\":\"C\u00e9r\u00e9monie de pr\u00e9sentation du M\u00e9morial des Vosgiens\"}]},{\"@type\":\"WebSite\",\"@id\":\"https:\/\/vosgesinfo.fr\/remiremontinfo\/#website\",\"url\":\"https:\/\/vosgesinfo.fr\/remiremontinfo\/\",\"name\":\"Remiremont Info\",\"description\":\"Toute l&#039;actualit\u00e9 de Remiremont\",\"publisher\":{\"@id\":\"https:\/\/vosgesinfo.fr\/remiremontinfo\/#organization\"},\"alternateName\":\"Toute l'actualit\u00e9 de Remiremont\",\"potentialAction\":[{\"@type\":\"SearchAction\",\"target\":{\"@type\":\"EntryPoint\",\"urlTemplate\":\"https:\/\/vosgesinfo.fr\/remiremontinfo\/?s={search_term_string}\"},\"query-input\":\"required name=search_term_string\"}],\"inLanguage\":\"fr-FR\"},{\"@type\":\"Organization\",\"@id\":\"https:\/\/vosgesinfo.fr\/remiremontinfo\/#organization\",\"name\":\"Remiremont Info\",\"url\":\"https:\/\/vosgesinfo.fr\/remiremontinfo\/\",\"logo\":{\"@type\":\"ImageObject\",\"inLanguage\":\"fr-FR\",\"@id\":\"https:\/\/vosgesinfo.fr\/remiremontinfo\/#\/schema\/logo\/image\/\",\"url\":\"https:\/\/vosgesinfo.fr\/app\/uploads\/sites\/5\/2023\/08\/favicon-remiremontinfo.png\",\"contentUrl\":\"https:\/\/vosgesinfo.fr\/app\/uploads\/sites\/5\/2023\/08\/favicon-remiremontinfo.png\",\"width\":512,\"height\":512,\"caption\":\"Remiremont Info\"},\"image\":{\"@id\":\"https:\/\/vosgesinfo.fr\/remiremontinfo\/#\/schema\/logo\/image\/\"},\"sameAs\":[\"https:\/\/www.facebook.com\/remiremontinfo\",\"https:\/\/x.com\/VosgesInfo88\",\"https:\/\/www.youtube.com\/@vosgesinfo\"]},{\"@type\":\"Person\",\"@id\":\"https:\/\/vosgesinfo.fr\/remiremontinfo\/#\/schema\/person\/3bfd164d5218a185b1db68655a265316\",\"name\":\"C D\",\"image\":{\"@type\":\"ImageObject\",\"inLanguage\":\"fr-FR\",\"@id\":\"https:\/\/vosgesinfo.fr\/remiremontinfo\/#\/schema\/person\/image\/\",\"url\":\"https:\/\/secure.gravatar.com\/avatar\/1f9a70007336511a47468b8f1c66f922b8b7cf617b02a31149ada43893a5d48f?s=96&d=mm&r=g\",\"contentUrl\":\"https:\/\/secure.gravatar.com\/avatar\/1f9a70007336511a47468b8f1c66f922b8b7cf617b02a31149ada43893a5d48f?s=96&d=mm&r=g\",\"caption\":\"C D\"},\"url\":\"https:\/\/vosgesinfo.fr\/remiremontinfo\/author\/cedric-drevet\/\"}]}<\/script>\n<!-- \/ Yoast SEO plugin. -->","yoast_head_json":{"title":"C\u00e9r\u00e9monie de pr\u00e9sentation du M\u00e9morial des Vosgiens - Remiremont Info","robots":{"index":"index","follow":"follow","max-snippet":"max-snippet:-1","max-image-preview":"max-image-preview:large","max-video-preview":"max-video-preview:-1"},"canonical":"https:\/\/vosgesinfo.fr\/remiremontinfo\/2022\/12\/ceremonie-de-presentation-memorial-vosgiens\/","twitter_card":"summary_large_image","twitter_title":"C\u00e9r\u00e9monie de pr\u00e9sentation du M\u00e9morial des Vosgiens - Remiremont Info","twitter_description":"Jeudi 8 d\u00e9cembre, Virginie MARTINEZ, directrice de cabinet de madame la pr\u00e9f\u00e8te, et V\u00e9ronique PEAUCELLE-DELELIS, directrice g\u00e9n\u00e9rale de l\u2019\u00a0ONACVG, ont [&hellip;]","twitter_image":"https:\/\/vosgesinfo.fr\/app\/uploads\/sites\/5\/2024\/09\/202212318784472-464489565830121-1662995565442069354-n.jpg","twitter_creator":"@VosgesInfo88","twitter_site":"@VosgesInfo88","twitter_misc":{"\u00c9crit par":"C D"},"schema":{"@context":"https:\/\/schema.org","@graph":[{"@type":"Article","@id":"https:\/\/vosgesinfo.fr\/remiremontinfo\/2022\/12\/ceremonie-de-presentation-memorial-vosgiens\/#article","isPartOf":{"@id":"https:\/\/vosgesinfo.fr\/remiremontinfo\/2022\/12\/ceremonie-de-presentation-memorial-vosgiens\/"},"author":{"name":"C D","@id":"https:\/\/vosgesinfo.fr\/remiremontinfo\/#\/schema\/person\/3bfd164d5218a185b1db68655a265316"},"headline":"C\u00e9r\u00e9monie de pr\u00e9sentation du M\u00e9morial des Vosgiens","datePublished":"2022-12-09T11:49:45+00:00","dateModified":"2022-12-09T11:49:45+00:00","mainEntityOfPage":{"@id":"https:\/\/vosgesinfo.fr\/remiremontinfo\/2022\/12\/ceremonie-de-presentation-memorial-vosgiens\/"},"wordCount":82,"commentCount":0,"publisher":{"@id":"https:\/\/vosgesinfo.fr\/remiremontinfo\/#organization"},"image":{"@id":"https:\/\/vosgesinfo.fr\/remiremontinfo\/2022\/12\/ceremonie-de-presentation-memorial-vosgiens\/#primaryimage"},"thumbnailUrl":"https:\/\/vosgesinfo.fr\/app\/uploads\/sites\/5\/2024\/09\/202212318784472-464489565830121-1662995565442069354-n.jpg","keywords":["m\u00e9morial","Vosges","Vosgien"],"articleSection":["A la Une","Histoire","Vosges"],"inLanguage":"fr-FR","potentialAction":[{"@type":"CommentAction","name":"Comment","target":["https:\/\/vosgesinfo.fr\/remiremontinfo\/2022\/12\/ceremonie-de-presentation-memorial-vosgiens\/#respond"]}]},{"@type":"WebPage","@id":"https:\/\/vosgesinfo.fr\/remiremontinfo\/2022\/12\/ceremonie-de-presentation-memorial-vosgiens\/","url":"https:\/\/vosgesinfo.fr\/remiremontinfo\/2022\/12\/ceremonie-de-presentation-memorial-vosgiens\/","name":"C\u00e9r\u00e9monie de pr\u00e9sentation du M\u00e9morial des Vosgiens - Remiremont Info","isPartOf":{"@id":"https:\/\/vosgesinfo.fr\/remiremontinfo\/#website"},"primaryImageOfPage":{"@id":"https:\/\/vosgesinfo.fr\/remiremontinfo\/2022\/12\/ceremonie-de-presentation-memorial-vosgiens\/#primaryimage"},"image":{"@id":"https:\/\/vosgesinfo.fr\/remiremontinfo\/2022\/12\/ceremonie-de-presentation-memorial-vosgiens\/#primaryimage"},"thumbnailUrl":"https:\/\/vosgesinfo.fr\/app\/uploads\/sites\/5\/2024\/09\/202212318784472-464489565830121-1662995565442069354-n.jpg","datePublished":"2022-12-09T11:49:45+00:00","dateModified":"2022-12-09T11:49:45+00:00","breadcrumb":{"@id":"https:\/\/vosgesinfo.fr\/remiremontinfo\/2022\/12\/ceremonie-de-presentation-memorial-vosgiens\/#breadcrumb"},"inLanguage":"fr-FR","potentialAction":[{"@type":"ReadAction","target":["https:\/\/vosgesinfo.fr\/remiremontinfo\/2022\/12\/ceremonie-de-presentation-memorial-vosgiens\/"]}]},{"@type":"ImageObject","inLanguage":"fr-FR","@id":"https:\/\/vosgesinfo.fr\/remiremontinfo\/2022\/12\/ceremonie-de-presentation-memorial-vosgiens\/#primaryimage","url":"https:\/\/vosgesinfo.fr\/app\/uploads\/sites\/5\/2024\/09\/202212318784472-464489565830121-1662995565442069354-n.jpg","contentUrl":"https:\/\/vosgesinfo.fr\/app\/uploads\/sites\/5\/2024\/09\/202212318784472-464489565830121-1662995565442069354-n.jpg","width":800,"height":600},{"@type":"BreadcrumbList","@id":"https:\/\/vosgesinfo.fr\/remiremontinfo\/2022\/12\/ceremonie-de-presentation-memorial-vosgiens\/#breadcrumb","itemListElement":[{"@type":"ListItem","position":1,"name":"Home","item":"https:\/\/vosgesinfo.fr\/remiremontinfo\/"},{"@type":"ListItem","position":2,"name":"C\u00e9r\u00e9monie de pr\u00e9sentation du M\u00e9morial des Vosgiens"}]},{"@type":"WebSite","@id":"https:\/\/vosgesinfo.fr\/remiremontinfo\/#website","url":"https:\/\/vosgesinfo.fr\/remiremontinfo\/","name":"Remiremont Info","description":"Toute l&#039;actualit\u00e9 de Remiremont","publisher":{"@id":"https:\/\/vosgesinfo.fr\/remiremontinfo\/#organization"},"alternateName":"Toute l'actualit\u00e9 de Remiremont","potentialAction":[{"@type":"SearchAction","target":{"@type":"EntryPoint","urlTemplate":"https:\/\/vosgesinfo.fr\/remiremontinfo\/?s={search_term_string}"},"query-input":"required name=search_term_string"}],"inLanguage":"fr-FR"},{"@type":"Organization","@id":"https:\/\/vosgesinfo.fr\/remiremontinfo\/#organization","name":"Remiremont Info","url":"https:\/\/vosgesinfo.fr\/remiremontinfo\/","logo":{"@type":"ImageObject","inLanguage":"fr-FR","@id":"https:\/\/vosgesinfo.fr\/remiremontinfo\/#\/schema\/logo\/image\/","url":"https:\/\/vosgesinfo.fr\/app\/uploads\/sites\/5\/2023\/08\/favicon-remiremontinfo.png","contentUrl":"https:\/\/vosgesinfo.fr\/app\/uploads\/sites\/5\/2023\/08\/favicon-remiremontinfo.png","width":512,"height":512,"caption":"Remiremont Info"},"image":{"@id":"https:\/\/vosgesinfo.fr\/remiremontinfo\/#\/schema\/logo\/image\/"},"sameAs":["https:\/\/www.facebook.com\/remiremontinfo","https:\/\/x.com\/VosgesInfo88","https:\/\/www.youtube.com\/@vosgesinfo"]},{"@type":"Person","@id":"https:\/\/vosgesinfo.fr\/remiremontinfo\/#\/schema\/person\/3bfd164d5218a185b1db68655a265316","name":"C D","image":{"@type":"ImageObject","inLanguage":"fr-FR","@id":"https:\/\/vosgesinfo.fr\/remiremontinfo\/#\/schema\/person\/image\/","url":"https:\/\/secure.gravatar.com\/avatar\/1f9a70007336511a47468b8f1c66f922b8b7cf617b02a31149ada43893a5d48f?s=96&d=mm&r=g","contentUrl":"https:\/\/secure.gravatar.com\/avatar\/1f9a70007336511a47468b8f1c66f922b8b7cf617b02a31149ada43893a5d48f?s=96&d=mm&r=g","caption":"C D"},"url":"https:\/\/vosgesinfo.fr\/remiremontinfo\/author\/cedric-drevet\/"}]}},"_links":{"self":[{"href":"https:\/\/vosgesinfo.fr\/remiremontinfo\/wp-json\/wp\/v2\/posts\/65478","targetHints":{"allow":["GET"]}}],"collection":[{"href":"https:\/\/vosgesinfo.fr\/remiremontinfo\/wp-json\/wp\/v2\/posts"}],"about":[{"href":"https:\/\/vosgesinfo.fr\/remiremontinfo\/wp-json\/wp\/v2\/types\/post"}],"author":[{"embeddable":true,"href":"https:\/\/vosgesinfo.fr\/remiremontinfo\/wp-json\/wp\/v2\/users\/407"}],"replies":[{"embeddable":true,"href":"https:\/\/vosgesinfo.fr\/remiremontinfo\/wp-json\/wp\/v2\/comments?post=65478"}],"version-history":[{"count":0,"href":"https:\/\/vosgesinfo.fr\/remiremontinfo\/wp-json\/wp\/v2\/posts\/65478\/revisions"}],"wp:featuredmedia":[{"embeddable":true,"href":"https:\/\/vosgesinfo.fr\/remiremontinfo\/wp-json\/wp\/v2\/media\/65479"}],"wp:attachment":[{"href":"https:\/\/vosgesinfo.fr\/remiremontinfo\/wp-json\/wp\/v2\/media?parent=65478"}],"wp:term":[{"taxonomy":"category","embeddable":true,"href":"https:\/\/vosgesinfo.fr\/remiremontinfo\/wp-json\/wp\/v2\/categories?post=65478"},{"taxonomy":"post_tag","embeddable":true,"href":"https:\/\/vosgesinfo.fr\/remiremontinfo\/wp-json\/wp\/v2\/tags?post=65478"}],"curies":[{"name":"wp","href":"https:\/\/api.w.org\/{rel}","templated":true}]}}