{"id":65481,"date":"2022-12-09T08:55:13","date_gmt":"2022-12-09T07:55:13","guid":{"rendered":"https:\/\/vosgesinfo.fr\/remiremontinfo\/2022\/12\/plombieres-1er-comite-de-pilote-renovation-de-lespace-berlioz-a-prefecture\/"},"modified":"2022-12-09T08:55:13","modified_gmt":"2022-12-09T07:55:13","slug":"plombieres-1er-comite-de-pilote-renovation-de-lespace-berlioz-a-prefecture","status":"publish","type":"post","link":"https:\/\/vosgesinfo.fr\/remiremontinfo\/2022\/12\/plombieres-1er-comite-de-pilote-renovation-de-lespace-berlioz-a-prefecture\/","title":{"rendered":"Plombi\u00e8res : 1er comit\u00e9 de pilote pour la r\u00e9novation de l&rsquo;espace Berlioz \u00e0 la Pr\u00e9fecture"},"content":{"rendered":"\n<p><span style=\"font-size: 10pt;\"><em>Photos par la Mairie de Plombi\u00e8res\u00a0<\/em><\/span><\/p>\n<div class=\"x11i5rnm xat24cr x1mh8g0r x1vvkbs xdj266r x126k92a\">\n<h2 dir=\"auto\"><span style=\"font-size: 12pt;\"><strong>La\u00a0Pr\u00e9f\u00e8te des Vosges a pr\u00e9sid\u00e9 ce jeudi en Pr\u00e9fecture le premier Comit\u00e9 de pilotage concernant la r\u00e9novation de l\u2019Espace Berlioz de Plombi\u00e8res. Des repr\u00e9sentants de la commune \u00e9taient venu en force : \u00e9lus, techniciens et associations utilisatrices du b\u00e2timent. L\u2019ensemble des partenaires financiers et techniques du projet \u00e9tait pr\u00e9sent.\u00a0<\/strong><\/span><\/h2>\n<\/div>\n<div dir=\"auto\">Un vaste chantier de r\u00e9habilitation de l\u2019Espace Berlioz va en effet \u00eatre mis en place. En cons\u00e9quence, le cin\u00e9ma sera ferm\u00e9 pour de nombreux mois. Alors il est l\u00e9gitime de s\u2019inqui\u00e9ter : Que vont-ils faire de ce b\u00e2timent ? Vont-ils le remplacer par l\u2019une de ces constructions modernes qui seront pass\u00e9es de modes dans 10 ans, sinon avant ?\u00a0Il y a quelques mois, le maire \u00e9cartait ces inqui\u00e9tudes :\u00a0 \u00ab Le parti pris qui a \u00e9t\u00e9 choisi, ce n\u2019est pas d\u00e9truire pour reconstruire \u00bb, affirmait Lydie Barbaux. \u00ab Le d\u00e9fi, c\u2019est de conserver cette ambiance, l\u2019esprit ann\u00e9es 50 (&#8230;) On essaie d\u2019\u00e9purer le b\u00e2timent pour retrouver son architecture initiale \u00bb. L&rsquo;objectif, notamment, retrouver la lumi\u00e8re qui a \u00e9t\u00e9 occult\u00e9e par des faux plafonds pendant longtemps. La salle de cin\u00e9ma sera conserv\u00e9e.\u00a0Dans les mois \u00e0 venir, ce lieu si particulier et embl\u00e9matique de Plombi\u00e8res va \u00eatre profond\u00e9ment restructur\u00e9.<\/div>\n<div dir=\"auto\"><\/div>\n","protected":false},"excerpt":{"rendered":"<p>Photos par la Mairie de Plombi\u00e8res\u00a0 La\u00a0Pr\u00e9f\u00e8te des Vosges a pr\u00e9sid\u00e9 ce jeudi en Pr\u00e9fecture le premier Comit\u00e9 de pilotage [&hellip;]<\/p>\n","protected":false},"author":407,"featured_media":65482,"comment_status":"open","ping_status":"open","sticky":false,"template":"","format":"standard","meta":{"footnotes":""},"categories":[26,82,102],"tags":[2553,103,725],"class_list":["post-65481","post","type-post","status-publish","format-standard","has-post-thumbnail","hentry","category-a-la-une","category-le-val-dajol-son-canton","category-plombieres-les-bains","tag-espace-berlioz","tag-plombieres","tag-prefecture"],"acf":[],"yoast_head":"<!-- This site is optimized with the Yoast SEO plugin v22.5 - https:\/\/yoast.com\/wordpress\/plugins\/seo\/ -->\n<title>Plombi\u00e8res : 1er comit\u00e9 de pilote pour la r\u00e9novation de l&#039;espace Berlioz \u00e0 la Pr\u00e9fecture - Remiremont Info<\/title>\n<meta name=\"robots\" content=\"index, follow, max-snippet:-1, max-image-preview:large, max-video-preview:-1\" \/>\n<link rel=\"canonical\" href=\"https:\/\/vosgesinfo.fr\/remiremontinfo\/2022\/12\/plombieres-1er-comite-de-pilote-renovation-de-lespace-berlioz-a-prefecture\/\" \/>\n<meta name=\"twitter:card\" content=\"summary_large_image\" \/>\n<meta name=\"twitter:title\" content=\"Plombi\u00e8res : 1er comit\u00e9 de pilote pour la r\u00e9novation de l&#039;espace Berlioz \u00e0 la Pr\u00e9fecture - Remiremont Info\" \/>\n<meta name=\"twitter:description\" content=\"Photos par la Mairie de Plombi\u00e8res\u00a0 La\u00a0Pr\u00e9f\u00e8te des Vosges a pr\u00e9sid\u00e9 ce jeudi en Pr\u00e9fecture le premier Comit\u00e9 de pilotage [&hellip;]\" \/>\n<meta name=\"twitter:image\" content=\"https:\/\/vosgesinfo.fr\/app\/uploads\/sites\/5\/2024\/09\/202212plombieres-espace-berlioz.jpg\" \/>\n<meta name=\"twitter:creator\" content=\"@VosgesInfo88\" \/>\n<meta name=\"twitter:site\" content=\"@VosgesInfo88\" \/>\n<meta name=\"twitter:label1\" content=\"\u00c9crit par\" \/>\n\t<meta name=\"twitter:data1\" content=\"C D\" \/>\n\t<meta name=\"twitter:label2\" content=\"Dur\u00e9e de lecture estim\u00e9e\" \/>\n\t<meta name=\"twitter:data2\" content=\"1 minute\" \/>\n<script type=\"application\/ld+json\" class=\"yoast-schema-graph\">{\"@context\":\"https:\/\/schema.org\",\"@graph\":[{\"@type\":\"Article\",\"@id\":\"https:\/\/vosgesinfo.fr\/remiremontinfo\/2022\/12\/plombieres-1er-comite-de-pilote-renovation-de-lespace-berlioz-a-prefecture\/#article\",\"isPartOf\":{\"@id\":\"https:\/\/vosgesinfo.fr\/remiremontinfo\/2022\/12\/plombieres-1er-comite-de-pilote-renovation-de-lespace-berlioz-a-prefecture\/\"},\"author\":{\"name\":\"C D\",\"@id\":\"https:\/\/vosgesinfo.fr\/remiremontinfo\/#\/schema\/person\/3bfd164d5218a185b1db68655a265316\"},\"headline\":\"Plombi\u00e8res : 1er comit\u00e9 de pilote pour la r\u00e9novation de l&rsquo;espace Berlioz \u00e0 la Pr\u00e9fecture\",\"datePublished\":\"2022-12-09T07:55:13+00:00\",\"dateModified\":\"2022-12-09T07:55:13+00:00\",\"mainEntityOfPage\":{\"@id\":\"https:\/\/vosgesinfo.fr\/remiremontinfo\/2022\/12\/plombieres-1er-comite-de-pilote-renovation-de-lespace-berlioz-a-prefecture\/\"},\"wordCount\":256,\"commentCount\":0,\"publisher\":{\"@id\":\"https:\/\/vosgesinfo.fr\/remiremontinfo\/#organization\"},\"image\":{\"@id\":\"https:\/\/vosgesinfo.fr\/remiremontinfo\/2022\/12\/plombieres-1er-comite-de-pilote-renovation-de-lespace-berlioz-a-prefecture\/#primaryimage\"},\"thumbnailUrl\":\"https:\/\/vosgesinfo.fr\/app\/uploads\/sites\/5\/2024\/09\/202212plombieres-espace-berlioz.jpg\",\"keywords\":[\"espace berlioz\",\"plombieres\",\"pr\u00e9fecture\"],\"articleSection\":[\"A la Une\",\"Le Val-d'Ajol &amp; son canton\",\"Plombi\u00e8res-l\u00e8s-Bains\"],\"inLanguage\":\"fr-FR\",\"potentialAction\":[{\"@type\":\"CommentAction\",\"name\":\"Comment\",\"target\":[\"https:\/\/vosgesinfo.fr\/remiremontinfo\/2022\/12\/plombieres-1er-comite-de-pilote-renovation-de-lespace-berlioz-a-prefecture\/#respond\"]}]},{\"@type\":\"WebPage\",\"@id\":\"https:\/\/vosgesinfo.fr\/remiremontinfo\/2022\/12\/plombieres-1er-comite-de-pilote-renovation-de-lespace-berlioz-a-prefecture\/\",\"url\":\"https:\/\/vosgesinfo.fr\/remiremontinfo\/2022\/12\/plombieres-1er-comite-de-pilote-renovation-de-lespace-berlioz-a-prefecture\/\",\"name\":\"Plombi\u00e8res : 1er comit\u00e9 de pilote pour la r\u00e9novation de l'espace Berlioz \u00e0 la Pr\u00e9fecture - Remiremont Info\",\"isPartOf\":{\"@id\":\"https:\/\/vosgesinfo.fr\/remiremontinfo\/#website\"},\"primaryImageOfPage\":{\"@id\":\"https:\/\/vosgesinfo.fr\/remiremontinfo\/2022\/12\/plombieres-1er-comite-de-pilote-renovation-de-lespace-berlioz-a-prefecture\/#primaryimage\"},\"image\":{\"@id\":\"https:\/\/vosgesinfo.fr\/remiremontinfo\/2022\/12\/plombieres-1er-comite-de-pilote-renovation-de-lespace-berlioz-a-prefecture\/#primaryimage\"},\"thumbnailUrl\":\"https:\/\/vosgesinfo.fr\/app\/uploads\/sites\/5\/2024\/09\/202212plombieres-espace-berlioz.jpg\",\"datePublished\":\"2022-12-09T07:55:13+00:00\",\"dateModified\":\"2022-12-09T07:55:13+00:00\",\"breadcrumb\":{\"@id\":\"https:\/\/vosgesinfo.fr\/remiremontinfo\/2022\/12\/plombieres-1er-comite-de-pilote-renovation-de-lespace-berlioz-a-prefecture\/#breadcrumb\"},\"inLanguage\":\"fr-FR\",\"potentialAction\":[{\"@type\":\"ReadAction\",\"target\":[\"https:\/\/vosgesinfo.fr\/remiremontinfo\/2022\/12\/plombieres-1er-comite-de-pilote-renovation-de-lespace-berlioz-a-prefecture\/\"]}]},{\"@type\":\"ImageObject\",\"inLanguage\":\"fr-FR\",\"@id\":\"https:\/\/vosgesinfo.fr\/remiremontinfo\/2022\/12\/plombieres-1er-comite-de-pilote-renovation-de-lespace-berlioz-a-prefecture\/#primaryimage\",\"url\":\"https:\/\/vosgesinfo.fr\/app\/uploads\/sites\/5\/2024\/09\/202212plombieres-espace-berlioz.jpg\",\"contentUrl\":\"https:\/\/vosgesinfo.fr\/app\/uploads\/sites\/5\/2024\/09\/202212plombieres-espace-berlioz.jpg\",\"width\":1220,\"height\":929},{\"@type\":\"BreadcrumbList\",\"@id\":\"https:\/\/vosgesinfo.fr\/remiremontinfo\/2022\/12\/plombieres-1er-comite-de-pilote-renovation-de-lespace-berlioz-a-prefecture\/#breadcrumb\",\"itemListElement\":[{\"@type\":\"ListItem\",\"position\":1,\"name\":\"Home\",\"item\":\"https:\/\/vosgesinfo.fr\/remiremontinfo\/\"},{\"@type\":\"ListItem\",\"position\":2,\"name\":\"Plombi\u00e8res : 1er comit\u00e9 de pilote pour la r\u00e9novation de l&rsquo;espace Berlioz \u00e0 la Pr\u00e9fecture\"}]},{\"@type\":\"WebSite\",\"@id\":\"https:\/\/vosgesinfo.fr\/remiremontinfo\/#website\",\"url\":\"https:\/\/vosgesinfo.fr\/remiremontinfo\/\",\"name\":\"Remiremont Info\",\"description\":\"Toute l&#039;actualit\u00e9 de Remiremont\",\"publisher\":{\"@id\":\"https:\/\/vosgesinfo.fr\/remiremontinfo\/#organization\"},\"alternateName\":\"Toute l'actualit\u00e9 de Remiremont\",\"potentialAction\":[{\"@type\":\"SearchAction\",\"target\":{\"@type\":\"EntryPoint\",\"urlTemplate\":\"https:\/\/vosgesinfo.fr\/remiremontinfo\/?s={search_term_string}\"},\"query-input\":\"required name=search_term_string\"}],\"inLanguage\":\"fr-FR\"},{\"@type\":\"Organization\",\"@id\":\"https:\/\/vosgesinfo.fr\/remiremontinfo\/#organization\",\"name\":\"Remiremont Info\",\"url\":\"https:\/\/vosgesinfo.fr\/remiremontinfo\/\",\"logo\":{\"@type\":\"ImageObject\",\"inLanguage\":\"fr-FR\",\"@id\":\"https:\/\/vosgesinfo.fr\/remiremontinfo\/#\/schema\/logo\/image\/\",\"url\":\"https:\/\/vosgesinfo.fr\/app\/uploads\/sites\/5\/2023\/08\/favicon-remiremontinfo.png\",\"contentUrl\":\"https:\/\/vosgesinfo.fr\/app\/uploads\/sites\/5\/2023\/08\/favicon-remiremontinfo.png\",\"width\":512,\"height\":512,\"caption\":\"Remiremont Info\"},\"image\":{\"@id\":\"https:\/\/vosgesinfo.fr\/remiremontinfo\/#\/schema\/logo\/image\/\"},\"sameAs\":[\"https:\/\/www.facebook.com\/remiremontinfo\",\"https:\/\/x.com\/VosgesInfo88\",\"https:\/\/www.youtube.com\/@vosgesinfo\"]},{\"@type\":\"Person\",\"@id\":\"https:\/\/vosgesinfo.fr\/remiremontinfo\/#\/schema\/person\/3bfd164d5218a185b1db68655a265316\",\"name\":\"C D\",\"image\":{\"@type\":\"ImageObject\",\"inLanguage\":\"fr-FR\",\"@id\":\"https:\/\/vosgesinfo.fr\/remiremontinfo\/#\/schema\/person\/image\/\",\"url\":\"https:\/\/secure.gravatar.com\/avatar\/1f9a70007336511a47468b8f1c66f922b8b7cf617b02a31149ada43893a5d48f?s=96&d=mm&r=g\",\"contentUrl\":\"https:\/\/secure.gravatar.com\/avatar\/1f9a70007336511a47468b8f1c66f922b8b7cf617b02a31149ada43893a5d48f?s=96&d=mm&r=g\",\"caption\":\"C D\"},\"url\":\"https:\/\/vosgesinfo.fr\/remiremontinfo\/author\/cedric-drevet\/\"}]}<\/script>\n<!-- \/ Yoast SEO plugin. -->","yoast_head_json":{"title":"Plombi\u00e8res : 1er comit\u00e9 de pilote pour la r\u00e9novation de l'espace Berlioz \u00e0 la Pr\u00e9fecture - Remiremont Info","robots":{"index":"index","follow":"follow","max-snippet":"max-snippet:-1","max-image-preview":"max-image-preview:large","max-video-preview":"max-video-preview:-1"},"canonical":"https:\/\/vosgesinfo.fr\/remiremontinfo\/2022\/12\/plombieres-1er-comite-de-pilote-renovation-de-lespace-berlioz-a-prefecture\/","twitter_card":"summary_large_image","twitter_title":"Plombi\u00e8res : 1er comit\u00e9 de pilote pour la r\u00e9novation de l'espace Berlioz \u00e0 la Pr\u00e9fecture - Remiremont Info","twitter_description":"Photos par la Mairie de Plombi\u00e8res\u00a0 La\u00a0Pr\u00e9f\u00e8te des Vosges a pr\u00e9sid\u00e9 ce jeudi en Pr\u00e9fecture le premier Comit\u00e9 de pilotage [&hellip;]","twitter_image":"https:\/\/vosgesinfo.fr\/app\/uploads\/sites\/5\/2024\/09\/202212plombieres-espace-berlioz.jpg","twitter_creator":"@VosgesInfo88","twitter_site":"@VosgesInfo88","twitter_misc":{"\u00c9crit par":"C D","Dur\u00e9e de lecture estim\u00e9e":"1 minute"},"schema":{"@context":"https:\/\/schema.org","@graph":[{"@type":"Article","@id":"https:\/\/vosgesinfo.fr\/remiremontinfo\/2022\/12\/plombieres-1er-comite-de-pilote-renovation-de-lespace-berlioz-a-prefecture\/#article","isPartOf":{"@id":"https:\/\/vosgesinfo.fr\/remiremontinfo\/2022\/12\/plombieres-1er-comite-de-pilote-renovation-de-lespace-berlioz-a-prefecture\/"},"author":{"name":"C D","@id":"https:\/\/vosgesinfo.fr\/remiremontinfo\/#\/schema\/person\/3bfd164d5218a185b1db68655a265316"},"headline":"Plombi\u00e8res : 1er comit\u00e9 de pilote pour la r\u00e9novation de l&rsquo;espace Berlioz \u00e0 la Pr\u00e9fecture","datePublished":"2022-12-09T07:55:13+00:00","dateModified":"2022-12-09T07:55:13+00:00","mainEntityOfPage":{"@id":"https:\/\/vosgesinfo.fr\/remiremontinfo\/2022\/12\/plombieres-1er-comite-de-pilote-renovation-de-lespace-berlioz-a-prefecture\/"},"wordCount":256,"commentCount":0,"publisher":{"@id":"https:\/\/vosgesinfo.fr\/remiremontinfo\/#organization"},"image":{"@id":"https:\/\/vosgesinfo.fr\/remiremontinfo\/2022\/12\/plombieres-1er-comite-de-pilote-renovation-de-lespace-berlioz-a-prefecture\/#primaryimage"},"thumbnailUrl":"https:\/\/vosgesinfo.fr\/app\/uploads\/sites\/5\/2024\/09\/202212plombieres-espace-berlioz.jpg","keywords":["espace berlioz","plombieres","pr\u00e9fecture"],"articleSection":["A la Une","Le Val-d'Ajol &amp; son canton","Plombi\u00e8res-l\u00e8s-Bains"],"inLanguage":"fr-FR","potentialAction":[{"@type":"CommentAction","name":"Comment","target":["https:\/\/vosgesinfo.fr\/remiremontinfo\/2022\/12\/plombieres-1er-comite-de-pilote-renovation-de-lespace-berlioz-a-prefecture\/#respond"]}]},{"@type":"WebPage","@id":"https:\/\/vosgesinfo.fr\/remiremontinfo\/2022\/12\/plombieres-1er-comite-de-pilote-renovation-de-lespace-berlioz-a-prefecture\/","url":"https:\/\/vosgesinfo.fr\/remiremontinfo\/2022\/12\/plombieres-1er-comite-de-pilote-renovation-de-lespace-berlioz-a-prefecture\/","name":"Plombi\u00e8res : 1er comit\u00e9 de pilote pour la r\u00e9novation de l'espace Berlioz \u00e0 la Pr\u00e9fecture - Remiremont Info","isPartOf":{"@id":"https:\/\/vosgesinfo.fr\/remiremontinfo\/#website"},"primaryImageOfPage":{"@id":"https:\/\/vosgesinfo.fr\/remiremontinfo\/2022\/12\/plombieres-1er-comite-de-pilote-renovation-de-lespace-berlioz-a-prefecture\/#primaryimage"},"image":{"@id":"https:\/\/vosgesinfo.fr\/remiremontinfo\/2022\/12\/plombieres-1er-comite-de-pilote-renovation-de-lespace-berlioz-a-prefecture\/#primaryimage"},"thumbnailUrl":"https:\/\/vosgesinfo.fr\/app\/uploads\/sites\/5\/2024\/09\/202212plombieres-espace-berlioz.jpg","datePublished":"2022-12-09T07:55:13+00:00","dateModified":"2022-12-09T07:55:13+00:00","breadcrumb":{"@id":"https:\/\/vosgesinfo.fr\/remiremontinfo\/2022\/12\/plombieres-1er-comite-de-pilote-renovation-de-lespace-berlioz-a-prefecture\/#breadcrumb"},"inLanguage":"fr-FR","potentialAction":[{"@type":"ReadAction","target":["https:\/\/vosgesinfo.fr\/remiremontinfo\/2022\/12\/plombieres-1er-comite-de-pilote-renovation-de-lespace-berlioz-a-prefecture\/"]}]},{"@type":"ImageObject","inLanguage":"fr-FR","@id":"https:\/\/vosgesinfo.fr\/remiremontinfo\/2022\/12\/plombieres-1er-comite-de-pilote-renovation-de-lespace-berlioz-a-prefecture\/#primaryimage","url":"https:\/\/vosgesinfo.fr\/app\/uploads\/sites\/5\/2024\/09\/202212plombieres-espace-berlioz.jpg","contentUrl":"https:\/\/vosgesinfo.fr\/app\/uploads\/sites\/5\/2024\/09\/202212plombieres-espace-berlioz.jpg","width":1220,"height":929},{"@type":"BreadcrumbList","@id":"https:\/\/vosgesinfo.fr\/remiremontinfo\/2022\/12\/plombieres-1er-comite-de-pilote-renovation-de-lespace-berlioz-a-prefecture\/#breadcrumb","itemListElement":[{"@type":"ListItem","position":1,"name":"Home","item":"https:\/\/vosgesinfo.fr\/remiremontinfo\/"},{"@type":"ListItem","position":2,"name":"Plombi\u00e8res : 1er comit\u00e9 de pilote pour la r\u00e9novation de l&rsquo;espace Berlioz \u00e0 la Pr\u00e9fecture"}]},{"@type":"WebSite","@id":"https:\/\/vosgesinfo.fr\/remiremontinfo\/#website","url":"https:\/\/vosgesinfo.fr\/remiremontinfo\/","name":"Remiremont Info","description":"Toute l&#039;actualit\u00e9 de Remiremont","publisher":{"@id":"https:\/\/vosgesinfo.fr\/remiremontinfo\/#organization"},"alternateName":"Toute l'actualit\u00e9 de Remiremont","potentialAction":[{"@type":"SearchAction","target":{"@type":"EntryPoint","urlTemplate":"https:\/\/vosgesinfo.fr\/remiremontinfo\/?s={search_term_string}"},"query-input":"required name=search_term_string"}],"inLanguage":"fr-FR"},{"@type":"Organization","@id":"https:\/\/vosgesinfo.fr\/remiremontinfo\/#organization","name":"Remiremont Info","url":"https:\/\/vosgesinfo.fr\/remiremontinfo\/","logo":{"@type":"ImageObject","inLanguage":"fr-FR","@id":"https:\/\/vosgesinfo.fr\/remiremontinfo\/#\/schema\/logo\/image\/","url":"https:\/\/vosgesinfo.fr\/app\/uploads\/sites\/5\/2023\/08\/favicon-remiremontinfo.png","contentUrl":"https:\/\/vosgesinfo.fr\/app\/uploads\/sites\/5\/2023\/08\/favicon-remiremontinfo.png","width":512,"height":512,"caption":"Remiremont Info"},"image":{"@id":"https:\/\/vosgesinfo.fr\/remiremontinfo\/#\/schema\/logo\/image\/"},"sameAs":["https:\/\/www.facebook.com\/remiremontinfo","https:\/\/x.com\/VosgesInfo88","https:\/\/www.youtube.com\/@vosgesinfo"]},{"@type":"Person","@id":"https:\/\/vosgesinfo.fr\/remiremontinfo\/#\/schema\/person\/3bfd164d5218a185b1db68655a265316","name":"C D","image":{"@type":"ImageObject","inLanguage":"fr-FR","@id":"https:\/\/vosgesinfo.fr\/remiremontinfo\/#\/schema\/person\/image\/","url":"https:\/\/secure.gravatar.com\/avatar\/1f9a70007336511a47468b8f1c66f922b8b7cf617b02a31149ada43893a5d48f?s=96&d=mm&r=g","contentUrl":"https:\/\/secure.gravatar.com\/avatar\/1f9a70007336511a47468b8f1c66f922b8b7cf617b02a31149ada43893a5d48f?s=96&d=mm&r=g","caption":"C D"},"url":"https:\/\/vosgesinfo.fr\/remiremontinfo\/author\/cedric-drevet\/"}]}},"_links":{"self":[{"href":"https:\/\/vosgesinfo.fr\/remiremontinfo\/wp-json\/wp\/v2\/posts\/65481","targetHints":{"allow":["GET"]}}],"collection":[{"href":"https:\/\/vosgesinfo.fr\/remiremontinfo\/wp-json\/wp\/v2\/posts"}],"about":[{"href":"https:\/\/vosgesinfo.fr\/remiremontinfo\/wp-json\/wp\/v2\/types\/post"}],"author":[{"embeddable":true,"href":"https:\/\/vosgesinfo.fr\/remiremontinfo\/wp-json\/wp\/v2\/users\/407"}],"replies":[{"embeddable":true,"href":"https:\/\/vosgesinfo.fr\/remiremontinfo\/wp-json\/wp\/v2\/comments?post=65481"}],"version-history":[{"count":0,"href":"https:\/\/vosgesinfo.fr\/remiremontinfo\/wp-json\/wp\/v2\/posts\/65481\/revisions"}],"wp:featuredmedia":[{"embeddable":true,"href":"https:\/\/vosgesinfo.fr\/remiremontinfo\/wp-json\/wp\/v2\/media\/65482"}],"wp:attachment":[{"href":"https:\/\/vosgesinfo.fr\/remiremontinfo\/wp-json\/wp\/v2\/media?parent=65481"}],"wp:term":[{"taxonomy":"category","embeddable":true,"href":"https:\/\/vosgesinfo.fr\/remiremontinfo\/wp-json\/wp\/v2\/categories?post=65481"},{"taxonomy":"post_tag","embeddable":true,"href":"https:\/\/vosgesinfo.fr\/remiremontinfo\/wp-json\/wp\/v2\/tags?post=65481"}],"curies":[{"name":"wp","href":"https:\/\/api.w.org\/{rel}","templated":true}]}}