{"id":65634,"date":"2022-12-13T14:27:09","date_gmt":"2022-12-13T13:27:09","guid":{"rendered":"https:\/\/vosgesinfo.fr\/remiremontinfo\/2022\/12\/remiremont-marche-habitants-parlent-de-francemaroc\/"},"modified":"2022-12-13T14:27:09","modified_gmt":"2022-12-13T13:27:09","slug":"remiremont-marche-habitants-parlent-de-francemaroc","status":"publish","type":"post","link":"https:\/\/vosgesinfo.fr\/remiremontinfo\/2022\/12\/remiremont-marche-habitants-parlent-de-francemaroc\/","title":{"rendered":"Remiremont : au march\u00e9, les habitants nous parlent de France\/Maroc"},"content":{"rendered":"<p><a href=\"\/2022\/12\/march\u00e9-remiremont.png\"><img decoding=\"async\" class=\"alignnone size-full wp-image-359918\" src=\"\/2022\/12\/march\u00e9-remiremont.png\" alt=\"march\u00e9 remiremont\" width=\"917\" height=\"692\" \/><\/a><\/p>\n<h2><span style=\"font-size: 12pt;\"><strong>Le march\u00e9 Romarimontain avait pris des airs de cong\u00e9lateur g\u00e9ant en ce mardi matin. Les courageux habitants qui avait brav\u00e9 le froid sib\u00e9rien qui enveloppait la cit\u00e9 des chanoinesses pour aller effectuer quelques provisions ont n\u00e9anmoins r\u00e9pondu avec plaisir \u00e0 la question cruciale : France ou Maroc ? La demi finale de la coupe du monde au Qatar qui se jouera demain. <\/strong><\/span><\/h2>\n<p>Pour Samuel le fromager, juste prendre du plaisir \u00e0 regarder, que le meilleur gagne et surtout que tout se passe bien apr\u00e8s, sans heurts&#8230; M\u00eame son de cloche chez Patrick, son \u00e9tale de bonnets, \u00e9charpes ou gants est de circonstance. Il avoue suivre la comp\u00e9tition de loin ( m\u00eame si il souhaite une victoire fran\u00e7aise ), il est\u00a0 triste de voir ce sport gangren\u00e9 par l&rsquo;argent et de l&rsquo;image donn\u00e9e \u00e0 nos enfants&#8230; Concernant le bout en train J.P, il aimerait que la France l&#8217;emporte et, toujours en toile de fond la peur d&rsquo;incidents en fin de match quel que soit le score, ce n&rsquo;est que du sport donc arr\u00eatons l&rsquo;instrumentalisation ! Pierre de son c\u00f4t\u00e9 a bien suivi la comp\u00e9tition, son oeil averti voit une victoire tricolore par 2 buts \u00e0 1, les marocains ne sont pas arriv\u00e9s l\u00e0 par hasard, c&rsquo;est tr\u00e8s solide ! Il finit par ajouter, comme les pr\u00e9c\u00e9dents cit\u00e9s : pas d&rsquo;histoires, ni r\u00e9cup\u00e9ration&#8230; Enfin, le dernier mot concernera un habitant Franco\/Marocain de la cit\u00e9 qui r\u00e9sume si bien les propos entendus ce matin : \u00a0\u00bb je serai content dans tous les cas, France et Maroc c&rsquo;est pareil. Il faut que cela reste une belle f\u00eate du football, de la fraternit\u00e9 entre nos deux peuples. \u00a0\u00bb Tout est dit.<\/p>\n<p>&nbsp;<\/p>\n","protected":false},"excerpt":{"rendered":"<p>Le march\u00e9 Romarimontain avait pris des airs de cong\u00e9lateur g\u00e9ant en ce mardi matin. Les courageux habitants qui avait brav\u00e9 [&hellip;]<\/p>\n","protected":false},"author":410,"featured_media":65635,"comment_status":"open","ping_status":"open","sticky":false,"template":"","format":"standard","meta":{"footnotes":""},"categories":[26,1556,35,14],"tags":[333,44,61],"class_list":["post-65634","post","type-post","status-publish","format-standard","has-post-thumbnail","hentry","category-a-la-une","category-remiremont-remiremont-son-canton-2","category-remiremont-son-canton","category-sport","tag-football","tag-remiremont","tag-sport"],"acf":[],"yoast_head":"<!-- This site is optimized with the Yoast SEO plugin v22.5 - https:\/\/yoast.com\/wordpress\/plugins\/seo\/ -->\n<title>Remiremont : au march\u00e9, les habitants nous parlent de France\/Maroc - Remiremont Info<\/title>\n<meta name=\"robots\" content=\"index, follow, max-snippet:-1, max-image-preview:large, max-video-preview:-1\" \/>\n<link rel=\"canonical\" href=\"https:\/\/vosgesinfo.fr\/remiremontinfo\/2022\/12\/remiremont-marche-habitants-parlent-de-francemaroc\/\" \/>\n<meta name=\"twitter:card\" content=\"summary_large_image\" \/>\n<meta name=\"twitter:title\" content=\"Remiremont : au march\u00e9, les habitants nous parlent de France\/Maroc - Remiremont Info\" \/>\n<meta name=\"twitter:description\" content=\"Le march\u00e9 Romarimontain avait pris des airs de cong\u00e9lateur g\u00e9ant en ce mardi matin. Les courageux habitants qui avait brav\u00e9 [&hellip;]\" \/>\n<meta name=\"twitter:image\" content=\"https:\/\/vosgesinfo.fr\/app\/uploads\/sites\/5\/2024\/09\/202212marche-remiremont.png\" \/>\n<meta name=\"twitter:creator\" content=\"@VosgesInfo88\" \/>\n<meta name=\"twitter:site\" content=\"@VosgesInfo88\" \/>\n<meta name=\"twitter:label1\" content=\"\u00c9crit par\" \/>\n\t<meta name=\"twitter:data1\" content=\"David G\" \/>\n\t<meta name=\"twitter:label2\" content=\"Dur\u00e9e de lecture estim\u00e9e\" \/>\n\t<meta name=\"twitter:data2\" content=\"1 minute\" \/>\n<script type=\"application\/ld+json\" class=\"yoast-schema-graph\">{\"@context\":\"https:\/\/schema.org\",\"@graph\":[{\"@type\":\"Article\",\"@id\":\"https:\/\/vosgesinfo.fr\/remiremontinfo\/2022\/12\/remiremont-marche-habitants-parlent-de-francemaroc\/#article\",\"isPartOf\":{\"@id\":\"https:\/\/vosgesinfo.fr\/remiremontinfo\/2022\/12\/remiremont-marche-habitants-parlent-de-francemaroc\/\"},\"author\":{\"name\":\"David G\",\"@id\":\"https:\/\/vosgesinfo.fr\/remiremontinfo\/#\/schema\/person\/bb264dc74a23cbe4301eb9a8fb6df8ad\"},\"headline\":\"Remiremont : au march\u00e9, les habitants nous parlent de France\/Maroc\",\"datePublished\":\"2022-12-13T13:27:09+00:00\",\"dateModified\":\"2022-12-13T13:27:09+00:00\",\"mainEntityOfPage\":{\"@id\":\"https:\/\/vosgesinfo.fr\/remiremontinfo\/2022\/12\/remiremont-marche-habitants-parlent-de-francemaroc\/\"},\"wordCount\":305,\"commentCount\":0,\"publisher\":{\"@id\":\"https:\/\/vosgesinfo.fr\/remiremontinfo\/#organization\"},\"image\":{\"@id\":\"https:\/\/vosgesinfo.fr\/remiremontinfo\/2022\/12\/remiremont-marche-habitants-parlent-de-francemaroc\/#primaryimage\"},\"thumbnailUrl\":\"https:\/\/vosgesinfo.fr\/app\/uploads\/sites\/5\/2024\/09\/202212marche-remiremont.png\",\"keywords\":[\"football\",\"remiremont\",\"sport\"],\"articleSection\":[\"A la Une\",\"Remiremont\",\"Remiremont &amp; son canton\",\"Sport\"],\"inLanguage\":\"fr-FR\",\"potentialAction\":[{\"@type\":\"CommentAction\",\"name\":\"Comment\",\"target\":[\"https:\/\/vosgesinfo.fr\/remiremontinfo\/2022\/12\/remiremont-marche-habitants-parlent-de-francemaroc\/#respond\"]}]},{\"@type\":\"WebPage\",\"@id\":\"https:\/\/vosgesinfo.fr\/remiremontinfo\/2022\/12\/remiremont-marche-habitants-parlent-de-francemaroc\/\",\"url\":\"https:\/\/vosgesinfo.fr\/remiremontinfo\/2022\/12\/remiremont-marche-habitants-parlent-de-francemaroc\/\",\"name\":\"Remiremont : au march\u00e9, les habitants nous parlent de France\/Maroc - Remiremont Info\",\"isPartOf\":{\"@id\":\"https:\/\/vosgesinfo.fr\/remiremontinfo\/#website\"},\"primaryImageOfPage\":{\"@id\":\"https:\/\/vosgesinfo.fr\/remiremontinfo\/2022\/12\/remiremont-marche-habitants-parlent-de-francemaroc\/#primaryimage\"},\"image\":{\"@id\":\"https:\/\/vosgesinfo.fr\/remiremontinfo\/2022\/12\/remiremont-marche-habitants-parlent-de-francemaroc\/#primaryimage\"},\"thumbnailUrl\":\"https:\/\/vosgesinfo.fr\/app\/uploads\/sites\/5\/2024\/09\/202212marche-remiremont.png\",\"datePublished\":\"2022-12-13T13:27:09+00:00\",\"dateModified\":\"2022-12-13T13:27:09+00:00\",\"breadcrumb\":{\"@id\":\"https:\/\/vosgesinfo.fr\/remiremontinfo\/2022\/12\/remiremont-marche-habitants-parlent-de-francemaroc\/#breadcrumb\"},\"inLanguage\":\"fr-FR\",\"potentialAction\":[{\"@type\":\"ReadAction\",\"target\":[\"https:\/\/vosgesinfo.fr\/remiremontinfo\/2022\/12\/remiremont-marche-habitants-parlent-de-francemaroc\/\"]}]},{\"@type\":\"ImageObject\",\"inLanguage\":\"fr-FR\",\"@id\":\"https:\/\/vosgesinfo.fr\/remiremontinfo\/2022\/12\/remiremont-marche-habitants-parlent-de-francemaroc\/#primaryimage\",\"url\":\"https:\/\/vosgesinfo.fr\/app\/uploads\/sites\/5\/2024\/09\/202212marche-remiremont.png\",\"contentUrl\":\"https:\/\/vosgesinfo.fr\/app\/uploads\/sites\/5\/2024\/09\/202212marche-remiremont.png\",\"width\":917,\"height\":692},{\"@type\":\"BreadcrumbList\",\"@id\":\"https:\/\/vosgesinfo.fr\/remiremontinfo\/2022\/12\/remiremont-marche-habitants-parlent-de-francemaroc\/#breadcrumb\",\"itemListElement\":[{\"@type\":\"ListItem\",\"position\":1,\"name\":\"Home\",\"item\":\"https:\/\/vosgesinfo.fr\/remiremontinfo\/\"},{\"@type\":\"ListItem\",\"position\":2,\"name\":\"Remiremont : au march\u00e9, les habitants nous parlent de France\/Maroc\"}]},{\"@type\":\"WebSite\",\"@id\":\"https:\/\/vosgesinfo.fr\/remiremontinfo\/#website\",\"url\":\"https:\/\/vosgesinfo.fr\/remiremontinfo\/\",\"name\":\"Remiremont Info\",\"description\":\"Toute l&#039;actualit\u00e9 de Remiremont\",\"publisher\":{\"@id\":\"https:\/\/vosgesinfo.fr\/remiremontinfo\/#organization\"},\"alternateName\":\"Toute l'actualit\u00e9 de Remiremont\",\"potentialAction\":[{\"@type\":\"SearchAction\",\"target\":{\"@type\":\"EntryPoint\",\"urlTemplate\":\"https:\/\/vosgesinfo.fr\/remiremontinfo\/?s={search_term_string}\"},\"query-input\":\"required name=search_term_string\"}],\"inLanguage\":\"fr-FR\"},{\"@type\":\"Organization\",\"@id\":\"https:\/\/vosgesinfo.fr\/remiremontinfo\/#organization\",\"name\":\"Remiremont Info\",\"url\":\"https:\/\/vosgesinfo.fr\/remiremontinfo\/\",\"logo\":{\"@type\":\"ImageObject\",\"inLanguage\":\"fr-FR\",\"@id\":\"https:\/\/vosgesinfo.fr\/remiremontinfo\/#\/schema\/logo\/image\/\",\"url\":\"https:\/\/vosgesinfo.fr\/app\/uploads\/sites\/5\/2023\/08\/favicon-remiremontinfo.png\",\"contentUrl\":\"https:\/\/vosgesinfo.fr\/app\/uploads\/sites\/5\/2023\/08\/favicon-remiremontinfo.png\",\"width\":512,\"height\":512,\"caption\":\"Remiremont Info\"},\"image\":{\"@id\":\"https:\/\/vosgesinfo.fr\/remiremontinfo\/#\/schema\/logo\/image\/\"},\"sameAs\":[\"https:\/\/www.facebook.com\/remiremontinfo\",\"https:\/\/x.com\/VosgesInfo88\",\"https:\/\/www.youtube.com\/@vosgesinfo\"]},{\"@type\":\"Person\",\"@id\":\"https:\/\/vosgesinfo.fr\/remiremontinfo\/#\/schema\/person\/bb264dc74a23cbe4301eb9a8fb6df8ad\",\"name\":\"David G\",\"image\":{\"@type\":\"ImageObject\",\"inLanguage\":\"fr-FR\",\"@id\":\"https:\/\/vosgesinfo.fr\/remiremontinfo\/#\/schema\/person\/image\/\",\"url\":\"https:\/\/secure.gravatar.com\/avatar\/5ca4fbbd960b4393047a6779d7f74b03f9ce1d828097d6e25f2d4cce06d47a51?s=96&d=mm&r=g\",\"contentUrl\":\"https:\/\/secure.gravatar.com\/avatar\/5ca4fbbd960b4393047a6779d7f74b03f9ce1d828097d6e25f2d4cce06d47a51?s=96&d=mm&r=g\",\"caption\":\"David G\"},\"url\":\"https:\/\/vosgesinfo.fr\/remiremontinfo\/author\/dgg88200\/\"}]}<\/script>\n<!-- \/ Yoast SEO plugin. -->","yoast_head_json":{"title":"Remiremont : au march\u00e9, les habitants nous parlent de France\/Maroc - Remiremont Info","robots":{"index":"index","follow":"follow","max-snippet":"max-snippet:-1","max-image-preview":"max-image-preview:large","max-video-preview":"max-video-preview:-1"},"canonical":"https:\/\/vosgesinfo.fr\/remiremontinfo\/2022\/12\/remiremont-marche-habitants-parlent-de-francemaroc\/","twitter_card":"summary_large_image","twitter_title":"Remiremont : au march\u00e9, les habitants nous parlent de France\/Maroc - Remiremont Info","twitter_description":"Le march\u00e9 Romarimontain avait pris des airs de cong\u00e9lateur g\u00e9ant en ce mardi matin. Les courageux habitants qui avait brav\u00e9 [&hellip;]","twitter_image":"https:\/\/vosgesinfo.fr\/app\/uploads\/sites\/5\/2024\/09\/202212marche-remiremont.png","twitter_creator":"@VosgesInfo88","twitter_site":"@VosgesInfo88","twitter_misc":{"\u00c9crit par":"David G","Dur\u00e9e de lecture estim\u00e9e":"1 minute"},"schema":{"@context":"https:\/\/schema.org","@graph":[{"@type":"Article","@id":"https:\/\/vosgesinfo.fr\/remiremontinfo\/2022\/12\/remiremont-marche-habitants-parlent-de-francemaroc\/#article","isPartOf":{"@id":"https:\/\/vosgesinfo.fr\/remiremontinfo\/2022\/12\/remiremont-marche-habitants-parlent-de-francemaroc\/"},"author":{"name":"David G","@id":"https:\/\/vosgesinfo.fr\/remiremontinfo\/#\/schema\/person\/bb264dc74a23cbe4301eb9a8fb6df8ad"},"headline":"Remiremont : au march\u00e9, les habitants nous parlent de France\/Maroc","datePublished":"2022-12-13T13:27:09+00:00","dateModified":"2022-12-13T13:27:09+00:00","mainEntityOfPage":{"@id":"https:\/\/vosgesinfo.fr\/remiremontinfo\/2022\/12\/remiremont-marche-habitants-parlent-de-francemaroc\/"},"wordCount":305,"commentCount":0,"publisher":{"@id":"https:\/\/vosgesinfo.fr\/remiremontinfo\/#organization"},"image":{"@id":"https:\/\/vosgesinfo.fr\/remiremontinfo\/2022\/12\/remiremont-marche-habitants-parlent-de-francemaroc\/#primaryimage"},"thumbnailUrl":"https:\/\/vosgesinfo.fr\/app\/uploads\/sites\/5\/2024\/09\/202212marche-remiremont.png","keywords":["football","remiremont","sport"],"articleSection":["A la Une","Remiremont","Remiremont &amp; son canton","Sport"],"inLanguage":"fr-FR","potentialAction":[{"@type":"CommentAction","name":"Comment","target":["https:\/\/vosgesinfo.fr\/remiremontinfo\/2022\/12\/remiremont-marche-habitants-parlent-de-francemaroc\/#respond"]}]},{"@type":"WebPage","@id":"https:\/\/vosgesinfo.fr\/remiremontinfo\/2022\/12\/remiremont-marche-habitants-parlent-de-francemaroc\/","url":"https:\/\/vosgesinfo.fr\/remiremontinfo\/2022\/12\/remiremont-marche-habitants-parlent-de-francemaroc\/","name":"Remiremont : au march\u00e9, les habitants nous parlent de France\/Maroc - Remiremont Info","isPartOf":{"@id":"https:\/\/vosgesinfo.fr\/remiremontinfo\/#website"},"primaryImageOfPage":{"@id":"https:\/\/vosgesinfo.fr\/remiremontinfo\/2022\/12\/remiremont-marche-habitants-parlent-de-francemaroc\/#primaryimage"},"image":{"@id":"https:\/\/vosgesinfo.fr\/remiremontinfo\/2022\/12\/remiremont-marche-habitants-parlent-de-francemaroc\/#primaryimage"},"thumbnailUrl":"https:\/\/vosgesinfo.fr\/app\/uploads\/sites\/5\/2024\/09\/202212marche-remiremont.png","datePublished":"2022-12-13T13:27:09+00:00","dateModified":"2022-12-13T13:27:09+00:00","breadcrumb":{"@id":"https:\/\/vosgesinfo.fr\/remiremontinfo\/2022\/12\/remiremont-marche-habitants-parlent-de-francemaroc\/#breadcrumb"},"inLanguage":"fr-FR","potentialAction":[{"@type":"ReadAction","target":["https:\/\/vosgesinfo.fr\/remiremontinfo\/2022\/12\/remiremont-marche-habitants-parlent-de-francemaroc\/"]}]},{"@type":"ImageObject","inLanguage":"fr-FR","@id":"https:\/\/vosgesinfo.fr\/remiremontinfo\/2022\/12\/remiremont-marche-habitants-parlent-de-francemaroc\/#primaryimage","url":"https:\/\/vosgesinfo.fr\/app\/uploads\/sites\/5\/2024\/09\/202212marche-remiremont.png","contentUrl":"https:\/\/vosgesinfo.fr\/app\/uploads\/sites\/5\/2024\/09\/202212marche-remiremont.png","width":917,"height":692},{"@type":"BreadcrumbList","@id":"https:\/\/vosgesinfo.fr\/remiremontinfo\/2022\/12\/remiremont-marche-habitants-parlent-de-francemaroc\/#breadcrumb","itemListElement":[{"@type":"ListItem","position":1,"name":"Home","item":"https:\/\/vosgesinfo.fr\/remiremontinfo\/"},{"@type":"ListItem","position":2,"name":"Remiremont : au march\u00e9, les habitants nous parlent de France\/Maroc"}]},{"@type":"WebSite","@id":"https:\/\/vosgesinfo.fr\/remiremontinfo\/#website","url":"https:\/\/vosgesinfo.fr\/remiremontinfo\/","name":"Remiremont Info","description":"Toute l&#039;actualit\u00e9 de Remiremont","publisher":{"@id":"https:\/\/vosgesinfo.fr\/remiremontinfo\/#organization"},"alternateName":"Toute l'actualit\u00e9 de Remiremont","potentialAction":[{"@type":"SearchAction","target":{"@type":"EntryPoint","urlTemplate":"https:\/\/vosgesinfo.fr\/remiremontinfo\/?s={search_term_string}"},"query-input":"required name=search_term_string"}],"inLanguage":"fr-FR"},{"@type":"Organization","@id":"https:\/\/vosgesinfo.fr\/remiremontinfo\/#organization","name":"Remiremont Info","url":"https:\/\/vosgesinfo.fr\/remiremontinfo\/","logo":{"@type":"ImageObject","inLanguage":"fr-FR","@id":"https:\/\/vosgesinfo.fr\/remiremontinfo\/#\/schema\/logo\/image\/","url":"https:\/\/vosgesinfo.fr\/app\/uploads\/sites\/5\/2023\/08\/favicon-remiremontinfo.png","contentUrl":"https:\/\/vosgesinfo.fr\/app\/uploads\/sites\/5\/2023\/08\/favicon-remiremontinfo.png","width":512,"height":512,"caption":"Remiremont Info"},"image":{"@id":"https:\/\/vosgesinfo.fr\/remiremontinfo\/#\/schema\/logo\/image\/"},"sameAs":["https:\/\/www.facebook.com\/remiremontinfo","https:\/\/x.com\/VosgesInfo88","https:\/\/www.youtube.com\/@vosgesinfo"]},{"@type":"Person","@id":"https:\/\/vosgesinfo.fr\/remiremontinfo\/#\/schema\/person\/bb264dc74a23cbe4301eb9a8fb6df8ad","name":"David G","image":{"@type":"ImageObject","inLanguage":"fr-FR","@id":"https:\/\/vosgesinfo.fr\/remiremontinfo\/#\/schema\/person\/image\/","url":"https:\/\/secure.gravatar.com\/avatar\/5ca4fbbd960b4393047a6779d7f74b03f9ce1d828097d6e25f2d4cce06d47a51?s=96&d=mm&r=g","contentUrl":"https:\/\/secure.gravatar.com\/avatar\/5ca4fbbd960b4393047a6779d7f74b03f9ce1d828097d6e25f2d4cce06d47a51?s=96&d=mm&r=g","caption":"David G"},"url":"https:\/\/vosgesinfo.fr\/remiremontinfo\/author\/dgg88200\/"}]}},"_links":{"self":[{"href":"https:\/\/vosgesinfo.fr\/remiremontinfo\/wp-json\/wp\/v2\/posts\/65634","targetHints":{"allow":["GET"]}}],"collection":[{"href":"https:\/\/vosgesinfo.fr\/remiremontinfo\/wp-json\/wp\/v2\/posts"}],"about":[{"href":"https:\/\/vosgesinfo.fr\/remiremontinfo\/wp-json\/wp\/v2\/types\/post"}],"author":[{"embeddable":true,"href":"https:\/\/vosgesinfo.fr\/remiremontinfo\/wp-json\/wp\/v2\/users\/410"}],"replies":[{"embeddable":true,"href":"https:\/\/vosgesinfo.fr\/remiremontinfo\/wp-json\/wp\/v2\/comments?post=65634"}],"version-history":[{"count":0,"href":"https:\/\/vosgesinfo.fr\/remiremontinfo\/wp-json\/wp\/v2\/posts\/65634\/revisions"}],"wp:featuredmedia":[{"embeddable":true,"href":"https:\/\/vosgesinfo.fr\/remiremontinfo\/wp-json\/wp\/v2\/media\/65635"}],"wp:attachment":[{"href":"https:\/\/vosgesinfo.fr\/remiremontinfo\/wp-json\/wp\/v2\/media?parent=65634"}],"wp:term":[{"taxonomy":"category","embeddable":true,"href":"https:\/\/vosgesinfo.fr\/remiremontinfo\/wp-json\/wp\/v2\/categories?post=65634"},{"taxonomy":"post_tag","embeddable":true,"href":"https:\/\/vosgesinfo.fr\/remiremontinfo\/wp-json\/wp\/v2\/tags?post=65634"}],"curies":[{"name":"wp","href":"https:\/\/api.w.org\/{rel}","templated":true}]}}