{"id":65685,"date":"2022-12-14T09:36:34","date_gmt":"2022-12-14T08:36:34","guid":{"rendered":"https:\/\/vosgesinfo.fr\/remiremontinfo\/2022\/12\/piscine-intercommunale-de-vagney-fermee-a-partir-de-jeudi\/"},"modified":"2022-12-14T09:36:34","modified_gmt":"2022-12-14T08:36:34","slug":"piscine-intercommunale-de-vagney-fermee-a-partir-de-jeudi","status":"publish","type":"post","link":"https:\/\/vosgesinfo.fr\/remiremontinfo\/2022\/12\/piscine-intercommunale-de-vagney-fermee-a-partir-de-jeudi\/","title":{"rendered":"La piscine intercommunale de Vagney ferm\u00e9e \u00e0 partir de ce jeudi"},"content":{"rendered":"<p><a href=\"\/2022\/12\/09.jpg\"><img decoding=\"async\" class=\"alignnone size-full wp-image-359969\" src=\"\/2022\/12\/09.jpg\" alt=\"piscine vagney\" width=\"768\" height=\"575\" \/><\/a><\/p>\n<p><span style=\"font-size: 10pt;\"><em>Photo d&rsquo;archive\u00a0<\/em><\/span><\/p>\n<p>A partir de ce jeudi 15 d\u00e9cembre et jusqu\u2019au dimanche 1er janvier inclus, la piscine intercommunale de Vagney sera ferm\u00e9e en raison de diff\u00e9rents travaux d&rsquo;\u00e9tanch\u00e9it\u00e9 et profitera de cette fermeture pour proc\u00e9der \u00e0 la vidange annuelle du bassin.<\/p>\n<p>Cette vidange, traditionnellement programm\u00e9e pendant les vacances scolaires afin de ne pas perturber le parcours sportif des \u00e9l\u00e8ves, l\u2019apprentissage de la natation et ne pas impacter les associations pr\u00e9sentes en semaine permet \u00e9galement d\u2019anticiper les restrictions d\u2019eau dues aux p\u00e9riodes de s\u00e9cheresse, qui peuvent emp\u00eacher le remplissage du bassin.<\/p>\n<p>Pendant cette p\u00e9riode de fermeture, vous \u00eates invit\u00e9s \u00e0 venir vous baigner au Complexe Aquatique de La Bresse, 2A rue des Proyes, le lundi de 14h \u00e0 18h, du mardi au jeudi de 10h \u00e0 12h et de 14h \u00e0 19h, le vendredi de 16h \u00e0 21h, et le samedi de 10h \u00e0 13h et de 14h \u00e0 17h.<\/p>\n<p><b>Les bassins seront ferm\u00e9s le dimanche 25 d\u00e9cembre mais seront bien ouverts au public le 1er janvier de 14h \u00e0 18h.<\/b><\/p>\n<p><span style=\"font-size: 10pt;\"><em>Source : CCHV<\/em><\/span><\/p>\n","protected":false},"excerpt":{"rendered":"<p>Photo d&rsquo;archive\u00a0 A partir de ce jeudi 15 d\u00e9cembre et jusqu\u2019au dimanche 1er janvier inclus, la piscine intercommunale de Vagney [&hellip;]<\/p>\n","protected":false},"author":407,"featured_media":65686,"comment_status":"open","ping_status":"open","sticky":false,"template":"","format":"standard","meta":{"footnotes":""},"categories":[26,25,54,36],"tags":[55,485,160],"class_list":["post-65685","post","type-post","status-publish","format-standard","has-post-thumbnail","hentry","category-a-la-une","category-la-bresse-son-canton","category-loisirs","category-vagney","tag-loisirs","tag-piscine","tag-vagney"],"acf":[],"yoast_head":"<!-- This site is optimized with the Yoast SEO plugin v22.5 - https:\/\/yoast.com\/wordpress\/plugins\/seo\/ -->\n<title>La piscine intercommunale de Vagney ferm\u00e9e \u00e0 partir de ce jeudi - Remiremont Info<\/title>\n<meta name=\"robots\" content=\"index, follow, max-snippet:-1, max-image-preview:large, max-video-preview:-1\" \/>\n<link rel=\"canonical\" href=\"https:\/\/vosgesinfo.fr\/remiremontinfo\/2022\/12\/piscine-intercommunale-de-vagney-fermee-a-partir-de-jeudi\/\" \/>\n<meta name=\"twitter:card\" content=\"summary_large_image\" \/>\n<meta name=\"twitter:title\" content=\"La piscine intercommunale de Vagney ferm\u00e9e \u00e0 partir de ce jeudi - Remiremont Info\" \/>\n<meta name=\"twitter:description\" content=\"Photo d&rsquo;archive\u00a0 A partir de ce jeudi 15 d\u00e9cembre et jusqu\u2019au dimanche 1er janvier inclus, la piscine intercommunale de Vagney [&hellip;]\" \/>\n<meta name=\"twitter:image\" content=\"https:\/\/vosgesinfo.fr\/app\/uploads\/sites\/5\/2024\/09\/20221209.jpg\" \/>\n<meta name=\"twitter:creator\" content=\"@VosgesInfo88\" \/>\n<meta name=\"twitter:site\" content=\"@VosgesInfo88\" \/>\n<meta name=\"twitter:label1\" content=\"\u00c9crit par\" \/>\n\t<meta name=\"twitter:data1\" content=\"C D\" \/>\n\t<meta name=\"twitter:label2\" content=\"Dur\u00e9e de lecture estim\u00e9e\" \/>\n\t<meta name=\"twitter:data2\" content=\"1 minute\" \/>\n<script type=\"application\/ld+json\" class=\"yoast-schema-graph\">{\"@context\":\"https:\/\/schema.org\",\"@graph\":[{\"@type\":\"Article\",\"@id\":\"https:\/\/vosgesinfo.fr\/remiremontinfo\/2022\/12\/piscine-intercommunale-de-vagney-fermee-a-partir-de-jeudi\/#article\",\"isPartOf\":{\"@id\":\"https:\/\/vosgesinfo.fr\/remiremontinfo\/2022\/12\/piscine-intercommunale-de-vagney-fermee-a-partir-de-jeudi\/\"},\"author\":{\"name\":\"C D\",\"@id\":\"https:\/\/vosgesinfo.fr\/remiremontinfo\/#\/schema\/person\/3bfd164d5218a185b1db68655a265316\"},\"headline\":\"La piscine intercommunale de Vagney ferm\u00e9e \u00e0 partir de ce jeudi\",\"datePublished\":\"2022-12-14T08:36:34+00:00\",\"dateModified\":\"2022-12-14T08:36:34+00:00\",\"mainEntityOfPage\":{\"@id\":\"https:\/\/vosgesinfo.fr\/remiremontinfo\/2022\/12\/piscine-intercommunale-de-vagney-fermee-a-partir-de-jeudi\/\"},\"wordCount\":193,\"commentCount\":0,\"publisher\":{\"@id\":\"https:\/\/vosgesinfo.fr\/remiremontinfo\/#organization\"},\"image\":{\"@id\":\"https:\/\/vosgesinfo.fr\/remiremontinfo\/2022\/12\/piscine-intercommunale-de-vagney-fermee-a-partir-de-jeudi\/#primaryimage\"},\"thumbnailUrl\":\"https:\/\/vosgesinfo.fr\/app\/uploads\/sites\/5\/2024\/09\/20221209.jpg\",\"keywords\":[\"Loisirs\",\"piscine\",\"vagney\"],\"articleSection\":[\"A la Une\",\"La Bresse &amp; son canton\",\"Loisirs\",\"Vagney\"],\"inLanguage\":\"fr-FR\",\"potentialAction\":[{\"@type\":\"CommentAction\",\"name\":\"Comment\",\"target\":[\"https:\/\/vosgesinfo.fr\/remiremontinfo\/2022\/12\/piscine-intercommunale-de-vagney-fermee-a-partir-de-jeudi\/#respond\"]}]},{\"@type\":\"WebPage\",\"@id\":\"https:\/\/vosgesinfo.fr\/remiremontinfo\/2022\/12\/piscine-intercommunale-de-vagney-fermee-a-partir-de-jeudi\/\",\"url\":\"https:\/\/vosgesinfo.fr\/remiremontinfo\/2022\/12\/piscine-intercommunale-de-vagney-fermee-a-partir-de-jeudi\/\",\"name\":\"La piscine intercommunale de Vagney ferm\u00e9e \u00e0 partir de ce jeudi - Remiremont Info\",\"isPartOf\":{\"@id\":\"https:\/\/vosgesinfo.fr\/remiremontinfo\/#website\"},\"primaryImageOfPage\":{\"@id\":\"https:\/\/vosgesinfo.fr\/remiremontinfo\/2022\/12\/piscine-intercommunale-de-vagney-fermee-a-partir-de-jeudi\/#primaryimage\"},\"image\":{\"@id\":\"https:\/\/vosgesinfo.fr\/remiremontinfo\/2022\/12\/piscine-intercommunale-de-vagney-fermee-a-partir-de-jeudi\/#primaryimage\"},\"thumbnailUrl\":\"https:\/\/vosgesinfo.fr\/app\/uploads\/sites\/5\/2024\/09\/20221209.jpg\",\"datePublished\":\"2022-12-14T08:36:34+00:00\",\"dateModified\":\"2022-12-14T08:36:34+00:00\",\"breadcrumb\":{\"@id\":\"https:\/\/vosgesinfo.fr\/remiremontinfo\/2022\/12\/piscine-intercommunale-de-vagney-fermee-a-partir-de-jeudi\/#breadcrumb\"},\"inLanguage\":\"fr-FR\",\"potentialAction\":[{\"@type\":\"ReadAction\",\"target\":[\"https:\/\/vosgesinfo.fr\/remiremontinfo\/2022\/12\/piscine-intercommunale-de-vagney-fermee-a-partir-de-jeudi\/\"]}]},{\"@type\":\"ImageObject\",\"inLanguage\":\"fr-FR\",\"@id\":\"https:\/\/vosgesinfo.fr\/remiremontinfo\/2022\/12\/piscine-intercommunale-de-vagney-fermee-a-partir-de-jeudi\/#primaryimage\",\"url\":\"https:\/\/vosgesinfo.fr\/app\/uploads\/sites\/5\/2024\/09\/20221209.jpg\",\"contentUrl\":\"https:\/\/vosgesinfo.fr\/app\/uploads\/sites\/5\/2024\/09\/20221209.jpg\",\"width\":768,\"height\":575},{\"@type\":\"BreadcrumbList\",\"@id\":\"https:\/\/vosgesinfo.fr\/remiremontinfo\/2022\/12\/piscine-intercommunale-de-vagney-fermee-a-partir-de-jeudi\/#breadcrumb\",\"itemListElement\":[{\"@type\":\"ListItem\",\"position\":1,\"name\":\"Home\",\"item\":\"https:\/\/vosgesinfo.fr\/remiremontinfo\/\"},{\"@type\":\"ListItem\",\"position\":2,\"name\":\"La piscine intercommunale de Vagney ferm\u00e9e \u00e0 partir de ce jeudi\"}]},{\"@type\":\"WebSite\",\"@id\":\"https:\/\/vosgesinfo.fr\/remiremontinfo\/#website\",\"url\":\"https:\/\/vosgesinfo.fr\/remiremontinfo\/\",\"name\":\"Remiremont Info\",\"description\":\"Toute l&#039;actualit\u00e9 de Remiremont\",\"publisher\":{\"@id\":\"https:\/\/vosgesinfo.fr\/remiremontinfo\/#organization\"},\"alternateName\":\"Toute l'actualit\u00e9 de Remiremont\",\"potentialAction\":[{\"@type\":\"SearchAction\",\"target\":{\"@type\":\"EntryPoint\",\"urlTemplate\":\"https:\/\/vosgesinfo.fr\/remiremontinfo\/?s={search_term_string}\"},\"query-input\":\"required name=search_term_string\"}],\"inLanguage\":\"fr-FR\"},{\"@type\":\"Organization\",\"@id\":\"https:\/\/vosgesinfo.fr\/remiremontinfo\/#organization\",\"name\":\"Remiremont Info\",\"url\":\"https:\/\/vosgesinfo.fr\/remiremontinfo\/\",\"logo\":{\"@type\":\"ImageObject\",\"inLanguage\":\"fr-FR\",\"@id\":\"https:\/\/vosgesinfo.fr\/remiremontinfo\/#\/schema\/logo\/image\/\",\"url\":\"https:\/\/vosgesinfo.fr\/app\/uploads\/sites\/5\/2023\/08\/favicon-remiremontinfo.png\",\"contentUrl\":\"https:\/\/vosgesinfo.fr\/app\/uploads\/sites\/5\/2023\/08\/favicon-remiremontinfo.png\",\"width\":512,\"height\":512,\"caption\":\"Remiremont Info\"},\"image\":{\"@id\":\"https:\/\/vosgesinfo.fr\/remiremontinfo\/#\/schema\/logo\/image\/\"},\"sameAs\":[\"https:\/\/www.facebook.com\/remiremontinfo\",\"https:\/\/x.com\/VosgesInfo88\",\"https:\/\/www.youtube.com\/@vosgesinfo\"]},{\"@type\":\"Person\",\"@id\":\"https:\/\/vosgesinfo.fr\/remiremontinfo\/#\/schema\/person\/3bfd164d5218a185b1db68655a265316\",\"name\":\"C D\",\"image\":{\"@type\":\"ImageObject\",\"inLanguage\":\"fr-FR\",\"@id\":\"https:\/\/vosgesinfo.fr\/remiremontinfo\/#\/schema\/person\/image\/\",\"url\":\"https:\/\/secure.gravatar.com\/avatar\/1f9a70007336511a47468b8f1c66f922b8b7cf617b02a31149ada43893a5d48f?s=96&d=mm&r=g\",\"contentUrl\":\"https:\/\/secure.gravatar.com\/avatar\/1f9a70007336511a47468b8f1c66f922b8b7cf617b02a31149ada43893a5d48f?s=96&d=mm&r=g\",\"caption\":\"C D\"},\"url\":\"https:\/\/vosgesinfo.fr\/remiremontinfo\/author\/cedric-drevet\/\"}]}<\/script>\n<!-- \/ Yoast SEO plugin. -->","yoast_head_json":{"title":"La piscine intercommunale de Vagney ferm\u00e9e \u00e0 partir de ce jeudi - Remiremont Info","robots":{"index":"index","follow":"follow","max-snippet":"max-snippet:-1","max-image-preview":"max-image-preview:large","max-video-preview":"max-video-preview:-1"},"canonical":"https:\/\/vosgesinfo.fr\/remiremontinfo\/2022\/12\/piscine-intercommunale-de-vagney-fermee-a-partir-de-jeudi\/","twitter_card":"summary_large_image","twitter_title":"La piscine intercommunale de Vagney ferm\u00e9e \u00e0 partir de ce jeudi - Remiremont Info","twitter_description":"Photo d&rsquo;archive\u00a0 A partir de ce jeudi 15 d\u00e9cembre et jusqu\u2019au dimanche 1er janvier inclus, la piscine intercommunale de Vagney [&hellip;]","twitter_image":"https:\/\/vosgesinfo.fr\/app\/uploads\/sites\/5\/2024\/09\/20221209.jpg","twitter_creator":"@VosgesInfo88","twitter_site":"@VosgesInfo88","twitter_misc":{"\u00c9crit par":"C D","Dur\u00e9e de lecture estim\u00e9e":"1 minute"},"schema":{"@context":"https:\/\/schema.org","@graph":[{"@type":"Article","@id":"https:\/\/vosgesinfo.fr\/remiremontinfo\/2022\/12\/piscine-intercommunale-de-vagney-fermee-a-partir-de-jeudi\/#article","isPartOf":{"@id":"https:\/\/vosgesinfo.fr\/remiremontinfo\/2022\/12\/piscine-intercommunale-de-vagney-fermee-a-partir-de-jeudi\/"},"author":{"name":"C D","@id":"https:\/\/vosgesinfo.fr\/remiremontinfo\/#\/schema\/person\/3bfd164d5218a185b1db68655a265316"},"headline":"La piscine intercommunale de Vagney ferm\u00e9e \u00e0 partir de ce jeudi","datePublished":"2022-12-14T08:36:34+00:00","dateModified":"2022-12-14T08:36:34+00:00","mainEntityOfPage":{"@id":"https:\/\/vosgesinfo.fr\/remiremontinfo\/2022\/12\/piscine-intercommunale-de-vagney-fermee-a-partir-de-jeudi\/"},"wordCount":193,"commentCount":0,"publisher":{"@id":"https:\/\/vosgesinfo.fr\/remiremontinfo\/#organization"},"image":{"@id":"https:\/\/vosgesinfo.fr\/remiremontinfo\/2022\/12\/piscine-intercommunale-de-vagney-fermee-a-partir-de-jeudi\/#primaryimage"},"thumbnailUrl":"https:\/\/vosgesinfo.fr\/app\/uploads\/sites\/5\/2024\/09\/20221209.jpg","keywords":["Loisirs","piscine","vagney"],"articleSection":["A la Une","La Bresse &amp; son canton","Loisirs","Vagney"],"inLanguage":"fr-FR","potentialAction":[{"@type":"CommentAction","name":"Comment","target":["https:\/\/vosgesinfo.fr\/remiremontinfo\/2022\/12\/piscine-intercommunale-de-vagney-fermee-a-partir-de-jeudi\/#respond"]}]},{"@type":"WebPage","@id":"https:\/\/vosgesinfo.fr\/remiremontinfo\/2022\/12\/piscine-intercommunale-de-vagney-fermee-a-partir-de-jeudi\/","url":"https:\/\/vosgesinfo.fr\/remiremontinfo\/2022\/12\/piscine-intercommunale-de-vagney-fermee-a-partir-de-jeudi\/","name":"La piscine intercommunale de Vagney ferm\u00e9e \u00e0 partir de ce jeudi - Remiremont Info","isPartOf":{"@id":"https:\/\/vosgesinfo.fr\/remiremontinfo\/#website"},"primaryImageOfPage":{"@id":"https:\/\/vosgesinfo.fr\/remiremontinfo\/2022\/12\/piscine-intercommunale-de-vagney-fermee-a-partir-de-jeudi\/#primaryimage"},"image":{"@id":"https:\/\/vosgesinfo.fr\/remiremontinfo\/2022\/12\/piscine-intercommunale-de-vagney-fermee-a-partir-de-jeudi\/#primaryimage"},"thumbnailUrl":"https:\/\/vosgesinfo.fr\/app\/uploads\/sites\/5\/2024\/09\/20221209.jpg","datePublished":"2022-12-14T08:36:34+00:00","dateModified":"2022-12-14T08:36:34+00:00","breadcrumb":{"@id":"https:\/\/vosgesinfo.fr\/remiremontinfo\/2022\/12\/piscine-intercommunale-de-vagney-fermee-a-partir-de-jeudi\/#breadcrumb"},"inLanguage":"fr-FR","potentialAction":[{"@type":"ReadAction","target":["https:\/\/vosgesinfo.fr\/remiremontinfo\/2022\/12\/piscine-intercommunale-de-vagney-fermee-a-partir-de-jeudi\/"]}]},{"@type":"ImageObject","inLanguage":"fr-FR","@id":"https:\/\/vosgesinfo.fr\/remiremontinfo\/2022\/12\/piscine-intercommunale-de-vagney-fermee-a-partir-de-jeudi\/#primaryimage","url":"https:\/\/vosgesinfo.fr\/app\/uploads\/sites\/5\/2024\/09\/20221209.jpg","contentUrl":"https:\/\/vosgesinfo.fr\/app\/uploads\/sites\/5\/2024\/09\/20221209.jpg","width":768,"height":575},{"@type":"BreadcrumbList","@id":"https:\/\/vosgesinfo.fr\/remiremontinfo\/2022\/12\/piscine-intercommunale-de-vagney-fermee-a-partir-de-jeudi\/#breadcrumb","itemListElement":[{"@type":"ListItem","position":1,"name":"Home","item":"https:\/\/vosgesinfo.fr\/remiremontinfo\/"},{"@type":"ListItem","position":2,"name":"La piscine intercommunale de Vagney ferm\u00e9e \u00e0 partir de ce jeudi"}]},{"@type":"WebSite","@id":"https:\/\/vosgesinfo.fr\/remiremontinfo\/#website","url":"https:\/\/vosgesinfo.fr\/remiremontinfo\/","name":"Remiremont Info","description":"Toute l&#039;actualit\u00e9 de Remiremont","publisher":{"@id":"https:\/\/vosgesinfo.fr\/remiremontinfo\/#organization"},"alternateName":"Toute l'actualit\u00e9 de Remiremont","potentialAction":[{"@type":"SearchAction","target":{"@type":"EntryPoint","urlTemplate":"https:\/\/vosgesinfo.fr\/remiremontinfo\/?s={search_term_string}"},"query-input":"required name=search_term_string"}],"inLanguage":"fr-FR"},{"@type":"Organization","@id":"https:\/\/vosgesinfo.fr\/remiremontinfo\/#organization","name":"Remiremont Info","url":"https:\/\/vosgesinfo.fr\/remiremontinfo\/","logo":{"@type":"ImageObject","inLanguage":"fr-FR","@id":"https:\/\/vosgesinfo.fr\/remiremontinfo\/#\/schema\/logo\/image\/","url":"https:\/\/vosgesinfo.fr\/app\/uploads\/sites\/5\/2023\/08\/favicon-remiremontinfo.png","contentUrl":"https:\/\/vosgesinfo.fr\/app\/uploads\/sites\/5\/2023\/08\/favicon-remiremontinfo.png","width":512,"height":512,"caption":"Remiremont Info"},"image":{"@id":"https:\/\/vosgesinfo.fr\/remiremontinfo\/#\/schema\/logo\/image\/"},"sameAs":["https:\/\/www.facebook.com\/remiremontinfo","https:\/\/x.com\/VosgesInfo88","https:\/\/www.youtube.com\/@vosgesinfo"]},{"@type":"Person","@id":"https:\/\/vosgesinfo.fr\/remiremontinfo\/#\/schema\/person\/3bfd164d5218a185b1db68655a265316","name":"C D","image":{"@type":"ImageObject","inLanguage":"fr-FR","@id":"https:\/\/vosgesinfo.fr\/remiremontinfo\/#\/schema\/person\/image\/","url":"https:\/\/secure.gravatar.com\/avatar\/1f9a70007336511a47468b8f1c66f922b8b7cf617b02a31149ada43893a5d48f?s=96&d=mm&r=g","contentUrl":"https:\/\/secure.gravatar.com\/avatar\/1f9a70007336511a47468b8f1c66f922b8b7cf617b02a31149ada43893a5d48f?s=96&d=mm&r=g","caption":"C D"},"url":"https:\/\/vosgesinfo.fr\/remiremontinfo\/author\/cedric-drevet\/"}]}},"_links":{"self":[{"href":"https:\/\/vosgesinfo.fr\/remiremontinfo\/wp-json\/wp\/v2\/posts\/65685","targetHints":{"allow":["GET"]}}],"collection":[{"href":"https:\/\/vosgesinfo.fr\/remiremontinfo\/wp-json\/wp\/v2\/posts"}],"about":[{"href":"https:\/\/vosgesinfo.fr\/remiremontinfo\/wp-json\/wp\/v2\/types\/post"}],"author":[{"embeddable":true,"href":"https:\/\/vosgesinfo.fr\/remiremontinfo\/wp-json\/wp\/v2\/users\/407"}],"replies":[{"embeddable":true,"href":"https:\/\/vosgesinfo.fr\/remiremontinfo\/wp-json\/wp\/v2\/comments?post=65685"}],"version-history":[{"count":0,"href":"https:\/\/vosgesinfo.fr\/remiremontinfo\/wp-json\/wp\/v2\/posts\/65685\/revisions"}],"wp:featuredmedia":[{"embeddable":true,"href":"https:\/\/vosgesinfo.fr\/remiremontinfo\/wp-json\/wp\/v2\/media\/65686"}],"wp:attachment":[{"href":"https:\/\/vosgesinfo.fr\/remiremontinfo\/wp-json\/wp\/v2\/media?parent=65685"}],"wp:term":[{"taxonomy":"category","embeddable":true,"href":"https:\/\/vosgesinfo.fr\/remiremontinfo\/wp-json\/wp\/v2\/categories?post=65685"},{"taxonomy":"post_tag","embeddable":true,"href":"https:\/\/vosgesinfo.fr\/remiremontinfo\/wp-json\/wp\/v2\/tags?post=65685"}],"curies":[{"name":"wp","href":"https:\/\/api.w.org\/{rel}","templated":true}]}}