{"id":65687,"date":"2022-12-14T09:41:23","date_gmt":"2022-12-14T08:41:23","guid":{"rendered":"https:\/\/vosgesinfo.fr\/remiremontinfo\/2022\/12\/plombieres-projection-de-maria-reve-presence-realisateurs\/"},"modified":"2022-12-14T09:41:23","modified_gmt":"2022-12-14T08:41:23","slug":"plombieres-projection-de-maria-reve-presence-realisateurs","status":"publish","type":"post","link":"https:\/\/vosgesinfo.fr\/remiremontinfo\/2022\/12\/plombieres-projection-de-maria-reve-presence-realisateurs\/","title":{"rendered":"Plombi\u00e8res : projection de \u00ab\u00a0Maria r\u00eave\u00a0\u00bb en pr\u00e9sence des r\u00e9alisateurs"},"content":{"rendered":"<h2><a href=\"\/2022\/12\/unnamed1.jpg\"><img decoding=\"async\" class=\"alignnone size-large wp-image-359972\" src=\"\/2022\/12\/unnamed1-1024x772.jpg\" alt=\"unnamed\" width=\"960\" height=\"724\" \/><\/a><\/h2>\n<h2><span style=\"font-size: 12pt;\"><strong>A quelques jours de la fermeture pour de longs mois du cin\u00e9ma de Plombi\u00e8res, voici un nouvel \u00e9v\u00e9nement qui devrait r\u00e9jouir les passionn\u00e9s du 7\u00e8me art.\u00a0Vendredi, l&rsquo;\u00e9quipe de Plombi\u00e8res cin\u00e9ma recevra Lauriane\u00a0Escaffre et\u00a0Yvo Muller, les r\u00e9alisateurs de\u00a0\u00ab\u00a0Maria Reve\u00a0\u00bb<\/strong><\/span><\/h2>\n<div><\/div>\n<div>\n<div>\u00ab\u00a0Magnifique film, plein de sensibilit\u00e9, les r\u00e9alisateurs sont compar\u00e9s \u00e0 la paire Jaoui\/Bacri, rien que \u00e7a !\u00a0\u00bb, affirme l&rsquo;\u00e9quipe de Plombi\u00e8res cin\u00e9ma. \u00ab\u00a0Lauriane \u00e9tait d\u00e9j\u00e0 venue \u00e0 Plombi\u00e8res en 2021 pr\u00e9senter leur court m\u00e9trage C\u00e9saris\u00e9 PILE POIL\u00a0\u00bb.<\/div>\n<div><\/div>\n<div>\n<div>APERITIF offert \u00e0 partir de 20h<br \/>\nTarif 6\u20ac<\/div>\n<\/div>\n<\/div>\n<div><\/div>\n<div>\n<div><span style=\"color: #000000; font-family: arial, sans-serif; font-size: large;\">Toutes les informations sur\u00a0<a href=\"http:\/\/www.plombierescinema.fr\/\" target=\"_blank\" data-saferedirecturl=\"https:\/\/www.google.com\/url?q=http:\/\/www.plombierescinema.fr&amp;source=gmail&amp;ust=1671096755849000&amp;usg=AOvVaw1P259xrOzwARwuVoZDaDbG\" rel=\"noopener\">www.plombierescinema.fr.<\/a><\/span><\/div>\n<div><\/div>\n<div><span style=\"color: #000000; font-family: arial, sans-serif; font-size: large;\">1h 33min \/ Com\u00e9die, Romance<br \/>\nDe Lauriane Escaffre, Yvo Muller<br \/>\nAvec Karin Viard, Gr\u00e9gory Gadebois, Philippe Uchan<\/span><\/div>\n<div><span style=\"color: #000000; font-family: arial, sans-serif; font-size: large;\">Maria est femme de m\u00e9nage. Mari\u00e9e depuis 25 ans, r\u00e9serv\u00e9e, timide et maladroite, elle ne quitte jamais son carnet \u00e0 fleurs dans lequel elle \u00e9crit des po\u00e8mes en secret. Lorsqu\u2019elle est affect\u00e9e \u00e0 l&rsquo;\u00c9cole des Beaux-Arts, elle rencontre Hubert, le gardien fantasque de l&rsquo;\u00e9cole, et d\u00e9couvre un lieu fascinant o\u00f9 r\u00e8gnent la libert\u00e9, la cr\u00e9ativit\u00e9 et l&rsquo;audace&#8230; Dans ce monde si nouveau, Maria, qui a toujours \u00e9t\u00e9 d\u00e9vou\u00e9e et discr\u00e8te, va-t-elle enfin se laisser envahir par la vie ?<\/span><\/div>\n<\/div>\n","protected":false},"excerpt":{"rendered":"<p>A quelques jours de la fermeture pour de longs mois du cin\u00e9ma de Plombi\u00e8res, voici un nouvel \u00e9v\u00e9nement qui devrait [&hellip;]<\/p>\n","protected":false},"author":407,"featured_media":65688,"comment_status":"open","ping_status":"open","sticky":false,"template":"","format":"standard","meta":{"footnotes":""},"categories":[26,4,82,102],"tags":[76,5200,103],"class_list":["post-65687","post","type-post","status-publish","format-standard","has-post-thumbnail","hentry","category-a-la-une","category-culture","category-le-val-dajol-son-canton","category-plombieres-les-bains","tag-cinema","tag-maria-reve","tag-plombieres"],"acf":[],"yoast_head":"<!-- This site is optimized with the Yoast SEO plugin v22.5 - https:\/\/yoast.com\/wordpress\/plugins\/seo\/ -->\n<title>Plombi\u00e8res : projection de &quot;Maria r\u00eave&quot; en pr\u00e9sence des r\u00e9alisateurs - Remiremont Info<\/title>\n<meta name=\"robots\" content=\"index, follow, max-snippet:-1, max-image-preview:large, max-video-preview:-1\" \/>\n<link rel=\"canonical\" href=\"https:\/\/vosgesinfo.fr\/remiremontinfo\/2022\/12\/plombieres-projection-de-maria-reve-presence-realisateurs\/\" \/>\n<meta name=\"twitter:card\" content=\"summary_large_image\" \/>\n<meta name=\"twitter:title\" content=\"Plombi\u00e8res : projection de &quot;Maria r\u00eave&quot; en pr\u00e9sence des r\u00e9alisateurs - Remiremont Info\" \/>\n<meta name=\"twitter:description\" content=\"A quelques jours de la fermeture pour de longs mois du cin\u00e9ma de Plombi\u00e8res, voici un nouvel \u00e9v\u00e9nement qui devrait [&hellip;]\" \/>\n<meta name=\"twitter:image\" content=\"https:\/\/vosgesinfo.fr\/app\/uploads\/sites\/5\/2024\/09\/202212capture-decran-2022-12-14-103520.png\" \/>\n<meta name=\"twitter:creator\" content=\"@VosgesInfo88\" \/>\n<meta name=\"twitter:site\" content=\"@VosgesInfo88\" \/>\n<meta name=\"twitter:label1\" content=\"\u00c9crit par\" \/>\n\t<meta name=\"twitter:data1\" content=\"C D\" \/>\n\t<meta name=\"twitter:label2\" content=\"Dur\u00e9e de lecture estim\u00e9e\" \/>\n\t<meta name=\"twitter:data2\" content=\"1 minute\" \/>\n<script type=\"application\/ld+json\" class=\"yoast-schema-graph\">{\"@context\":\"https:\/\/schema.org\",\"@graph\":[{\"@type\":\"Article\",\"@id\":\"https:\/\/vosgesinfo.fr\/remiremontinfo\/2022\/12\/plombieres-projection-de-maria-reve-presence-realisateurs\/#article\",\"isPartOf\":{\"@id\":\"https:\/\/vosgesinfo.fr\/remiremontinfo\/2022\/12\/plombieres-projection-de-maria-reve-presence-realisateurs\/\"},\"author\":{\"name\":\"C D\",\"@id\":\"https:\/\/vosgesinfo.fr\/remiremontinfo\/#\/schema\/person\/3bfd164d5218a185b1db68655a265316\"},\"headline\":\"Plombi\u00e8res : projection de \u00ab\u00a0Maria r\u00eave\u00a0\u00bb en pr\u00e9sence des r\u00e9alisateurs\",\"datePublished\":\"2022-12-14T08:41:23+00:00\",\"dateModified\":\"2022-12-14T08:41:23+00:00\",\"mainEntityOfPage\":{\"@id\":\"https:\/\/vosgesinfo.fr\/remiremontinfo\/2022\/12\/plombieres-projection-de-maria-reve-presence-realisateurs\/\"},\"wordCount\":230,\"commentCount\":0,\"publisher\":{\"@id\":\"https:\/\/vosgesinfo.fr\/remiremontinfo\/#organization\"},\"image\":{\"@id\":\"https:\/\/vosgesinfo.fr\/remiremontinfo\/2022\/12\/plombieres-projection-de-maria-reve-presence-realisateurs\/#primaryimage\"},\"thumbnailUrl\":\"https:\/\/vosgesinfo.fr\/app\/uploads\/sites\/5\/2024\/09\/202212capture-decran-2022-12-14-103520.png\",\"keywords\":[\"cinema\",\"maria reve\",\"plombieres\"],\"articleSection\":[\"A la Une\",\"Culture\",\"Le Val-d'Ajol &amp; son canton\",\"Plombi\u00e8res-l\u00e8s-Bains\"],\"inLanguage\":\"fr-FR\",\"potentialAction\":[{\"@type\":\"CommentAction\",\"name\":\"Comment\",\"target\":[\"https:\/\/vosgesinfo.fr\/remiremontinfo\/2022\/12\/plombieres-projection-de-maria-reve-presence-realisateurs\/#respond\"]}]},{\"@type\":\"WebPage\",\"@id\":\"https:\/\/vosgesinfo.fr\/remiremontinfo\/2022\/12\/plombieres-projection-de-maria-reve-presence-realisateurs\/\",\"url\":\"https:\/\/vosgesinfo.fr\/remiremontinfo\/2022\/12\/plombieres-projection-de-maria-reve-presence-realisateurs\/\",\"name\":\"Plombi\u00e8res : projection de \\\"Maria r\u00eave\\\" en pr\u00e9sence des r\u00e9alisateurs - Remiremont Info\",\"isPartOf\":{\"@id\":\"https:\/\/vosgesinfo.fr\/remiremontinfo\/#website\"},\"primaryImageOfPage\":{\"@id\":\"https:\/\/vosgesinfo.fr\/remiremontinfo\/2022\/12\/plombieres-projection-de-maria-reve-presence-realisateurs\/#primaryimage\"},\"image\":{\"@id\":\"https:\/\/vosgesinfo.fr\/remiremontinfo\/2022\/12\/plombieres-projection-de-maria-reve-presence-realisateurs\/#primaryimage\"},\"thumbnailUrl\":\"https:\/\/vosgesinfo.fr\/app\/uploads\/sites\/5\/2024\/09\/202212capture-decran-2022-12-14-103520.png\",\"datePublished\":\"2022-12-14T08:41:23+00:00\",\"dateModified\":\"2022-12-14T08:41:23+00:00\",\"breadcrumb\":{\"@id\":\"https:\/\/vosgesinfo.fr\/remiremontinfo\/2022\/12\/plombieres-projection-de-maria-reve-presence-realisateurs\/#breadcrumb\"},\"inLanguage\":\"fr-FR\",\"potentialAction\":[{\"@type\":\"ReadAction\",\"target\":[\"https:\/\/vosgesinfo.fr\/remiremontinfo\/2022\/12\/plombieres-projection-de-maria-reve-presence-realisateurs\/\"]}]},{\"@type\":\"ImageObject\",\"inLanguage\":\"fr-FR\",\"@id\":\"https:\/\/vosgesinfo.fr\/remiremontinfo\/2022\/12\/plombieres-projection-de-maria-reve-presence-realisateurs\/#primaryimage\",\"url\":\"https:\/\/vosgesinfo.fr\/app\/uploads\/sites\/5\/2024\/09\/202212capture-decran-2022-12-14-103520.png\",\"contentUrl\":\"https:\/\/vosgesinfo.fr\/app\/uploads\/sites\/5\/2024\/09\/202212capture-decran-2022-12-14-103520.png\",\"width\":1005,\"height\":597},{\"@type\":\"BreadcrumbList\",\"@id\":\"https:\/\/vosgesinfo.fr\/remiremontinfo\/2022\/12\/plombieres-projection-de-maria-reve-presence-realisateurs\/#breadcrumb\",\"itemListElement\":[{\"@type\":\"ListItem\",\"position\":1,\"name\":\"Home\",\"item\":\"https:\/\/vosgesinfo.fr\/remiremontinfo\/\"},{\"@type\":\"ListItem\",\"position\":2,\"name\":\"Plombi\u00e8res : projection de \u00ab\u00a0Maria r\u00eave\u00a0\u00bb en pr\u00e9sence des r\u00e9alisateurs\"}]},{\"@type\":\"WebSite\",\"@id\":\"https:\/\/vosgesinfo.fr\/remiremontinfo\/#website\",\"url\":\"https:\/\/vosgesinfo.fr\/remiremontinfo\/\",\"name\":\"Remiremont Info\",\"description\":\"Toute l&#039;actualit\u00e9 de Remiremont\",\"publisher\":{\"@id\":\"https:\/\/vosgesinfo.fr\/remiremontinfo\/#organization\"},\"alternateName\":\"Toute l'actualit\u00e9 de Remiremont\",\"potentialAction\":[{\"@type\":\"SearchAction\",\"target\":{\"@type\":\"EntryPoint\",\"urlTemplate\":\"https:\/\/vosgesinfo.fr\/remiremontinfo\/?s={search_term_string}\"},\"query-input\":\"required name=search_term_string\"}],\"inLanguage\":\"fr-FR\"},{\"@type\":\"Organization\",\"@id\":\"https:\/\/vosgesinfo.fr\/remiremontinfo\/#organization\",\"name\":\"Remiremont Info\",\"url\":\"https:\/\/vosgesinfo.fr\/remiremontinfo\/\",\"logo\":{\"@type\":\"ImageObject\",\"inLanguage\":\"fr-FR\",\"@id\":\"https:\/\/vosgesinfo.fr\/remiremontinfo\/#\/schema\/logo\/image\/\",\"url\":\"https:\/\/vosgesinfo.fr\/app\/uploads\/sites\/5\/2023\/08\/favicon-remiremontinfo.png\",\"contentUrl\":\"https:\/\/vosgesinfo.fr\/app\/uploads\/sites\/5\/2023\/08\/favicon-remiremontinfo.png\",\"width\":512,\"height\":512,\"caption\":\"Remiremont Info\"},\"image\":{\"@id\":\"https:\/\/vosgesinfo.fr\/remiremontinfo\/#\/schema\/logo\/image\/\"},\"sameAs\":[\"https:\/\/www.facebook.com\/remiremontinfo\",\"https:\/\/x.com\/VosgesInfo88\",\"https:\/\/www.youtube.com\/@vosgesinfo\"]},{\"@type\":\"Person\",\"@id\":\"https:\/\/vosgesinfo.fr\/remiremontinfo\/#\/schema\/person\/3bfd164d5218a185b1db68655a265316\",\"name\":\"C D\",\"image\":{\"@type\":\"ImageObject\",\"inLanguage\":\"fr-FR\",\"@id\":\"https:\/\/vosgesinfo.fr\/remiremontinfo\/#\/schema\/person\/image\/\",\"url\":\"https:\/\/secure.gravatar.com\/avatar\/1f9a70007336511a47468b8f1c66f922b8b7cf617b02a31149ada43893a5d48f?s=96&d=mm&r=g\",\"contentUrl\":\"https:\/\/secure.gravatar.com\/avatar\/1f9a70007336511a47468b8f1c66f922b8b7cf617b02a31149ada43893a5d48f?s=96&d=mm&r=g\",\"caption\":\"C D\"},\"url\":\"https:\/\/vosgesinfo.fr\/remiremontinfo\/author\/cedric-drevet\/\"}]}<\/script>\n<!-- \/ Yoast SEO plugin. -->","yoast_head_json":{"title":"Plombi\u00e8res : projection de \"Maria r\u00eave\" en pr\u00e9sence des r\u00e9alisateurs - Remiremont Info","robots":{"index":"index","follow":"follow","max-snippet":"max-snippet:-1","max-image-preview":"max-image-preview:large","max-video-preview":"max-video-preview:-1"},"canonical":"https:\/\/vosgesinfo.fr\/remiremontinfo\/2022\/12\/plombieres-projection-de-maria-reve-presence-realisateurs\/","twitter_card":"summary_large_image","twitter_title":"Plombi\u00e8res : projection de \"Maria r\u00eave\" en pr\u00e9sence des r\u00e9alisateurs - Remiremont Info","twitter_description":"A quelques jours de la fermeture pour de longs mois du cin\u00e9ma de Plombi\u00e8res, voici un nouvel \u00e9v\u00e9nement qui devrait [&hellip;]","twitter_image":"https:\/\/vosgesinfo.fr\/app\/uploads\/sites\/5\/2024\/09\/202212capture-decran-2022-12-14-103520.png","twitter_creator":"@VosgesInfo88","twitter_site":"@VosgesInfo88","twitter_misc":{"\u00c9crit par":"C D","Dur\u00e9e de lecture estim\u00e9e":"1 minute"},"schema":{"@context":"https:\/\/schema.org","@graph":[{"@type":"Article","@id":"https:\/\/vosgesinfo.fr\/remiremontinfo\/2022\/12\/plombieres-projection-de-maria-reve-presence-realisateurs\/#article","isPartOf":{"@id":"https:\/\/vosgesinfo.fr\/remiremontinfo\/2022\/12\/plombieres-projection-de-maria-reve-presence-realisateurs\/"},"author":{"name":"C D","@id":"https:\/\/vosgesinfo.fr\/remiremontinfo\/#\/schema\/person\/3bfd164d5218a185b1db68655a265316"},"headline":"Plombi\u00e8res : projection de \u00ab\u00a0Maria r\u00eave\u00a0\u00bb en pr\u00e9sence des r\u00e9alisateurs","datePublished":"2022-12-14T08:41:23+00:00","dateModified":"2022-12-14T08:41:23+00:00","mainEntityOfPage":{"@id":"https:\/\/vosgesinfo.fr\/remiremontinfo\/2022\/12\/plombieres-projection-de-maria-reve-presence-realisateurs\/"},"wordCount":230,"commentCount":0,"publisher":{"@id":"https:\/\/vosgesinfo.fr\/remiremontinfo\/#organization"},"image":{"@id":"https:\/\/vosgesinfo.fr\/remiremontinfo\/2022\/12\/plombieres-projection-de-maria-reve-presence-realisateurs\/#primaryimage"},"thumbnailUrl":"https:\/\/vosgesinfo.fr\/app\/uploads\/sites\/5\/2024\/09\/202212capture-decran-2022-12-14-103520.png","keywords":["cinema","maria reve","plombieres"],"articleSection":["A la Une","Culture","Le Val-d'Ajol &amp; son canton","Plombi\u00e8res-l\u00e8s-Bains"],"inLanguage":"fr-FR","potentialAction":[{"@type":"CommentAction","name":"Comment","target":["https:\/\/vosgesinfo.fr\/remiremontinfo\/2022\/12\/plombieres-projection-de-maria-reve-presence-realisateurs\/#respond"]}]},{"@type":"WebPage","@id":"https:\/\/vosgesinfo.fr\/remiremontinfo\/2022\/12\/plombieres-projection-de-maria-reve-presence-realisateurs\/","url":"https:\/\/vosgesinfo.fr\/remiremontinfo\/2022\/12\/plombieres-projection-de-maria-reve-presence-realisateurs\/","name":"Plombi\u00e8res : projection de \"Maria r\u00eave\" en pr\u00e9sence des r\u00e9alisateurs - Remiremont Info","isPartOf":{"@id":"https:\/\/vosgesinfo.fr\/remiremontinfo\/#website"},"primaryImageOfPage":{"@id":"https:\/\/vosgesinfo.fr\/remiremontinfo\/2022\/12\/plombieres-projection-de-maria-reve-presence-realisateurs\/#primaryimage"},"image":{"@id":"https:\/\/vosgesinfo.fr\/remiremontinfo\/2022\/12\/plombieres-projection-de-maria-reve-presence-realisateurs\/#primaryimage"},"thumbnailUrl":"https:\/\/vosgesinfo.fr\/app\/uploads\/sites\/5\/2024\/09\/202212capture-decran-2022-12-14-103520.png","datePublished":"2022-12-14T08:41:23+00:00","dateModified":"2022-12-14T08:41:23+00:00","breadcrumb":{"@id":"https:\/\/vosgesinfo.fr\/remiremontinfo\/2022\/12\/plombieres-projection-de-maria-reve-presence-realisateurs\/#breadcrumb"},"inLanguage":"fr-FR","potentialAction":[{"@type":"ReadAction","target":["https:\/\/vosgesinfo.fr\/remiremontinfo\/2022\/12\/plombieres-projection-de-maria-reve-presence-realisateurs\/"]}]},{"@type":"ImageObject","inLanguage":"fr-FR","@id":"https:\/\/vosgesinfo.fr\/remiremontinfo\/2022\/12\/plombieres-projection-de-maria-reve-presence-realisateurs\/#primaryimage","url":"https:\/\/vosgesinfo.fr\/app\/uploads\/sites\/5\/2024\/09\/202212capture-decran-2022-12-14-103520.png","contentUrl":"https:\/\/vosgesinfo.fr\/app\/uploads\/sites\/5\/2024\/09\/202212capture-decran-2022-12-14-103520.png","width":1005,"height":597},{"@type":"BreadcrumbList","@id":"https:\/\/vosgesinfo.fr\/remiremontinfo\/2022\/12\/plombieres-projection-de-maria-reve-presence-realisateurs\/#breadcrumb","itemListElement":[{"@type":"ListItem","position":1,"name":"Home","item":"https:\/\/vosgesinfo.fr\/remiremontinfo\/"},{"@type":"ListItem","position":2,"name":"Plombi\u00e8res : projection de \u00ab\u00a0Maria r\u00eave\u00a0\u00bb en pr\u00e9sence des r\u00e9alisateurs"}]},{"@type":"WebSite","@id":"https:\/\/vosgesinfo.fr\/remiremontinfo\/#website","url":"https:\/\/vosgesinfo.fr\/remiremontinfo\/","name":"Remiremont Info","description":"Toute l&#039;actualit\u00e9 de Remiremont","publisher":{"@id":"https:\/\/vosgesinfo.fr\/remiremontinfo\/#organization"},"alternateName":"Toute l'actualit\u00e9 de Remiremont","potentialAction":[{"@type":"SearchAction","target":{"@type":"EntryPoint","urlTemplate":"https:\/\/vosgesinfo.fr\/remiremontinfo\/?s={search_term_string}"},"query-input":"required name=search_term_string"}],"inLanguage":"fr-FR"},{"@type":"Organization","@id":"https:\/\/vosgesinfo.fr\/remiremontinfo\/#organization","name":"Remiremont Info","url":"https:\/\/vosgesinfo.fr\/remiremontinfo\/","logo":{"@type":"ImageObject","inLanguage":"fr-FR","@id":"https:\/\/vosgesinfo.fr\/remiremontinfo\/#\/schema\/logo\/image\/","url":"https:\/\/vosgesinfo.fr\/app\/uploads\/sites\/5\/2023\/08\/favicon-remiremontinfo.png","contentUrl":"https:\/\/vosgesinfo.fr\/app\/uploads\/sites\/5\/2023\/08\/favicon-remiremontinfo.png","width":512,"height":512,"caption":"Remiremont Info"},"image":{"@id":"https:\/\/vosgesinfo.fr\/remiremontinfo\/#\/schema\/logo\/image\/"},"sameAs":["https:\/\/www.facebook.com\/remiremontinfo","https:\/\/x.com\/VosgesInfo88","https:\/\/www.youtube.com\/@vosgesinfo"]},{"@type":"Person","@id":"https:\/\/vosgesinfo.fr\/remiremontinfo\/#\/schema\/person\/3bfd164d5218a185b1db68655a265316","name":"C D","image":{"@type":"ImageObject","inLanguage":"fr-FR","@id":"https:\/\/vosgesinfo.fr\/remiremontinfo\/#\/schema\/person\/image\/","url":"https:\/\/secure.gravatar.com\/avatar\/1f9a70007336511a47468b8f1c66f922b8b7cf617b02a31149ada43893a5d48f?s=96&d=mm&r=g","contentUrl":"https:\/\/secure.gravatar.com\/avatar\/1f9a70007336511a47468b8f1c66f922b8b7cf617b02a31149ada43893a5d48f?s=96&d=mm&r=g","caption":"C D"},"url":"https:\/\/vosgesinfo.fr\/remiremontinfo\/author\/cedric-drevet\/"}]}},"_links":{"self":[{"href":"https:\/\/vosgesinfo.fr\/remiremontinfo\/wp-json\/wp\/v2\/posts\/65687","targetHints":{"allow":["GET"]}}],"collection":[{"href":"https:\/\/vosgesinfo.fr\/remiremontinfo\/wp-json\/wp\/v2\/posts"}],"about":[{"href":"https:\/\/vosgesinfo.fr\/remiremontinfo\/wp-json\/wp\/v2\/types\/post"}],"author":[{"embeddable":true,"href":"https:\/\/vosgesinfo.fr\/remiremontinfo\/wp-json\/wp\/v2\/users\/407"}],"replies":[{"embeddable":true,"href":"https:\/\/vosgesinfo.fr\/remiremontinfo\/wp-json\/wp\/v2\/comments?post=65687"}],"version-history":[{"count":0,"href":"https:\/\/vosgesinfo.fr\/remiremontinfo\/wp-json\/wp\/v2\/posts\/65687\/revisions"}],"wp:featuredmedia":[{"embeddable":true,"href":"https:\/\/vosgesinfo.fr\/remiremontinfo\/wp-json\/wp\/v2\/media\/65688"}],"wp:attachment":[{"href":"https:\/\/vosgesinfo.fr\/remiremontinfo\/wp-json\/wp\/v2\/media?parent=65687"}],"wp:term":[{"taxonomy":"category","embeddable":true,"href":"https:\/\/vosgesinfo.fr\/remiremontinfo\/wp-json\/wp\/v2\/categories?post=65687"},{"taxonomy":"post_tag","embeddable":true,"href":"https:\/\/vosgesinfo.fr\/remiremontinfo\/wp-json\/wp\/v2\/tags?post=65687"}],"curies":[{"name":"wp","href":"https:\/\/api.w.org\/{rel}","templated":true}]}}