{"id":65691,"date":"2022-12-14T13:01:09","date_gmt":"2022-12-14T12:01:09","guid":{"rendered":"https:\/\/vosgesinfo.fr\/remiremontinfo\/2022\/12\/inscriptions-ouvertes-ledition-2023-de-montee-historique-ballon-dalsace\/"},"modified":"2022-12-14T13:01:09","modified_gmt":"2022-12-14T12:01:09","slug":"inscriptions-ouvertes-ledition-2023-de-montee-historique-ballon-dalsace","status":"publish","type":"post","link":"https:\/\/vosgesinfo.fr\/remiremontinfo\/2022\/12\/inscriptions-ouvertes-ledition-2023-de-montee-historique-ballon-dalsace\/","title":{"rendered":"Les inscriptions sont ouvertes pour l&rsquo;\u00e9dition 2023 de la Mont\u00e9e Historique du Ballon d&rsquo;Alsace"},"content":{"rendered":"\n<h2><span style=\"font-size: 12pt;\"><strong>L\u2019\u00e9quipe d\u2019Historally a le plaisir de vous annoncer l\u2019ouverture officielle des inscriptions de la Mont\u00e9e Historique Internationale du Ballon d\u2019Alsace les 11-12-13 ao\u00fbt 2023. Vous pouvez y acc\u00e9der par le site <a href=\"http:\/\/www.monteeballondalsace.com\">http:\/\/www.monteeballondalsace.com<\/a> onglet inscriptions.\u00a0<\/strong><\/span><\/h2>\n<p>L\u2019onglet Pilote est tr\u00e8s riche en informations, plans, photo et doit r\u00e9pondre certainement \u00e0 la grande<\/p>\n<p>majorit\u00e9 des questions des \u00e9quipages. Les habitu\u00e9s retrouveront les 3 formules d\u2019inscription maintenant bien connues propos\u00e9es par Historally \u00e0 savoir Classic, Vintage et All Inclusive. Classic est la formule d\u2019entr\u00e9e, sp\u00e9cialement \u00e9tudi\u00e9e pour un pilote seul, une option permet cependant d\u2019inscrire un copilote ou passager. Vintage est la formule r\u00e9f\u00e9rence pour vivre pleinement \u00e0 deux cet \u00e9v\u00e9nement. All Inclusive comme le nom l\u2019indique, pour celles et ceux qui souhaitent une formule confortable hostellerie comprise.<\/p>\n<p>Nous profitons de cette occasion pour vous rappeler les grandes lignes de cette \u00e9dition 2023 qui s\u2019annonce en tous points exceptionnelle\u00a0:<\/p>\n<p>&#8211; Vendredi 11 et samedi 12 les formalit\u00e9s administratives et techniques \u00e0 BELFORT centre-ville<\/p>\n<p>&#8211; Samedi en soir\u00e9e Parade en Ville, r\u00e9ception \u00e0 l\u2019H\u00f4tel de Ville, puis Gala Garden Party<\/p>\n<p>-Dimanche 13 les mont\u00e9es au d\u00e9part de LEPUIX\/Malvaux<\/p>\n<p>Parcours 12,6 km. Arriv\u00e9e au Sommet du Ballon<\/p>\n<p>Parc de regroupement au sommet cot\u00e9 Vosgien.<\/p>\n<p><span style=\"font-size: 10pt;\"><em>Source\u00a0: Historally\u00a0<\/em><\/span><\/p>\n\n","protected":false},"excerpt":{"rendered":"<p>L\u2019\u00e9quipe d\u2019Historally a le plaisir de vous annoncer l\u2019ouverture officielle des inscriptions de la Mont\u00e9e Historique Internationale du Ballon d\u2019Alsace [&hellip;]<\/p>\n","protected":false},"author":407,"featured_media":214,"comment_status":"open","ping_status":"open","sticky":false,"template":"","format":"standard","meta":{"footnotes":""},"categories":[26,54,18],"tags":[2019,55,2497],"class_list":["post-65691","post","type-post","status-publish","format-standard","has-post-thumbnail","hentry","category-a-la-une","category-loisirs","category-vosges","tag-historally","tag-loisirs","tag-voshes"],"acf":[],"yoast_head":"<!-- This site is optimized with the Yoast SEO plugin v22.5 - https:\/\/yoast.com\/wordpress\/plugins\/seo\/ -->\n<title>Les inscriptions sont ouvertes pour l&#039;\u00e9dition 2023 de la Mont\u00e9e Historique du Ballon d&#039;Alsace - Remiremont Info<\/title>\n<meta name=\"robots\" content=\"index, follow, max-snippet:-1, max-image-preview:large, max-video-preview:-1\" \/>\n<link rel=\"canonical\" href=\"https:\/\/vosgesinfo.fr\/remiremontinfo\/2022\/12\/inscriptions-ouvertes-ledition-2023-de-montee-historique-ballon-dalsace\/\" \/>\n<meta name=\"twitter:card\" content=\"summary_large_image\" \/>\n<meta name=\"twitter:title\" content=\"Les inscriptions sont ouvertes pour l&#039;\u00e9dition 2023 de la Mont\u00e9e Historique du Ballon d&#039;Alsace - Remiremont Info\" \/>\n<meta name=\"twitter:description\" content=\"L\u2019\u00e9quipe d\u2019Historally a le plaisir de vous annoncer l\u2019ouverture officielle des inscriptions de la Mont\u00e9e Historique Internationale du Ballon d\u2019Alsace [&hellip;]\" \/>\n<meta name=\"twitter:image\" content=\"https:\/\/vosgesinfo.fr\/app\/uploads\/sites\/5\/2023\/08\/montee-historique-1.jpg\" \/>\n<meta name=\"twitter:creator\" content=\"@VosgesInfo88\" \/>\n<meta name=\"twitter:site\" content=\"@VosgesInfo88\" \/>\n<meta name=\"twitter:label1\" content=\"\u00c9crit par\" \/>\n\t<meta name=\"twitter:data1\" content=\"C D\" \/>\n\t<meta name=\"twitter:label2\" content=\"Dur\u00e9e de lecture estim\u00e9e\" \/>\n\t<meta name=\"twitter:data2\" content=\"1 minute\" \/>\n<script type=\"application\/ld+json\" class=\"yoast-schema-graph\">{\"@context\":\"https:\/\/schema.org\",\"@graph\":[{\"@type\":\"Article\",\"@id\":\"https:\/\/vosgesinfo.fr\/remiremontinfo\/2022\/12\/inscriptions-ouvertes-ledition-2023-de-montee-historique-ballon-dalsace\/#article\",\"isPartOf\":{\"@id\":\"https:\/\/vosgesinfo.fr\/remiremontinfo\/2022\/12\/inscriptions-ouvertes-ledition-2023-de-montee-historique-ballon-dalsace\/\"},\"author\":{\"name\":\"C D\",\"@id\":\"https:\/\/vosgesinfo.fr\/remiremontinfo\/#\/schema\/person\/3bfd164d5218a185b1db68655a265316\"},\"headline\":\"Les inscriptions sont ouvertes pour l&rsquo;\u00e9dition 2023 de la Mont\u00e9e Historique du Ballon d&rsquo;Alsace\",\"datePublished\":\"2022-12-14T12:01:09+00:00\",\"dateModified\":\"2022-12-14T12:01:09+00:00\",\"mainEntityOfPage\":{\"@id\":\"https:\/\/vosgesinfo.fr\/remiremontinfo\/2022\/12\/inscriptions-ouvertes-ledition-2023-de-montee-historique-ballon-dalsace\/\"},\"wordCount\":256,\"commentCount\":0,\"publisher\":{\"@id\":\"https:\/\/vosgesinfo.fr\/remiremontinfo\/#organization\"},\"image\":{\"@id\":\"https:\/\/vosgesinfo.fr\/remiremontinfo\/2022\/12\/inscriptions-ouvertes-ledition-2023-de-montee-historique-ballon-dalsace\/#primaryimage\"},\"thumbnailUrl\":\"https:\/\/vosgesinfo.fr\/app\/uploads\/sites\/5\/2023\/08\/montee-historique-1.jpg\",\"keywords\":[\"Historally\",\"Loisirs\",\"voshes\"],\"articleSection\":[\"A la Une\",\"Loisirs\",\"Vosges\"],\"inLanguage\":\"fr-FR\",\"potentialAction\":[{\"@type\":\"CommentAction\",\"name\":\"Comment\",\"target\":[\"https:\/\/vosgesinfo.fr\/remiremontinfo\/2022\/12\/inscriptions-ouvertes-ledition-2023-de-montee-historique-ballon-dalsace\/#respond\"]}]},{\"@type\":\"WebPage\",\"@id\":\"https:\/\/vosgesinfo.fr\/remiremontinfo\/2022\/12\/inscriptions-ouvertes-ledition-2023-de-montee-historique-ballon-dalsace\/\",\"url\":\"https:\/\/vosgesinfo.fr\/remiremontinfo\/2022\/12\/inscriptions-ouvertes-ledition-2023-de-montee-historique-ballon-dalsace\/\",\"name\":\"Les inscriptions sont ouvertes pour l'\u00e9dition 2023 de la Mont\u00e9e Historique du Ballon d'Alsace - Remiremont Info\",\"isPartOf\":{\"@id\":\"https:\/\/vosgesinfo.fr\/remiremontinfo\/#website\"},\"primaryImageOfPage\":{\"@id\":\"https:\/\/vosgesinfo.fr\/remiremontinfo\/2022\/12\/inscriptions-ouvertes-ledition-2023-de-montee-historique-ballon-dalsace\/#primaryimage\"},\"image\":{\"@id\":\"https:\/\/vosgesinfo.fr\/remiremontinfo\/2022\/12\/inscriptions-ouvertes-ledition-2023-de-montee-historique-ballon-dalsace\/#primaryimage\"},\"thumbnailUrl\":\"https:\/\/vosgesinfo.fr\/app\/uploads\/sites\/5\/2023\/08\/montee-historique-1.jpg\",\"datePublished\":\"2022-12-14T12:01:09+00:00\",\"dateModified\":\"2022-12-14T12:01:09+00:00\",\"breadcrumb\":{\"@id\":\"https:\/\/vosgesinfo.fr\/remiremontinfo\/2022\/12\/inscriptions-ouvertes-ledition-2023-de-montee-historique-ballon-dalsace\/#breadcrumb\"},\"inLanguage\":\"fr-FR\",\"potentialAction\":[{\"@type\":\"ReadAction\",\"target\":[\"https:\/\/vosgesinfo.fr\/remiremontinfo\/2022\/12\/inscriptions-ouvertes-ledition-2023-de-montee-historique-ballon-dalsace\/\"]}]},{\"@type\":\"ImageObject\",\"inLanguage\":\"fr-FR\",\"@id\":\"https:\/\/vosgesinfo.fr\/remiremontinfo\/2022\/12\/inscriptions-ouvertes-ledition-2023-de-montee-historique-ballon-dalsace\/#primaryimage\",\"url\":\"https:\/\/vosgesinfo.fr\/app\/uploads\/sites\/5\/2023\/08\/montee-historique-1.jpg\",\"contentUrl\":\"https:\/\/vosgesinfo.fr\/app\/uploads\/sites\/5\/2023\/08\/montee-historique-1.jpg\",\"width\":800,\"height\":533},{\"@type\":\"BreadcrumbList\",\"@id\":\"https:\/\/vosgesinfo.fr\/remiremontinfo\/2022\/12\/inscriptions-ouvertes-ledition-2023-de-montee-historique-ballon-dalsace\/#breadcrumb\",\"itemListElement\":[{\"@type\":\"ListItem\",\"position\":1,\"name\":\"Home\",\"item\":\"https:\/\/vosgesinfo.fr\/remiremontinfo\/\"},{\"@type\":\"ListItem\",\"position\":2,\"name\":\"Les inscriptions sont ouvertes pour l&rsquo;\u00e9dition 2023 de la Mont\u00e9e Historique du Ballon d&rsquo;Alsace\"}]},{\"@type\":\"WebSite\",\"@id\":\"https:\/\/vosgesinfo.fr\/remiremontinfo\/#website\",\"url\":\"https:\/\/vosgesinfo.fr\/remiremontinfo\/\",\"name\":\"Remiremont Info\",\"description\":\"Toute l&#039;actualit\u00e9 de Remiremont\",\"publisher\":{\"@id\":\"https:\/\/vosgesinfo.fr\/remiremontinfo\/#organization\"},\"alternateName\":\"Toute l'actualit\u00e9 de Remiremont\",\"potentialAction\":[{\"@type\":\"SearchAction\",\"target\":{\"@type\":\"EntryPoint\",\"urlTemplate\":\"https:\/\/vosgesinfo.fr\/remiremontinfo\/?s={search_term_string}\"},\"query-input\":\"required name=search_term_string\"}],\"inLanguage\":\"fr-FR\"},{\"@type\":\"Organization\",\"@id\":\"https:\/\/vosgesinfo.fr\/remiremontinfo\/#organization\",\"name\":\"Remiremont Info\",\"url\":\"https:\/\/vosgesinfo.fr\/remiremontinfo\/\",\"logo\":{\"@type\":\"ImageObject\",\"inLanguage\":\"fr-FR\",\"@id\":\"https:\/\/vosgesinfo.fr\/remiremontinfo\/#\/schema\/logo\/image\/\",\"url\":\"https:\/\/vosgesinfo.fr\/app\/uploads\/sites\/5\/2023\/08\/favicon-remiremontinfo.png\",\"contentUrl\":\"https:\/\/vosgesinfo.fr\/app\/uploads\/sites\/5\/2023\/08\/favicon-remiremontinfo.png\",\"width\":512,\"height\":512,\"caption\":\"Remiremont Info\"},\"image\":{\"@id\":\"https:\/\/vosgesinfo.fr\/remiremontinfo\/#\/schema\/logo\/image\/\"},\"sameAs\":[\"https:\/\/www.facebook.com\/remiremontinfo\",\"https:\/\/x.com\/VosgesInfo88\",\"https:\/\/www.youtube.com\/@vosgesinfo\"]},{\"@type\":\"Person\",\"@id\":\"https:\/\/vosgesinfo.fr\/remiremontinfo\/#\/schema\/person\/3bfd164d5218a185b1db68655a265316\",\"name\":\"C D\",\"image\":{\"@type\":\"ImageObject\",\"inLanguage\":\"fr-FR\",\"@id\":\"https:\/\/vosgesinfo.fr\/remiremontinfo\/#\/schema\/person\/image\/\",\"url\":\"https:\/\/secure.gravatar.com\/avatar\/1f9a70007336511a47468b8f1c66f922b8b7cf617b02a31149ada43893a5d48f?s=96&d=mm&r=g\",\"contentUrl\":\"https:\/\/secure.gravatar.com\/avatar\/1f9a70007336511a47468b8f1c66f922b8b7cf617b02a31149ada43893a5d48f?s=96&d=mm&r=g\",\"caption\":\"C D\"},\"url\":\"https:\/\/vosgesinfo.fr\/remiremontinfo\/author\/cedric-drevet\/\"}]}<\/script>\n<!-- \/ Yoast SEO plugin. -->","yoast_head_json":{"title":"Les inscriptions sont ouvertes pour l'\u00e9dition 2023 de la Mont\u00e9e Historique du Ballon d'Alsace - Remiremont Info","robots":{"index":"index","follow":"follow","max-snippet":"max-snippet:-1","max-image-preview":"max-image-preview:large","max-video-preview":"max-video-preview:-1"},"canonical":"https:\/\/vosgesinfo.fr\/remiremontinfo\/2022\/12\/inscriptions-ouvertes-ledition-2023-de-montee-historique-ballon-dalsace\/","twitter_card":"summary_large_image","twitter_title":"Les inscriptions sont ouvertes pour l'\u00e9dition 2023 de la Mont\u00e9e Historique du Ballon d'Alsace - Remiremont Info","twitter_description":"L\u2019\u00e9quipe d\u2019Historally a le plaisir de vous annoncer l\u2019ouverture officielle des inscriptions de la Mont\u00e9e Historique Internationale du Ballon d\u2019Alsace [&hellip;]","twitter_image":"https:\/\/vosgesinfo.fr\/app\/uploads\/sites\/5\/2023\/08\/montee-historique-1.jpg","twitter_creator":"@VosgesInfo88","twitter_site":"@VosgesInfo88","twitter_misc":{"\u00c9crit par":"C D","Dur\u00e9e de lecture estim\u00e9e":"1 minute"},"schema":{"@context":"https:\/\/schema.org","@graph":[{"@type":"Article","@id":"https:\/\/vosgesinfo.fr\/remiremontinfo\/2022\/12\/inscriptions-ouvertes-ledition-2023-de-montee-historique-ballon-dalsace\/#article","isPartOf":{"@id":"https:\/\/vosgesinfo.fr\/remiremontinfo\/2022\/12\/inscriptions-ouvertes-ledition-2023-de-montee-historique-ballon-dalsace\/"},"author":{"name":"C D","@id":"https:\/\/vosgesinfo.fr\/remiremontinfo\/#\/schema\/person\/3bfd164d5218a185b1db68655a265316"},"headline":"Les inscriptions sont ouvertes pour l&rsquo;\u00e9dition 2023 de la Mont\u00e9e Historique du Ballon d&rsquo;Alsace","datePublished":"2022-12-14T12:01:09+00:00","dateModified":"2022-12-14T12:01:09+00:00","mainEntityOfPage":{"@id":"https:\/\/vosgesinfo.fr\/remiremontinfo\/2022\/12\/inscriptions-ouvertes-ledition-2023-de-montee-historique-ballon-dalsace\/"},"wordCount":256,"commentCount":0,"publisher":{"@id":"https:\/\/vosgesinfo.fr\/remiremontinfo\/#organization"},"image":{"@id":"https:\/\/vosgesinfo.fr\/remiremontinfo\/2022\/12\/inscriptions-ouvertes-ledition-2023-de-montee-historique-ballon-dalsace\/#primaryimage"},"thumbnailUrl":"https:\/\/vosgesinfo.fr\/app\/uploads\/sites\/5\/2023\/08\/montee-historique-1.jpg","keywords":["Historally","Loisirs","voshes"],"articleSection":["A la Une","Loisirs","Vosges"],"inLanguage":"fr-FR","potentialAction":[{"@type":"CommentAction","name":"Comment","target":["https:\/\/vosgesinfo.fr\/remiremontinfo\/2022\/12\/inscriptions-ouvertes-ledition-2023-de-montee-historique-ballon-dalsace\/#respond"]}]},{"@type":"WebPage","@id":"https:\/\/vosgesinfo.fr\/remiremontinfo\/2022\/12\/inscriptions-ouvertes-ledition-2023-de-montee-historique-ballon-dalsace\/","url":"https:\/\/vosgesinfo.fr\/remiremontinfo\/2022\/12\/inscriptions-ouvertes-ledition-2023-de-montee-historique-ballon-dalsace\/","name":"Les inscriptions sont ouvertes pour l'\u00e9dition 2023 de la Mont\u00e9e Historique du Ballon d'Alsace - Remiremont Info","isPartOf":{"@id":"https:\/\/vosgesinfo.fr\/remiremontinfo\/#website"},"primaryImageOfPage":{"@id":"https:\/\/vosgesinfo.fr\/remiremontinfo\/2022\/12\/inscriptions-ouvertes-ledition-2023-de-montee-historique-ballon-dalsace\/#primaryimage"},"image":{"@id":"https:\/\/vosgesinfo.fr\/remiremontinfo\/2022\/12\/inscriptions-ouvertes-ledition-2023-de-montee-historique-ballon-dalsace\/#primaryimage"},"thumbnailUrl":"https:\/\/vosgesinfo.fr\/app\/uploads\/sites\/5\/2023\/08\/montee-historique-1.jpg","datePublished":"2022-12-14T12:01:09+00:00","dateModified":"2022-12-14T12:01:09+00:00","breadcrumb":{"@id":"https:\/\/vosgesinfo.fr\/remiremontinfo\/2022\/12\/inscriptions-ouvertes-ledition-2023-de-montee-historique-ballon-dalsace\/#breadcrumb"},"inLanguage":"fr-FR","potentialAction":[{"@type":"ReadAction","target":["https:\/\/vosgesinfo.fr\/remiremontinfo\/2022\/12\/inscriptions-ouvertes-ledition-2023-de-montee-historique-ballon-dalsace\/"]}]},{"@type":"ImageObject","inLanguage":"fr-FR","@id":"https:\/\/vosgesinfo.fr\/remiremontinfo\/2022\/12\/inscriptions-ouvertes-ledition-2023-de-montee-historique-ballon-dalsace\/#primaryimage","url":"https:\/\/vosgesinfo.fr\/app\/uploads\/sites\/5\/2023\/08\/montee-historique-1.jpg","contentUrl":"https:\/\/vosgesinfo.fr\/app\/uploads\/sites\/5\/2023\/08\/montee-historique-1.jpg","width":800,"height":533},{"@type":"BreadcrumbList","@id":"https:\/\/vosgesinfo.fr\/remiremontinfo\/2022\/12\/inscriptions-ouvertes-ledition-2023-de-montee-historique-ballon-dalsace\/#breadcrumb","itemListElement":[{"@type":"ListItem","position":1,"name":"Home","item":"https:\/\/vosgesinfo.fr\/remiremontinfo\/"},{"@type":"ListItem","position":2,"name":"Les inscriptions sont ouvertes pour l&rsquo;\u00e9dition 2023 de la Mont\u00e9e Historique du Ballon d&rsquo;Alsace"}]},{"@type":"WebSite","@id":"https:\/\/vosgesinfo.fr\/remiremontinfo\/#website","url":"https:\/\/vosgesinfo.fr\/remiremontinfo\/","name":"Remiremont Info","description":"Toute l&#039;actualit\u00e9 de Remiremont","publisher":{"@id":"https:\/\/vosgesinfo.fr\/remiremontinfo\/#organization"},"alternateName":"Toute l'actualit\u00e9 de Remiremont","potentialAction":[{"@type":"SearchAction","target":{"@type":"EntryPoint","urlTemplate":"https:\/\/vosgesinfo.fr\/remiremontinfo\/?s={search_term_string}"},"query-input":"required name=search_term_string"}],"inLanguage":"fr-FR"},{"@type":"Organization","@id":"https:\/\/vosgesinfo.fr\/remiremontinfo\/#organization","name":"Remiremont Info","url":"https:\/\/vosgesinfo.fr\/remiremontinfo\/","logo":{"@type":"ImageObject","inLanguage":"fr-FR","@id":"https:\/\/vosgesinfo.fr\/remiremontinfo\/#\/schema\/logo\/image\/","url":"https:\/\/vosgesinfo.fr\/app\/uploads\/sites\/5\/2023\/08\/favicon-remiremontinfo.png","contentUrl":"https:\/\/vosgesinfo.fr\/app\/uploads\/sites\/5\/2023\/08\/favicon-remiremontinfo.png","width":512,"height":512,"caption":"Remiremont Info"},"image":{"@id":"https:\/\/vosgesinfo.fr\/remiremontinfo\/#\/schema\/logo\/image\/"},"sameAs":["https:\/\/www.facebook.com\/remiremontinfo","https:\/\/x.com\/VosgesInfo88","https:\/\/www.youtube.com\/@vosgesinfo"]},{"@type":"Person","@id":"https:\/\/vosgesinfo.fr\/remiremontinfo\/#\/schema\/person\/3bfd164d5218a185b1db68655a265316","name":"C D","image":{"@type":"ImageObject","inLanguage":"fr-FR","@id":"https:\/\/vosgesinfo.fr\/remiremontinfo\/#\/schema\/person\/image\/","url":"https:\/\/secure.gravatar.com\/avatar\/1f9a70007336511a47468b8f1c66f922b8b7cf617b02a31149ada43893a5d48f?s=96&d=mm&r=g","contentUrl":"https:\/\/secure.gravatar.com\/avatar\/1f9a70007336511a47468b8f1c66f922b8b7cf617b02a31149ada43893a5d48f?s=96&d=mm&r=g","caption":"C D"},"url":"https:\/\/vosgesinfo.fr\/remiremontinfo\/author\/cedric-drevet\/"}]}},"_links":{"self":[{"href":"https:\/\/vosgesinfo.fr\/remiremontinfo\/wp-json\/wp\/v2\/posts\/65691","targetHints":{"allow":["GET"]}}],"collection":[{"href":"https:\/\/vosgesinfo.fr\/remiremontinfo\/wp-json\/wp\/v2\/posts"}],"about":[{"href":"https:\/\/vosgesinfo.fr\/remiremontinfo\/wp-json\/wp\/v2\/types\/post"}],"author":[{"embeddable":true,"href":"https:\/\/vosgesinfo.fr\/remiremontinfo\/wp-json\/wp\/v2\/users\/407"}],"replies":[{"embeddable":true,"href":"https:\/\/vosgesinfo.fr\/remiremontinfo\/wp-json\/wp\/v2\/comments?post=65691"}],"version-history":[{"count":0,"href":"https:\/\/vosgesinfo.fr\/remiremontinfo\/wp-json\/wp\/v2\/posts\/65691\/revisions"}],"wp:featuredmedia":[{"embeddable":true,"href":"https:\/\/vosgesinfo.fr\/remiremontinfo\/wp-json\/wp\/v2\/media\/214"}],"wp:attachment":[{"href":"https:\/\/vosgesinfo.fr\/remiremontinfo\/wp-json\/wp\/v2\/media?parent=65691"}],"wp:term":[{"taxonomy":"category","embeddable":true,"href":"https:\/\/vosgesinfo.fr\/remiremontinfo\/wp-json\/wp\/v2\/categories?post=65691"},{"taxonomy":"post_tag","embeddable":true,"href":"https:\/\/vosgesinfo.fr\/remiremontinfo\/wp-json\/wp\/v2\/tags?post=65691"}],"curies":[{"name":"wp","href":"https:\/\/api.w.org\/{rel}","templated":true}]}}