{"id":65699,"date":"2022-12-14T13:01:58","date_gmt":"2022-12-14T12:01:58","guid":{"rendered":"https:\/\/vosgesinfo.fr\/remiremontinfo\/2022\/12\/conduite-etat-dalcoolemie-francois-vannson-sera-juge-mois-de-juin\/"},"modified":"2022-12-14T13:01:58","modified_gmt":"2022-12-14T12:01:58","slug":"conduite-etat-dalcoolemie-francois-vannson-sera-juge-mois-de-juin","status":"publish","type":"post","link":"https:\/\/vosgesinfo.fr\/remiremontinfo\/2022\/12\/conduite-etat-dalcoolemie-francois-vannson-sera-juge-mois-de-juin\/","title":{"rendered":"Conduite en \u00e9tat d\u2019alcool\u00e9mie : Fran\u00e7ois Vannson sera jug\u00e9 au mois de juin"},"content":{"rendered":"<h2><strong>Ce mercredi 14 d\u00e9cembre, le pr\u00e9sident du Conseil d\u00e9partemental des Vosges, Fran\u00e7ois Vannson comparaissait devant le tribunal correctionnel d\u2019Epinal pour conduite en \u00e9tat d\u2019alcool\u00e9mie et mise en danger de la vie d\u2019autrui. Le proc\u00e8s pr\u00e9vu ce mercredi matin au tribunal correctionnel\u00a0d\u2019\u00c9pinal a \u00e9t\u00e9 report\u00e9 au 9 juin 2023. La juge a refus\u00e9 l\u2019accord propos\u00e9 par le Procureur de la R\u00e9publique et Fran\u00e7ois Vannson. Celui-ci proposait 2 000 euros d\u2019amende et six mois de suspension de permis.<\/strong><\/h2>\n<p>Fran\u00e7ois Vannson, le pr\u00e9sident du Conseil d\u00e9partemental des Vosges avait rendez-vous devant le tribunal correctionnel d\u2019Epinal, ce mercredi 14<\/p>\n","protected":false},"excerpt":{"rendered":"<p>Ce mercredi 14 d\u00e9cembre, le pr\u00e9sident du Conseil d\u00e9partemental des Vosges, Fran\u00e7ois Vannson comparaissait devant le tribunal correctionnel d\u2019Epinal pour [&hellip;]<\/p>\n","protected":false},"author":407,"featured_media":65700,"comment_status":"open","ping_status":"open","sticky":false,"template":"","format":"standard","meta":{"footnotes":""},"categories":[26,138,18],"tags":[],"class_list":["post-65699","post","type-post","status-publish","format-standard","has-post-thumbnail","hentry","category-a-la-une","category-justice","category-vosges"],"acf":[],"yoast_head":"<!-- This site is optimized with the Yoast SEO plugin v22.5 - https:\/\/yoast.com\/wordpress\/plugins\/seo\/ -->\n<title>Conduite en \u00e9tat d\u2019alcool\u00e9mie : Fran\u00e7ois Vannson sera jug\u00e9 au mois de juin - Remiremont Info<\/title>\n<meta name=\"robots\" content=\"index, follow, max-snippet:-1, max-image-preview:large, max-video-preview:-1\" \/>\n<link rel=\"canonical\" href=\"https:\/\/vosgesinfo.fr\/remiremontinfo\/2022\/12\/conduite-etat-dalcoolemie-francois-vannson-sera-juge-mois-de-juin\/\" \/>\n<meta name=\"twitter:card\" content=\"summary_large_image\" \/>\n<meta name=\"twitter:title\" content=\"Conduite en \u00e9tat d\u2019alcool\u00e9mie : Fran\u00e7ois Vannson sera jug\u00e9 au mois de juin - Remiremont Info\" \/>\n<meta name=\"twitter:description\" content=\"Ce mercredi 14 d\u00e9cembre, le pr\u00e9sident du Conseil d\u00e9partemental des Vosges, Fran\u00e7ois Vannson comparaissait devant le tribunal correctionnel d\u2019Epinal pour [&hellip;]\" \/>\n<meta name=\"twitter:image\" content=\"https:\/\/vosgesinfo.fr\/app\/uploads\/sites\/5\/2024\/09\/202202tribunal-epinal-766x510-5.jpg\" \/>\n<meta name=\"twitter:creator\" content=\"@VosgesInfo88\" \/>\n<meta name=\"twitter:site\" content=\"@VosgesInfo88\" \/>\n<meta name=\"twitter:label1\" content=\"\u00c9crit par\" \/>\n\t<meta name=\"twitter:data1\" content=\"C D\" \/>\n\t<meta name=\"twitter:label2\" content=\"Dur\u00e9e de lecture estim\u00e9e\" \/>\n\t<meta name=\"twitter:data2\" content=\"1 minute\" \/>\n<script type=\"application\/ld+json\" class=\"yoast-schema-graph\">{\"@context\":\"https:\/\/schema.org\",\"@graph\":[{\"@type\":\"Article\",\"@id\":\"https:\/\/vosgesinfo.fr\/remiremontinfo\/2022\/12\/conduite-etat-dalcoolemie-francois-vannson-sera-juge-mois-de-juin\/#article\",\"isPartOf\":{\"@id\":\"https:\/\/vosgesinfo.fr\/remiremontinfo\/2022\/12\/conduite-etat-dalcoolemie-francois-vannson-sera-juge-mois-de-juin\/\"},\"author\":{\"name\":\"C D\",\"@id\":\"https:\/\/vosgesinfo.fr\/remiremontinfo\/#\/schema\/person\/3bfd164d5218a185b1db68655a265316\"},\"headline\":\"Conduite en \u00e9tat d\u2019alcool\u00e9mie : Fran\u00e7ois Vannson sera jug\u00e9 au mois de juin\",\"datePublished\":\"2022-12-14T12:01:58+00:00\",\"dateModified\":\"2022-12-14T12:01:58+00:00\",\"mainEntityOfPage\":{\"@id\":\"https:\/\/vosgesinfo.fr\/remiremontinfo\/2022\/12\/conduite-etat-dalcoolemie-francois-vannson-sera-juge-mois-de-juin\/\"},\"wordCount\":124,\"commentCount\":0,\"publisher\":{\"@id\":\"https:\/\/vosgesinfo.fr\/remiremontinfo\/#organization\"},\"image\":{\"@id\":\"https:\/\/vosgesinfo.fr\/remiremontinfo\/2022\/12\/conduite-etat-dalcoolemie-francois-vannson-sera-juge-mois-de-juin\/#primaryimage\"},\"thumbnailUrl\":\"https:\/\/vosgesinfo.fr\/app\/uploads\/sites\/5\/2024\/09\/202202tribunal-epinal-766x510-5.jpg\",\"articleSection\":[\"A la Une\",\"Justice\",\"Vosges\"],\"inLanguage\":\"fr-FR\",\"potentialAction\":[{\"@type\":\"CommentAction\",\"name\":\"Comment\",\"target\":[\"https:\/\/vosgesinfo.fr\/remiremontinfo\/2022\/12\/conduite-etat-dalcoolemie-francois-vannson-sera-juge-mois-de-juin\/#respond\"]}]},{\"@type\":\"WebPage\",\"@id\":\"https:\/\/vosgesinfo.fr\/remiremontinfo\/2022\/12\/conduite-etat-dalcoolemie-francois-vannson-sera-juge-mois-de-juin\/\",\"url\":\"https:\/\/vosgesinfo.fr\/remiremontinfo\/2022\/12\/conduite-etat-dalcoolemie-francois-vannson-sera-juge-mois-de-juin\/\",\"name\":\"Conduite en \u00e9tat d\u2019alcool\u00e9mie : Fran\u00e7ois Vannson sera jug\u00e9 au mois de juin - Remiremont Info\",\"isPartOf\":{\"@id\":\"https:\/\/vosgesinfo.fr\/remiremontinfo\/#website\"},\"primaryImageOfPage\":{\"@id\":\"https:\/\/vosgesinfo.fr\/remiremontinfo\/2022\/12\/conduite-etat-dalcoolemie-francois-vannson-sera-juge-mois-de-juin\/#primaryimage\"},\"image\":{\"@id\":\"https:\/\/vosgesinfo.fr\/remiremontinfo\/2022\/12\/conduite-etat-dalcoolemie-francois-vannson-sera-juge-mois-de-juin\/#primaryimage\"},\"thumbnailUrl\":\"https:\/\/vosgesinfo.fr\/app\/uploads\/sites\/5\/2024\/09\/202202tribunal-epinal-766x510-5.jpg\",\"datePublished\":\"2022-12-14T12:01:58+00:00\",\"dateModified\":\"2022-12-14T12:01:58+00:00\",\"breadcrumb\":{\"@id\":\"https:\/\/vosgesinfo.fr\/remiremontinfo\/2022\/12\/conduite-etat-dalcoolemie-francois-vannson-sera-juge-mois-de-juin\/#breadcrumb\"},\"inLanguage\":\"fr-FR\",\"potentialAction\":[{\"@type\":\"ReadAction\",\"target\":[\"https:\/\/vosgesinfo.fr\/remiremontinfo\/2022\/12\/conduite-etat-dalcoolemie-francois-vannson-sera-juge-mois-de-juin\/\"]}]},{\"@type\":\"ImageObject\",\"inLanguage\":\"fr-FR\",\"@id\":\"https:\/\/vosgesinfo.fr\/remiremontinfo\/2022\/12\/conduite-etat-dalcoolemie-francois-vannson-sera-juge-mois-de-juin\/#primaryimage\",\"url\":\"https:\/\/vosgesinfo.fr\/app\/uploads\/sites\/5\/2024\/09\/202202tribunal-epinal-766x510-5.jpg\",\"contentUrl\":\"https:\/\/vosgesinfo.fr\/app\/uploads\/sites\/5\/2024\/09\/202202tribunal-epinal-766x510-5.jpg\",\"width\":766,\"height\":510},{\"@type\":\"BreadcrumbList\",\"@id\":\"https:\/\/vosgesinfo.fr\/remiremontinfo\/2022\/12\/conduite-etat-dalcoolemie-francois-vannson-sera-juge-mois-de-juin\/#breadcrumb\",\"itemListElement\":[{\"@type\":\"ListItem\",\"position\":1,\"name\":\"Home\",\"item\":\"https:\/\/vosgesinfo.fr\/remiremontinfo\/\"},{\"@type\":\"ListItem\",\"position\":2,\"name\":\"Conduite en \u00e9tat d\u2019alcool\u00e9mie : Fran\u00e7ois Vannson sera jug\u00e9 au mois de juin\"}]},{\"@type\":\"WebSite\",\"@id\":\"https:\/\/vosgesinfo.fr\/remiremontinfo\/#website\",\"url\":\"https:\/\/vosgesinfo.fr\/remiremontinfo\/\",\"name\":\"Remiremont Info\",\"description\":\"Toute l&#039;actualit\u00e9 de Remiremont\",\"publisher\":{\"@id\":\"https:\/\/vosgesinfo.fr\/remiremontinfo\/#organization\"},\"alternateName\":\"Toute l'actualit\u00e9 de Remiremont\",\"potentialAction\":[{\"@type\":\"SearchAction\",\"target\":{\"@type\":\"EntryPoint\",\"urlTemplate\":\"https:\/\/vosgesinfo.fr\/remiremontinfo\/?s={search_term_string}\"},\"query-input\":\"required name=search_term_string\"}],\"inLanguage\":\"fr-FR\"},{\"@type\":\"Organization\",\"@id\":\"https:\/\/vosgesinfo.fr\/remiremontinfo\/#organization\",\"name\":\"Remiremont Info\",\"url\":\"https:\/\/vosgesinfo.fr\/remiremontinfo\/\",\"logo\":{\"@type\":\"ImageObject\",\"inLanguage\":\"fr-FR\",\"@id\":\"https:\/\/vosgesinfo.fr\/remiremontinfo\/#\/schema\/logo\/image\/\",\"url\":\"https:\/\/vosgesinfo.fr\/app\/uploads\/sites\/5\/2023\/08\/favicon-remiremontinfo.png\",\"contentUrl\":\"https:\/\/vosgesinfo.fr\/app\/uploads\/sites\/5\/2023\/08\/favicon-remiremontinfo.png\",\"width\":512,\"height\":512,\"caption\":\"Remiremont Info\"},\"image\":{\"@id\":\"https:\/\/vosgesinfo.fr\/remiremontinfo\/#\/schema\/logo\/image\/\"},\"sameAs\":[\"https:\/\/www.facebook.com\/remiremontinfo\",\"https:\/\/x.com\/VosgesInfo88\",\"https:\/\/www.youtube.com\/@vosgesinfo\"]},{\"@type\":\"Person\",\"@id\":\"https:\/\/vosgesinfo.fr\/remiremontinfo\/#\/schema\/person\/3bfd164d5218a185b1db68655a265316\",\"name\":\"C D\",\"image\":{\"@type\":\"ImageObject\",\"inLanguage\":\"fr-FR\",\"@id\":\"https:\/\/vosgesinfo.fr\/remiremontinfo\/#\/schema\/person\/image\/\",\"url\":\"https:\/\/secure.gravatar.com\/avatar\/1f9a70007336511a47468b8f1c66f922b8b7cf617b02a31149ada43893a5d48f?s=96&d=mm&r=g\",\"contentUrl\":\"https:\/\/secure.gravatar.com\/avatar\/1f9a70007336511a47468b8f1c66f922b8b7cf617b02a31149ada43893a5d48f?s=96&d=mm&r=g\",\"caption\":\"C D\"},\"url\":\"https:\/\/vosgesinfo.fr\/remiremontinfo\/author\/cedric-drevet\/\"}]}<\/script>\n<!-- \/ Yoast SEO plugin. -->","yoast_head_json":{"title":"Conduite en \u00e9tat d\u2019alcool\u00e9mie : Fran\u00e7ois Vannson sera jug\u00e9 au mois de juin - Remiremont Info","robots":{"index":"index","follow":"follow","max-snippet":"max-snippet:-1","max-image-preview":"max-image-preview:large","max-video-preview":"max-video-preview:-1"},"canonical":"https:\/\/vosgesinfo.fr\/remiremontinfo\/2022\/12\/conduite-etat-dalcoolemie-francois-vannson-sera-juge-mois-de-juin\/","twitter_card":"summary_large_image","twitter_title":"Conduite en \u00e9tat d\u2019alcool\u00e9mie : Fran\u00e7ois Vannson sera jug\u00e9 au mois de juin - Remiremont Info","twitter_description":"Ce mercredi 14 d\u00e9cembre, le pr\u00e9sident du Conseil d\u00e9partemental des Vosges, Fran\u00e7ois Vannson comparaissait devant le tribunal correctionnel d\u2019Epinal pour [&hellip;]","twitter_image":"https:\/\/vosgesinfo.fr\/app\/uploads\/sites\/5\/2024\/09\/202202tribunal-epinal-766x510-5.jpg","twitter_creator":"@VosgesInfo88","twitter_site":"@VosgesInfo88","twitter_misc":{"\u00c9crit par":"C D","Dur\u00e9e de lecture estim\u00e9e":"1 minute"},"schema":{"@context":"https:\/\/schema.org","@graph":[{"@type":"Article","@id":"https:\/\/vosgesinfo.fr\/remiremontinfo\/2022\/12\/conduite-etat-dalcoolemie-francois-vannson-sera-juge-mois-de-juin\/#article","isPartOf":{"@id":"https:\/\/vosgesinfo.fr\/remiremontinfo\/2022\/12\/conduite-etat-dalcoolemie-francois-vannson-sera-juge-mois-de-juin\/"},"author":{"name":"C D","@id":"https:\/\/vosgesinfo.fr\/remiremontinfo\/#\/schema\/person\/3bfd164d5218a185b1db68655a265316"},"headline":"Conduite en \u00e9tat d\u2019alcool\u00e9mie : Fran\u00e7ois Vannson sera jug\u00e9 au mois de juin","datePublished":"2022-12-14T12:01:58+00:00","dateModified":"2022-12-14T12:01:58+00:00","mainEntityOfPage":{"@id":"https:\/\/vosgesinfo.fr\/remiremontinfo\/2022\/12\/conduite-etat-dalcoolemie-francois-vannson-sera-juge-mois-de-juin\/"},"wordCount":124,"commentCount":0,"publisher":{"@id":"https:\/\/vosgesinfo.fr\/remiremontinfo\/#organization"},"image":{"@id":"https:\/\/vosgesinfo.fr\/remiremontinfo\/2022\/12\/conduite-etat-dalcoolemie-francois-vannson-sera-juge-mois-de-juin\/#primaryimage"},"thumbnailUrl":"https:\/\/vosgesinfo.fr\/app\/uploads\/sites\/5\/2024\/09\/202202tribunal-epinal-766x510-5.jpg","articleSection":["A la Une","Justice","Vosges"],"inLanguage":"fr-FR","potentialAction":[{"@type":"CommentAction","name":"Comment","target":["https:\/\/vosgesinfo.fr\/remiremontinfo\/2022\/12\/conduite-etat-dalcoolemie-francois-vannson-sera-juge-mois-de-juin\/#respond"]}]},{"@type":"WebPage","@id":"https:\/\/vosgesinfo.fr\/remiremontinfo\/2022\/12\/conduite-etat-dalcoolemie-francois-vannson-sera-juge-mois-de-juin\/","url":"https:\/\/vosgesinfo.fr\/remiremontinfo\/2022\/12\/conduite-etat-dalcoolemie-francois-vannson-sera-juge-mois-de-juin\/","name":"Conduite en \u00e9tat d\u2019alcool\u00e9mie : Fran\u00e7ois Vannson sera jug\u00e9 au mois de juin - Remiremont Info","isPartOf":{"@id":"https:\/\/vosgesinfo.fr\/remiremontinfo\/#website"},"primaryImageOfPage":{"@id":"https:\/\/vosgesinfo.fr\/remiremontinfo\/2022\/12\/conduite-etat-dalcoolemie-francois-vannson-sera-juge-mois-de-juin\/#primaryimage"},"image":{"@id":"https:\/\/vosgesinfo.fr\/remiremontinfo\/2022\/12\/conduite-etat-dalcoolemie-francois-vannson-sera-juge-mois-de-juin\/#primaryimage"},"thumbnailUrl":"https:\/\/vosgesinfo.fr\/app\/uploads\/sites\/5\/2024\/09\/202202tribunal-epinal-766x510-5.jpg","datePublished":"2022-12-14T12:01:58+00:00","dateModified":"2022-12-14T12:01:58+00:00","breadcrumb":{"@id":"https:\/\/vosgesinfo.fr\/remiremontinfo\/2022\/12\/conduite-etat-dalcoolemie-francois-vannson-sera-juge-mois-de-juin\/#breadcrumb"},"inLanguage":"fr-FR","potentialAction":[{"@type":"ReadAction","target":["https:\/\/vosgesinfo.fr\/remiremontinfo\/2022\/12\/conduite-etat-dalcoolemie-francois-vannson-sera-juge-mois-de-juin\/"]}]},{"@type":"ImageObject","inLanguage":"fr-FR","@id":"https:\/\/vosgesinfo.fr\/remiremontinfo\/2022\/12\/conduite-etat-dalcoolemie-francois-vannson-sera-juge-mois-de-juin\/#primaryimage","url":"https:\/\/vosgesinfo.fr\/app\/uploads\/sites\/5\/2024\/09\/202202tribunal-epinal-766x510-5.jpg","contentUrl":"https:\/\/vosgesinfo.fr\/app\/uploads\/sites\/5\/2024\/09\/202202tribunal-epinal-766x510-5.jpg","width":766,"height":510},{"@type":"BreadcrumbList","@id":"https:\/\/vosgesinfo.fr\/remiremontinfo\/2022\/12\/conduite-etat-dalcoolemie-francois-vannson-sera-juge-mois-de-juin\/#breadcrumb","itemListElement":[{"@type":"ListItem","position":1,"name":"Home","item":"https:\/\/vosgesinfo.fr\/remiremontinfo\/"},{"@type":"ListItem","position":2,"name":"Conduite en \u00e9tat d\u2019alcool\u00e9mie : Fran\u00e7ois Vannson sera jug\u00e9 au mois de juin"}]},{"@type":"WebSite","@id":"https:\/\/vosgesinfo.fr\/remiremontinfo\/#website","url":"https:\/\/vosgesinfo.fr\/remiremontinfo\/","name":"Remiremont Info","description":"Toute l&#039;actualit\u00e9 de Remiremont","publisher":{"@id":"https:\/\/vosgesinfo.fr\/remiremontinfo\/#organization"},"alternateName":"Toute l'actualit\u00e9 de Remiremont","potentialAction":[{"@type":"SearchAction","target":{"@type":"EntryPoint","urlTemplate":"https:\/\/vosgesinfo.fr\/remiremontinfo\/?s={search_term_string}"},"query-input":"required name=search_term_string"}],"inLanguage":"fr-FR"},{"@type":"Organization","@id":"https:\/\/vosgesinfo.fr\/remiremontinfo\/#organization","name":"Remiremont Info","url":"https:\/\/vosgesinfo.fr\/remiremontinfo\/","logo":{"@type":"ImageObject","inLanguage":"fr-FR","@id":"https:\/\/vosgesinfo.fr\/remiremontinfo\/#\/schema\/logo\/image\/","url":"https:\/\/vosgesinfo.fr\/app\/uploads\/sites\/5\/2023\/08\/favicon-remiremontinfo.png","contentUrl":"https:\/\/vosgesinfo.fr\/app\/uploads\/sites\/5\/2023\/08\/favicon-remiremontinfo.png","width":512,"height":512,"caption":"Remiremont Info"},"image":{"@id":"https:\/\/vosgesinfo.fr\/remiremontinfo\/#\/schema\/logo\/image\/"},"sameAs":["https:\/\/www.facebook.com\/remiremontinfo","https:\/\/x.com\/VosgesInfo88","https:\/\/www.youtube.com\/@vosgesinfo"]},{"@type":"Person","@id":"https:\/\/vosgesinfo.fr\/remiremontinfo\/#\/schema\/person\/3bfd164d5218a185b1db68655a265316","name":"C D","image":{"@type":"ImageObject","inLanguage":"fr-FR","@id":"https:\/\/vosgesinfo.fr\/remiremontinfo\/#\/schema\/person\/image\/","url":"https:\/\/secure.gravatar.com\/avatar\/1f9a70007336511a47468b8f1c66f922b8b7cf617b02a31149ada43893a5d48f?s=96&d=mm&r=g","contentUrl":"https:\/\/secure.gravatar.com\/avatar\/1f9a70007336511a47468b8f1c66f922b8b7cf617b02a31149ada43893a5d48f?s=96&d=mm&r=g","caption":"C D"},"url":"https:\/\/vosgesinfo.fr\/remiremontinfo\/author\/cedric-drevet\/"}]}},"_links":{"self":[{"href":"https:\/\/vosgesinfo.fr\/remiremontinfo\/wp-json\/wp\/v2\/posts\/65699","targetHints":{"allow":["GET"]}}],"collection":[{"href":"https:\/\/vosgesinfo.fr\/remiremontinfo\/wp-json\/wp\/v2\/posts"}],"about":[{"href":"https:\/\/vosgesinfo.fr\/remiremontinfo\/wp-json\/wp\/v2\/types\/post"}],"author":[{"embeddable":true,"href":"https:\/\/vosgesinfo.fr\/remiremontinfo\/wp-json\/wp\/v2\/users\/407"}],"replies":[{"embeddable":true,"href":"https:\/\/vosgesinfo.fr\/remiremontinfo\/wp-json\/wp\/v2\/comments?post=65699"}],"version-history":[{"count":0,"href":"https:\/\/vosgesinfo.fr\/remiremontinfo\/wp-json\/wp\/v2\/posts\/65699\/revisions"}],"wp:featuredmedia":[{"embeddable":true,"href":"https:\/\/vosgesinfo.fr\/remiremontinfo\/wp-json\/wp\/v2\/media\/65700"}],"wp:attachment":[{"href":"https:\/\/vosgesinfo.fr\/remiremontinfo\/wp-json\/wp\/v2\/media?parent=65699"}],"wp:term":[{"taxonomy":"category","embeddable":true,"href":"https:\/\/vosgesinfo.fr\/remiremontinfo\/wp-json\/wp\/v2\/categories?post=65699"},{"taxonomy":"post_tag","embeddable":true,"href":"https:\/\/vosgesinfo.fr\/remiremontinfo\/wp-json\/wp\/v2\/tags?post=65699"}],"curies":[{"name":"wp","href":"https:\/\/api.w.org\/{rel}","templated":true}]}}