{"id":65747,"date":"2022-12-15T11:08:37","date_gmt":"2022-12-15T10:08:37","guid":{"rendered":"https:\/\/vosgesinfo.fr\/remiremontinfo\/2022\/12\/eloyes-operation-recrutement-chez-mauffrey\/"},"modified":"2022-12-15T11:08:37","modified_gmt":"2022-12-15T10:08:37","slug":"eloyes-operation-recrutement-chez-mauffrey","status":"publish","type":"post","link":"https:\/\/vosgesinfo.fr\/remiremontinfo\/2022\/12\/eloyes-operation-recrutement-chez-mauffrey\/","title":{"rendered":"Eloyes : op\u00e9ration recrutement chez Mauffrey"},"content":{"rendered":"<p><a href=\"\/2022\/12\/DSC_0649.jpg\"><img decoding=\"async\" class=\"alignnone size-large wp-image-360094\" src=\"\/2022\/12\/DSC_0649-1024x737.jpg\" alt=\"DSC_0649\" width=\"960\" height=\"691\" \/><\/a><\/p>\n<p><span style=\"font-size: 10pt;\"><em><a href=\"https:\/\/remiremontinfo.fr\/2022\/05\/eloyes-groupe-mauffrey-inaugure-academy\/\">Photo d&rsquo;archive, illustration<\/a>\u00a0<\/em><\/span><\/p>\n<h2><span style=\"font-size: 12pt;\"><strong>Le jeudi 8 d\u00e9cembre s&rsquo;est d\u00e9roul\u00e9 dans le b\u00e2timent flambant neuf de \u00a0\u00bb La Mauffrey Academy \u00a0\u00bb situ\u00e9 dans la zone industrielle loyate, une journ\u00e9e porte ouverte pour les demandeurs d&#8217;emploi. L&rsquo;entreprise est toujours \u00e0 la recherche de chauffeurs poids lourds. Cette journ\u00e9e, en partenariat avec p\u00f4le emploi a vu la pr\u00e9sence d&rsquo;une vingtaine de personnes int\u00e9ress\u00e9es.\u00a0<\/strong><\/span><\/h2>\n<p>Celles ci ont \u00e9t\u00e9 accueillies pour diverses informations concernant les m\u00e9tiers et formations dispens\u00e9es, les engagements et les valeurs du groupe. La journ\u00e9e s&rsquo;est poursuivie par la visite de l&rsquo;acad\u00e9mie et du site d&rsquo;exploitation. Pour finir, la pr\u00e9sentation d&rsquo;un camion n&rsquo;a sans aucun doute fini de convaincre les int\u00e9ress\u00e9s si on en croit le positionnement de quasiment tous les visiteurs sur le processus de recrutement.<\/p>\n<p>&nbsp;<\/p>\n","protected":false},"excerpt":{"rendered":"<p>Photo d&rsquo;archive, illustration\u00a0 Le jeudi 8 d\u00e9cembre s&rsquo;est d\u00e9roul\u00e9 dans le b\u00e2timent flambant neuf de \u00a0\u00bb La Mauffrey Academy \u00a0\u00bb [&hellip;]<\/p>\n","protected":false},"author":410,"featured_media":65748,"comment_status":"open","ping_status":"open","sticky":false,"template":"","format":"standard","meta":{"footnotes":""},"categories":[26,318,35],"tags":[319,264,1054,427],"class_list":["post-65747","post","type-post","status-publish","format-standard","has-post-thumbnail","hentry","category-a-la-une","category-eloyes","category-remiremont-son-canton","tag-eloyes","tag-emploi","tag-mauffrey","tag-recrutement"],"acf":[],"yoast_head":"<!-- This site is optimized with the Yoast SEO plugin v22.5 - https:\/\/yoast.com\/wordpress\/plugins\/seo\/ -->\n<title>Eloyes : op\u00e9ration recrutement chez Mauffrey - Remiremont Info<\/title>\n<meta name=\"robots\" content=\"index, follow, max-snippet:-1, max-image-preview:large, max-video-preview:-1\" \/>\n<link rel=\"canonical\" href=\"https:\/\/vosgesinfo.fr\/remiremontinfo\/2022\/12\/eloyes-operation-recrutement-chez-mauffrey\/\" \/>\n<meta name=\"twitter:card\" content=\"summary_large_image\" \/>\n<meta name=\"twitter:title\" content=\"Eloyes : op\u00e9ration recrutement chez Mauffrey - Remiremont Info\" \/>\n<meta name=\"twitter:description\" content=\"Photo d&rsquo;archive, illustration\u00a0 Le jeudi 8 d\u00e9cembre s&rsquo;est d\u00e9roul\u00e9 dans le b\u00e2timent flambant neuf de \u00a0\u00bb La Mauffrey Academy \u00a0\u00bb [&hellip;]\" \/>\n<meta name=\"twitter:image\" content=\"https:\/\/vosgesinfo.fr\/app\/uploads\/sites\/5\/2024\/09\/202212dsc-0649.jpg\" \/>\n<meta name=\"twitter:creator\" content=\"@VosgesInfo88\" \/>\n<meta name=\"twitter:site\" content=\"@VosgesInfo88\" \/>\n<meta name=\"twitter:label1\" content=\"\u00c9crit par\" \/>\n\t<meta name=\"twitter:data1\" content=\"David G\" \/>\n\t<meta name=\"twitter:label2\" content=\"Dur\u00e9e de lecture estim\u00e9e\" \/>\n\t<meta name=\"twitter:data2\" content=\"1 minute\" \/>\n<script type=\"application\/ld+json\" class=\"yoast-schema-graph\">{\"@context\":\"https:\/\/schema.org\",\"@graph\":[{\"@type\":\"Article\",\"@id\":\"https:\/\/vosgesinfo.fr\/remiremontinfo\/2022\/12\/eloyes-operation-recrutement-chez-mauffrey\/#article\",\"isPartOf\":{\"@id\":\"https:\/\/vosgesinfo.fr\/remiremontinfo\/2022\/12\/eloyes-operation-recrutement-chez-mauffrey\/\"},\"author\":{\"name\":\"David G\",\"@id\":\"https:\/\/vosgesinfo.fr\/remiremontinfo\/#\/schema\/person\/bb264dc74a23cbe4301eb9a8fb6df8ad\"},\"headline\":\"Eloyes : op\u00e9ration recrutement chez Mauffrey\",\"datePublished\":\"2022-12-15T10:08:37+00:00\",\"dateModified\":\"2022-12-15T10:08:37+00:00\",\"mainEntityOfPage\":{\"@id\":\"https:\/\/vosgesinfo.fr\/remiremontinfo\/2022\/12\/eloyes-operation-recrutement-chez-mauffrey\/\"},\"wordCount\":154,\"commentCount\":0,\"publisher\":{\"@id\":\"https:\/\/vosgesinfo.fr\/remiremontinfo\/#organization\"},\"image\":{\"@id\":\"https:\/\/vosgesinfo.fr\/remiremontinfo\/2022\/12\/eloyes-operation-recrutement-chez-mauffrey\/#primaryimage\"},\"thumbnailUrl\":\"https:\/\/vosgesinfo.fr\/app\/uploads\/sites\/5\/2024\/09\/202212dsc-0649.jpg\",\"keywords\":[\"eloyes\",\"emploi\",\"Mauffrey\",\"recrutement\"],\"articleSection\":[\"A la Une\",\"Eloyes\",\"Remiremont &amp; son canton\"],\"inLanguage\":\"fr-FR\",\"potentialAction\":[{\"@type\":\"CommentAction\",\"name\":\"Comment\",\"target\":[\"https:\/\/vosgesinfo.fr\/remiremontinfo\/2022\/12\/eloyes-operation-recrutement-chez-mauffrey\/#respond\"]}]},{\"@type\":\"WebPage\",\"@id\":\"https:\/\/vosgesinfo.fr\/remiremontinfo\/2022\/12\/eloyes-operation-recrutement-chez-mauffrey\/\",\"url\":\"https:\/\/vosgesinfo.fr\/remiremontinfo\/2022\/12\/eloyes-operation-recrutement-chez-mauffrey\/\",\"name\":\"Eloyes : op\u00e9ration recrutement chez Mauffrey - Remiremont Info\",\"isPartOf\":{\"@id\":\"https:\/\/vosgesinfo.fr\/remiremontinfo\/#website\"},\"primaryImageOfPage\":{\"@id\":\"https:\/\/vosgesinfo.fr\/remiremontinfo\/2022\/12\/eloyes-operation-recrutement-chez-mauffrey\/#primaryimage\"},\"image\":{\"@id\":\"https:\/\/vosgesinfo.fr\/remiremontinfo\/2022\/12\/eloyes-operation-recrutement-chez-mauffrey\/#primaryimage\"},\"thumbnailUrl\":\"https:\/\/vosgesinfo.fr\/app\/uploads\/sites\/5\/2024\/09\/202212dsc-0649.jpg\",\"datePublished\":\"2022-12-15T10:08:37+00:00\",\"dateModified\":\"2022-12-15T10:08:37+00:00\",\"breadcrumb\":{\"@id\":\"https:\/\/vosgesinfo.fr\/remiremontinfo\/2022\/12\/eloyes-operation-recrutement-chez-mauffrey\/#breadcrumb\"},\"inLanguage\":\"fr-FR\",\"potentialAction\":[{\"@type\":\"ReadAction\",\"target\":[\"https:\/\/vosgesinfo.fr\/remiremontinfo\/2022\/12\/eloyes-operation-recrutement-chez-mauffrey\/\"]}]},{\"@type\":\"ImageObject\",\"inLanguage\":\"fr-FR\",\"@id\":\"https:\/\/vosgesinfo.fr\/remiremontinfo\/2022\/12\/eloyes-operation-recrutement-chez-mauffrey\/#primaryimage\",\"url\":\"https:\/\/vosgesinfo.fr\/app\/uploads\/sites\/5\/2024\/09\/202212dsc-0649.jpg\",\"contentUrl\":\"https:\/\/vosgesinfo.fr\/app\/uploads\/sites\/5\/2024\/09\/202212dsc-0649.jpg\",\"width\":1053,\"height\":758},{\"@type\":\"BreadcrumbList\",\"@id\":\"https:\/\/vosgesinfo.fr\/remiremontinfo\/2022\/12\/eloyes-operation-recrutement-chez-mauffrey\/#breadcrumb\",\"itemListElement\":[{\"@type\":\"ListItem\",\"position\":1,\"name\":\"Home\",\"item\":\"https:\/\/vosgesinfo.fr\/remiremontinfo\/\"},{\"@type\":\"ListItem\",\"position\":2,\"name\":\"Eloyes : op\u00e9ration recrutement chez Mauffrey\"}]},{\"@type\":\"WebSite\",\"@id\":\"https:\/\/vosgesinfo.fr\/remiremontinfo\/#website\",\"url\":\"https:\/\/vosgesinfo.fr\/remiremontinfo\/\",\"name\":\"Remiremont Info\",\"description\":\"Toute l&#039;actualit\u00e9 de Remiremont\",\"publisher\":{\"@id\":\"https:\/\/vosgesinfo.fr\/remiremontinfo\/#organization\"},\"alternateName\":\"Toute l'actualit\u00e9 de Remiremont\",\"potentialAction\":[{\"@type\":\"SearchAction\",\"target\":{\"@type\":\"EntryPoint\",\"urlTemplate\":\"https:\/\/vosgesinfo.fr\/remiremontinfo\/?s={search_term_string}\"},\"query-input\":\"required name=search_term_string\"}],\"inLanguage\":\"fr-FR\"},{\"@type\":\"Organization\",\"@id\":\"https:\/\/vosgesinfo.fr\/remiremontinfo\/#organization\",\"name\":\"Remiremont Info\",\"url\":\"https:\/\/vosgesinfo.fr\/remiremontinfo\/\",\"logo\":{\"@type\":\"ImageObject\",\"inLanguage\":\"fr-FR\",\"@id\":\"https:\/\/vosgesinfo.fr\/remiremontinfo\/#\/schema\/logo\/image\/\",\"url\":\"https:\/\/vosgesinfo.fr\/app\/uploads\/sites\/5\/2023\/08\/favicon-remiremontinfo.png\",\"contentUrl\":\"https:\/\/vosgesinfo.fr\/app\/uploads\/sites\/5\/2023\/08\/favicon-remiremontinfo.png\",\"width\":512,\"height\":512,\"caption\":\"Remiremont Info\"},\"image\":{\"@id\":\"https:\/\/vosgesinfo.fr\/remiremontinfo\/#\/schema\/logo\/image\/\"},\"sameAs\":[\"https:\/\/www.facebook.com\/remiremontinfo\",\"https:\/\/x.com\/VosgesInfo88\",\"https:\/\/www.youtube.com\/@vosgesinfo\"]},{\"@type\":\"Person\",\"@id\":\"https:\/\/vosgesinfo.fr\/remiremontinfo\/#\/schema\/person\/bb264dc74a23cbe4301eb9a8fb6df8ad\",\"name\":\"David G\",\"image\":{\"@type\":\"ImageObject\",\"inLanguage\":\"fr-FR\",\"@id\":\"https:\/\/vosgesinfo.fr\/remiremontinfo\/#\/schema\/person\/image\/\",\"url\":\"https:\/\/secure.gravatar.com\/avatar\/5ca4fbbd960b4393047a6779d7f74b03f9ce1d828097d6e25f2d4cce06d47a51?s=96&d=mm&r=g\",\"contentUrl\":\"https:\/\/secure.gravatar.com\/avatar\/5ca4fbbd960b4393047a6779d7f74b03f9ce1d828097d6e25f2d4cce06d47a51?s=96&d=mm&r=g\",\"caption\":\"David G\"},\"url\":\"https:\/\/vosgesinfo.fr\/remiremontinfo\/author\/dgg88200\/\"}]}<\/script>\n<!-- \/ Yoast SEO plugin. -->","yoast_head_json":{"title":"Eloyes : op\u00e9ration recrutement chez Mauffrey - Remiremont Info","robots":{"index":"index","follow":"follow","max-snippet":"max-snippet:-1","max-image-preview":"max-image-preview:large","max-video-preview":"max-video-preview:-1"},"canonical":"https:\/\/vosgesinfo.fr\/remiremontinfo\/2022\/12\/eloyes-operation-recrutement-chez-mauffrey\/","twitter_card":"summary_large_image","twitter_title":"Eloyes : op\u00e9ration recrutement chez Mauffrey - Remiremont Info","twitter_description":"Photo d&rsquo;archive, illustration\u00a0 Le jeudi 8 d\u00e9cembre s&rsquo;est d\u00e9roul\u00e9 dans le b\u00e2timent flambant neuf de \u00a0\u00bb La Mauffrey Academy \u00a0\u00bb [&hellip;]","twitter_image":"https:\/\/vosgesinfo.fr\/app\/uploads\/sites\/5\/2024\/09\/202212dsc-0649.jpg","twitter_creator":"@VosgesInfo88","twitter_site":"@VosgesInfo88","twitter_misc":{"\u00c9crit par":"David G","Dur\u00e9e de lecture estim\u00e9e":"1 minute"},"schema":{"@context":"https:\/\/schema.org","@graph":[{"@type":"Article","@id":"https:\/\/vosgesinfo.fr\/remiremontinfo\/2022\/12\/eloyes-operation-recrutement-chez-mauffrey\/#article","isPartOf":{"@id":"https:\/\/vosgesinfo.fr\/remiremontinfo\/2022\/12\/eloyes-operation-recrutement-chez-mauffrey\/"},"author":{"name":"David G","@id":"https:\/\/vosgesinfo.fr\/remiremontinfo\/#\/schema\/person\/bb264dc74a23cbe4301eb9a8fb6df8ad"},"headline":"Eloyes : op\u00e9ration recrutement chez Mauffrey","datePublished":"2022-12-15T10:08:37+00:00","dateModified":"2022-12-15T10:08:37+00:00","mainEntityOfPage":{"@id":"https:\/\/vosgesinfo.fr\/remiremontinfo\/2022\/12\/eloyes-operation-recrutement-chez-mauffrey\/"},"wordCount":154,"commentCount":0,"publisher":{"@id":"https:\/\/vosgesinfo.fr\/remiremontinfo\/#organization"},"image":{"@id":"https:\/\/vosgesinfo.fr\/remiremontinfo\/2022\/12\/eloyes-operation-recrutement-chez-mauffrey\/#primaryimage"},"thumbnailUrl":"https:\/\/vosgesinfo.fr\/app\/uploads\/sites\/5\/2024\/09\/202212dsc-0649.jpg","keywords":["eloyes","emploi","Mauffrey","recrutement"],"articleSection":["A la Une","Eloyes","Remiremont &amp; son canton"],"inLanguage":"fr-FR","potentialAction":[{"@type":"CommentAction","name":"Comment","target":["https:\/\/vosgesinfo.fr\/remiremontinfo\/2022\/12\/eloyes-operation-recrutement-chez-mauffrey\/#respond"]}]},{"@type":"WebPage","@id":"https:\/\/vosgesinfo.fr\/remiremontinfo\/2022\/12\/eloyes-operation-recrutement-chez-mauffrey\/","url":"https:\/\/vosgesinfo.fr\/remiremontinfo\/2022\/12\/eloyes-operation-recrutement-chez-mauffrey\/","name":"Eloyes : op\u00e9ration recrutement chez Mauffrey - Remiremont Info","isPartOf":{"@id":"https:\/\/vosgesinfo.fr\/remiremontinfo\/#website"},"primaryImageOfPage":{"@id":"https:\/\/vosgesinfo.fr\/remiremontinfo\/2022\/12\/eloyes-operation-recrutement-chez-mauffrey\/#primaryimage"},"image":{"@id":"https:\/\/vosgesinfo.fr\/remiremontinfo\/2022\/12\/eloyes-operation-recrutement-chez-mauffrey\/#primaryimage"},"thumbnailUrl":"https:\/\/vosgesinfo.fr\/app\/uploads\/sites\/5\/2024\/09\/202212dsc-0649.jpg","datePublished":"2022-12-15T10:08:37+00:00","dateModified":"2022-12-15T10:08:37+00:00","breadcrumb":{"@id":"https:\/\/vosgesinfo.fr\/remiremontinfo\/2022\/12\/eloyes-operation-recrutement-chez-mauffrey\/#breadcrumb"},"inLanguage":"fr-FR","potentialAction":[{"@type":"ReadAction","target":["https:\/\/vosgesinfo.fr\/remiremontinfo\/2022\/12\/eloyes-operation-recrutement-chez-mauffrey\/"]}]},{"@type":"ImageObject","inLanguage":"fr-FR","@id":"https:\/\/vosgesinfo.fr\/remiremontinfo\/2022\/12\/eloyes-operation-recrutement-chez-mauffrey\/#primaryimage","url":"https:\/\/vosgesinfo.fr\/app\/uploads\/sites\/5\/2024\/09\/202212dsc-0649.jpg","contentUrl":"https:\/\/vosgesinfo.fr\/app\/uploads\/sites\/5\/2024\/09\/202212dsc-0649.jpg","width":1053,"height":758},{"@type":"BreadcrumbList","@id":"https:\/\/vosgesinfo.fr\/remiremontinfo\/2022\/12\/eloyes-operation-recrutement-chez-mauffrey\/#breadcrumb","itemListElement":[{"@type":"ListItem","position":1,"name":"Home","item":"https:\/\/vosgesinfo.fr\/remiremontinfo\/"},{"@type":"ListItem","position":2,"name":"Eloyes : op\u00e9ration recrutement chez Mauffrey"}]},{"@type":"WebSite","@id":"https:\/\/vosgesinfo.fr\/remiremontinfo\/#website","url":"https:\/\/vosgesinfo.fr\/remiremontinfo\/","name":"Remiremont Info","description":"Toute l&#039;actualit\u00e9 de Remiremont","publisher":{"@id":"https:\/\/vosgesinfo.fr\/remiremontinfo\/#organization"},"alternateName":"Toute l'actualit\u00e9 de Remiremont","potentialAction":[{"@type":"SearchAction","target":{"@type":"EntryPoint","urlTemplate":"https:\/\/vosgesinfo.fr\/remiremontinfo\/?s={search_term_string}"},"query-input":"required name=search_term_string"}],"inLanguage":"fr-FR"},{"@type":"Organization","@id":"https:\/\/vosgesinfo.fr\/remiremontinfo\/#organization","name":"Remiremont Info","url":"https:\/\/vosgesinfo.fr\/remiremontinfo\/","logo":{"@type":"ImageObject","inLanguage":"fr-FR","@id":"https:\/\/vosgesinfo.fr\/remiremontinfo\/#\/schema\/logo\/image\/","url":"https:\/\/vosgesinfo.fr\/app\/uploads\/sites\/5\/2023\/08\/favicon-remiremontinfo.png","contentUrl":"https:\/\/vosgesinfo.fr\/app\/uploads\/sites\/5\/2023\/08\/favicon-remiremontinfo.png","width":512,"height":512,"caption":"Remiremont Info"},"image":{"@id":"https:\/\/vosgesinfo.fr\/remiremontinfo\/#\/schema\/logo\/image\/"},"sameAs":["https:\/\/www.facebook.com\/remiremontinfo","https:\/\/x.com\/VosgesInfo88","https:\/\/www.youtube.com\/@vosgesinfo"]},{"@type":"Person","@id":"https:\/\/vosgesinfo.fr\/remiremontinfo\/#\/schema\/person\/bb264dc74a23cbe4301eb9a8fb6df8ad","name":"David G","image":{"@type":"ImageObject","inLanguage":"fr-FR","@id":"https:\/\/vosgesinfo.fr\/remiremontinfo\/#\/schema\/person\/image\/","url":"https:\/\/secure.gravatar.com\/avatar\/5ca4fbbd960b4393047a6779d7f74b03f9ce1d828097d6e25f2d4cce06d47a51?s=96&d=mm&r=g","contentUrl":"https:\/\/secure.gravatar.com\/avatar\/5ca4fbbd960b4393047a6779d7f74b03f9ce1d828097d6e25f2d4cce06d47a51?s=96&d=mm&r=g","caption":"David G"},"url":"https:\/\/vosgesinfo.fr\/remiremontinfo\/author\/dgg88200\/"}]}},"_links":{"self":[{"href":"https:\/\/vosgesinfo.fr\/remiremontinfo\/wp-json\/wp\/v2\/posts\/65747","targetHints":{"allow":["GET"]}}],"collection":[{"href":"https:\/\/vosgesinfo.fr\/remiremontinfo\/wp-json\/wp\/v2\/posts"}],"about":[{"href":"https:\/\/vosgesinfo.fr\/remiremontinfo\/wp-json\/wp\/v2\/types\/post"}],"author":[{"embeddable":true,"href":"https:\/\/vosgesinfo.fr\/remiremontinfo\/wp-json\/wp\/v2\/users\/410"}],"replies":[{"embeddable":true,"href":"https:\/\/vosgesinfo.fr\/remiremontinfo\/wp-json\/wp\/v2\/comments?post=65747"}],"version-history":[{"count":0,"href":"https:\/\/vosgesinfo.fr\/remiremontinfo\/wp-json\/wp\/v2\/posts\/65747\/revisions"}],"wp:featuredmedia":[{"embeddable":true,"href":"https:\/\/vosgesinfo.fr\/remiremontinfo\/wp-json\/wp\/v2\/media\/65748"}],"wp:attachment":[{"href":"https:\/\/vosgesinfo.fr\/remiremontinfo\/wp-json\/wp\/v2\/media?parent=65747"}],"wp:term":[{"taxonomy":"category","embeddable":true,"href":"https:\/\/vosgesinfo.fr\/remiremontinfo\/wp-json\/wp\/v2\/categories?post=65747"},{"taxonomy":"post_tag","embeddable":true,"href":"https:\/\/vosgesinfo.fr\/remiremontinfo\/wp-json\/wp\/v2\/tags?post=65747"}],"curies":[{"name":"wp","href":"https:\/\/api.w.org\/{rel}","templated":true}]}}