{"id":65798,"date":"2022-12-16T11:08:57","date_gmt":"2022-12-16T10:08:57","guid":{"rendered":"https:\/\/vosgesinfo.fr\/remiremontinfo\/2022\/12\/lorraine-industriels-consternes-indignes-informations-relatives-a-de-possibles-delestages-reseaux-electriques\/"},"modified":"2022-12-16T11:08:57","modified_gmt":"2022-12-16T10:08:57","slug":"lorraine-industriels-consternes-indignes-informations-relatives-a-de-possibles-delestages-reseaux-electriques","status":"publish","type":"post","link":"https:\/\/vosgesinfo.fr\/remiremontinfo\/2022\/12\/lorraine-industriels-consternes-indignes-informations-relatives-a-de-possibles-delestages-reseaux-electriques\/","title":{"rendered":"Lorraine \u2013 Les industriels \u00ab constern\u00e9s et indign\u00e9s par les informations relatives \u00e0 de possibles d\u00e9lestages sur les r\u00e9seaux \u00e9lectriques \u00bb"},"content":{"rendered":"<h2><strong>Dans une lettre ouverte en date de ce mercredi 15 d\u00e9cembre, adress\u00e9e au pr\u00e9fet de R\u00e9gion et aux pr\u00e9fets des d\u00e9partements lorrains, le pr\u00e9sident de l\u2019UIMM Lorraine Herv\u00e9 Bauduin relaie \u00ab\u00a0la consternation et l\u2019indignation des industriels lorrains par les informations relatives \u00e0 de possibles d\u00e9lestages sur les r\u00e9seaux \u00e9lectriques.\u00a0\u00bb<\/strong><\/h2>\n<p>\u00ab\u00a0Tout d\u2019abord ces informations sont impr\u00e9cises et ne leur permettent en aucun cas de pr\u00e9voir, d\u2019anticiper les cons\u00e9quences de coupures. Ils savent qu\u2019elles seraient inform\u00e9es avec quasi-certitude la veille \u00e0 17 heures pour le lendemain. Dire dans les deux jours qui pr\u00e9c\u00e8dent que peut-\u00eatre il y aura d\u00e9lestage et qu\u2019il y aura mais on ne sait pas dans quelle zone, c\u2019est crier au loup sans l\u2019avoir vu. Que voulez-vous s\u00e9rieusement qu\u2019un chef d\u2019entreprise fasse de cette information\u00a0?<\/p>\n","protected":false},"excerpt":{"rendered":"<p>Dans une lettre ouverte en date de ce mercredi 15 d\u00e9cembre, adress\u00e9e au pr\u00e9fet de R\u00e9gion et aux pr\u00e9fets des [&hellip;]<\/p>\n","protected":false},"author":407,"featured_media":65799,"comment_status":"open","ping_status":"open","sticky":false,"template":"","format":"standard","meta":{"footnotes":""},"categories":[26,5,236],"tags":[4719,237,4083],"class_list":["post-65798","post","type-post","status-publish","format-standard","has-post-thumbnail","hentry","category-a-la-une","category-economie","category-lorraine","tag-industrie","tag-lorraine","tag-uimm"],"acf":[],"yoast_head":"<!-- This site is optimized with the Yoast SEO plugin v22.5 - https:\/\/yoast.com\/wordpress\/plugins\/seo\/ -->\n<title>Lorraine \u2013 Les industriels \u00ab constern\u00e9s et indign\u00e9s par les informations relatives \u00e0 de possibles d\u00e9lestages sur les r\u00e9seaux \u00e9lectriques \u00bb - Remiremont Info<\/title>\n<meta name=\"robots\" content=\"index, follow, max-snippet:-1, max-image-preview:large, max-video-preview:-1\" \/>\n<link rel=\"canonical\" href=\"https:\/\/vosgesinfo.fr\/remiremontinfo\/2022\/12\/lorraine-industriels-consternes-indignes-informations-relatives-a-de-possibles-delestages-reseaux-electriques\/\" \/>\n<meta name=\"twitter:card\" content=\"summary_large_image\" \/>\n<meta name=\"twitter:title\" content=\"Lorraine \u2013 Les industriels \u00ab constern\u00e9s et indign\u00e9s par les informations relatives \u00e0 de possibles d\u00e9lestages sur les r\u00e9seaux \u00e9lectriques \u00bb - Remiremont Info\" \/>\n<meta name=\"twitter:description\" content=\"Dans une lettre ouverte en date de ce mercredi 15 d\u00e9cembre, adress\u00e9e au pr\u00e9fet de R\u00e9gion et aux pr\u00e9fets des [&hellip;]\" \/>\n<meta name=\"twitter:image\" content=\"https:\/\/vosgesinfo.fr\/app\/uploads\/sites\/5\/2024\/09\/202212uimm-lorraine-275x255-1.jpg\" \/>\n<meta name=\"twitter:creator\" content=\"@VosgesInfo88\" \/>\n<meta name=\"twitter:site\" content=\"@VosgesInfo88\" \/>\n<meta name=\"twitter:label1\" content=\"\u00c9crit par\" \/>\n\t<meta name=\"twitter:data1\" content=\"C D\" \/>\n\t<meta name=\"twitter:label2\" content=\"Dur\u00e9e de lecture estim\u00e9e\" \/>\n\t<meta name=\"twitter:data2\" content=\"1 minute\" \/>\n<script type=\"application\/ld+json\" class=\"yoast-schema-graph\">{\"@context\":\"https:\/\/schema.org\",\"@graph\":[{\"@type\":\"Article\",\"@id\":\"https:\/\/vosgesinfo.fr\/remiremontinfo\/2022\/12\/lorraine-industriels-consternes-indignes-informations-relatives-a-de-possibles-delestages-reseaux-electriques\/#article\",\"isPartOf\":{\"@id\":\"https:\/\/vosgesinfo.fr\/remiremontinfo\/2022\/12\/lorraine-industriels-consternes-indignes-informations-relatives-a-de-possibles-delestages-reseaux-electriques\/\"},\"author\":{\"name\":\"C D\",\"@id\":\"https:\/\/vosgesinfo.fr\/remiremontinfo\/#\/schema\/person\/3bfd164d5218a185b1db68655a265316\"},\"headline\":\"Lorraine \u2013 Les industriels \u00ab constern\u00e9s et indign\u00e9s par les informations relatives \u00e0 de possibles d\u00e9lestages sur les r\u00e9seaux \u00e9lectriques \u00bb\",\"datePublished\":\"2022-12-16T10:08:57+00:00\",\"dateModified\":\"2022-12-16T10:08:57+00:00\",\"mainEntityOfPage\":{\"@id\":\"https:\/\/vosgesinfo.fr\/remiremontinfo\/2022\/12\/lorraine-industriels-consternes-indignes-informations-relatives-a-de-possibles-delestages-reseaux-electriques\/\"},\"wordCount\":171,\"commentCount\":0,\"publisher\":{\"@id\":\"https:\/\/vosgesinfo.fr\/remiremontinfo\/#organization\"},\"image\":{\"@id\":\"https:\/\/vosgesinfo.fr\/remiremontinfo\/2022\/12\/lorraine-industriels-consternes-indignes-informations-relatives-a-de-possibles-delestages-reseaux-electriques\/#primaryimage\"},\"thumbnailUrl\":\"https:\/\/vosgesinfo.fr\/app\/uploads\/sites\/5\/2024\/09\/202212uimm-lorraine-275x255-1.jpg\",\"keywords\":[\"industrie\",\"Lorraine\",\"uimm\"],\"articleSection\":[\"A la Une\",\"\u00c9conomie\",\"Lorraine\"],\"inLanguage\":\"fr-FR\",\"potentialAction\":[{\"@type\":\"CommentAction\",\"name\":\"Comment\",\"target\":[\"https:\/\/vosgesinfo.fr\/remiremontinfo\/2022\/12\/lorraine-industriels-consternes-indignes-informations-relatives-a-de-possibles-delestages-reseaux-electriques\/#respond\"]}]},{\"@type\":\"WebPage\",\"@id\":\"https:\/\/vosgesinfo.fr\/remiremontinfo\/2022\/12\/lorraine-industriels-consternes-indignes-informations-relatives-a-de-possibles-delestages-reseaux-electriques\/\",\"url\":\"https:\/\/vosgesinfo.fr\/remiremontinfo\/2022\/12\/lorraine-industriels-consternes-indignes-informations-relatives-a-de-possibles-delestages-reseaux-electriques\/\",\"name\":\"Lorraine \u2013 Les industriels \u00ab constern\u00e9s et indign\u00e9s par les informations relatives \u00e0 de possibles d\u00e9lestages sur les r\u00e9seaux \u00e9lectriques \u00bb - Remiremont Info\",\"isPartOf\":{\"@id\":\"https:\/\/vosgesinfo.fr\/remiremontinfo\/#website\"},\"primaryImageOfPage\":{\"@id\":\"https:\/\/vosgesinfo.fr\/remiremontinfo\/2022\/12\/lorraine-industriels-consternes-indignes-informations-relatives-a-de-possibles-delestages-reseaux-electriques\/#primaryimage\"},\"image\":{\"@id\":\"https:\/\/vosgesinfo.fr\/remiremontinfo\/2022\/12\/lorraine-industriels-consternes-indignes-informations-relatives-a-de-possibles-delestages-reseaux-electriques\/#primaryimage\"},\"thumbnailUrl\":\"https:\/\/vosgesinfo.fr\/app\/uploads\/sites\/5\/2024\/09\/202212uimm-lorraine-275x255-1.jpg\",\"datePublished\":\"2022-12-16T10:08:57+00:00\",\"dateModified\":\"2022-12-16T10:08:57+00:00\",\"breadcrumb\":{\"@id\":\"https:\/\/vosgesinfo.fr\/remiremontinfo\/2022\/12\/lorraine-industriels-consternes-indignes-informations-relatives-a-de-possibles-delestages-reseaux-electriques\/#breadcrumb\"},\"inLanguage\":\"fr-FR\",\"potentialAction\":[{\"@type\":\"ReadAction\",\"target\":[\"https:\/\/vosgesinfo.fr\/remiremontinfo\/2022\/12\/lorraine-industriels-consternes-indignes-informations-relatives-a-de-possibles-delestages-reseaux-electriques\/\"]}]},{\"@type\":\"ImageObject\",\"inLanguage\":\"fr-FR\",\"@id\":\"https:\/\/vosgesinfo.fr\/remiremontinfo\/2022\/12\/lorraine-industriels-consternes-indignes-informations-relatives-a-de-possibles-delestages-reseaux-electriques\/#primaryimage\",\"url\":\"https:\/\/vosgesinfo.fr\/app\/uploads\/sites\/5\/2024\/09\/202212uimm-lorraine-275x255-1.jpg\",\"contentUrl\":\"https:\/\/vosgesinfo.fr\/app\/uploads\/sites\/5\/2024\/09\/202212uimm-lorraine-275x255-1.jpg\",\"width\":275,\"height\":255},{\"@type\":\"BreadcrumbList\",\"@id\":\"https:\/\/vosgesinfo.fr\/remiremontinfo\/2022\/12\/lorraine-industriels-consternes-indignes-informations-relatives-a-de-possibles-delestages-reseaux-electriques\/#breadcrumb\",\"itemListElement\":[{\"@type\":\"ListItem\",\"position\":1,\"name\":\"Home\",\"item\":\"https:\/\/vosgesinfo.fr\/remiremontinfo\/\"},{\"@type\":\"ListItem\",\"position\":2,\"name\":\"Lorraine \u2013 Les industriels \u00ab constern\u00e9s et indign\u00e9s par les informations relatives \u00e0 de possibles d\u00e9lestages sur les r\u00e9seaux \u00e9lectriques \u00bb\"}]},{\"@type\":\"WebSite\",\"@id\":\"https:\/\/vosgesinfo.fr\/remiremontinfo\/#website\",\"url\":\"https:\/\/vosgesinfo.fr\/remiremontinfo\/\",\"name\":\"Remiremont Info\",\"description\":\"Toute l&#039;actualit\u00e9 de Remiremont\",\"publisher\":{\"@id\":\"https:\/\/vosgesinfo.fr\/remiremontinfo\/#organization\"},\"alternateName\":\"Toute l'actualit\u00e9 de Remiremont\",\"potentialAction\":[{\"@type\":\"SearchAction\",\"target\":{\"@type\":\"EntryPoint\",\"urlTemplate\":\"https:\/\/vosgesinfo.fr\/remiremontinfo\/?s={search_term_string}\"},\"query-input\":\"required name=search_term_string\"}],\"inLanguage\":\"fr-FR\"},{\"@type\":\"Organization\",\"@id\":\"https:\/\/vosgesinfo.fr\/remiremontinfo\/#organization\",\"name\":\"Remiremont Info\",\"url\":\"https:\/\/vosgesinfo.fr\/remiremontinfo\/\",\"logo\":{\"@type\":\"ImageObject\",\"inLanguage\":\"fr-FR\",\"@id\":\"https:\/\/vosgesinfo.fr\/remiremontinfo\/#\/schema\/logo\/image\/\",\"url\":\"https:\/\/vosgesinfo.fr\/app\/uploads\/sites\/5\/2023\/08\/favicon-remiremontinfo.png\",\"contentUrl\":\"https:\/\/vosgesinfo.fr\/app\/uploads\/sites\/5\/2023\/08\/favicon-remiremontinfo.png\",\"width\":512,\"height\":512,\"caption\":\"Remiremont Info\"},\"image\":{\"@id\":\"https:\/\/vosgesinfo.fr\/remiremontinfo\/#\/schema\/logo\/image\/\"},\"sameAs\":[\"https:\/\/www.facebook.com\/remiremontinfo\",\"https:\/\/x.com\/VosgesInfo88\",\"https:\/\/www.youtube.com\/@vosgesinfo\"]},{\"@type\":\"Person\",\"@id\":\"https:\/\/vosgesinfo.fr\/remiremontinfo\/#\/schema\/person\/3bfd164d5218a185b1db68655a265316\",\"name\":\"C D\",\"image\":{\"@type\":\"ImageObject\",\"inLanguage\":\"fr-FR\",\"@id\":\"https:\/\/vosgesinfo.fr\/remiremontinfo\/#\/schema\/person\/image\/\",\"url\":\"https:\/\/secure.gravatar.com\/avatar\/1f9a70007336511a47468b8f1c66f922b8b7cf617b02a31149ada43893a5d48f?s=96&d=mm&r=g\",\"contentUrl\":\"https:\/\/secure.gravatar.com\/avatar\/1f9a70007336511a47468b8f1c66f922b8b7cf617b02a31149ada43893a5d48f?s=96&d=mm&r=g\",\"caption\":\"C D\"},\"url\":\"https:\/\/vosgesinfo.fr\/remiremontinfo\/author\/cedric-drevet\/\"}]}<\/script>\n<!-- \/ Yoast SEO plugin. -->","yoast_head_json":{"title":"Lorraine \u2013 Les industriels \u00ab constern\u00e9s et indign\u00e9s par les informations relatives \u00e0 de possibles d\u00e9lestages sur les r\u00e9seaux \u00e9lectriques \u00bb - Remiremont Info","robots":{"index":"index","follow":"follow","max-snippet":"max-snippet:-1","max-image-preview":"max-image-preview:large","max-video-preview":"max-video-preview:-1"},"canonical":"https:\/\/vosgesinfo.fr\/remiremontinfo\/2022\/12\/lorraine-industriels-consternes-indignes-informations-relatives-a-de-possibles-delestages-reseaux-electriques\/","twitter_card":"summary_large_image","twitter_title":"Lorraine \u2013 Les industriels \u00ab constern\u00e9s et indign\u00e9s par les informations relatives \u00e0 de possibles d\u00e9lestages sur les r\u00e9seaux \u00e9lectriques \u00bb - Remiremont Info","twitter_description":"Dans une lettre ouverte en date de ce mercredi 15 d\u00e9cembre, adress\u00e9e au pr\u00e9fet de R\u00e9gion et aux pr\u00e9fets des [&hellip;]","twitter_image":"https:\/\/vosgesinfo.fr\/app\/uploads\/sites\/5\/2024\/09\/202212uimm-lorraine-275x255-1.jpg","twitter_creator":"@VosgesInfo88","twitter_site":"@VosgesInfo88","twitter_misc":{"\u00c9crit par":"C D","Dur\u00e9e de lecture estim\u00e9e":"1 minute"},"schema":{"@context":"https:\/\/schema.org","@graph":[{"@type":"Article","@id":"https:\/\/vosgesinfo.fr\/remiremontinfo\/2022\/12\/lorraine-industriels-consternes-indignes-informations-relatives-a-de-possibles-delestages-reseaux-electriques\/#article","isPartOf":{"@id":"https:\/\/vosgesinfo.fr\/remiremontinfo\/2022\/12\/lorraine-industriels-consternes-indignes-informations-relatives-a-de-possibles-delestages-reseaux-electriques\/"},"author":{"name":"C D","@id":"https:\/\/vosgesinfo.fr\/remiremontinfo\/#\/schema\/person\/3bfd164d5218a185b1db68655a265316"},"headline":"Lorraine \u2013 Les industriels \u00ab constern\u00e9s et indign\u00e9s par les informations relatives \u00e0 de possibles d\u00e9lestages sur les r\u00e9seaux \u00e9lectriques \u00bb","datePublished":"2022-12-16T10:08:57+00:00","dateModified":"2022-12-16T10:08:57+00:00","mainEntityOfPage":{"@id":"https:\/\/vosgesinfo.fr\/remiremontinfo\/2022\/12\/lorraine-industriels-consternes-indignes-informations-relatives-a-de-possibles-delestages-reseaux-electriques\/"},"wordCount":171,"commentCount":0,"publisher":{"@id":"https:\/\/vosgesinfo.fr\/remiremontinfo\/#organization"},"image":{"@id":"https:\/\/vosgesinfo.fr\/remiremontinfo\/2022\/12\/lorraine-industriels-consternes-indignes-informations-relatives-a-de-possibles-delestages-reseaux-electriques\/#primaryimage"},"thumbnailUrl":"https:\/\/vosgesinfo.fr\/app\/uploads\/sites\/5\/2024\/09\/202212uimm-lorraine-275x255-1.jpg","keywords":["industrie","Lorraine","uimm"],"articleSection":["A la Une","\u00c9conomie","Lorraine"],"inLanguage":"fr-FR","potentialAction":[{"@type":"CommentAction","name":"Comment","target":["https:\/\/vosgesinfo.fr\/remiremontinfo\/2022\/12\/lorraine-industriels-consternes-indignes-informations-relatives-a-de-possibles-delestages-reseaux-electriques\/#respond"]}]},{"@type":"WebPage","@id":"https:\/\/vosgesinfo.fr\/remiremontinfo\/2022\/12\/lorraine-industriels-consternes-indignes-informations-relatives-a-de-possibles-delestages-reseaux-electriques\/","url":"https:\/\/vosgesinfo.fr\/remiremontinfo\/2022\/12\/lorraine-industriels-consternes-indignes-informations-relatives-a-de-possibles-delestages-reseaux-electriques\/","name":"Lorraine \u2013 Les industriels \u00ab constern\u00e9s et indign\u00e9s par les informations relatives \u00e0 de possibles d\u00e9lestages sur les r\u00e9seaux \u00e9lectriques \u00bb - Remiremont Info","isPartOf":{"@id":"https:\/\/vosgesinfo.fr\/remiremontinfo\/#website"},"primaryImageOfPage":{"@id":"https:\/\/vosgesinfo.fr\/remiremontinfo\/2022\/12\/lorraine-industriels-consternes-indignes-informations-relatives-a-de-possibles-delestages-reseaux-electriques\/#primaryimage"},"image":{"@id":"https:\/\/vosgesinfo.fr\/remiremontinfo\/2022\/12\/lorraine-industriels-consternes-indignes-informations-relatives-a-de-possibles-delestages-reseaux-electriques\/#primaryimage"},"thumbnailUrl":"https:\/\/vosgesinfo.fr\/app\/uploads\/sites\/5\/2024\/09\/202212uimm-lorraine-275x255-1.jpg","datePublished":"2022-12-16T10:08:57+00:00","dateModified":"2022-12-16T10:08:57+00:00","breadcrumb":{"@id":"https:\/\/vosgesinfo.fr\/remiremontinfo\/2022\/12\/lorraine-industriels-consternes-indignes-informations-relatives-a-de-possibles-delestages-reseaux-electriques\/#breadcrumb"},"inLanguage":"fr-FR","potentialAction":[{"@type":"ReadAction","target":["https:\/\/vosgesinfo.fr\/remiremontinfo\/2022\/12\/lorraine-industriels-consternes-indignes-informations-relatives-a-de-possibles-delestages-reseaux-electriques\/"]}]},{"@type":"ImageObject","inLanguage":"fr-FR","@id":"https:\/\/vosgesinfo.fr\/remiremontinfo\/2022\/12\/lorraine-industriels-consternes-indignes-informations-relatives-a-de-possibles-delestages-reseaux-electriques\/#primaryimage","url":"https:\/\/vosgesinfo.fr\/app\/uploads\/sites\/5\/2024\/09\/202212uimm-lorraine-275x255-1.jpg","contentUrl":"https:\/\/vosgesinfo.fr\/app\/uploads\/sites\/5\/2024\/09\/202212uimm-lorraine-275x255-1.jpg","width":275,"height":255},{"@type":"BreadcrumbList","@id":"https:\/\/vosgesinfo.fr\/remiremontinfo\/2022\/12\/lorraine-industriels-consternes-indignes-informations-relatives-a-de-possibles-delestages-reseaux-electriques\/#breadcrumb","itemListElement":[{"@type":"ListItem","position":1,"name":"Home","item":"https:\/\/vosgesinfo.fr\/remiremontinfo\/"},{"@type":"ListItem","position":2,"name":"Lorraine \u2013 Les industriels \u00ab constern\u00e9s et indign\u00e9s par les informations relatives \u00e0 de possibles d\u00e9lestages sur les r\u00e9seaux \u00e9lectriques \u00bb"}]},{"@type":"WebSite","@id":"https:\/\/vosgesinfo.fr\/remiremontinfo\/#website","url":"https:\/\/vosgesinfo.fr\/remiremontinfo\/","name":"Remiremont Info","description":"Toute l&#039;actualit\u00e9 de Remiremont","publisher":{"@id":"https:\/\/vosgesinfo.fr\/remiremontinfo\/#organization"},"alternateName":"Toute l'actualit\u00e9 de Remiremont","potentialAction":[{"@type":"SearchAction","target":{"@type":"EntryPoint","urlTemplate":"https:\/\/vosgesinfo.fr\/remiremontinfo\/?s={search_term_string}"},"query-input":"required name=search_term_string"}],"inLanguage":"fr-FR"},{"@type":"Organization","@id":"https:\/\/vosgesinfo.fr\/remiremontinfo\/#organization","name":"Remiremont Info","url":"https:\/\/vosgesinfo.fr\/remiremontinfo\/","logo":{"@type":"ImageObject","inLanguage":"fr-FR","@id":"https:\/\/vosgesinfo.fr\/remiremontinfo\/#\/schema\/logo\/image\/","url":"https:\/\/vosgesinfo.fr\/app\/uploads\/sites\/5\/2023\/08\/favicon-remiremontinfo.png","contentUrl":"https:\/\/vosgesinfo.fr\/app\/uploads\/sites\/5\/2023\/08\/favicon-remiremontinfo.png","width":512,"height":512,"caption":"Remiremont Info"},"image":{"@id":"https:\/\/vosgesinfo.fr\/remiremontinfo\/#\/schema\/logo\/image\/"},"sameAs":["https:\/\/www.facebook.com\/remiremontinfo","https:\/\/x.com\/VosgesInfo88","https:\/\/www.youtube.com\/@vosgesinfo"]},{"@type":"Person","@id":"https:\/\/vosgesinfo.fr\/remiremontinfo\/#\/schema\/person\/3bfd164d5218a185b1db68655a265316","name":"C D","image":{"@type":"ImageObject","inLanguage":"fr-FR","@id":"https:\/\/vosgesinfo.fr\/remiremontinfo\/#\/schema\/person\/image\/","url":"https:\/\/secure.gravatar.com\/avatar\/1f9a70007336511a47468b8f1c66f922b8b7cf617b02a31149ada43893a5d48f?s=96&d=mm&r=g","contentUrl":"https:\/\/secure.gravatar.com\/avatar\/1f9a70007336511a47468b8f1c66f922b8b7cf617b02a31149ada43893a5d48f?s=96&d=mm&r=g","caption":"C D"},"url":"https:\/\/vosgesinfo.fr\/remiremontinfo\/author\/cedric-drevet\/"}]}},"_links":{"self":[{"href":"https:\/\/vosgesinfo.fr\/remiremontinfo\/wp-json\/wp\/v2\/posts\/65798","targetHints":{"allow":["GET"]}}],"collection":[{"href":"https:\/\/vosgesinfo.fr\/remiremontinfo\/wp-json\/wp\/v2\/posts"}],"about":[{"href":"https:\/\/vosgesinfo.fr\/remiremontinfo\/wp-json\/wp\/v2\/types\/post"}],"author":[{"embeddable":true,"href":"https:\/\/vosgesinfo.fr\/remiremontinfo\/wp-json\/wp\/v2\/users\/407"}],"replies":[{"embeddable":true,"href":"https:\/\/vosgesinfo.fr\/remiremontinfo\/wp-json\/wp\/v2\/comments?post=65798"}],"version-history":[{"count":0,"href":"https:\/\/vosgesinfo.fr\/remiremontinfo\/wp-json\/wp\/v2\/posts\/65798\/revisions"}],"wp:featuredmedia":[{"embeddable":true,"href":"https:\/\/vosgesinfo.fr\/remiremontinfo\/wp-json\/wp\/v2\/media\/65799"}],"wp:attachment":[{"href":"https:\/\/vosgesinfo.fr\/remiremontinfo\/wp-json\/wp\/v2\/media?parent=65798"}],"wp:term":[{"taxonomy":"category","embeddable":true,"href":"https:\/\/vosgesinfo.fr\/remiremontinfo\/wp-json\/wp\/v2\/categories?post=65798"},{"taxonomy":"post_tag","embeddable":true,"href":"https:\/\/vosgesinfo.fr\/remiremontinfo\/wp-json\/wp\/v2\/tags?post=65798"}],"curies":[{"name":"wp","href":"https:\/\/api.w.org\/{rel}","templated":true}]}}