{"id":65887,"date":"2022-12-19T19:23:18","date_gmt":"2022-12-19T18:23:18","guid":{"rendered":"https:\/\/vosgesinfo.fr\/remiremontinfo\/2022\/12\/note-de-bonheur-enfants-hospitalises\/"},"modified":"2022-12-19T19:23:18","modified_gmt":"2022-12-19T18:23:18","slug":"note-de-bonheur-enfants-hospitalises","status":"publish","type":"post","link":"https:\/\/vosgesinfo.fr\/remiremontinfo\/2022\/12\/note-de-bonheur-enfants-hospitalises\/","title":{"rendered":"Une note de bonheur pour les enfants hospitalis\u00e9s"},"content":{"rendered":"<p><a href=\"https:\/\/remiremontinfo.fr\/2022\/12\/note-de-bonheur-enfants-hospitalises\/img_20221219_180749\/\" rel=\"attachment wp-att-360375\"><img decoding=\"async\" class=\"aligncenter size-full wp-image-360375\" src=\"\/2022\/12\/IMG_20221219_180749.jpg\" alt=\"IMG_20221219_180749\" width=\"1600\" height=\"1200\" \/><\/a>Ce lundi 19 d\u00e9cembre \u00e0 l&rsquo;h\u00f4pital de Remiremont s&rsquo;est d\u00e9roul\u00e9e une \u00a0belle c\u00e9r\u00e9monie. En effet, Fanny Grandemange pr\u00e9sidente de l&rsquo;association \u00a0\u00bb Une note de bonheur\u00a0\u00bb a, comme chaque ann\u00e9e depuis 5 ans, remerci\u00e9 les g\u00e9n\u00e9reux donateurs et b\u00e9n\u00e9voles pour leur soutien et leur g\u00e9n\u00e9rosit\u00e9 en faveur des enfants hospitalis\u00e9s. Une p\u00e9riode d\u00e9licate pour les bambins et adolescents compens\u00e9e par la remise d&rsquo;une foultitude de cadeaux afin de regonfler le moral avec des kits de magie, des jouets neufs, des jeux de soci\u00e9t\u00e9&#8230; En pr\u00e9sence de nombreux sympathisants de l&rsquo;association, les marraines Manon et Oc\u00e9ane, du pr\u00e9sident de l&rsquo;amicale des pompiers de Xertigny Didier Granclaudon, Farid une cheville ouvri\u00e8re tr\u00e8s importante de cette association soud\u00e9e, impliqu\u00e9e et qui contribue au maximum de ses possibilit\u00e9s au bien \u00eatre des enfants. Christophe Naegelen, d\u00e9put\u00e9 \u00a0tr\u00e8s concern\u00e9, a tenu \u00e0 remercier chaleureusement tous ces b\u00e9n\u00e9voles pour l&rsquo;esprit de famille et l&rsquo;\u00e9lan de solidarit\u00e9. Les personnels hospitaliers ont bien entendu \u00e9t\u00e9 chaleureusement applaudi pour leur\u00a0 travail au quotidien en pr\u00e9sence de Madame H\u00e9l\u00e8ne Mourot , cadre du service p\u00e9diatrie et Madame Carole Fleurence du service communication. Ces derni\u00e8res ont remerci\u00e9 l&rsquo;association pour leurs dons qui ne sont pas l\u00e0 juste \u00e0 Noel mais toute l&rsquo;ann\u00e9e ! Madame Grandemange peut se targuer d&rsquo;avoir une \u00e9quipe totalement impliqu\u00e9e, au courage in\u00e9galable et une force insoup\u00e7onn\u00e9e pour r\u00e9ussir ses objectifs. Les enfants et leurs familles remercient tr\u00e8s sinc\u00e8rement les donateurs. De nombreux projets sont en cours comme la r\u00e9fection du couloir de la p\u00e9diatrie et du local des adolescents.<\/p>\n","protected":false},"excerpt":{"rendered":"<p>Ce lundi 19 d\u00e9cembre \u00e0 l&rsquo;h\u00f4pital de Remiremont s&rsquo;est d\u00e9roul\u00e9e une \u00a0belle c\u00e9r\u00e9monie. En effet, Fanny Grandemange pr\u00e9sidente de l&rsquo;association [&hellip;]<\/p>\n","protected":false},"author":410,"featured_media":65888,"comment_status":"open","ping_status":"open","sticky":false,"template":"","format":"standard","meta":{"footnotes":""},"categories":[26,35],"tags":[5224,271,2441,345,44],"class_list":["post-65887","post","type-post","status-publish","format-standard","has-post-thumbnail","hentry","category-a-la-une","category-remiremont-son-canton","tag-association-une-note-de-bonheur","tag-hopital","tag-jouets","tag-noel","tag-remiremont"],"acf":[],"yoast_head":"<!-- This site is optimized with the Yoast SEO plugin v22.5 - https:\/\/yoast.com\/wordpress\/plugins\/seo\/ -->\n<title>Une note de bonheur pour les enfants hospitalis\u00e9s - Remiremont Info<\/title>\n<meta name=\"robots\" content=\"index, follow, max-snippet:-1, max-image-preview:large, max-video-preview:-1\" \/>\n<link rel=\"canonical\" href=\"https:\/\/vosgesinfo.fr\/remiremontinfo\/2022\/12\/note-de-bonheur-enfants-hospitalises\/\" \/>\n<meta name=\"twitter:card\" content=\"summary_large_image\" \/>\n<meta name=\"twitter:title\" content=\"Une note de bonheur pour les enfants hospitalis\u00e9s - Remiremont Info\" \/>\n<meta name=\"twitter:description\" content=\"Ce lundi 19 d\u00e9cembre \u00e0 l&rsquo;h\u00f4pital de Remiremont s&rsquo;est d\u00e9roul\u00e9e une \u00a0belle c\u00e9r\u00e9monie. En effet, Fanny Grandemange pr\u00e9sidente de l&rsquo;association [&hellip;]\" \/>\n<meta name=\"twitter:image\" content=\"https:\/\/vosgesinfo.fr\/app\/uploads\/sites\/5\/2024\/09\/202212img-20221219-180749.jpg\" \/>\n<meta name=\"twitter:creator\" content=\"@VosgesInfo88\" \/>\n<meta name=\"twitter:site\" content=\"@VosgesInfo88\" \/>\n<meta name=\"twitter:label1\" content=\"\u00c9crit par\" \/>\n\t<meta name=\"twitter:data1\" content=\"David G\" \/>\n\t<meta name=\"twitter:label2\" content=\"Dur\u00e9e de lecture estim\u00e9e\" \/>\n\t<meta name=\"twitter:data2\" content=\"1 minute\" \/>\n<script type=\"application\/ld+json\" class=\"yoast-schema-graph\">{\"@context\":\"https:\/\/schema.org\",\"@graph\":[{\"@type\":\"Article\",\"@id\":\"https:\/\/vosgesinfo.fr\/remiremontinfo\/2022\/12\/note-de-bonheur-enfants-hospitalises\/#article\",\"isPartOf\":{\"@id\":\"https:\/\/vosgesinfo.fr\/remiremontinfo\/2022\/12\/note-de-bonheur-enfants-hospitalises\/\"},\"author\":{\"name\":\"David G\",\"@id\":\"https:\/\/vosgesinfo.fr\/remiremontinfo\/#\/schema\/person\/bb264dc74a23cbe4301eb9a8fb6df8ad\"},\"headline\":\"Une note de bonheur pour les enfants hospitalis\u00e9s\",\"datePublished\":\"2022-12-19T18:23:18+00:00\",\"dateModified\":\"2022-12-19T18:23:18+00:00\",\"mainEntityOfPage\":{\"@id\":\"https:\/\/vosgesinfo.fr\/remiremontinfo\/2022\/12\/note-de-bonheur-enfants-hospitalises\/\"},\"wordCount\":309,\"commentCount\":0,\"publisher\":{\"@id\":\"https:\/\/vosgesinfo.fr\/remiremontinfo\/#organization\"},\"image\":{\"@id\":\"https:\/\/vosgesinfo.fr\/remiremontinfo\/2022\/12\/note-de-bonheur-enfants-hospitalises\/#primaryimage\"},\"thumbnailUrl\":\"https:\/\/vosgesinfo.fr\/app\/uploads\/sites\/5\/2024\/09\/202212img-20221219-180749.jpg\",\"keywords\":[\"Association UNE NOTE DE BONHEUR\",\"h\u00f4pital\",\"jouets\",\"No\u00ebl\",\"remiremont\"],\"articleSection\":[\"A la Une\",\"Remiremont &amp; son canton\"],\"inLanguage\":\"fr-FR\",\"potentialAction\":[{\"@type\":\"CommentAction\",\"name\":\"Comment\",\"target\":[\"https:\/\/vosgesinfo.fr\/remiremontinfo\/2022\/12\/note-de-bonheur-enfants-hospitalises\/#respond\"]}]},{\"@type\":\"WebPage\",\"@id\":\"https:\/\/vosgesinfo.fr\/remiremontinfo\/2022\/12\/note-de-bonheur-enfants-hospitalises\/\",\"url\":\"https:\/\/vosgesinfo.fr\/remiremontinfo\/2022\/12\/note-de-bonheur-enfants-hospitalises\/\",\"name\":\"Une note de bonheur pour les enfants hospitalis\u00e9s - Remiremont Info\",\"isPartOf\":{\"@id\":\"https:\/\/vosgesinfo.fr\/remiremontinfo\/#website\"},\"primaryImageOfPage\":{\"@id\":\"https:\/\/vosgesinfo.fr\/remiremontinfo\/2022\/12\/note-de-bonheur-enfants-hospitalises\/#primaryimage\"},\"image\":{\"@id\":\"https:\/\/vosgesinfo.fr\/remiremontinfo\/2022\/12\/note-de-bonheur-enfants-hospitalises\/#primaryimage\"},\"thumbnailUrl\":\"https:\/\/vosgesinfo.fr\/app\/uploads\/sites\/5\/2024\/09\/202212img-20221219-180749.jpg\",\"datePublished\":\"2022-12-19T18:23:18+00:00\",\"dateModified\":\"2022-12-19T18:23:18+00:00\",\"breadcrumb\":{\"@id\":\"https:\/\/vosgesinfo.fr\/remiremontinfo\/2022\/12\/note-de-bonheur-enfants-hospitalises\/#breadcrumb\"},\"inLanguage\":\"fr-FR\",\"potentialAction\":[{\"@type\":\"ReadAction\",\"target\":[\"https:\/\/vosgesinfo.fr\/remiremontinfo\/2022\/12\/note-de-bonheur-enfants-hospitalises\/\"]}]},{\"@type\":\"ImageObject\",\"inLanguage\":\"fr-FR\",\"@id\":\"https:\/\/vosgesinfo.fr\/remiremontinfo\/2022\/12\/note-de-bonheur-enfants-hospitalises\/#primaryimage\",\"url\":\"https:\/\/vosgesinfo.fr\/app\/uploads\/sites\/5\/2024\/09\/202212img-20221219-180749.jpg\",\"contentUrl\":\"https:\/\/vosgesinfo.fr\/app\/uploads\/sites\/5\/2024\/09\/202212img-20221219-180749.jpg\",\"width\":1600,\"height\":1200},{\"@type\":\"BreadcrumbList\",\"@id\":\"https:\/\/vosgesinfo.fr\/remiremontinfo\/2022\/12\/note-de-bonheur-enfants-hospitalises\/#breadcrumb\",\"itemListElement\":[{\"@type\":\"ListItem\",\"position\":1,\"name\":\"Home\",\"item\":\"https:\/\/vosgesinfo.fr\/remiremontinfo\/\"},{\"@type\":\"ListItem\",\"position\":2,\"name\":\"Une note de bonheur pour les enfants hospitalis\u00e9s\"}]},{\"@type\":\"WebSite\",\"@id\":\"https:\/\/vosgesinfo.fr\/remiremontinfo\/#website\",\"url\":\"https:\/\/vosgesinfo.fr\/remiremontinfo\/\",\"name\":\"Remiremont Info\",\"description\":\"Toute l&#039;actualit\u00e9 de Remiremont\",\"publisher\":{\"@id\":\"https:\/\/vosgesinfo.fr\/remiremontinfo\/#organization\"},\"alternateName\":\"Toute l'actualit\u00e9 de Remiremont\",\"potentialAction\":[{\"@type\":\"SearchAction\",\"target\":{\"@type\":\"EntryPoint\",\"urlTemplate\":\"https:\/\/vosgesinfo.fr\/remiremontinfo\/?s={search_term_string}\"},\"query-input\":\"required name=search_term_string\"}],\"inLanguage\":\"fr-FR\"},{\"@type\":\"Organization\",\"@id\":\"https:\/\/vosgesinfo.fr\/remiremontinfo\/#organization\",\"name\":\"Remiremont Info\",\"url\":\"https:\/\/vosgesinfo.fr\/remiremontinfo\/\",\"logo\":{\"@type\":\"ImageObject\",\"inLanguage\":\"fr-FR\",\"@id\":\"https:\/\/vosgesinfo.fr\/remiremontinfo\/#\/schema\/logo\/image\/\",\"url\":\"https:\/\/vosgesinfo.fr\/app\/uploads\/sites\/5\/2023\/08\/favicon-remiremontinfo.png\",\"contentUrl\":\"https:\/\/vosgesinfo.fr\/app\/uploads\/sites\/5\/2023\/08\/favicon-remiremontinfo.png\",\"width\":512,\"height\":512,\"caption\":\"Remiremont Info\"},\"image\":{\"@id\":\"https:\/\/vosgesinfo.fr\/remiremontinfo\/#\/schema\/logo\/image\/\"},\"sameAs\":[\"https:\/\/www.facebook.com\/remiremontinfo\",\"https:\/\/x.com\/VosgesInfo88\",\"https:\/\/www.youtube.com\/@vosgesinfo\"]},{\"@type\":\"Person\",\"@id\":\"https:\/\/vosgesinfo.fr\/remiremontinfo\/#\/schema\/person\/bb264dc74a23cbe4301eb9a8fb6df8ad\",\"name\":\"David G\",\"image\":{\"@type\":\"ImageObject\",\"inLanguage\":\"fr-FR\",\"@id\":\"https:\/\/vosgesinfo.fr\/remiremontinfo\/#\/schema\/person\/image\/\",\"url\":\"https:\/\/secure.gravatar.com\/avatar\/5ca4fbbd960b4393047a6779d7f74b03f9ce1d828097d6e25f2d4cce06d47a51?s=96&d=mm&r=g\",\"contentUrl\":\"https:\/\/secure.gravatar.com\/avatar\/5ca4fbbd960b4393047a6779d7f74b03f9ce1d828097d6e25f2d4cce06d47a51?s=96&d=mm&r=g\",\"caption\":\"David G\"},\"url\":\"https:\/\/vosgesinfo.fr\/remiremontinfo\/author\/dgg88200\/\"}]}<\/script>\n<!-- \/ Yoast SEO plugin. -->","yoast_head_json":{"title":"Une note de bonheur pour les enfants hospitalis\u00e9s - Remiremont Info","robots":{"index":"index","follow":"follow","max-snippet":"max-snippet:-1","max-image-preview":"max-image-preview:large","max-video-preview":"max-video-preview:-1"},"canonical":"https:\/\/vosgesinfo.fr\/remiremontinfo\/2022\/12\/note-de-bonheur-enfants-hospitalises\/","twitter_card":"summary_large_image","twitter_title":"Une note de bonheur pour les enfants hospitalis\u00e9s - Remiremont Info","twitter_description":"Ce lundi 19 d\u00e9cembre \u00e0 l&rsquo;h\u00f4pital de Remiremont s&rsquo;est d\u00e9roul\u00e9e une \u00a0belle c\u00e9r\u00e9monie. En effet, Fanny Grandemange pr\u00e9sidente de l&rsquo;association [&hellip;]","twitter_image":"https:\/\/vosgesinfo.fr\/app\/uploads\/sites\/5\/2024\/09\/202212img-20221219-180749.jpg","twitter_creator":"@VosgesInfo88","twitter_site":"@VosgesInfo88","twitter_misc":{"\u00c9crit par":"David G","Dur\u00e9e de lecture estim\u00e9e":"1 minute"},"schema":{"@context":"https:\/\/schema.org","@graph":[{"@type":"Article","@id":"https:\/\/vosgesinfo.fr\/remiremontinfo\/2022\/12\/note-de-bonheur-enfants-hospitalises\/#article","isPartOf":{"@id":"https:\/\/vosgesinfo.fr\/remiremontinfo\/2022\/12\/note-de-bonheur-enfants-hospitalises\/"},"author":{"name":"David G","@id":"https:\/\/vosgesinfo.fr\/remiremontinfo\/#\/schema\/person\/bb264dc74a23cbe4301eb9a8fb6df8ad"},"headline":"Une note de bonheur pour les enfants hospitalis\u00e9s","datePublished":"2022-12-19T18:23:18+00:00","dateModified":"2022-12-19T18:23:18+00:00","mainEntityOfPage":{"@id":"https:\/\/vosgesinfo.fr\/remiremontinfo\/2022\/12\/note-de-bonheur-enfants-hospitalises\/"},"wordCount":309,"commentCount":0,"publisher":{"@id":"https:\/\/vosgesinfo.fr\/remiremontinfo\/#organization"},"image":{"@id":"https:\/\/vosgesinfo.fr\/remiremontinfo\/2022\/12\/note-de-bonheur-enfants-hospitalises\/#primaryimage"},"thumbnailUrl":"https:\/\/vosgesinfo.fr\/app\/uploads\/sites\/5\/2024\/09\/202212img-20221219-180749.jpg","keywords":["Association UNE NOTE DE BONHEUR","h\u00f4pital","jouets","No\u00ebl","remiremont"],"articleSection":["A la Une","Remiremont &amp; son canton"],"inLanguage":"fr-FR","potentialAction":[{"@type":"CommentAction","name":"Comment","target":["https:\/\/vosgesinfo.fr\/remiremontinfo\/2022\/12\/note-de-bonheur-enfants-hospitalises\/#respond"]}]},{"@type":"WebPage","@id":"https:\/\/vosgesinfo.fr\/remiremontinfo\/2022\/12\/note-de-bonheur-enfants-hospitalises\/","url":"https:\/\/vosgesinfo.fr\/remiremontinfo\/2022\/12\/note-de-bonheur-enfants-hospitalises\/","name":"Une note de bonheur pour les enfants hospitalis\u00e9s - Remiremont Info","isPartOf":{"@id":"https:\/\/vosgesinfo.fr\/remiremontinfo\/#website"},"primaryImageOfPage":{"@id":"https:\/\/vosgesinfo.fr\/remiremontinfo\/2022\/12\/note-de-bonheur-enfants-hospitalises\/#primaryimage"},"image":{"@id":"https:\/\/vosgesinfo.fr\/remiremontinfo\/2022\/12\/note-de-bonheur-enfants-hospitalises\/#primaryimage"},"thumbnailUrl":"https:\/\/vosgesinfo.fr\/app\/uploads\/sites\/5\/2024\/09\/202212img-20221219-180749.jpg","datePublished":"2022-12-19T18:23:18+00:00","dateModified":"2022-12-19T18:23:18+00:00","breadcrumb":{"@id":"https:\/\/vosgesinfo.fr\/remiremontinfo\/2022\/12\/note-de-bonheur-enfants-hospitalises\/#breadcrumb"},"inLanguage":"fr-FR","potentialAction":[{"@type":"ReadAction","target":["https:\/\/vosgesinfo.fr\/remiremontinfo\/2022\/12\/note-de-bonheur-enfants-hospitalises\/"]}]},{"@type":"ImageObject","inLanguage":"fr-FR","@id":"https:\/\/vosgesinfo.fr\/remiremontinfo\/2022\/12\/note-de-bonheur-enfants-hospitalises\/#primaryimage","url":"https:\/\/vosgesinfo.fr\/app\/uploads\/sites\/5\/2024\/09\/202212img-20221219-180749.jpg","contentUrl":"https:\/\/vosgesinfo.fr\/app\/uploads\/sites\/5\/2024\/09\/202212img-20221219-180749.jpg","width":1600,"height":1200},{"@type":"BreadcrumbList","@id":"https:\/\/vosgesinfo.fr\/remiremontinfo\/2022\/12\/note-de-bonheur-enfants-hospitalises\/#breadcrumb","itemListElement":[{"@type":"ListItem","position":1,"name":"Home","item":"https:\/\/vosgesinfo.fr\/remiremontinfo\/"},{"@type":"ListItem","position":2,"name":"Une note de bonheur pour les enfants hospitalis\u00e9s"}]},{"@type":"WebSite","@id":"https:\/\/vosgesinfo.fr\/remiremontinfo\/#website","url":"https:\/\/vosgesinfo.fr\/remiremontinfo\/","name":"Remiremont Info","description":"Toute l&#039;actualit\u00e9 de Remiremont","publisher":{"@id":"https:\/\/vosgesinfo.fr\/remiremontinfo\/#organization"},"alternateName":"Toute l'actualit\u00e9 de Remiremont","potentialAction":[{"@type":"SearchAction","target":{"@type":"EntryPoint","urlTemplate":"https:\/\/vosgesinfo.fr\/remiremontinfo\/?s={search_term_string}"},"query-input":"required name=search_term_string"}],"inLanguage":"fr-FR"},{"@type":"Organization","@id":"https:\/\/vosgesinfo.fr\/remiremontinfo\/#organization","name":"Remiremont Info","url":"https:\/\/vosgesinfo.fr\/remiremontinfo\/","logo":{"@type":"ImageObject","inLanguage":"fr-FR","@id":"https:\/\/vosgesinfo.fr\/remiremontinfo\/#\/schema\/logo\/image\/","url":"https:\/\/vosgesinfo.fr\/app\/uploads\/sites\/5\/2023\/08\/favicon-remiremontinfo.png","contentUrl":"https:\/\/vosgesinfo.fr\/app\/uploads\/sites\/5\/2023\/08\/favicon-remiremontinfo.png","width":512,"height":512,"caption":"Remiremont Info"},"image":{"@id":"https:\/\/vosgesinfo.fr\/remiremontinfo\/#\/schema\/logo\/image\/"},"sameAs":["https:\/\/www.facebook.com\/remiremontinfo","https:\/\/x.com\/VosgesInfo88","https:\/\/www.youtube.com\/@vosgesinfo"]},{"@type":"Person","@id":"https:\/\/vosgesinfo.fr\/remiremontinfo\/#\/schema\/person\/bb264dc74a23cbe4301eb9a8fb6df8ad","name":"David G","image":{"@type":"ImageObject","inLanguage":"fr-FR","@id":"https:\/\/vosgesinfo.fr\/remiremontinfo\/#\/schema\/person\/image\/","url":"https:\/\/secure.gravatar.com\/avatar\/5ca4fbbd960b4393047a6779d7f74b03f9ce1d828097d6e25f2d4cce06d47a51?s=96&d=mm&r=g","contentUrl":"https:\/\/secure.gravatar.com\/avatar\/5ca4fbbd960b4393047a6779d7f74b03f9ce1d828097d6e25f2d4cce06d47a51?s=96&d=mm&r=g","caption":"David G"},"url":"https:\/\/vosgesinfo.fr\/remiremontinfo\/author\/dgg88200\/"}]}},"_links":{"self":[{"href":"https:\/\/vosgesinfo.fr\/remiremontinfo\/wp-json\/wp\/v2\/posts\/65887","targetHints":{"allow":["GET"]}}],"collection":[{"href":"https:\/\/vosgesinfo.fr\/remiremontinfo\/wp-json\/wp\/v2\/posts"}],"about":[{"href":"https:\/\/vosgesinfo.fr\/remiremontinfo\/wp-json\/wp\/v2\/types\/post"}],"author":[{"embeddable":true,"href":"https:\/\/vosgesinfo.fr\/remiremontinfo\/wp-json\/wp\/v2\/users\/410"}],"replies":[{"embeddable":true,"href":"https:\/\/vosgesinfo.fr\/remiremontinfo\/wp-json\/wp\/v2\/comments?post=65887"}],"version-history":[{"count":0,"href":"https:\/\/vosgesinfo.fr\/remiremontinfo\/wp-json\/wp\/v2\/posts\/65887\/revisions"}],"wp:featuredmedia":[{"embeddable":true,"href":"https:\/\/vosgesinfo.fr\/remiremontinfo\/wp-json\/wp\/v2\/media\/65888"}],"wp:attachment":[{"href":"https:\/\/vosgesinfo.fr\/remiremontinfo\/wp-json\/wp\/v2\/media?parent=65887"}],"wp:term":[{"taxonomy":"category","embeddable":true,"href":"https:\/\/vosgesinfo.fr\/remiremontinfo\/wp-json\/wp\/v2\/categories?post=65887"},{"taxonomy":"post_tag","embeddable":true,"href":"https:\/\/vosgesinfo.fr\/remiremontinfo\/wp-json\/wp\/v2\/tags?post=65887"}],"curies":[{"name":"wp","href":"https:\/\/api.w.org\/{rel}","templated":true}]}}