{"id":65910,"date":"2022-12-20T18:58:01","date_gmt":"2022-12-20T17:58:01","guid":{"rendered":"https:\/\/vosgesinfo.fr\/remiremontinfo\/2022\/12\/laccordeoniste-christelle-harau-joue-marche-de-noel\/"},"modified":"2022-12-20T18:58:01","modified_gmt":"2022-12-20T17:58:01","slug":"laccordeoniste-christelle-harau-joue-marche-de-noel","status":"publish","type":"post","link":"https:\/\/vosgesinfo.fr\/remiremontinfo\/2022\/12\/laccordeoniste-christelle-harau-joue-marche-de-noel\/","title":{"rendered":"L&rsquo;accord\u00e9oniste Christelle Harau joue au march\u00e9 de No\u00ebl"},"content":{"rendered":"<p><a href=\"https:\/\/remiremontinfo.fr\/2022\/12\/laccordeoniste-christelle-harau-joue-marche-de-noel\/img_20221220_181059\/\" rel=\"attachment wp-att-360445\"><img decoding=\"async\" class=\"aligncenter size-full wp-image-360445\" src=\"\/2022\/12\/IMG_20221220_181059.jpg\" alt=\"IMG_20221220_181059\" width=\"1200\" height=\"1600\" \/><\/a>C&rsquo;est malheureusement sous la pluie que Christelle Harau accord\u00e9oniste et chanteuse a diverti le public clairsem\u00e9 du march\u00e9 de No\u00ebl\u00a0 de Remiremont. L&rsquo;artiste a beaucoup implor\u00e9 le temps \u00e0 la mani\u00e8re de La Mano Negra avec \u00a0\u00bb Je Veux du Soleil \u00ab\u00a0. Rien n&rsquo;y a fait&#8230;Enthousiaste et souriante, elle a encha\u00een\u00e9e avec \u00a0\u00bb Les Copains d&rsquo;Abord \u00a0\u00bb de Brassens et \u00a0\u00bb Les Amants de Saint Jean \u00a0\u00bb : entre autre. Ce mini concert a \u00e9t\u00e9 organis\u00e9 par l&rsquo;association des usagers du Centre Social. Les courageux spectateurs pr\u00e9sents ont n\u00e9anmoins fredonn\u00e9 et chant\u00e9 tous les airs connus et reconnus.<\/p>\n","protected":false},"excerpt":{"rendered":"<p>C&rsquo;est malheureusement sous la pluie que Christelle Harau accord\u00e9oniste et chanteuse a diverti le public clairsem\u00e9 du march\u00e9 de No\u00ebl\u00a0 [&hellip;]<\/p>\n","protected":false},"author":410,"featured_media":65911,"comment_status":"open","ping_status":"open","sticky":false,"template":"","format":"standard","meta":{"footnotes":""},"categories":[52,35],"tags":[5226,53,345,44],"class_list":["post-65910","post","type-post","status-publish","format-standard","has-post-thumbnail","hentry","category-musique","category-remiremont-son-canton","tag-accordeon","tag-concert","tag-noel","tag-remiremont"],"acf":[],"yoast_head":"<!-- This site is optimized with the Yoast SEO plugin v22.5 - https:\/\/yoast.com\/wordpress\/plugins\/seo\/ -->\n<title>L&#039;accord\u00e9oniste Christelle Harau joue au march\u00e9 de No\u00ebl - Remiremont Info<\/title>\n<meta name=\"robots\" content=\"index, follow, max-snippet:-1, max-image-preview:large, max-video-preview:-1\" \/>\n<link rel=\"canonical\" href=\"https:\/\/vosgesinfo.fr\/remiremontinfo\/2022\/12\/laccordeoniste-christelle-harau-joue-marche-de-noel\/\" \/>\n<meta name=\"twitter:card\" content=\"summary_large_image\" \/>\n<meta name=\"twitter:title\" content=\"L&#039;accord\u00e9oniste Christelle Harau joue au march\u00e9 de No\u00ebl - Remiremont Info\" \/>\n<meta name=\"twitter:description\" content=\"C&rsquo;est malheureusement sous la pluie que Christelle Harau accord\u00e9oniste et chanteuse a diverti le public clairsem\u00e9 du march\u00e9 de No\u00ebl\u00a0 [&hellip;]\" \/>\n<meta name=\"twitter:image\" content=\"https:\/\/vosgesinfo.fr\/app\/uploads\/sites\/5\/2024\/09\/202212img-20221220-181059.jpg\" \/>\n<meta name=\"twitter:creator\" content=\"@VosgesInfo88\" \/>\n<meta name=\"twitter:site\" content=\"@VosgesInfo88\" \/>\n<meta name=\"twitter:label1\" content=\"\u00c9crit par\" \/>\n\t<meta name=\"twitter:data1\" content=\"David G\" \/>\n<script type=\"application\/ld+json\" class=\"yoast-schema-graph\">{\"@context\":\"https:\/\/schema.org\",\"@graph\":[{\"@type\":\"Article\",\"@id\":\"https:\/\/vosgesinfo.fr\/remiremontinfo\/2022\/12\/laccordeoniste-christelle-harau-joue-marche-de-noel\/#article\",\"isPartOf\":{\"@id\":\"https:\/\/vosgesinfo.fr\/remiremontinfo\/2022\/12\/laccordeoniste-christelle-harau-joue-marche-de-noel\/\"},\"author\":{\"name\":\"David G\",\"@id\":\"https:\/\/vosgesinfo.fr\/remiremontinfo\/#\/schema\/person\/bb264dc74a23cbe4301eb9a8fb6df8ad\"},\"headline\":\"L&rsquo;accord\u00e9oniste Christelle Harau joue au march\u00e9 de No\u00ebl\",\"datePublished\":\"2022-12-20T17:58:01+00:00\",\"dateModified\":\"2022-12-20T17:58:01+00:00\",\"mainEntityOfPage\":{\"@id\":\"https:\/\/vosgesinfo.fr\/remiremontinfo\/2022\/12\/laccordeoniste-christelle-harau-joue-marche-de-noel\/\"},\"wordCount\":114,\"commentCount\":0,\"publisher\":{\"@id\":\"https:\/\/vosgesinfo.fr\/remiremontinfo\/#organization\"},\"image\":{\"@id\":\"https:\/\/vosgesinfo.fr\/remiremontinfo\/2022\/12\/laccordeoniste-christelle-harau-joue-marche-de-noel\/#primaryimage\"},\"thumbnailUrl\":\"https:\/\/vosgesinfo.fr\/app\/uploads\/sites\/5\/2024\/09\/202212img-20221220-181059.jpg\",\"keywords\":[\"accord\u00e9on\",\"concert\",\"No\u00ebl\",\"remiremont\"],\"articleSection\":[\"musique\",\"Remiremont &amp; son canton\"],\"inLanguage\":\"fr-FR\",\"potentialAction\":[{\"@type\":\"CommentAction\",\"name\":\"Comment\",\"target\":[\"https:\/\/vosgesinfo.fr\/remiremontinfo\/2022\/12\/laccordeoniste-christelle-harau-joue-marche-de-noel\/#respond\"]}]},{\"@type\":\"WebPage\",\"@id\":\"https:\/\/vosgesinfo.fr\/remiremontinfo\/2022\/12\/laccordeoniste-christelle-harau-joue-marche-de-noel\/\",\"url\":\"https:\/\/vosgesinfo.fr\/remiremontinfo\/2022\/12\/laccordeoniste-christelle-harau-joue-marche-de-noel\/\",\"name\":\"L'accord\u00e9oniste Christelle Harau joue au march\u00e9 de No\u00ebl - Remiremont Info\",\"isPartOf\":{\"@id\":\"https:\/\/vosgesinfo.fr\/remiremontinfo\/#website\"},\"primaryImageOfPage\":{\"@id\":\"https:\/\/vosgesinfo.fr\/remiremontinfo\/2022\/12\/laccordeoniste-christelle-harau-joue-marche-de-noel\/#primaryimage\"},\"image\":{\"@id\":\"https:\/\/vosgesinfo.fr\/remiremontinfo\/2022\/12\/laccordeoniste-christelle-harau-joue-marche-de-noel\/#primaryimage\"},\"thumbnailUrl\":\"https:\/\/vosgesinfo.fr\/app\/uploads\/sites\/5\/2024\/09\/202212img-20221220-181059.jpg\",\"datePublished\":\"2022-12-20T17:58:01+00:00\",\"dateModified\":\"2022-12-20T17:58:01+00:00\",\"breadcrumb\":{\"@id\":\"https:\/\/vosgesinfo.fr\/remiremontinfo\/2022\/12\/laccordeoniste-christelle-harau-joue-marche-de-noel\/#breadcrumb\"},\"inLanguage\":\"fr-FR\",\"potentialAction\":[{\"@type\":\"ReadAction\",\"target\":[\"https:\/\/vosgesinfo.fr\/remiremontinfo\/2022\/12\/laccordeoniste-christelle-harau-joue-marche-de-noel\/\"]}]},{\"@type\":\"ImageObject\",\"inLanguage\":\"fr-FR\",\"@id\":\"https:\/\/vosgesinfo.fr\/remiremontinfo\/2022\/12\/laccordeoniste-christelle-harau-joue-marche-de-noel\/#primaryimage\",\"url\":\"https:\/\/vosgesinfo.fr\/app\/uploads\/sites\/5\/2024\/09\/202212img-20221220-181059.jpg\",\"contentUrl\":\"https:\/\/vosgesinfo.fr\/app\/uploads\/sites\/5\/2024\/09\/202212img-20221220-181059.jpg\",\"width\":1200,\"height\":1600},{\"@type\":\"BreadcrumbList\",\"@id\":\"https:\/\/vosgesinfo.fr\/remiremontinfo\/2022\/12\/laccordeoniste-christelle-harau-joue-marche-de-noel\/#breadcrumb\",\"itemListElement\":[{\"@type\":\"ListItem\",\"position\":1,\"name\":\"Home\",\"item\":\"https:\/\/vosgesinfo.fr\/remiremontinfo\/\"},{\"@type\":\"ListItem\",\"position\":2,\"name\":\"L&rsquo;accord\u00e9oniste Christelle Harau joue au march\u00e9 de No\u00ebl\"}]},{\"@type\":\"WebSite\",\"@id\":\"https:\/\/vosgesinfo.fr\/remiremontinfo\/#website\",\"url\":\"https:\/\/vosgesinfo.fr\/remiremontinfo\/\",\"name\":\"Remiremont Info\",\"description\":\"Toute l&#039;actualit\u00e9 de Remiremont\",\"publisher\":{\"@id\":\"https:\/\/vosgesinfo.fr\/remiremontinfo\/#organization\"},\"alternateName\":\"Toute l'actualit\u00e9 de Remiremont\",\"potentialAction\":[{\"@type\":\"SearchAction\",\"target\":{\"@type\":\"EntryPoint\",\"urlTemplate\":\"https:\/\/vosgesinfo.fr\/remiremontinfo\/?s={search_term_string}\"},\"query-input\":\"required name=search_term_string\"}],\"inLanguage\":\"fr-FR\"},{\"@type\":\"Organization\",\"@id\":\"https:\/\/vosgesinfo.fr\/remiremontinfo\/#organization\",\"name\":\"Remiremont Info\",\"url\":\"https:\/\/vosgesinfo.fr\/remiremontinfo\/\",\"logo\":{\"@type\":\"ImageObject\",\"inLanguage\":\"fr-FR\",\"@id\":\"https:\/\/vosgesinfo.fr\/remiremontinfo\/#\/schema\/logo\/image\/\",\"url\":\"https:\/\/vosgesinfo.fr\/app\/uploads\/sites\/5\/2023\/08\/favicon-remiremontinfo.png\",\"contentUrl\":\"https:\/\/vosgesinfo.fr\/app\/uploads\/sites\/5\/2023\/08\/favicon-remiremontinfo.png\",\"width\":512,\"height\":512,\"caption\":\"Remiremont Info\"},\"image\":{\"@id\":\"https:\/\/vosgesinfo.fr\/remiremontinfo\/#\/schema\/logo\/image\/\"},\"sameAs\":[\"https:\/\/www.facebook.com\/remiremontinfo\",\"https:\/\/x.com\/VosgesInfo88\",\"https:\/\/www.youtube.com\/@vosgesinfo\"]},{\"@type\":\"Person\",\"@id\":\"https:\/\/vosgesinfo.fr\/remiremontinfo\/#\/schema\/person\/bb264dc74a23cbe4301eb9a8fb6df8ad\",\"name\":\"David G\",\"image\":{\"@type\":\"ImageObject\",\"inLanguage\":\"fr-FR\",\"@id\":\"https:\/\/vosgesinfo.fr\/remiremontinfo\/#\/schema\/person\/image\/\",\"url\":\"https:\/\/secure.gravatar.com\/avatar\/5ca4fbbd960b4393047a6779d7f74b03f9ce1d828097d6e25f2d4cce06d47a51?s=96&d=mm&r=g\",\"contentUrl\":\"https:\/\/secure.gravatar.com\/avatar\/5ca4fbbd960b4393047a6779d7f74b03f9ce1d828097d6e25f2d4cce06d47a51?s=96&d=mm&r=g\",\"caption\":\"David G\"},\"url\":\"https:\/\/vosgesinfo.fr\/remiremontinfo\/author\/dgg88200\/\"}]}<\/script>\n<!-- \/ Yoast SEO plugin. -->","yoast_head_json":{"title":"L'accord\u00e9oniste Christelle Harau joue au march\u00e9 de No\u00ebl - Remiremont Info","robots":{"index":"index","follow":"follow","max-snippet":"max-snippet:-1","max-image-preview":"max-image-preview:large","max-video-preview":"max-video-preview:-1"},"canonical":"https:\/\/vosgesinfo.fr\/remiremontinfo\/2022\/12\/laccordeoniste-christelle-harau-joue-marche-de-noel\/","twitter_card":"summary_large_image","twitter_title":"L'accord\u00e9oniste Christelle Harau joue au march\u00e9 de No\u00ebl - Remiremont Info","twitter_description":"C&rsquo;est malheureusement sous la pluie que Christelle Harau accord\u00e9oniste et chanteuse a diverti le public clairsem\u00e9 du march\u00e9 de No\u00ebl\u00a0 [&hellip;]","twitter_image":"https:\/\/vosgesinfo.fr\/app\/uploads\/sites\/5\/2024\/09\/202212img-20221220-181059.jpg","twitter_creator":"@VosgesInfo88","twitter_site":"@VosgesInfo88","twitter_misc":{"\u00c9crit par":"David G"},"schema":{"@context":"https:\/\/schema.org","@graph":[{"@type":"Article","@id":"https:\/\/vosgesinfo.fr\/remiremontinfo\/2022\/12\/laccordeoniste-christelle-harau-joue-marche-de-noel\/#article","isPartOf":{"@id":"https:\/\/vosgesinfo.fr\/remiremontinfo\/2022\/12\/laccordeoniste-christelle-harau-joue-marche-de-noel\/"},"author":{"name":"David G","@id":"https:\/\/vosgesinfo.fr\/remiremontinfo\/#\/schema\/person\/bb264dc74a23cbe4301eb9a8fb6df8ad"},"headline":"L&rsquo;accord\u00e9oniste Christelle Harau joue au march\u00e9 de No\u00ebl","datePublished":"2022-12-20T17:58:01+00:00","dateModified":"2022-12-20T17:58:01+00:00","mainEntityOfPage":{"@id":"https:\/\/vosgesinfo.fr\/remiremontinfo\/2022\/12\/laccordeoniste-christelle-harau-joue-marche-de-noel\/"},"wordCount":114,"commentCount":0,"publisher":{"@id":"https:\/\/vosgesinfo.fr\/remiremontinfo\/#organization"},"image":{"@id":"https:\/\/vosgesinfo.fr\/remiremontinfo\/2022\/12\/laccordeoniste-christelle-harau-joue-marche-de-noel\/#primaryimage"},"thumbnailUrl":"https:\/\/vosgesinfo.fr\/app\/uploads\/sites\/5\/2024\/09\/202212img-20221220-181059.jpg","keywords":["accord\u00e9on","concert","No\u00ebl","remiremont"],"articleSection":["musique","Remiremont &amp; son canton"],"inLanguage":"fr-FR","potentialAction":[{"@type":"CommentAction","name":"Comment","target":["https:\/\/vosgesinfo.fr\/remiremontinfo\/2022\/12\/laccordeoniste-christelle-harau-joue-marche-de-noel\/#respond"]}]},{"@type":"WebPage","@id":"https:\/\/vosgesinfo.fr\/remiremontinfo\/2022\/12\/laccordeoniste-christelle-harau-joue-marche-de-noel\/","url":"https:\/\/vosgesinfo.fr\/remiremontinfo\/2022\/12\/laccordeoniste-christelle-harau-joue-marche-de-noel\/","name":"L'accord\u00e9oniste Christelle Harau joue au march\u00e9 de No\u00ebl - Remiremont Info","isPartOf":{"@id":"https:\/\/vosgesinfo.fr\/remiremontinfo\/#website"},"primaryImageOfPage":{"@id":"https:\/\/vosgesinfo.fr\/remiremontinfo\/2022\/12\/laccordeoniste-christelle-harau-joue-marche-de-noel\/#primaryimage"},"image":{"@id":"https:\/\/vosgesinfo.fr\/remiremontinfo\/2022\/12\/laccordeoniste-christelle-harau-joue-marche-de-noel\/#primaryimage"},"thumbnailUrl":"https:\/\/vosgesinfo.fr\/app\/uploads\/sites\/5\/2024\/09\/202212img-20221220-181059.jpg","datePublished":"2022-12-20T17:58:01+00:00","dateModified":"2022-12-20T17:58:01+00:00","breadcrumb":{"@id":"https:\/\/vosgesinfo.fr\/remiremontinfo\/2022\/12\/laccordeoniste-christelle-harau-joue-marche-de-noel\/#breadcrumb"},"inLanguage":"fr-FR","potentialAction":[{"@type":"ReadAction","target":["https:\/\/vosgesinfo.fr\/remiremontinfo\/2022\/12\/laccordeoniste-christelle-harau-joue-marche-de-noel\/"]}]},{"@type":"ImageObject","inLanguage":"fr-FR","@id":"https:\/\/vosgesinfo.fr\/remiremontinfo\/2022\/12\/laccordeoniste-christelle-harau-joue-marche-de-noel\/#primaryimage","url":"https:\/\/vosgesinfo.fr\/app\/uploads\/sites\/5\/2024\/09\/202212img-20221220-181059.jpg","contentUrl":"https:\/\/vosgesinfo.fr\/app\/uploads\/sites\/5\/2024\/09\/202212img-20221220-181059.jpg","width":1200,"height":1600},{"@type":"BreadcrumbList","@id":"https:\/\/vosgesinfo.fr\/remiremontinfo\/2022\/12\/laccordeoniste-christelle-harau-joue-marche-de-noel\/#breadcrumb","itemListElement":[{"@type":"ListItem","position":1,"name":"Home","item":"https:\/\/vosgesinfo.fr\/remiremontinfo\/"},{"@type":"ListItem","position":2,"name":"L&rsquo;accord\u00e9oniste Christelle Harau joue au march\u00e9 de No\u00ebl"}]},{"@type":"WebSite","@id":"https:\/\/vosgesinfo.fr\/remiremontinfo\/#website","url":"https:\/\/vosgesinfo.fr\/remiremontinfo\/","name":"Remiremont Info","description":"Toute l&#039;actualit\u00e9 de Remiremont","publisher":{"@id":"https:\/\/vosgesinfo.fr\/remiremontinfo\/#organization"},"alternateName":"Toute l'actualit\u00e9 de Remiremont","potentialAction":[{"@type":"SearchAction","target":{"@type":"EntryPoint","urlTemplate":"https:\/\/vosgesinfo.fr\/remiremontinfo\/?s={search_term_string}"},"query-input":"required name=search_term_string"}],"inLanguage":"fr-FR"},{"@type":"Organization","@id":"https:\/\/vosgesinfo.fr\/remiremontinfo\/#organization","name":"Remiremont Info","url":"https:\/\/vosgesinfo.fr\/remiremontinfo\/","logo":{"@type":"ImageObject","inLanguage":"fr-FR","@id":"https:\/\/vosgesinfo.fr\/remiremontinfo\/#\/schema\/logo\/image\/","url":"https:\/\/vosgesinfo.fr\/app\/uploads\/sites\/5\/2023\/08\/favicon-remiremontinfo.png","contentUrl":"https:\/\/vosgesinfo.fr\/app\/uploads\/sites\/5\/2023\/08\/favicon-remiremontinfo.png","width":512,"height":512,"caption":"Remiremont Info"},"image":{"@id":"https:\/\/vosgesinfo.fr\/remiremontinfo\/#\/schema\/logo\/image\/"},"sameAs":["https:\/\/www.facebook.com\/remiremontinfo","https:\/\/x.com\/VosgesInfo88","https:\/\/www.youtube.com\/@vosgesinfo"]},{"@type":"Person","@id":"https:\/\/vosgesinfo.fr\/remiremontinfo\/#\/schema\/person\/bb264dc74a23cbe4301eb9a8fb6df8ad","name":"David G","image":{"@type":"ImageObject","inLanguage":"fr-FR","@id":"https:\/\/vosgesinfo.fr\/remiremontinfo\/#\/schema\/person\/image\/","url":"https:\/\/secure.gravatar.com\/avatar\/5ca4fbbd960b4393047a6779d7f74b03f9ce1d828097d6e25f2d4cce06d47a51?s=96&d=mm&r=g","contentUrl":"https:\/\/secure.gravatar.com\/avatar\/5ca4fbbd960b4393047a6779d7f74b03f9ce1d828097d6e25f2d4cce06d47a51?s=96&d=mm&r=g","caption":"David G"},"url":"https:\/\/vosgesinfo.fr\/remiremontinfo\/author\/dgg88200\/"}]}},"_links":{"self":[{"href":"https:\/\/vosgesinfo.fr\/remiremontinfo\/wp-json\/wp\/v2\/posts\/65910","targetHints":{"allow":["GET"]}}],"collection":[{"href":"https:\/\/vosgesinfo.fr\/remiremontinfo\/wp-json\/wp\/v2\/posts"}],"about":[{"href":"https:\/\/vosgesinfo.fr\/remiremontinfo\/wp-json\/wp\/v2\/types\/post"}],"author":[{"embeddable":true,"href":"https:\/\/vosgesinfo.fr\/remiremontinfo\/wp-json\/wp\/v2\/users\/410"}],"replies":[{"embeddable":true,"href":"https:\/\/vosgesinfo.fr\/remiremontinfo\/wp-json\/wp\/v2\/comments?post=65910"}],"version-history":[{"count":0,"href":"https:\/\/vosgesinfo.fr\/remiremontinfo\/wp-json\/wp\/v2\/posts\/65910\/revisions"}],"wp:featuredmedia":[{"embeddable":true,"href":"https:\/\/vosgesinfo.fr\/remiremontinfo\/wp-json\/wp\/v2\/media\/65911"}],"wp:attachment":[{"href":"https:\/\/vosgesinfo.fr\/remiremontinfo\/wp-json\/wp\/v2\/media?parent=65910"}],"wp:term":[{"taxonomy":"category","embeddable":true,"href":"https:\/\/vosgesinfo.fr\/remiremontinfo\/wp-json\/wp\/v2\/categories?post=65910"},{"taxonomy":"post_tag","embeddable":true,"href":"https:\/\/vosgesinfo.fr\/remiremontinfo\/wp-json\/wp\/v2\/tags?post=65910"}],"curies":[{"name":"wp","href":"https:\/\/api.w.org\/{rel}","templated":true}]}}