{"id":65926,"date":"2022-12-21T08:22:58","date_gmt":"2022-12-21T07:22:58","guid":{"rendered":"https:\/\/vosgesinfo.fr\/remiremontinfo\/2022\/12\/ventron-mairie-informe-habitants-operation-de-delestage-electrique\/"},"modified":"2022-12-21T08:22:58","modified_gmt":"2022-12-21T07:22:58","slug":"ventron-mairie-informe-habitants-operation-de-delestage-electrique","status":"publish","type":"post","link":"https:\/\/vosgesinfo.fr\/remiremontinfo\/2022\/12\/ventron-mairie-informe-habitants-operation-de-delestage-electrique\/","title":{"rendered":"Ventron : la mairie informe les habitants sur les op\u00e9rations de \u00ab\u00a0d\u00e9lestage \u00e9lectrique\u00a0\u00bb"},"content":{"rendered":"<p>INFORMATIONS IMPORTANTES CONCERNANT LES OP\u00c9RATIONS DE D\u00c9LESTAGE EL\u00c9CTRIQUE<\/p>\n<p>Actuellement, notre pays connait un contexte \u00e9nerg\u00e9tique en tension.<br \/>\nEn vue d\u2019\u00e9viter une coupure g\u00e9n\u00e9rale (un \u00ab black-out \u00bb) lors des pics de consommation de la p\u00e9riode hivernale, des coupures d&rsquo;\u00e9lectricit\u00e9 cibl\u00e9es, locales, temporaires et ma\u00eetris\u00e9es pourront \u00eatre d\u00e9cid\u00e9es par le gestionnaire du R\u00e9seau de Transport d\u2019\u00c9lectricit\u00e9 (RTE).<\/p>\n<p>MODALIT\u00c9S DE CES COUPURES\u00a0:<br \/>\n&#8211; par tranches de 2 heures ;<br \/>\n&#8211; sur les cr\u00e9neaux de 7h30-13h et\/ou 18h-20h ;<br \/>\n&#8211; affectant alternativement des portions du d\u00e9partement ;<br \/>\n&#8211; en principe\u00a0: ni les week-ends, ni les jours f\u00e9ri\u00e9s,<br \/>\n&#8211; annonc\u00e9es \u00e0 partir de J-3 \u00e0 la maille nationale puis \u00e0 J-1 \u00e0 17h \u00e0 la maille d\u00e9partementale et<br \/>\ncommunale.<\/p>\n<p>SE TENIR BIEN INFORM\u00c9\u00a0:<br \/>\nNous vous invitons dans la mesure du possible et pour ceux qui le peuvent \u00e0\u00a0:<br \/>\n&#8211; vous inscrire sur le site mon\u00e9cowatt \u00e0 l&rsquo;adresse suivante : https:\/\/www.monecowatt.fr\/inscription-alerte-vigilance-coupure pour \u00eatre inform\u00e9 des coupures \u00e0 venir ;<br \/>\n&#8211; vous rendre sur le site suivant https:\/\/coupures-temporaires.enedis.fr \u00e0 compter de 17h pour<br \/>\nsavoir si votre commune, voire leur rue, est concern\u00e9e par du d\u00e9lestage le lendemain. Une mise \u00e0<br \/>\njour des rues concern\u00e9es sera r\u00e9alis\u00e9e \u00e0 19h30<br \/>\n&#8211; t\u00e9l\u00e9charger l&rsquo;application mobile \u00e9cowatt<br \/>\n&#8211; t\u00e9l\u00e9charger l\u2019application illiwap sur votre smartphone et visiter r\u00e9guli\u00e8rement le site ventron.fr o\u00f9 nous relayons au maximum les informations importantes concernant notre commune<br \/>\n&#8211; informer les personnes vuln\u00e9rables de votre entourage et vos voisins qui n\u2019ont pas acc\u00e8s \u00e0 internet ou ne disposent pas de t\u00e9l\u00e9phone portable leur permettant d\u2019\u00eatre alert\u00e9 de ces coupures<\/p>\n<p>D\u00c9MARCHES ET SUIVI PARTICULIER POUR LES PERSONNES VULN\u00c9RABLES OU PERSONNES AYANT DU MAT\u00c9RIEL M\u00c9DICAL N\u00c9CESSITANT UNE ALIMENTATION \u00c9LECTRIQUE\u00a0:<br \/>\n&#8211; Les patients sous respirateur artificiel plus de 20h par jour et les enfants b\u00e9n\u00e9ficiant de nutrition parent\u00e9rale \u00e0 domicile sont invit\u00e9s \u00e0 s&rsquo;inscrire au dispositif d&rsquo;information particulier pour les patients \u00e0 haut risque vital (PHRV) en se rendant sur le site suivant: https:\/\/www.grand-est.ars.sante.fr\/patient-haut-risque-vital-soyez-informe-en-cas-de-coupure-electrique pour<br \/>\nt\u00e9l\u00e9charger les formulaires d&rsquo;inscription puis en contactant leur m\u00e9decin traitant. Si vous ne disposez pas de connexion internet, nous mettons \u00e0 disposition ces formulaires en Mairie aux jours et heures d\u2019ouverture.<\/p>\n<p>&#8211; Pour toutes les autres personnes ayant des probl\u00e8mes de sant\u00e9 ou un handicap, nous vous invitons si vous le d\u00e9sirez \u00e0 vous signaler en Mairie aux horaires d\u2019ouverture pour vous inscrire sur le registre des personnes vuln\u00e9rables au 03 29 24 18 18.<\/p>\n<p>CONSEILS UTILES \u00c0 APPLIQUER\u00a0:<br \/>\n1. Chargez les batteries de votre smartphone, ordinateur portable, quelques heures avant la coupure d&rsquo;\u00e9lectricit\u00e9. Tenez compte des perturbations \u00e9ventuelles que les r\u00e9seaux de t\u00e9l\u00e9communications fixes et mobiles pourraient subir durant la coupure d&rsquo;\u00e9lectricit\u00e9. Mieux vaut ne t\u00e9l\u00e9phoner que si c&rsquo;est vraiment n\u00e9cessaire, afin de ne pas surcharger le r\u00e9seau.<br \/>\n2. Pr\u00e9parez des boissons et de la nourriture : Si vous ne pouvez pas cuisiner pendant la coupure<br \/>\nd&rsquo;\u00e9lectricit\u00e9, pr\u00e9parez suffisamment de boissons et d&rsquo;aliments n&rsquo;ayant pas besoin d&rsquo;\u00eatre r\u00e9chauff\u00e9s.<br \/>\n3. Pr\u00e9parez quelques objets tels qu&rsquo;une lampe de poche \u00e0 batteries charg\u00e9es, une radio sur batteries<br \/>\n(afin de pouvoir vous informer), \u00e9ventuellement des m\u00e9dicaments, des v\u00eatements chauds. Cela vous<br \/>\n\u00e9vitera de devoir tout rassembler au dernier moment, ou dans l&rsquo;obscurit\u00e9.<br \/>\n4. Fermez bien votre cong\u00e9lateur : Les cong\u00e9lateurs peuvent rester au moins dix heures hors tension<br \/>\nsans que les aliments ne se d\u00e9cong\u00e8lent. Vos denr\u00e9es alimentaires devraient donc bien r\u00e9sister \u00e0 une<br \/>\npanne d&rsquo;\u00e9lectricit\u00e9 de deux heures. Par mesure de pr\u00e9caution, vous pouvez placer un sac de gla\u00e7ons<br \/>\ndans le cong\u00e9lateur : si la glace a fondu, il est possible que vos aliments soient avari\u00e9s. En tout cas,<br \/>\nfermez bien le cong\u00e9lateur et ne l&rsquo;ouvrez pas durant la coupure d&rsquo;\u00e9lectricit\u00e9.<br \/>\n5. Retirez les fiches \u00e9lectriques des prises : Avant la coupure de courant, retirez autant de fiches<br \/>\n\u00e9lectriques des prises que possible. Mieux vaut les rebrancher une par une d\u00e8s que le courant se<br \/>\nr\u00e9tablit. Vous \u00e9viterez ainsi qu&rsquo;une surtension ou une surcharge \u00e9lectrique n&rsquo;endommage vos<br \/>\nappareils \u00e9lectriques et \u00e9lectroniques. Laissez au moins un interrupteur d&rsquo;\u00e9clairage allum\u00e9 avant la<br \/>\ncoupure, pour savoir quand l&rsquo;\u00e9lectricit\u00e9 sera de retour.<br \/>\n6. Fermez les volets, rideaux et portes des diff\u00e9rentes pi\u00e8ces de la maison afin que celles-ci se<br \/>\nrefroidissent moins rapidement. Veillez toutefois \u00e0 a\u00e9rer suffisamment les pi\u00e8ces dans lesquelles<br \/>\nvous vous trouvez.<br \/>\n7. Pr\u00e9venez les membres de votre famille, vos connaissances et les voisins que vous n&rsquo;aurez plus<br \/>\nd&rsquo;\u00e9lectricit\u00e9 \u00e0 tel moment et que vous ne serez peut \u00eatre pas joignable. (En effet les coupures<br \/>\npourront avoir lieu par quartier ou par rue).<br \/>\n8. V\u00e9rifier que, sans \u00e9lectricit\u00e9, les portes, portails et barri\u00e8res \u00e0 commande \u00e9lectrique peuvent \u00eatre<br \/>\nouverts et que votre r\u00e9veil sonnera.<\/p>\n<p>Le Maire,<\/p>\n<p>B. VANSON<\/p>\n<p>&nbsp;<\/p>\n","protected":false},"excerpt":{"rendered":"<p>INFORMATIONS IMPORTANTES CONCERNANT LES OP\u00c9RATIONS DE D\u00c9LESTAGE EL\u00c9CTRIQUE Actuellement, notre pays connait un contexte \u00e9nerg\u00e9tique en tension. En vue d\u2019\u00e9viter [&hellip;]<\/p>\n","protected":false},"author":407,"featured_media":65927,"comment_status":"open","ping_status":"open","sticky":false,"template":"","format":"standard","meta":{"footnotes":""},"categories":[26,618,25,298],"tags":[5231,620,300],"class_list":["post-65926","post","type-post","status-publish","format-standard","has-post-thumbnail","hentry","category-a-la-une","category-energie","category-la-bresse-son-canton","category-ventron","tag-delestage","tag-energie","tag-ventron"],"acf":[],"yoast_head":"<!-- This site is optimized with the Yoast SEO plugin v22.5 - https:\/\/yoast.com\/wordpress\/plugins\/seo\/ -->\n<title>Ventron : la mairie informe les habitants sur les op\u00e9rations de &quot;d\u00e9lestage \u00e9lectrique&quot; - Remiremont Info<\/title>\n<meta name=\"robots\" content=\"index, follow, max-snippet:-1, max-image-preview:large, max-video-preview:-1\" \/>\n<link rel=\"canonical\" href=\"https:\/\/vosgesinfo.fr\/remiremontinfo\/2022\/12\/ventron-mairie-informe-habitants-operation-de-delestage-electrique\/\" \/>\n<meta name=\"twitter:card\" content=\"summary_large_image\" \/>\n<meta name=\"twitter:title\" content=\"Ventron : la mairie informe les habitants sur les op\u00e9rations de &quot;d\u00e9lestage \u00e9lectrique&quot; - Remiremont Info\" \/>\n<meta name=\"twitter:description\" content=\"INFORMATIONS IMPORTANTES CONCERNANT LES OP\u00c9RATIONS DE D\u00c9LESTAGE EL\u00c9CTRIQUE Actuellement, notre pays connait un contexte \u00e9nerg\u00e9tique en tension. En vue d\u2019\u00e9viter [&hellip;]\" \/>\n<meta name=\"twitter:image\" content=\"https:\/\/vosgesinfo.fr\/app\/uploads\/sites\/5\/2024\/09\/202103capture-decran-2021-03-19-120616-1.png\" \/>\n<meta name=\"twitter:creator\" content=\"@VosgesInfo88\" \/>\n<meta name=\"twitter:site\" content=\"@VosgesInfo88\" \/>\n<meta name=\"twitter:label1\" content=\"\u00c9crit par\" \/>\n\t<meta name=\"twitter:data1\" content=\"C D\" \/>\n\t<meta name=\"twitter:label2\" content=\"Dur\u00e9e de lecture estim\u00e9e\" \/>\n\t<meta name=\"twitter:data2\" content=\"4 minutes\" \/>\n<script type=\"application\/ld+json\" class=\"yoast-schema-graph\">{\"@context\":\"https:\/\/schema.org\",\"@graph\":[{\"@type\":\"Article\",\"@id\":\"https:\/\/vosgesinfo.fr\/remiremontinfo\/2022\/12\/ventron-mairie-informe-habitants-operation-de-delestage-electrique\/#article\",\"isPartOf\":{\"@id\":\"https:\/\/vosgesinfo.fr\/remiremontinfo\/2022\/12\/ventron-mairie-informe-habitants-operation-de-delestage-electrique\/\"},\"author\":{\"name\":\"C D\",\"@id\":\"https:\/\/vosgesinfo.fr\/remiremontinfo\/#\/schema\/person\/3bfd164d5218a185b1db68655a265316\"},\"headline\":\"Ventron : la mairie informe les habitants sur les op\u00e9rations de \u00ab\u00a0d\u00e9lestage \u00e9lectrique\u00a0\u00bb\",\"datePublished\":\"2022-12-21T07:22:58+00:00\",\"dateModified\":\"2022-12-21T07:22:58+00:00\",\"mainEntityOfPage\":{\"@id\":\"https:\/\/vosgesinfo.fr\/remiremontinfo\/2022\/12\/ventron-mairie-informe-habitants-operation-de-delestage-electrique\/\"},\"wordCount\":862,\"commentCount\":0,\"publisher\":{\"@id\":\"https:\/\/vosgesinfo.fr\/remiremontinfo\/#organization\"},\"image\":{\"@id\":\"https:\/\/vosgesinfo.fr\/remiremontinfo\/2022\/12\/ventron-mairie-informe-habitants-operation-de-delestage-electrique\/#primaryimage\"},\"thumbnailUrl\":\"https:\/\/vosgesinfo.fr\/app\/uploads\/sites\/5\/2024\/09\/202103capture-decran-2021-03-19-120616-1.png\",\"keywords\":[\"delestage\",\"Energie\",\"ventron\"],\"articleSection\":[\"A la Une\",\"Energie\",\"La Bresse &amp; son canton\",\"Ventron\"],\"inLanguage\":\"fr-FR\",\"potentialAction\":[{\"@type\":\"CommentAction\",\"name\":\"Comment\",\"target\":[\"https:\/\/vosgesinfo.fr\/remiremontinfo\/2022\/12\/ventron-mairie-informe-habitants-operation-de-delestage-electrique\/#respond\"]}]},{\"@type\":\"WebPage\",\"@id\":\"https:\/\/vosgesinfo.fr\/remiremontinfo\/2022\/12\/ventron-mairie-informe-habitants-operation-de-delestage-electrique\/\",\"url\":\"https:\/\/vosgesinfo.fr\/remiremontinfo\/2022\/12\/ventron-mairie-informe-habitants-operation-de-delestage-electrique\/\",\"name\":\"Ventron : la mairie informe les habitants sur les op\u00e9rations de \\\"d\u00e9lestage \u00e9lectrique\\\" - Remiremont Info\",\"isPartOf\":{\"@id\":\"https:\/\/vosgesinfo.fr\/remiremontinfo\/#website\"},\"primaryImageOfPage\":{\"@id\":\"https:\/\/vosgesinfo.fr\/remiremontinfo\/2022\/12\/ventron-mairie-informe-habitants-operation-de-delestage-electrique\/#primaryimage\"},\"image\":{\"@id\":\"https:\/\/vosgesinfo.fr\/remiremontinfo\/2022\/12\/ventron-mairie-informe-habitants-operation-de-delestage-electrique\/#primaryimage\"},\"thumbnailUrl\":\"https:\/\/vosgesinfo.fr\/app\/uploads\/sites\/5\/2024\/09\/202103capture-decran-2021-03-19-120616-1.png\",\"datePublished\":\"2022-12-21T07:22:58+00:00\",\"dateModified\":\"2022-12-21T07:22:58+00:00\",\"breadcrumb\":{\"@id\":\"https:\/\/vosgesinfo.fr\/remiremontinfo\/2022\/12\/ventron-mairie-informe-habitants-operation-de-delestage-electrique\/#breadcrumb\"},\"inLanguage\":\"fr-FR\",\"potentialAction\":[{\"@type\":\"ReadAction\",\"target\":[\"https:\/\/vosgesinfo.fr\/remiremontinfo\/2022\/12\/ventron-mairie-informe-habitants-operation-de-delestage-electrique\/\"]}]},{\"@type\":\"ImageObject\",\"inLanguage\":\"fr-FR\",\"@id\":\"https:\/\/vosgesinfo.fr\/remiremontinfo\/2022\/12\/ventron-mairie-informe-habitants-operation-de-delestage-electrique\/#primaryimage\",\"url\":\"https:\/\/vosgesinfo.fr\/app\/uploads\/sites\/5\/2024\/09\/202103capture-decran-2021-03-19-120616-1.png\",\"contentUrl\":\"https:\/\/vosgesinfo.fr\/app\/uploads\/sites\/5\/2024\/09\/202103capture-decran-2021-03-19-120616-1.png\",\"width\":800,\"height\":576},{\"@type\":\"BreadcrumbList\",\"@id\":\"https:\/\/vosgesinfo.fr\/remiremontinfo\/2022\/12\/ventron-mairie-informe-habitants-operation-de-delestage-electrique\/#breadcrumb\",\"itemListElement\":[{\"@type\":\"ListItem\",\"position\":1,\"name\":\"Home\",\"item\":\"https:\/\/vosgesinfo.fr\/remiremontinfo\/\"},{\"@type\":\"ListItem\",\"position\":2,\"name\":\"Ventron : la mairie informe les habitants sur les op\u00e9rations de \u00ab\u00a0d\u00e9lestage \u00e9lectrique\u00a0\u00bb\"}]},{\"@type\":\"WebSite\",\"@id\":\"https:\/\/vosgesinfo.fr\/remiremontinfo\/#website\",\"url\":\"https:\/\/vosgesinfo.fr\/remiremontinfo\/\",\"name\":\"Remiremont Info\",\"description\":\"Toute l&#039;actualit\u00e9 de Remiremont\",\"publisher\":{\"@id\":\"https:\/\/vosgesinfo.fr\/remiremontinfo\/#organization\"},\"alternateName\":\"Toute l'actualit\u00e9 de Remiremont\",\"potentialAction\":[{\"@type\":\"SearchAction\",\"target\":{\"@type\":\"EntryPoint\",\"urlTemplate\":\"https:\/\/vosgesinfo.fr\/remiremontinfo\/?s={search_term_string}\"},\"query-input\":\"required name=search_term_string\"}],\"inLanguage\":\"fr-FR\"},{\"@type\":\"Organization\",\"@id\":\"https:\/\/vosgesinfo.fr\/remiremontinfo\/#organization\",\"name\":\"Remiremont Info\",\"url\":\"https:\/\/vosgesinfo.fr\/remiremontinfo\/\",\"logo\":{\"@type\":\"ImageObject\",\"inLanguage\":\"fr-FR\",\"@id\":\"https:\/\/vosgesinfo.fr\/remiremontinfo\/#\/schema\/logo\/image\/\",\"url\":\"https:\/\/vosgesinfo.fr\/app\/uploads\/sites\/5\/2023\/08\/favicon-remiremontinfo.png\",\"contentUrl\":\"https:\/\/vosgesinfo.fr\/app\/uploads\/sites\/5\/2023\/08\/favicon-remiremontinfo.png\",\"width\":512,\"height\":512,\"caption\":\"Remiremont Info\"},\"image\":{\"@id\":\"https:\/\/vosgesinfo.fr\/remiremontinfo\/#\/schema\/logo\/image\/\"},\"sameAs\":[\"https:\/\/www.facebook.com\/remiremontinfo\",\"https:\/\/x.com\/VosgesInfo88\",\"https:\/\/www.youtube.com\/@vosgesinfo\"]},{\"@type\":\"Person\",\"@id\":\"https:\/\/vosgesinfo.fr\/remiremontinfo\/#\/schema\/person\/3bfd164d5218a185b1db68655a265316\",\"name\":\"C D\",\"image\":{\"@type\":\"ImageObject\",\"inLanguage\":\"fr-FR\",\"@id\":\"https:\/\/vosgesinfo.fr\/remiremontinfo\/#\/schema\/person\/image\/\",\"url\":\"https:\/\/secure.gravatar.com\/avatar\/1f9a70007336511a47468b8f1c66f922b8b7cf617b02a31149ada43893a5d48f?s=96&d=mm&r=g\",\"contentUrl\":\"https:\/\/secure.gravatar.com\/avatar\/1f9a70007336511a47468b8f1c66f922b8b7cf617b02a31149ada43893a5d48f?s=96&d=mm&r=g\",\"caption\":\"C D\"},\"url\":\"https:\/\/vosgesinfo.fr\/remiremontinfo\/author\/cedric-drevet\/\"}]}<\/script>\n<!-- \/ Yoast SEO plugin. -->","yoast_head_json":{"title":"Ventron : la mairie informe les habitants sur les op\u00e9rations de \"d\u00e9lestage \u00e9lectrique\" - Remiremont Info","robots":{"index":"index","follow":"follow","max-snippet":"max-snippet:-1","max-image-preview":"max-image-preview:large","max-video-preview":"max-video-preview:-1"},"canonical":"https:\/\/vosgesinfo.fr\/remiremontinfo\/2022\/12\/ventron-mairie-informe-habitants-operation-de-delestage-electrique\/","twitter_card":"summary_large_image","twitter_title":"Ventron : la mairie informe les habitants sur les op\u00e9rations de \"d\u00e9lestage \u00e9lectrique\" - Remiremont Info","twitter_description":"INFORMATIONS IMPORTANTES CONCERNANT LES OP\u00c9RATIONS DE D\u00c9LESTAGE EL\u00c9CTRIQUE Actuellement, notre pays connait un contexte \u00e9nerg\u00e9tique en tension. En vue d\u2019\u00e9viter [&hellip;]","twitter_image":"https:\/\/vosgesinfo.fr\/app\/uploads\/sites\/5\/2024\/09\/202103capture-decran-2021-03-19-120616-1.png","twitter_creator":"@VosgesInfo88","twitter_site":"@VosgesInfo88","twitter_misc":{"\u00c9crit par":"C D","Dur\u00e9e de lecture estim\u00e9e":"4 minutes"},"schema":{"@context":"https:\/\/schema.org","@graph":[{"@type":"Article","@id":"https:\/\/vosgesinfo.fr\/remiremontinfo\/2022\/12\/ventron-mairie-informe-habitants-operation-de-delestage-electrique\/#article","isPartOf":{"@id":"https:\/\/vosgesinfo.fr\/remiremontinfo\/2022\/12\/ventron-mairie-informe-habitants-operation-de-delestage-electrique\/"},"author":{"name":"C D","@id":"https:\/\/vosgesinfo.fr\/remiremontinfo\/#\/schema\/person\/3bfd164d5218a185b1db68655a265316"},"headline":"Ventron : la mairie informe les habitants sur les op\u00e9rations de \u00ab\u00a0d\u00e9lestage \u00e9lectrique\u00a0\u00bb","datePublished":"2022-12-21T07:22:58+00:00","dateModified":"2022-12-21T07:22:58+00:00","mainEntityOfPage":{"@id":"https:\/\/vosgesinfo.fr\/remiremontinfo\/2022\/12\/ventron-mairie-informe-habitants-operation-de-delestage-electrique\/"},"wordCount":862,"commentCount":0,"publisher":{"@id":"https:\/\/vosgesinfo.fr\/remiremontinfo\/#organization"},"image":{"@id":"https:\/\/vosgesinfo.fr\/remiremontinfo\/2022\/12\/ventron-mairie-informe-habitants-operation-de-delestage-electrique\/#primaryimage"},"thumbnailUrl":"https:\/\/vosgesinfo.fr\/app\/uploads\/sites\/5\/2024\/09\/202103capture-decran-2021-03-19-120616-1.png","keywords":["delestage","Energie","ventron"],"articleSection":["A la Une","Energie","La Bresse &amp; son canton","Ventron"],"inLanguage":"fr-FR","potentialAction":[{"@type":"CommentAction","name":"Comment","target":["https:\/\/vosgesinfo.fr\/remiremontinfo\/2022\/12\/ventron-mairie-informe-habitants-operation-de-delestage-electrique\/#respond"]}]},{"@type":"WebPage","@id":"https:\/\/vosgesinfo.fr\/remiremontinfo\/2022\/12\/ventron-mairie-informe-habitants-operation-de-delestage-electrique\/","url":"https:\/\/vosgesinfo.fr\/remiremontinfo\/2022\/12\/ventron-mairie-informe-habitants-operation-de-delestage-electrique\/","name":"Ventron : la mairie informe les habitants sur les op\u00e9rations de \"d\u00e9lestage \u00e9lectrique\" - Remiremont Info","isPartOf":{"@id":"https:\/\/vosgesinfo.fr\/remiremontinfo\/#website"},"primaryImageOfPage":{"@id":"https:\/\/vosgesinfo.fr\/remiremontinfo\/2022\/12\/ventron-mairie-informe-habitants-operation-de-delestage-electrique\/#primaryimage"},"image":{"@id":"https:\/\/vosgesinfo.fr\/remiremontinfo\/2022\/12\/ventron-mairie-informe-habitants-operation-de-delestage-electrique\/#primaryimage"},"thumbnailUrl":"https:\/\/vosgesinfo.fr\/app\/uploads\/sites\/5\/2024\/09\/202103capture-decran-2021-03-19-120616-1.png","datePublished":"2022-12-21T07:22:58+00:00","dateModified":"2022-12-21T07:22:58+00:00","breadcrumb":{"@id":"https:\/\/vosgesinfo.fr\/remiremontinfo\/2022\/12\/ventron-mairie-informe-habitants-operation-de-delestage-electrique\/#breadcrumb"},"inLanguage":"fr-FR","potentialAction":[{"@type":"ReadAction","target":["https:\/\/vosgesinfo.fr\/remiremontinfo\/2022\/12\/ventron-mairie-informe-habitants-operation-de-delestage-electrique\/"]}]},{"@type":"ImageObject","inLanguage":"fr-FR","@id":"https:\/\/vosgesinfo.fr\/remiremontinfo\/2022\/12\/ventron-mairie-informe-habitants-operation-de-delestage-electrique\/#primaryimage","url":"https:\/\/vosgesinfo.fr\/app\/uploads\/sites\/5\/2024\/09\/202103capture-decran-2021-03-19-120616-1.png","contentUrl":"https:\/\/vosgesinfo.fr\/app\/uploads\/sites\/5\/2024\/09\/202103capture-decran-2021-03-19-120616-1.png","width":800,"height":576},{"@type":"BreadcrumbList","@id":"https:\/\/vosgesinfo.fr\/remiremontinfo\/2022\/12\/ventron-mairie-informe-habitants-operation-de-delestage-electrique\/#breadcrumb","itemListElement":[{"@type":"ListItem","position":1,"name":"Home","item":"https:\/\/vosgesinfo.fr\/remiremontinfo\/"},{"@type":"ListItem","position":2,"name":"Ventron : la mairie informe les habitants sur les op\u00e9rations de \u00ab\u00a0d\u00e9lestage \u00e9lectrique\u00a0\u00bb"}]},{"@type":"WebSite","@id":"https:\/\/vosgesinfo.fr\/remiremontinfo\/#website","url":"https:\/\/vosgesinfo.fr\/remiremontinfo\/","name":"Remiremont Info","description":"Toute l&#039;actualit\u00e9 de Remiremont","publisher":{"@id":"https:\/\/vosgesinfo.fr\/remiremontinfo\/#organization"},"alternateName":"Toute l'actualit\u00e9 de Remiremont","potentialAction":[{"@type":"SearchAction","target":{"@type":"EntryPoint","urlTemplate":"https:\/\/vosgesinfo.fr\/remiremontinfo\/?s={search_term_string}"},"query-input":"required name=search_term_string"}],"inLanguage":"fr-FR"},{"@type":"Organization","@id":"https:\/\/vosgesinfo.fr\/remiremontinfo\/#organization","name":"Remiremont Info","url":"https:\/\/vosgesinfo.fr\/remiremontinfo\/","logo":{"@type":"ImageObject","inLanguage":"fr-FR","@id":"https:\/\/vosgesinfo.fr\/remiremontinfo\/#\/schema\/logo\/image\/","url":"https:\/\/vosgesinfo.fr\/app\/uploads\/sites\/5\/2023\/08\/favicon-remiremontinfo.png","contentUrl":"https:\/\/vosgesinfo.fr\/app\/uploads\/sites\/5\/2023\/08\/favicon-remiremontinfo.png","width":512,"height":512,"caption":"Remiremont Info"},"image":{"@id":"https:\/\/vosgesinfo.fr\/remiremontinfo\/#\/schema\/logo\/image\/"},"sameAs":["https:\/\/www.facebook.com\/remiremontinfo","https:\/\/x.com\/VosgesInfo88","https:\/\/www.youtube.com\/@vosgesinfo"]},{"@type":"Person","@id":"https:\/\/vosgesinfo.fr\/remiremontinfo\/#\/schema\/person\/3bfd164d5218a185b1db68655a265316","name":"C D","image":{"@type":"ImageObject","inLanguage":"fr-FR","@id":"https:\/\/vosgesinfo.fr\/remiremontinfo\/#\/schema\/person\/image\/","url":"https:\/\/secure.gravatar.com\/avatar\/1f9a70007336511a47468b8f1c66f922b8b7cf617b02a31149ada43893a5d48f?s=96&d=mm&r=g","contentUrl":"https:\/\/secure.gravatar.com\/avatar\/1f9a70007336511a47468b8f1c66f922b8b7cf617b02a31149ada43893a5d48f?s=96&d=mm&r=g","caption":"C D"},"url":"https:\/\/vosgesinfo.fr\/remiremontinfo\/author\/cedric-drevet\/"}]}},"_links":{"self":[{"href":"https:\/\/vosgesinfo.fr\/remiremontinfo\/wp-json\/wp\/v2\/posts\/65926","targetHints":{"allow":["GET"]}}],"collection":[{"href":"https:\/\/vosgesinfo.fr\/remiremontinfo\/wp-json\/wp\/v2\/posts"}],"about":[{"href":"https:\/\/vosgesinfo.fr\/remiremontinfo\/wp-json\/wp\/v2\/types\/post"}],"author":[{"embeddable":true,"href":"https:\/\/vosgesinfo.fr\/remiremontinfo\/wp-json\/wp\/v2\/users\/407"}],"replies":[{"embeddable":true,"href":"https:\/\/vosgesinfo.fr\/remiremontinfo\/wp-json\/wp\/v2\/comments?post=65926"}],"version-history":[{"count":0,"href":"https:\/\/vosgesinfo.fr\/remiremontinfo\/wp-json\/wp\/v2\/posts\/65926\/revisions"}],"wp:featuredmedia":[{"embeddable":true,"href":"https:\/\/vosgesinfo.fr\/remiremontinfo\/wp-json\/wp\/v2\/media\/65927"}],"wp:attachment":[{"href":"https:\/\/vosgesinfo.fr\/remiremontinfo\/wp-json\/wp\/v2\/media?parent=65926"}],"wp:term":[{"taxonomy":"category","embeddable":true,"href":"https:\/\/vosgesinfo.fr\/remiremontinfo\/wp-json\/wp\/v2\/categories?post=65926"},{"taxonomy":"post_tag","embeddable":true,"href":"https:\/\/vosgesinfo.fr\/remiremontinfo\/wp-json\/wp\/v2\/tags?post=65926"}],"curies":[{"name":"wp","href":"https:\/\/api.w.org\/{rel}","templated":true}]}}