{"id":65938,"date":"2022-12-21T12:47:35","date_gmt":"2022-12-21T11:47:35","guid":{"rendered":"https:\/\/vosgesinfo.fr\/remiremontinfo\/2022\/12\/balades-poney-rues-de-remiremont\/"},"modified":"2022-12-21T12:47:35","modified_gmt":"2022-12-21T11:47:35","slug":"balades-poney-rues-de-remiremont","status":"publish","type":"post","link":"https:\/\/vosgesinfo.fr\/remiremontinfo\/2022\/12\/balades-poney-rues-de-remiremont\/","title":{"rendered":"Des balades en poney dans les rues de Remiremont"},"content":{"rendered":"<p>&nbsp;<\/p>\n<p><a href=\"\/2022\/12\/IMG_20221221_101750.jpg\"><img decoding=\"async\" class=\"size-medium wp-image-360500 aligncenter\" src=\"\/2022\/12\/IMG_20221221_101750-400x249.jpg\" alt=\"IMG_20221221_101750\" width=\"400\" height=\"249\" \/><\/a><\/p>\n<h2><span style=\"font-size: 12pt;\"><strong>Une belle initiative ! <\/strong><\/span><span style=\"font-size: 12pt;\"><span style=\"font-size: 12pt;\">Des balades en poney et en sulkys sont propos\u00e9e ce mercredi 21 <\/span><span style=\"font-size: 16px;\">d\u00e9cembre<\/span><span style=\"font-size: 12pt;\">\u00a0pour les petits dans les rues de la cit\u00e9 des chanoinesses. Tout cela a \u00e9t\u00e9 organis\u00e9 par la commune et accompagn\u00e9 par les moniteurs et les sympathisants du centre \u00e9questre de \u00ab\u00a0La Grange Puton\u00a0\u00bb bien connu des romarimontains.\u00a0<\/span><\/span><\/h2>\n<p>Malgr\u00e9 une petite appr\u00e9hension au d\u00e9part et un temps inad\u00e9quat, les enfants ont pris un grand plaisir \u00e0 sillonner la ville \u00e0 poney devant leurs parents ravis de voir leur ch\u00e9rubin prendre autant de plaisir. Tout le monde fut heureux d&rsquo;offrir ses quelques minutes de plaisir aux enfants de la cit\u00e9.<\/p>\n","protected":false},"excerpt":{"rendered":"<p>&nbsp; Une belle initiative ! Des balades en poney et en sulkys sont propos\u00e9e ce mercredi 21 d\u00e9cembre\u00a0pour les petits [&hellip;]<\/p>\n","protected":false},"author":410,"featured_media":65939,"comment_status":"open","ping_status":"open","sticky":false,"template":"","format":"standard","meta":{"footnotes":""},"categories":[26,54,1556,35],"tags":[5232,345,44],"class_list":["post-65938","post","type-post","status-publish","format-standard","has-post-thumbnail","hentry","category-a-la-une","category-loisirs","category-remiremont-remiremont-son-canton-2","category-remiremont-son-canton","tag-balades-en-poneys","tag-noel","tag-remiremont"],"acf":[],"yoast_head":"<!-- This site is optimized with the Yoast SEO plugin v22.5 - https:\/\/yoast.com\/wordpress\/plugins\/seo\/ -->\n<title>Des balades en poney dans les rues de Remiremont - Remiremont Info<\/title>\n<meta name=\"robots\" content=\"index, follow, max-snippet:-1, max-image-preview:large, max-video-preview:-1\" \/>\n<link rel=\"canonical\" href=\"https:\/\/vosgesinfo.fr\/remiremontinfo\/2022\/12\/balades-poney-rues-de-remiremont\/\" \/>\n<meta name=\"twitter:card\" content=\"summary_large_image\" \/>\n<meta name=\"twitter:title\" content=\"Des balades en poney dans les rues de Remiremont - Remiremont Info\" \/>\n<meta name=\"twitter:description\" content=\"&nbsp; Une belle initiative ! Des balades en poney et en sulkys sont propos\u00e9e ce mercredi 21 d\u00e9cembre\u00a0pour les petits [&hellip;]\" \/>\n<meta name=\"twitter:image\" content=\"https:\/\/vosgesinfo.fr\/app\/uploads\/sites\/5\/2024\/09\/202212img-20221221-104744.jpg\" \/>\n<meta name=\"twitter:creator\" content=\"@VosgesInfo88\" \/>\n<meta name=\"twitter:site\" content=\"@VosgesInfo88\" \/>\n<meta name=\"twitter:label1\" content=\"\u00c9crit par\" \/>\n\t<meta name=\"twitter:data1\" content=\"David G\" \/>\n\t<meta name=\"twitter:label2\" content=\"Dur\u00e9e de lecture estim\u00e9e\" \/>\n\t<meta name=\"twitter:data2\" content=\"1 minute\" \/>\n<script type=\"application\/ld+json\" class=\"yoast-schema-graph\">{\"@context\":\"https:\/\/schema.org\",\"@graph\":[{\"@type\":\"Article\",\"@id\":\"https:\/\/vosgesinfo.fr\/remiremontinfo\/2022\/12\/balades-poney-rues-de-remiremont\/#article\",\"isPartOf\":{\"@id\":\"https:\/\/vosgesinfo.fr\/remiremontinfo\/2022\/12\/balades-poney-rues-de-remiremont\/\"},\"author\":{\"name\":\"David G\",\"@id\":\"https:\/\/vosgesinfo.fr\/remiremontinfo\/#\/schema\/person\/bb264dc74a23cbe4301eb9a8fb6df8ad\"},\"headline\":\"Des balades en poney dans les rues de Remiremont\",\"datePublished\":\"2022-12-21T11:47:35+00:00\",\"dateModified\":\"2022-12-21T11:47:35+00:00\",\"mainEntityOfPage\":{\"@id\":\"https:\/\/vosgesinfo.fr\/remiremontinfo\/2022\/12\/balades-poney-rues-de-remiremont\/\"},\"wordCount\":119,\"commentCount\":0,\"publisher\":{\"@id\":\"https:\/\/vosgesinfo.fr\/remiremontinfo\/#organization\"},\"image\":{\"@id\":\"https:\/\/vosgesinfo.fr\/remiremontinfo\/2022\/12\/balades-poney-rues-de-remiremont\/#primaryimage\"},\"thumbnailUrl\":\"https:\/\/vosgesinfo.fr\/app\/uploads\/sites\/5\/2024\/09\/202212img-20221221-104744.jpg\",\"keywords\":[\"balades en poneys\",\"No\u00ebl\",\"remiremont\"],\"articleSection\":[\"A la Une\",\"Loisirs\",\"Remiremont\",\"Remiremont &amp; son canton\"],\"inLanguage\":\"fr-FR\",\"potentialAction\":[{\"@type\":\"CommentAction\",\"name\":\"Comment\",\"target\":[\"https:\/\/vosgesinfo.fr\/remiremontinfo\/2022\/12\/balades-poney-rues-de-remiremont\/#respond\"]}]},{\"@type\":\"WebPage\",\"@id\":\"https:\/\/vosgesinfo.fr\/remiremontinfo\/2022\/12\/balades-poney-rues-de-remiremont\/\",\"url\":\"https:\/\/vosgesinfo.fr\/remiremontinfo\/2022\/12\/balades-poney-rues-de-remiremont\/\",\"name\":\"Des balades en poney dans les rues de Remiremont - Remiremont Info\",\"isPartOf\":{\"@id\":\"https:\/\/vosgesinfo.fr\/remiremontinfo\/#website\"},\"primaryImageOfPage\":{\"@id\":\"https:\/\/vosgesinfo.fr\/remiremontinfo\/2022\/12\/balades-poney-rues-de-remiremont\/#primaryimage\"},\"image\":{\"@id\":\"https:\/\/vosgesinfo.fr\/remiremontinfo\/2022\/12\/balades-poney-rues-de-remiremont\/#primaryimage\"},\"thumbnailUrl\":\"https:\/\/vosgesinfo.fr\/app\/uploads\/sites\/5\/2024\/09\/202212img-20221221-104744.jpg\",\"datePublished\":\"2022-12-21T11:47:35+00:00\",\"dateModified\":\"2022-12-21T11:47:35+00:00\",\"breadcrumb\":{\"@id\":\"https:\/\/vosgesinfo.fr\/remiremontinfo\/2022\/12\/balades-poney-rues-de-remiremont\/#breadcrumb\"},\"inLanguage\":\"fr-FR\",\"potentialAction\":[{\"@type\":\"ReadAction\",\"target\":[\"https:\/\/vosgesinfo.fr\/remiremontinfo\/2022\/12\/balades-poney-rues-de-remiremont\/\"]}]},{\"@type\":\"ImageObject\",\"inLanguage\":\"fr-FR\",\"@id\":\"https:\/\/vosgesinfo.fr\/remiremontinfo\/2022\/12\/balades-poney-rues-de-remiremont\/#primaryimage\",\"url\":\"https:\/\/vosgesinfo.fr\/app\/uploads\/sites\/5\/2024\/09\/202212img-20221221-104744.jpg\",\"contentUrl\":\"https:\/\/vosgesinfo.fr\/app\/uploads\/sites\/5\/2024\/09\/202212img-20221221-104744.jpg\",\"width\":1200,\"height\":1600},{\"@type\":\"BreadcrumbList\",\"@id\":\"https:\/\/vosgesinfo.fr\/remiremontinfo\/2022\/12\/balades-poney-rues-de-remiremont\/#breadcrumb\",\"itemListElement\":[{\"@type\":\"ListItem\",\"position\":1,\"name\":\"Home\",\"item\":\"https:\/\/vosgesinfo.fr\/remiremontinfo\/\"},{\"@type\":\"ListItem\",\"position\":2,\"name\":\"Des balades en poney dans les rues de Remiremont\"}]},{\"@type\":\"WebSite\",\"@id\":\"https:\/\/vosgesinfo.fr\/remiremontinfo\/#website\",\"url\":\"https:\/\/vosgesinfo.fr\/remiremontinfo\/\",\"name\":\"Remiremont Info\",\"description\":\"Toute l&#039;actualit\u00e9 de Remiremont\",\"publisher\":{\"@id\":\"https:\/\/vosgesinfo.fr\/remiremontinfo\/#organization\"},\"alternateName\":\"Toute l'actualit\u00e9 de Remiremont\",\"potentialAction\":[{\"@type\":\"SearchAction\",\"target\":{\"@type\":\"EntryPoint\",\"urlTemplate\":\"https:\/\/vosgesinfo.fr\/remiremontinfo\/?s={search_term_string}\"},\"query-input\":\"required name=search_term_string\"}],\"inLanguage\":\"fr-FR\"},{\"@type\":\"Organization\",\"@id\":\"https:\/\/vosgesinfo.fr\/remiremontinfo\/#organization\",\"name\":\"Remiremont Info\",\"url\":\"https:\/\/vosgesinfo.fr\/remiremontinfo\/\",\"logo\":{\"@type\":\"ImageObject\",\"inLanguage\":\"fr-FR\",\"@id\":\"https:\/\/vosgesinfo.fr\/remiremontinfo\/#\/schema\/logo\/image\/\",\"url\":\"https:\/\/vosgesinfo.fr\/app\/uploads\/sites\/5\/2023\/08\/favicon-remiremontinfo.png\",\"contentUrl\":\"https:\/\/vosgesinfo.fr\/app\/uploads\/sites\/5\/2023\/08\/favicon-remiremontinfo.png\",\"width\":512,\"height\":512,\"caption\":\"Remiremont Info\"},\"image\":{\"@id\":\"https:\/\/vosgesinfo.fr\/remiremontinfo\/#\/schema\/logo\/image\/\"},\"sameAs\":[\"https:\/\/www.facebook.com\/remiremontinfo\",\"https:\/\/x.com\/VosgesInfo88\",\"https:\/\/www.youtube.com\/@vosgesinfo\"]},{\"@type\":\"Person\",\"@id\":\"https:\/\/vosgesinfo.fr\/remiremontinfo\/#\/schema\/person\/bb264dc74a23cbe4301eb9a8fb6df8ad\",\"name\":\"David G\",\"image\":{\"@type\":\"ImageObject\",\"inLanguage\":\"fr-FR\",\"@id\":\"https:\/\/vosgesinfo.fr\/remiremontinfo\/#\/schema\/person\/image\/\",\"url\":\"https:\/\/secure.gravatar.com\/avatar\/5ca4fbbd960b4393047a6779d7f74b03f9ce1d828097d6e25f2d4cce06d47a51?s=96&d=mm&r=g\",\"contentUrl\":\"https:\/\/secure.gravatar.com\/avatar\/5ca4fbbd960b4393047a6779d7f74b03f9ce1d828097d6e25f2d4cce06d47a51?s=96&d=mm&r=g\",\"caption\":\"David G\"},\"url\":\"https:\/\/vosgesinfo.fr\/remiremontinfo\/author\/dgg88200\/\"}]}<\/script>\n<!-- \/ Yoast SEO plugin. -->","yoast_head_json":{"title":"Des balades en poney dans les rues de Remiremont - Remiremont Info","robots":{"index":"index","follow":"follow","max-snippet":"max-snippet:-1","max-image-preview":"max-image-preview:large","max-video-preview":"max-video-preview:-1"},"canonical":"https:\/\/vosgesinfo.fr\/remiremontinfo\/2022\/12\/balades-poney-rues-de-remiremont\/","twitter_card":"summary_large_image","twitter_title":"Des balades en poney dans les rues de Remiremont - Remiremont Info","twitter_description":"&nbsp; Une belle initiative ! Des balades en poney et en sulkys sont propos\u00e9e ce mercredi 21 d\u00e9cembre\u00a0pour les petits [&hellip;]","twitter_image":"https:\/\/vosgesinfo.fr\/app\/uploads\/sites\/5\/2024\/09\/202212img-20221221-104744.jpg","twitter_creator":"@VosgesInfo88","twitter_site":"@VosgesInfo88","twitter_misc":{"\u00c9crit par":"David G","Dur\u00e9e de lecture estim\u00e9e":"1 minute"},"schema":{"@context":"https:\/\/schema.org","@graph":[{"@type":"Article","@id":"https:\/\/vosgesinfo.fr\/remiremontinfo\/2022\/12\/balades-poney-rues-de-remiremont\/#article","isPartOf":{"@id":"https:\/\/vosgesinfo.fr\/remiremontinfo\/2022\/12\/balades-poney-rues-de-remiremont\/"},"author":{"name":"David G","@id":"https:\/\/vosgesinfo.fr\/remiremontinfo\/#\/schema\/person\/bb264dc74a23cbe4301eb9a8fb6df8ad"},"headline":"Des balades en poney dans les rues de Remiremont","datePublished":"2022-12-21T11:47:35+00:00","dateModified":"2022-12-21T11:47:35+00:00","mainEntityOfPage":{"@id":"https:\/\/vosgesinfo.fr\/remiremontinfo\/2022\/12\/balades-poney-rues-de-remiremont\/"},"wordCount":119,"commentCount":0,"publisher":{"@id":"https:\/\/vosgesinfo.fr\/remiremontinfo\/#organization"},"image":{"@id":"https:\/\/vosgesinfo.fr\/remiremontinfo\/2022\/12\/balades-poney-rues-de-remiremont\/#primaryimage"},"thumbnailUrl":"https:\/\/vosgesinfo.fr\/app\/uploads\/sites\/5\/2024\/09\/202212img-20221221-104744.jpg","keywords":["balades en poneys","No\u00ebl","remiremont"],"articleSection":["A la Une","Loisirs","Remiremont","Remiremont &amp; son canton"],"inLanguage":"fr-FR","potentialAction":[{"@type":"CommentAction","name":"Comment","target":["https:\/\/vosgesinfo.fr\/remiremontinfo\/2022\/12\/balades-poney-rues-de-remiremont\/#respond"]}]},{"@type":"WebPage","@id":"https:\/\/vosgesinfo.fr\/remiremontinfo\/2022\/12\/balades-poney-rues-de-remiremont\/","url":"https:\/\/vosgesinfo.fr\/remiremontinfo\/2022\/12\/balades-poney-rues-de-remiremont\/","name":"Des balades en poney dans les rues de Remiremont - Remiremont Info","isPartOf":{"@id":"https:\/\/vosgesinfo.fr\/remiremontinfo\/#website"},"primaryImageOfPage":{"@id":"https:\/\/vosgesinfo.fr\/remiremontinfo\/2022\/12\/balades-poney-rues-de-remiremont\/#primaryimage"},"image":{"@id":"https:\/\/vosgesinfo.fr\/remiremontinfo\/2022\/12\/balades-poney-rues-de-remiremont\/#primaryimage"},"thumbnailUrl":"https:\/\/vosgesinfo.fr\/app\/uploads\/sites\/5\/2024\/09\/202212img-20221221-104744.jpg","datePublished":"2022-12-21T11:47:35+00:00","dateModified":"2022-12-21T11:47:35+00:00","breadcrumb":{"@id":"https:\/\/vosgesinfo.fr\/remiremontinfo\/2022\/12\/balades-poney-rues-de-remiremont\/#breadcrumb"},"inLanguage":"fr-FR","potentialAction":[{"@type":"ReadAction","target":["https:\/\/vosgesinfo.fr\/remiremontinfo\/2022\/12\/balades-poney-rues-de-remiremont\/"]}]},{"@type":"ImageObject","inLanguage":"fr-FR","@id":"https:\/\/vosgesinfo.fr\/remiremontinfo\/2022\/12\/balades-poney-rues-de-remiremont\/#primaryimage","url":"https:\/\/vosgesinfo.fr\/app\/uploads\/sites\/5\/2024\/09\/202212img-20221221-104744.jpg","contentUrl":"https:\/\/vosgesinfo.fr\/app\/uploads\/sites\/5\/2024\/09\/202212img-20221221-104744.jpg","width":1200,"height":1600},{"@type":"BreadcrumbList","@id":"https:\/\/vosgesinfo.fr\/remiremontinfo\/2022\/12\/balades-poney-rues-de-remiremont\/#breadcrumb","itemListElement":[{"@type":"ListItem","position":1,"name":"Home","item":"https:\/\/vosgesinfo.fr\/remiremontinfo\/"},{"@type":"ListItem","position":2,"name":"Des balades en poney dans les rues de Remiremont"}]},{"@type":"WebSite","@id":"https:\/\/vosgesinfo.fr\/remiremontinfo\/#website","url":"https:\/\/vosgesinfo.fr\/remiremontinfo\/","name":"Remiremont Info","description":"Toute l&#039;actualit\u00e9 de Remiremont","publisher":{"@id":"https:\/\/vosgesinfo.fr\/remiremontinfo\/#organization"},"alternateName":"Toute l'actualit\u00e9 de Remiremont","potentialAction":[{"@type":"SearchAction","target":{"@type":"EntryPoint","urlTemplate":"https:\/\/vosgesinfo.fr\/remiremontinfo\/?s={search_term_string}"},"query-input":"required name=search_term_string"}],"inLanguage":"fr-FR"},{"@type":"Organization","@id":"https:\/\/vosgesinfo.fr\/remiremontinfo\/#organization","name":"Remiremont Info","url":"https:\/\/vosgesinfo.fr\/remiremontinfo\/","logo":{"@type":"ImageObject","inLanguage":"fr-FR","@id":"https:\/\/vosgesinfo.fr\/remiremontinfo\/#\/schema\/logo\/image\/","url":"https:\/\/vosgesinfo.fr\/app\/uploads\/sites\/5\/2023\/08\/favicon-remiremontinfo.png","contentUrl":"https:\/\/vosgesinfo.fr\/app\/uploads\/sites\/5\/2023\/08\/favicon-remiremontinfo.png","width":512,"height":512,"caption":"Remiremont Info"},"image":{"@id":"https:\/\/vosgesinfo.fr\/remiremontinfo\/#\/schema\/logo\/image\/"},"sameAs":["https:\/\/www.facebook.com\/remiremontinfo","https:\/\/x.com\/VosgesInfo88","https:\/\/www.youtube.com\/@vosgesinfo"]},{"@type":"Person","@id":"https:\/\/vosgesinfo.fr\/remiremontinfo\/#\/schema\/person\/bb264dc74a23cbe4301eb9a8fb6df8ad","name":"David G","image":{"@type":"ImageObject","inLanguage":"fr-FR","@id":"https:\/\/vosgesinfo.fr\/remiremontinfo\/#\/schema\/person\/image\/","url":"https:\/\/secure.gravatar.com\/avatar\/5ca4fbbd960b4393047a6779d7f74b03f9ce1d828097d6e25f2d4cce06d47a51?s=96&d=mm&r=g","contentUrl":"https:\/\/secure.gravatar.com\/avatar\/5ca4fbbd960b4393047a6779d7f74b03f9ce1d828097d6e25f2d4cce06d47a51?s=96&d=mm&r=g","caption":"David G"},"url":"https:\/\/vosgesinfo.fr\/remiremontinfo\/author\/dgg88200\/"}]}},"_links":{"self":[{"href":"https:\/\/vosgesinfo.fr\/remiremontinfo\/wp-json\/wp\/v2\/posts\/65938","targetHints":{"allow":["GET"]}}],"collection":[{"href":"https:\/\/vosgesinfo.fr\/remiremontinfo\/wp-json\/wp\/v2\/posts"}],"about":[{"href":"https:\/\/vosgesinfo.fr\/remiremontinfo\/wp-json\/wp\/v2\/types\/post"}],"author":[{"embeddable":true,"href":"https:\/\/vosgesinfo.fr\/remiremontinfo\/wp-json\/wp\/v2\/users\/410"}],"replies":[{"embeddable":true,"href":"https:\/\/vosgesinfo.fr\/remiremontinfo\/wp-json\/wp\/v2\/comments?post=65938"}],"version-history":[{"count":0,"href":"https:\/\/vosgesinfo.fr\/remiremontinfo\/wp-json\/wp\/v2\/posts\/65938\/revisions"}],"wp:featuredmedia":[{"embeddable":true,"href":"https:\/\/vosgesinfo.fr\/remiremontinfo\/wp-json\/wp\/v2\/media\/65939"}],"wp:attachment":[{"href":"https:\/\/vosgesinfo.fr\/remiremontinfo\/wp-json\/wp\/v2\/media?parent=65938"}],"wp:term":[{"taxonomy":"category","embeddable":true,"href":"https:\/\/vosgesinfo.fr\/remiremontinfo\/wp-json\/wp\/v2\/categories?post=65938"},{"taxonomy":"post_tag","embeddable":true,"href":"https:\/\/vosgesinfo.fr\/remiremontinfo\/wp-json\/wp\/v2\/tags?post=65938"}],"curies":[{"name":"wp","href":"https:\/\/api.w.org\/{rel}","templated":true}]}}