{"id":65941,"date":"2022-12-21T12:42:27","date_gmt":"2022-12-21T11:42:27","guid":{"rendered":"https:\/\/vosgesinfo.fr\/remiremontinfo\/2022\/12\/originaire-depinal-laura-delbecque-prend-photos-vosges-drones\/"},"modified":"2022-12-21T12:42:27","modified_gmt":"2022-12-21T11:42:27","slug":"originaire-depinal-laura-delbecque-prend-photos-vosges-drones","status":"publish","type":"post","link":"https:\/\/vosgesinfo.fr\/remiremontinfo\/2022\/12\/originaire-depinal-laura-delbecque-prend-photos-vosges-drones\/","title":{"rendered":"Originaire d\u2019Epinal, Laura Delbecque prend des photos des Vosges avec ses drones"},"content":{"rendered":"<h2><strong>Originaire d\u2019Epinal, Laura Delbecque, est photographe, vid\u00e9aste et pilote de drones professionnelle. Depuis pr\u00e8s de deux ans, elle a son entreprise sous le nom \u00ab\u00a0Exp\u2019Laura\u00a0\u00bb. Elle exposait ses \u0153uvres\u00a0 d\u00e9clin\u00e9es sous diff\u00e9rents supports, au march\u00e9 de No\u00ebl d\u2019Epinal.<\/strong><\/h2>\n<p>Laura Delbecque est passionn\u00e9e depuis toujours de randonn\u00e9es et de photographies.\u00a0<em>\u00ab\u00a0C\u2019est au cours de randonn\u00e9es en famille que je me suis int\u00e9ress\u00e9e \u00e0 la photographie, en voyant mon p\u00e8re et mes grands parents prendre des clich\u00e9s de la nature\u00a0\u00bb<\/em>\u00a0explique-t-elle.<\/p>\n<p>La jeune vosgienne de 32 ans, originaire d\u2019Epinal a travaill\u00e9 pendant 10 ans dans le commerce avant de subir la p\u00e9riode Covid. Apr\u00e8s le premier confinement, elle a d\u00e9cide d\u2019entamer une reconversion professionnelle. Priv\u00e9e de travail, elle a d\u00e9cid\u00e9 de consacrer du temps \u00e0 sa passion pour l\u2019image et les Vosges en devenant pilote de drone ind\u00e9pendante.\u00a0<em>\u00ab\u00a0J\u2019ai d\u00e9cid\u00e9 de me professionnaliser dans le drone. C\u2019est un domaine tr\u00e8s r\u00e9glement\u00e9.\u00a0\u00bb<\/em>\u00a0commente-t-elle. Depuis plus de deux ans, Laura Delbecque a cr\u00e9\u00e9e son entreprise sous le nom \u00ab\u00a0Exp\u2019Laura\u00a0\u00bb. Gr\u00e2ce \u00e0 son permis, la photographe pilote de drones peut faire voler son drone \u00e0 plus de 100 m\u00e8tres et ainsi capturer des images exceptionnelles.<\/p>\n","protected":false},"excerpt":{"rendered":"<p>Originaire d\u2019Epinal, Laura Delbecque, est photographe, vid\u00e9aste et pilote de drones professionnelle. Depuis pr\u00e8s de deux ans, elle a son [&hellip;]<\/p>\n","protected":false},"author":407,"featured_media":65942,"comment_status":"open","ping_status":"open","sticky":false,"template":"","format":"standard","meta":{"footnotes":""},"categories":[26,4,18],"tags":[1433,787,32],"class_list":["post-65941","post","type-post","status-publish","format-standard","has-post-thumbnail","hentry","category-a-la-une","category-culture","category-vosges","tag-drone","tag-photo","tag-vosges"],"acf":[],"yoast_head":"<!-- This site is optimized with the Yoast SEO plugin v22.5 - https:\/\/yoast.com\/wordpress\/plugins\/seo\/ -->\n<title>Originaire d\u2019Epinal, Laura Delbecque prend des photos des Vosges avec ses drones - Remiremont Info<\/title>\n<meta name=\"robots\" content=\"index, follow, max-snippet:-1, max-image-preview:large, max-video-preview:-1\" \/>\n<link rel=\"canonical\" href=\"https:\/\/vosgesinfo.fr\/remiremontinfo\/2022\/12\/originaire-depinal-laura-delbecque-prend-photos-vosges-drones\/\" \/>\n<meta name=\"twitter:card\" content=\"summary_large_image\" \/>\n<meta name=\"twitter:title\" content=\"Originaire d\u2019Epinal, Laura Delbecque prend des photos des Vosges avec ses drones - Remiremont Info\" \/>\n<meta name=\"twitter:description\" content=\"Originaire d\u2019Epinal, Laura Delbecque, est photographe, vid\u00e9aste et pilote de drones professionnelle. Depuis pr\u00e8s de deux ans, elle a son [&hellip;]\" \/>\n<meta name=\"twitter:image\" content=\"https:\/\/vosgesinfo.fr\/app\/uploads\/sites\/5\/2024\/09\/202212thumbnail-laura-delbecque-600x800-1.jpg\" \/>\n<meta name=\"twitter:creator\" content=\"@VosgesInfo88\" \/>\n<meta name=\"twitter:site\" content=\"@VosgesInfo88\" \/>\n<meta name=\"twitter:label1\" content=\"\u00c9crit par\" \/>\n\t<meta name=\"twitter:data1\" content=\"C D\" \/>\n\t<meta name=\"twitter:label2\" content=\"Dur\u00e9e de lecture estim\u00e9e\" \/>\n\t<meta name=\"twitter:data2\" content=\"1 minute\" \/>\n<script type=\"application\/ld+json\" class=\"yoast-schema-graph\">{\"@context\":\"https:\/\/schema.org\",\"@graph\":[{\"@type\":\"Article\",\"@id\":\"https:\/\/vosgesinfo.fr\/remiremontinfo\/2022\/12\/originaire-depinal-laura-delbecque-prend-photos-vosges-drones\/#article\",\"isPartOf\":{\"@id\":\"https:\/\/vosgesinfo.fr\/remiremontinfo\/2022\/12\/originaire-depinal-laura-delbecque-prend-photos-vosges-drones\/\"},\"author\":{\"name\":\"C D\",\"@id\":\"https:\/\/vosgesinfo.fr\/remiremontinfo\/#\/schema\/person\/3bfd164d5218a185b1db68655a265316\"},\"headline\":\"Originaire d\u2019Epinal, Laura Delbecque prend des photos des Vosges avec ses drones\",\"datePublished\":\"2022-12-21T11:42:27+00:00\",\"dateModified\":\"2022-12-21T11:42:27+00:00\",\"mainEntityOfPage\":{\"@id\":\"https:\/\/vosgesinfo.fr\/remiremontinfo\/2022\/12\/originaire-depinal-laura-delbecque-prend-photos-vosges-drones\/\"},\"wordCount\":231,\"commentCount\":0,\"publisher\":{\"@id\":\"https:\/\/vosgesinfo.fr\/remiremontinfo\/#organization\"},\"image\":{\"@id\":\"https:\/\/vosgesinfo.fr\/remiremontinfo\/2022\/12\/originaire-depinal-laura-delbecque-prend-photos-vosges-drones\/#primaryimage\"},\"thumbnailUrl\":\"https:\/\/vosgesinfo.fr\/app\/uploads\/sites\/5\/2024\/09\/202212thumbnail-laura-delbecque-600x800-1.jpg\",\"keywords\":[\"drone\",\"Photo\",\"Vosges\"],\"articleSection\":[\"A la Une\",\"Culture\",\"Vosges\"],\"inLanguage\":\"fr-FR\",\"potentialAction\":[{\"@type\":\"CommentAction\",\"name\":\"Comment\",\"target\":[\"https:\/\/vosgesinfo.fr\/remiremontinfo\/2022\/12\/originaire-depinal-laura-delbecque-prend-photos-vosges-drones\/#respond\"]}]},{\"@type\":\"WebPage\",\"@id\":\"https:\/\/vosgesinfo.fr\/remiremontinfo\/2022\/12\/originaire-depinal-laura-delbecque-prend-photos-vosges-drones\/\",\"url\":\"https:\/\/vosgesinfo.fr\/remiremontinfo\/2022\/12\/originaire-depinal-laura-delbecque-prend-photos-vosges-drones\/\",\"name\":\"Originaire d\u2019Epinal, Laura Delbecque prend des photos des Vosges avec ses drones - Remiremont Info\",\"isPartOf\":{\"@id\":\"https:\/\/vosgesinfo.fr\/remiremontinfo\/#website\"},\"primaryImageOfPage\":{\"@id\":\"https:\/\/vosgesinfo.fr\/remiremontinfo\/2022\/12\/originaire-depinal-laura-delbecque-prend-photos-vosges-drones\/#primaryimage\"},\"image\":{\"@id\":\"https:\/\/vosgesinfo.fr\/remiremontinfo\/2022\/12\/originaire-depinal-laura-delbecque-prend-photos-vosges-drones\/#primaryimage\"},\"thumbnailUrl\":\"https:\/\/vosgesinfo.fr\/app\/uploads\/sites\/5\/2024\/09\/202212thumbnail-laura-delbecque-600x800-1.jpg\",\"datePublished\":\"2022-12-21T11:42:27+00:00\",\"dateModified\":\"2022-12-21T11:42:27+00:00\",\"breadcrumb\":{\"@id\":\"https:\/\/vosgesinfo.fr\/remiremontinfo\/2022\/12\/originaire-depinal-laura-delbecque-prend-photos-vosges-drones\/#breadcrumb\"},\"inLanguage\":\"fr-FR\",\"potentialAction\":[{\"@type\":\"ReadAction\",\"target\":[\"https:\/\/vosgesinfo.fr\/remiremontinfo\/2022\/12\/originaire-depinal-laura-delbecque-prend-photos-vosges-drones\/\"]}]},{\"@type\":\"ImageObject\",\"inLanguage\":\"fr-FR\",\"@id\":\"https:\/\/vosgesinfo.fr\/remiremontinfo\/2022\/12\/originaire-depinal-laura-delbecque-prend-photos-vosges-drones\/#primaryimage\",\"url\":\"https:\/\/vosgesinfo.fr\/app\/uploads\/sites\/5\/2024\/09\/202212thumbnail-laura-delbecque-600x800-1.jpg\",\"contentUrl\":\"https:\/\/vosgesinfo.fr\/app\/uploads\/sites\/5\/2024\/09\/202212thumbnail-laura-delbecque-600x800-1.jpg\",\"width\":600,\"height\":800},{\"@type\":\"BreadcrumbList\",\"@id\":\"https:\/\/vosgesinfo.fr\/remiremontinfo\/2022\/12\/originaire-depinal-laura-delbecque-prend-photos-vosges-drones\/#breadcrumb\",\"itemListElement\":[{\"@type\":\"ListItem\",\"position\":1,\"name\":\"Home\",\"item\":\"https:\/\/vosgesinfo.fr\/remiremontinfo\/\"},{\"@type\":\"ListItem\",\"position\":2,\"name\":\"Originaire d\u2019Epinal, Laura Delbecque prend des photos des Vosges avec ses drones\"}]},{\"@type\":\"WebSite\",\"@id\":\"https:\/\/vosgesinfo.fr\/remiremontinfo\/#website\",\"url\":\"https:\/\/vosgesinfo.fr\/remiremontinfo\/\",\"name\":\"Remiremont Info\",\"description\":\"Toute l&#039;actualit\u00e9 de Remiremont\",\"publisher\":{\"@id\":\"https:\/\/vosgesinfo.fr\/remiremontinfo\/#organization\"},\"alternateName\":\"Toute l'actualit\u00e9 de Remiremont\",\"potentialAction\":[{\"@type\":\"SearchAction\",\"target\":{\"@type\":\"EntryPoint\",\"urlTemplate\":\"https:\/\/vosgesinfo.fr\/remiremontinfo\/?s={search_term_string}\"},\"query-input\":\"required name=search_term_string\"}],\"inLanguage\":\"fr-FR\"},{\"@type\":\"Organization\",\"@id\":\"https:\/\/vosgesinfo.fr\/remiremontinfo\/#organization\",\"name\":\"Remiremont Info\",\"url\":\"https:\/\/vosgesinfo.fr\/remiremontinfo\/\",\"logo\":{\"@type\":\"ImageObject\",\"inLanguage\":\"fr-FR\",\"@id\":\"https:\/\/vosgesinfo.fr\/remiremontinfo\/#\/schema\/logo\/image\/\",\"url\":\"https:\/\/vosgesinfo.fr\/app\/uploads\/sites\/5\/2023\/08\/favicon-remiremontinfo.png\",\"contentUrl\":\"https:\/\/vosgesinfo.fr\/app\/uploads\/sites\/5\/2023\/08\/favicon-remiremontinfo.png\",\"width\":512,\"height\":512,\"caption\":\"Remiremont Info\"},\"image\":{\"@id\":\"https:\/\/vosgesinfo.fr\/remiremontinfo\/#\/schema\/logo\/image\/\"},\"sameAs\":[\"https:\/\/www.facebook.com\/remiremontinfo\",\"https:\/\/x.com\/VosgesInfo88\",\"https:\/\/www.youtube.com\/@vosgesinfo\"]},{\"@type\":\"Person\",\"@id\":\"https:\/\/vosgesinfo.fr\/remiremontinfo\/#\/schema\/person\/3bfd164d5218a185b1db68655a265316\",\"name\":\"C D\",\"image\":{\"@type\":\"ImageObject\",\"inLanguage\":\"fr-FR\",\"@id\":\"https:\/\/vosgesinfo.fr\/remiremontinfo\/#\/schema\/person\/image\/\",\"url\":\"https:\/\/secure.gravatar.com\/avatar\/1f9a70007336511a47468b8f1c66f922b8b7cf617b02a31149ada43893a5d48f?s=96&d=mm&r=g\",\"contentUrl\":\"https:\/\/secure.gravatar.com\/avatar\/1f9a70007336511a47468b8f1c66f922b8b7cf617b02a31149ada43893a5d48f?s=96&d=mm&r=g\",\"caption\":\"C D\"},\"url\":\"https:\/\/vosgesinfo.fr\/remiremontinfo\/author\/cedric-drevet\/\"}]}<\/script>\n<!-- \/ Yoast SEO plugin. -->","yoast_head_json":{"title":"Originaire d\u2019Epinal, Laura Delbecque prend des photos des Vosges avec ses drones - Remiremont Info","robots":{"index":"index","follow":"follow","max-snippet":"max-snippet:-1","max-image-preview":"max-image-preview:large","max-video-preview":"max-video-preview:-1"},"canonical":"https:\/\/vosgesinfo.fr\/remiremontinfo\/2022\/12\/originaire-depinal-laura-delbecque-prend-photos-vosges-drones\/","twitter_card":"summary_large_image","twitter_title":"Originaire d\u2019Epinal, Laura Delbecque prend des photos des Vosges avec ses drones - Remiremont Info","twitter_description":"Originaire d\u2019Epinal, Laura Delbecque, est photographe, vid\u00e9aste et pilote de drones professionnelle. Depuis pr\u00e8s de deux ans, elle a son [&hellip;]","twitter_image":"https:\/\/vosgesinfo.fr\/app\/uploads\/sites\/5\/2024\/09\/202212thumbnail-laura-delbecque-600x800-1.jpg","twitter_creator":"@VosgesInfo88","twitter_site":"@VosgesInfo88","twitter_misc":{"\u00c9crit par":"C D","Dur\u00e9e de lecture estim\u00e9e":"1 minute"},"schema":{"@context":"https:\/\/schema.org","@graph":[{"@type":"Article","@id":"https:\/\/vosgesinfo.fr\/remiremontinfo\/2022\/12\/originaire-depinal-laura-delbecque-prend-photos-vosges-drones\/#article","isPartOf":{"@id":"https:\/\/vosgesinfo.fr\/remiremontinfo\/2022\/12\/originaire-depinal-laura-delbecque-prend-photos-vosges-drones\/"},"author":{"name":"C D","@id":"https:\/\/vosgesinfo.fr\/remiremontinfo\/#\/schema\/person\/3bfd164d5218a185b1db68655a265316"},"headline":"Originaire d\u2019Epinal, Laura Delbecque prend des photos des Vosges avec ses drones","datePublished":"2022-12-21T11:42:27+00:00","dateModified":"2022-12-21T11:42:27+00:00","mainEntityOfPage":{"@id":"https:\/\/vosgesinfo.fr\/remiremontinfo\/2022\/12\/originaire-depinal-laura-delbecque-prend-photos-vosges-drones\/"},"wordCount":231,"commentCount":0,"publisher":{"@id":"https:\/\/vosgesinfo.fr\/remiremontinfo\/#organization"},"image":{"@id":"https:\/\/vosgesinfo.fr\/remiremontinfo\/2022\/12\/originaire-depinal-laura-delbecque-prend-photos-vosges-drones\/#primaryimage"},"thumbnailUrl":"https:\/\/vosgesinfo.fr\/app\/uploads\/sites\/5\/2024\/09\/202212thumbnail-laura-delbecque-600x800-1.jpg","keywords":["drone","Photo","Vosges"],"articleSection":["A la Une","Culture","Vosges"],"inLanguage":"fr-FR","potentialAction":[{"@type":"CommentAction","name":"Comment","target":["https:\/\/vosgesinfo.fr\/remiremontinfo\/2022\/12\/originaire-depinal-laura-delbecque-prend-photos-vosges-drones\/#respond"]}]},{"@type":"WebPage","@id":"https:\/\/vosgesinfo.fr\/remiremontinfo\/2022\/12\/originaire-depinal-laura-delbecque-prend-photos-vosges-drones\/","url":"https:\/\/vosgesinfo.fr\/remiremontinfo\/2022\/12\/originaire-depinal-laura-delbecque-prend-photos-vosges-drones\/","name":"Originaire d\u2019Epinal, Laura Delbecque prend des photos des Vosges avec ses drones - Remiremont Info","isPartOf":{"@id":"https:\/\/vosgesinfo.fr\/remiremontinfo\/#website"},"primaryImageOfPage":{"@id":"https:\/\/vosgesinfo.fr\/remiremontinfo\/2022\/12\/originaire-depinal-laura-delbecque-prend-photos-vosges-drones\/#primaryimage"},"image":{"@id":"https:\/\/vosgesinfo.fr\/remiremontinfo\/2022\/12\/originaire-depinal-laura-delbecque-prend-photos-vosges-drones\/#primaryimage"},"thumbnailUrl":"https:\/\/vosgesinfo.fr\/app\/uploads\/sites\/5\/2024\/09\/202212thumbnail-laura-delbecque-600x800-1.jpg","datePublished":"2022-12-21T11:42:27+00:00","dateModified":"2022-12-21T11:42:27+00:00","breadcrumb":{"@id":"https:\/\/vosgesinfo.fr\/remiremontinfo\/2022\/12\/originaire-depinal-laura-delbecque-prend-photos-vosges-drones\/#breadcrumb"},"inLanguage":"fr-FR","potentialAction":[{"@type":"ReadAction","target":["https:\/\/vosgesinfo.fr\/remiremontinfo\/2022\/12\/originaire-depinal-laura-delbecque-prend-photos-vosges-drones\/"]}]},{"@type":"ImageObject","inLanguage":"fr-FR","@id":"https:\/\/vosgesinfo.fr\/remiremontinfo\/2022\/12\/originaire-depinal-laura-delbecque-prend-photos-vosges-drones\/#primaryimage","url":"https:\/\/vosgesinfo.fr\/app\/uploads\/sites\/5\/2024\/09\/202212thumbnail-laura-delbecque-600x800-1.jpg","contentUrl":"https:\/\/vosgesinfo.fr\/app\/uploads\/sites\/5\/2024\/09\/202212thumbnail-laura-delbecque-600x800-1.jpg","width":600,"height":800},{"@type":"BreadcrumbList","@id":"https:\/\/vosgesinfo.fr\/remiremontinfo\/2022\/12\/originaire-depinal-laura-delbecque-prend-photos-vosges-drones\/#breadcrumb","itemListElement":[{"@type":"ListItem","position":1,"name":"Home","item":"https:\/\/vosgesinfo.fr\/remiremontinfo\/"},{"@type":"ListItem","position":2,"name":"Originaire d\u2019Epinal, Laura Delbecque prend des photos des Vosges avec ses drones"}]},{"@type":"WebSite","@id":"https:\/\/vosgesinfo.fr\/remiremontinfo\/#website","url":"https:\/\/vosgesinfo.fr\/remiremontinfo\/","name":"Remiremont Info","description":"Toute l&#039;actualit\u00e9 de Remiremont","publisher":{"@id":"https:\/\/vosgesinfo.fr\/remiremontinfo\/#organization"},"alternateName":"Toute l'actualit\u00e9 de Remiremont","potentialAction":[{"@type":"SearchAction","target":{"@type":"EntryPoint","urlTemplate":"https:\/\/vosgesinfo.fr\/remiremontinfo\/?s={search_term_string}"},"query-input":"required name=search_term_string"}],"inLanguage":"fr-FR"},{"@type":"Organization","@id":"https:\/\/vosgesinfo.fr\/remiremontinfo\/#organization","name":"Remiremont Info","url":"https:\/\/vosgesinfo.fr\/remiremontinfo\/","logo":{"@type":"ImageObject","inLanguage":"fr-FR","@id":"https:\/\/vosgesinfo.fr\/remiremontinfo\/#\/schema\/logo\/image\/","url":"https:\/\/vosgesinfo.fr\/app\/uploads\/sites\/5\/2023\/08\/favicon-remiremontinfo.png","contentUrl":"https:\/\/vosgesinfo.fr\/app\/uploads\/sites\/5\/2023\/08\/favicon-remiremontinfo.png","width":512,"height":512,"caption":"Remiremont Info"},"image":{"@id":"https:\/\/vosgesinfo.fr\/remiremontinfo\/#\/schema\/logo\/image\/"},"sameAs":["https:\/\/www.facebook.com\/remiremontinfo","https:\/\/x.com\/VosgesInfo88","https:\/\/www.youtube.com\/@vosgesinfo"]},{"@type":"Person","@id":"https:\/\/vosgesinfo.fr\/remiremontinfo\/#\/schema\/person\/3bfd164d5218a185b1db68655a265316","name":"C D","image":{"@type":"ImageObject","inLanguage":"fr-FR","@id":"https:\/\/vosgesinfo.fr\/remiremontinfo\/#\/schema\/person\/image\/","url":"https:\/\/secure.gravatar.com\/avatar\/1f9a70007336511a47468b8f1c66f922b8b7cf617b02a31149ada43893a5d48f?s=96&d=mm&r=g","contentUrl":"https:\/\/secure.gravatar.com\/avatar\/1f9a70007336511a47468b8f1c66f922b8b7cf617b02a31149ada43893a5d48f?s=96&d=mm&r=g","caption":"C D"},"url":"https:\/\/vosgesinfo.fr\/remiremontinfo\/author\/cedric-drevet\/"}]}},"_links":{"self":[{"href":"https:\/\/vosgesinfo.fr\/remiremontinfo\/wp-json\/wp\/v2\/posts\/65941","targetHints":{"allow":["GET"]}}],"collection":[{"href":"https:\/\/vosgesinfo.fr\/remiremontinfo\/wp-json\/wp\/v2\/posts"}],"about":[{"href":"https:\/\/vosgesinfo.fr\/remiremontinfo\/wp-json\/wp\/v2\/types\/post"}],"author":[{"embeddable":true,"href":"https:\/\/vosgesinfo.fr\/remiremontinfo\/wp-json\/wp\/v2\/users\/407"}],"replies":[{"embeddable":true,"href":"https:\/\/vosgesinfo.fr\/remiremontinfo\/wp-json\/wp\/v2\/comments?post=65941"}],"version-history":[{"count":0,"href":"https:\/\/vosgesinfo.fr\/remiremontinfo\/wp-json\/wp\/v2\/posts\/65941\/revisions"}],"wp:featuredmedia":[{"embeddable":true,"href":"https:\/\/vosgesinfo.fr\/remiremontinfo\/wp-json\/wp\/v2\/media\/65942"}],"wp:attachment":[{"href":"https:\/\/vosgesinfo.fr\/remiremontinfo\/wp-json\/wp\/v2\/media?parent=65941"}],"wp:term":[{"taxonomy":"category","embeddable":true,"href":"https:\/\/vosgesinfo.fr\/remiremontinfo\/wp-json\/wp\/v2\/categories?post=65941"},{"taxonomy":"post_tag","embeddable":true,"href":"https:\/\/vosgesinfo.fr\/remiremontinfo\/wp-json\/wp\/v2\/tags?post=65941"}],"curies":[{"name":"wp","href":"https:\/\/api.w.org\/{rel}","templated":true}]}}