{"id":6596,"date":"2024-05-30T05:54:33","date_gmt":"2024-05-30T03:54:33","guid":{"rendered":"https:\/\/vosgesinfo.fr\/remiremontinfo\/?p=6596"},"modified":"2024-05-29T23:46:22","modified_gmt":"2024-05-29T21:46:22","slug":"ils-sont-venus-de-toute-la-france-avec-leurs-equipements-leurs-blindes-ou-leurs-drones","status":"publish","type":"post","link":"https:\/\/vosgesinfo.fr\/remiremontinfo\/2024\/05\/ils-sont-venus-de-toute-la-france-avec-leurs-equipements-leurs-blindes-ou-leurs-drones\/","title":{"rendered":"Ils sont venus de toute la France avec leurs \u00e9quipements, leurs blind\u00e9s ou leurs drones !"},"content":{"rendered":"<p><strong>Venus de toute la France (Grenoble, Tarbes, Auxonne\u2026) mais aussi des Vosges ou des d\u00e9partements limitrophes ce mercredi l\u2019arm\u00e9e de terre, la Marine, l\u2019Arm\u00e9e de l\u2019air mais aussi la Gendarmerie, la Police Nationale, les Pompiers ou encore la Protection Civile ou la Police Municipale \u00e9taient pr\u00e9sents \u00e0 Remiremont pour\u00a0 La \u00ab\u00a0Journ\u00e9e Interactive des M\u00e9tiers de l&rsquo;Uniforme<\/strong>\u00ab\u00a0<strong>. Cette journ\u00e9e, organis\u00e9e par le Centre d&rsquo;Information et de Recrutement de l&rsquo;Arm\u00e9e d&rsquo;\u00c9pinal (CIRFA 88) en partenariat avec la Mission Locale du Pays de Remiremont et de ses Vall\u00e9es et la ville de Remiremont a connu un certain succ\u00e8s pour une premi\u00e8re \u00e0 Remiremont.<\/strong><\/p>\n<div id=\"attachment_6598\" style=\"width: 210px\" class=\"wp-caption alignright\"><img decoding=\"async\" aria-describedby=\"caption-attachment-6598\" class=\"size-medium wp-image-6598\" src=\"https:\/\/vosgesinfo.fr\/app\/uploads\/sites\/5\/2024\/05\/journee-des-metiers-de-luniforme-26-200x300.jpg\" alt=\"\" width=\"200\" height=\"300\" srcset=\"https:\/\/vosgesinfo.fr\/app\/uploads\/sites\/5\/2024\/05\/journee-des-metiers-de-luniforme-26-200x300.jpg 200w, https:\/\/vosgesinfo.fr\/app\/uploads\/sites\/5\/2024\/05\/journee-des-metiers-de-luniforme-26-683x1024.jpg 683w, https:\/\/vosgesinfo.fr\/app\/uploads\/sites\/5\/2024\/05\/journee-des-metiers-de-luniforme-26-768x1152.jpg 768w, https:\/\/vosgesinfo.fr\/app\/uploads\/sites\/5\/2024\/05\/journee-des-metiers-de-luniforme-26-1024x1536.jpg 1024w, https:\/\/vosgesinfo.fr\/app\/uploads\/sites\/5\/2024\/05\/journee-des-metiers-de-luniforme-26-1365x2048.jpg 1365w, https:\/\/vosgesinfo.fr\/app\/uploads\/sites\/5\/2024\/05\/journee-des-metiers-de-luniforme-26-scaled.jpg 1707w\" sizes=\"(max-width: 200px) 100vw, 200px\" \/><p id=\"caption-attachment-6598\" class=\"wp-caption-text\">Le Maire avec le Colonel Carlier<\/p><\/div>\n<p>En d\u00e9but de matin\u00e9e, le Maire Jean-Benoit Tisserand et une partie de son conseil, la Conseill\u00e8re d\u00e9partementale du canton Val\u00e9rie Jankowski, et Patrick Lagarde, Pr\u00e9sident de la Mission Locale ont officiellement accueilli les autorit\u00e9s militaires et visit\u00e9 les diff\u00e9rents stands. Tous tr\u00e8s heureux de ce partenariat nouveau qui a permis le d\u00e9roulement de cette journ\u00e9e dans des conditions optimum, si ce n\u2019est la m\u00e9t\u00e9o.<\/p>\n<p>Le public compos\u00e9 majoritairement de jeunes venus avec leur classe, seuls, en famille ou entre copains est venu en nombre, pour d\u00e9couvrir les quelques 25 stands, participer aux animations, rev\u00eatir un \u00e9quipement complet, monter dans un blind\u00e9 ou encore assister \u00e0 des d\u00e9monstrations (interpellation par l\u2019\u00c9quipe cynophile de la Police ou par une Patrouille Vigipirate du 1<sup>er<\/sup> R\u00e9giment de tirailleur).<\/p>\n<p>Pour le colonel Carlier, responsable du recrutement pour l\u2019Arm\u00e9e de terre sur la zone des Hauts de France, du Grand Est et de Bourgogne-Franche-Comt\u00e9, il s\u2019agit non seulement de pr\u00e9senter l\u2019Arm\u00e9e et la grande diversit\u00e9 des m\u00e9tiers et carri\u00e8res qu\u2019elle propose, mais aussi de maintenir et nourrir le lien Arm\u00e9e\/Nation. Chaque ann\u00e9e sur sa zone de recrutement, ce sont 3000 jeunes qui s\u2019engagent, venant de tous horizons. Pour notre d\u00e9partement des Vosges, c\u2019est annuellement une centaine de recrues.<\/p>\n<p>Tout au long de la journ\u00e9e, un p\u00f4le information r\u00e9unissant France Travail, le CIO et la Mission Locale du pays de Remiremont et de ses Vall\u00e9es a permis d\u2019orienter les visiteurs et de les conseiller sur les parcours de formations et d\u2019insertion professionnelle.<\/p>\n<p>Ce mardi, c\u2019est \u00e0 Saint Di\u00e9 que se tenait ce m\u00eame \u00e9v\u00e8nement et demain jeudi, ce d\u00e9ploiement d\u2019uniformes et de mat\u00e9riels convergera vers Neufch\u00e2teau. Rendez-vous dans deux ans pour une nouvelle Journ\u00e9e Interactive des M\u00e9tiers de l&rsquo;Uniforme.<\/p>\n<p>PM<\/p>\n\n\t\t<style type=\"text\/css\">\n\t\t\t#gallery-1 {\n\t\t\t\tmargin: auto;\n\t\t\t}\n\t\t\t#gallery-1 .gallery-item {\n\t\t\t\tfloat: left;\n\t\t\t\tmargin-top: 10px;\n\t\t\t\ttext-align: center;\n\t\t\t\twidth: 50%;\n\t\t\t}\n\t\t\t#gallery-1 img {\n\t\t\t\tborder: 2px solid #cfcfcf;\n\t\t\t}\n\t\t\t#gallery-1 .gallery-caption {\n\t\t\t\tmargin-left: 0;\n\t\t\t}\n\t\t\t\/* see gallery_shortcode() in wp-includes\/media.php *\/\n\t\t<\/style>\n\t\t<div id='gallery-1' class='gallery galleryid-6596 gallery-columns-2 gallery-size-medium'><dl class='gallery-item'>\n\t\t\t<dt class='gallery-icon landscape'>\n\t\t\t\t<a href='https:\/\/vosgesinfo.fr\/app\/uploads\/sites\/5\/2024\/05\/journee-des-metiers-de-luniforme-153-1-scaled.jpg'><img decoding=\"async\" width=\"300\" height=\"200\" src=\"https:\/\/vosgesinfo.fr\/app\/uploads\/sites\/5\/2024\/05\/journee-des-metiers-de-luniforme-153-1-300x200.jpg\" class=\"attachment-medium size-medium\" alt=\"\" aria-describedby=\"gallery-1-6607\" srcset=\"https:\/\/vosgesinfo.fr\/app\/uploads\/sites\/5\/2024\/05\/journee-des-metiers-de-luniforme-153-1-300x200.jpg 300w, https:\/\/vosgesinfo.fr\/app\/uploads\/sites\/5\/2024\/05\/journee-des-metiers-de-luniforme-153-1-1024x683.jpg 1024w, https:\/\/vosgesinfo.fr\/app\/uploads\/sites\/5\/2024\/05\/journee-des-metiers-de-luniforme-153-1-768x512.jpg 768w, https:\/\/vosgesinfo.fr\/app\/uploads\/sites\/5\/2024\/05\/journee-des-metiers-de-luniforme-153-1-1536x1024.jpg 1536w, https:\/\/vosgesinfo.fr\/app\/uploads\/sites\/5\/2024\/05\/journee-des-metiers-de-luniforme-153-1-2048x1365.jpg 2048w\" sizes=\"(max-width: 300px) 100vw, 300px\" \/><\/a>\n\t\t\t<\/dt>\n\t\t\t\t<dd class='wp-caption-text gallery-caption' id='gallery-1-6607'>\n\t\t\t\tInterpellation Patrouille Vigipirate\n\t\t\t\t<\/dd><\/dl><dl class='gallery-item'>\n\t\t\t<dt class='gallery-icon portrait'>\n\t\t\t\t<a href='https:\/\/vosgesinfo.fr\/app\/uploads\/sites\/5\/2024\/05\/journee-des-metiers-de-luniforme-199-scaled.jpg'><img decoding=\"async\" width=\"200\" height=\"300\" src=\"https:\/\/vosgesinfo.fr\/app\/uploads\/sites\/5\/2024\/05\/journee-des-metiers-de-luniforme-199-200x300.jpg\" class=\"attachment-medium size-medium\" alt=\"\" srcset=\"https:\/\/vosgesinfo.fr\/app\/uploads\/sites\/5\/2024\/05\/journee-des-metiers-de-luniforme-199-200x300.jpg 200w, https:\/\/vosgesinfo.fr\/app\/uploads\/sites\/5\/2024\/05\/journee-des-metiers-de-luniforme-199-683x1024.jpg 683w, https:\/\/vosgesinfo.fr\/app\/uploads\/sites\/5\/2024\/05\/journee-des-metiers-de-luniforme-199-768x1152.jpg 768w, https:\/\/vosgesinfo.fr\/app\/uploads\/sites\/5\/2024\/05\/journee-des-metiers-de-luniforme-199-1024x1536.jpg 1024w, https:\/\/vosgesinfo.fr\/app\/uploads\/sites\/5\/2024\/05\/journee-des-metiers-de-luniforme-199-1365x2048.jpg 1365w, https:\/\/vosgesinfo.fr\/app\/uploads\/sites\/5\/2024\/05\/journee-des-metiers-de-luniforme-199-scaled.jpg 1707w\" sizes=\"(max-width: 200px) 100vw, 200px\" \/><\/a>\n\t\t\t<\/dt><\/dl><br style=\"clear: both\" \/><dl class='gallery-item'>\n\t\t\t<dt class='gallery-icon landscape'>\n\t\t\t\t<a href='https:\/\/vosgesinfo.fr\/app\/uploads\/sites\/5\/2024\/05\/journee-des-metiers-de-luniforme-127-scaled.jpg'><img decoding=\"async\" width=\"300\" height=\"200\" src=\"https:\/\/vosgesinfo.fr\/app\/uploads\/sites\/5\/2024\/05\/journee-des-metiers-de-luniforme-127-300x200.jpg\" class=\"attachment-medium size-medium\" alt=\"\" aria-describedby=\"gallery-1-6609\" srcset=\"https:\/\/vosgesinfo.fr\/app\/uploads\/sites\/5\/2024\/05\/journee-des-metiers-de-luniforme-127-300x200.jpg 300w, https:\/\/vosgesinfo.fr\/app\/uploads\/sites\/5\/2024\/05\/journee-des-metiers-de-luniforme-127-1024x683.jpg 1024w, https:\/\/vosgesinfo.fr\/app\/uploads\/sites\/5\/2024\/05\/journee-des-metiers-de-luniforme-127-768x512.jpg 768w, https:\/\/vosgesinfo.fr\/app\/uploads\/sites\/5\/2024\/05\/journee-des-metiers-de-luniforme-127-1536x1024.jpg 1536w, https:\/\/vosgesinfo.fr\/app\/uploads\/sites\/5\/2024\/05\/journee-des-metiers-de-luniforme-127-2048x1365.jpg 2048w\" sizes=\"(max-width: 300px) 100vw, 300px\" \/><\/a>\n\t\t\t<\/dt>\n\t\t\t\t<dd class='wp-caption-text gallery-caption' id='gallery-1-6609'>\n\t\t\t\tInterpellation \u00c9quipe Cynophile\n\t\t\t\t<\/dd><\/dl>\n\t\t\t<br style='clear: both' \/>\n\t\t<\/div>\n\n\n\t\t<style type=\"text\/css\">\n\t\t\t#gallery-2 {\n\t\t\t\tmargin: auto;\n\t\t\t}\n\t\t\t#gallery-2 .gallery-item {\n\t\t\t\tfloat: left;\n\t\t\t\tmargin-top: 10px;\n\t\t\t\ttext-align: center;\n\t\t\t\twidth: 33%;\n\t\t\t}\n\t\t\t#gallery-2 img {\n\t\t\t\tborder: 2px solid #cfcfcf;\n\t\t\t}\n\t\t\t#gallery-2 .gallery-caption {\n\t\t\t\tmargin-left: 0;\n\t\t\t}\n\t\t\t\/* see gallery_shortcode() in wp-includes\/media.php *\/\n\t\t<\/style>\n\t\t<div id='gallery-2' class='gallery galleryid-6596 gallery-columns-3 gallery-size-medium'><dl class='gallery-item'>\n\t\t\t<dt class='gallery-icon landscape'>\n\t\t\t\t<a href='https:\/\/vosgesinfo.fr\/remiremontinfo\/2024\/05\/ils-sont-venus-de-toute-la-france-avec-leurs-equipements-leurs-blindes-ou-leurs-drones\/journee-des-metiers-de-luniforme-184\/'><img decoding=\"async\" width=\"300\" height=\"200\" src=\"https:\/\/vosgesinfo.fr\/app\/uploads\/sites\/5\/2024\/05\/journee-des-metiers-de-luniforme-184-300x200.jpg\" class=\"attachment-medium size-medium\" alt=\"\" srcset=\"https:\/\/vosgesinfo.fr\/app\/uploads\/sites\/5\/2024\/05\/journee-des-metiers-de-luniforme-184-300x200.jpg 300w, https:\/\/vosgesinfo.fr\/app\/uploads\/sites\/5\/2024\/05\/journee-des-metiers-de-luniforme-184-1024x683.jpg 1024w, https:\/\/vosgesinfo.fr\/app\/uploads\/sites\/5\/2024\/05\/journee-des-metiers-de-luniforme-184-768x512.jpg 768w, https:\/\/vosgesinfo.fr\/app\/uploads\/sites\/5\/2024\/05\/journee-des-metiers-de-luniforme-184-1536x1024.jpg 1536w, https:\/\/vosgesinfo.fr\/app\/uploads\/sites\/5\/2024\/05\/journee-des-metiers-de-luniforme-184-2048x1365.jpg 2048w\" sizes=\"(max-width: 300px) 100vw, 300px\" \/><\/a>\n\t\t\t<\/dt><\/dl><dl class='gallery-item'>\n\t\t\t<dt class='gallery-icon landscape'>\n\t\t\t\t<a href='https:\/\/vosgesinfo.fr\/remiremontinfo\/2024\/05\/ils-sont-venus-de-toute-la-france-avec-leurs-equipements-leurs-blindes-ou-leurs-drones\/journee-des-metiers-de-luniforme-72\/'><img decoding=\"async\" width=\"300\" height=\"200\" src=\"https:\/\/vosgesinfo.fr\/app\/uploads\/sites\/5\/2024\/05\/journee-des-metiers-de-luniforme-72-300x200.jpg\" class=\"attachment-medium size-medium\" alt=\"\" aria-describedby=\"gallery-2-6603\" srcset=\"https:\/\/vosgesinfo.fr\/app\/uploads\/sites\/5\/2024\/05\/journee-des-metiers-de-luniforme-72-300x200.jpg 300w, https:\/\/vosgesinfo.fr\/app\/uploads\/sites\/5\/2024\/05\/journee-des-metiers-de-luniforme-72-1024x683.jpg 1024w, https:\/\/vosgesinfo.fr\/app\/uploads\/sites\/5\/2024\/05\/journee-des-metiers-de-luniforme-72-768x512.jpg 768w, https:\/\/vosgesinfo.fr\/app\/uploads\/sites\/5\/2024\/05\/journee-des-metiers-de-luniforme-72-1536x1024.jpg 1536w, https:\/\/vosgesinfo.fr\/app\/uploads\/sites\/5\/2024\/05\/journee-des-metiers-de-luniforme-72-2048x1365.jpg 2048w\" sizes=\"(max-width: 300px) 100vw, 300px\" \/><\/a>\n\t\t\t<\/dt>\n\t\t\t\t<dd class='wp-caption-text gallery-caption' id='gallery-2-6603'>\n\t\t\t\tLes \u00e9lus en v\u00e9hicule blind\u00e9\n\t\t\t\t<\/dd><\/dl><dl class='gallery-item'>\n\t\t\t<dt class='gallery-icon landscape'>\n\t\t\t\t<a href='https:\/\/vosgesinfo.fr\/remiremontinfo\/2024\/05\/ils-sont-venus-de-toute-la-france-avec-leurs-equipements-leurs-blindes-ou-leurs-drones\/journee-des-metiers-de-luniforme-193\/'><img decoding=\"async\" width=\"300\" height=\"200\" src=\"https:\/\/vosgesinfo.fr\/app\/uploads\/sites\/5\/2024\/05\/journee-des-metiers-de-luniforme-193-300x200.jpg\" class=\"attachment-medium size-medium\" alt=\"\" srcset=\"https:\/\/vosgesinfo.fr\/app\/uploads\/sites\/5\/2024\/05\/journee-des-metiers-de-luniforme-193-300x200.jpg 300w, https:\/\/vosgesinfo.fr\/app\/uploads\/sites\/5\/2024\/05\/journee-des-metiers-de-luniforme-193-1024x683.jpg 1024w, https:\/\/vosgesinfo.fr\/app\/uploads\/sites\/5\/2024\/05\/journee-des-metiers-de-luniforme-193-768x512.jpg 768w, https:\/\/vosgesinfo.fr\/app\/uploads\/sites\/5\/2024\/05\/journee-des-metiers-de-luniforme-193-1536x1024.jpg 1536w, https:\/\/vosgesinfo.fr\/app\/uploads\/sites\/5\/2024\/05\/journee-des-metiers-de-luniforme-193-2048x1365.jpg 2048w\" sizes=\"(max-width: 300px) 100vw, 300px\" \/><\/a>\n\t\t\t<\/dt><\/dl><br style=\"clear: both\" \/>\n\t\t<\/div>\n\n","protected":false},"excerpt":{"rendered":"<p>Venus de toute la France (Grenoble, Tarbes, Auxonne\u2026) mais aussi des Vosges ou des d\u00e9partements limitrophes ce mercredi l\u2019arm\u00e9e de [&hellip;]<\/p>\n","protected":false},"author":413,"featured_media":6600,"comment_status":"open","ping_status":"open","sticky":false,"template":"","format":"standard","meta":{"footnotes":""},"categories":[26,64,35,95,13],"tags":[1066],"class_list":["post-6596","post","type-post","status-publish","format-standard","has-post-thumbnail","hentry","category-a-la-une","category-evenements","category-remiremont-son-canton","category-securite","category-societe","tag-cirfa"],"acf":[],"yoast_head":"<!-- This site is optimized with the Yoast SEO plugin v22.5 - https:\/\/yoast.com\/wordpress\/plugins\/seo\/ -->\n<title>Ils sont venus de toute la France avec leurs \u00e9quipements, leurs blind\u00e9s ou leurs drones ! - Remiremont Info<\/title>\n<meta name=\"robots\" content=\"index, follow, max-snippet:-1, max-image-preview:large, max-video-preview:-1\" \/>\n<link rel=\"canonical\" href=\"https:\/\/vosgesinfo.fr\/remiremontinfo\/?p=6596\" \/>\n<meta name=\"twitter:card\" content=\"summary_large_image\" \/>\n<meta name=\"twitter:title\" content=\"Ils sont venus de toute la France avec leurs \u00e9quipements, leurs blind\u00e9s ou leurs drones ! - Remiremont Info\" \/>\n<meta name=\"twitter:description\" content=\"Venus de toute la France (Grenoble, Tarbes, Auxonne\u2026) mais aussi des Vosges ou des d\u00e9partements limitrophes ce mercredi l\u2019arm\u00e9e de [&hellip;]\" \/>\n<meta name=\"twitter:image\" content=\"https:\/\/vosgesinfo.fr\/app\/uploads\/sites\/5\/2024\/05\/journee-des-metiers-de-luniforme-153-scaled.jpg\" \/>\n<meta name=\"twitter:creator\" content=\"@VosgesInfo88\" \/>\n<meta name=\"twitter:site\" content=\"@VosgesInfo88\" \/>\n<meta name=\"twitter:label1\" content=\"\u00c9crit par\" \/>\n\t<meta name=\"twitter:data1\" content=\"P.M\" \/>\n\t<meta name=\"twitter:label2\" content=\"Dur\u00e9e de lecture estim\u00e9e\" \/>\n\t<meta name=\"twitter:data2\" content=\"3 minutes\" \/>\n<script type=\"application\/ld+json\" class=\"yoast-schema-graph\">{\"@context\":\"https:\/\/schema.org\",\"@graph\":[{\"@type\":\"Article\",\"@id\":\"https:\/\/vosgesinfo.fr\/remiremontinfo\/?p=6596#article\",\"isPartOf\":{\"@id\":\"https:\/\/vosgesinfo.fr\/remiremontinfo\/?p=6596\"},\"author\":{\"name\":\"P.M\",\"@id\":\"https:\/\/vosgesinfo.fr\/remiremontinfo\/#\/schema\/person\/a6fd2dde36da20be3679f2058b94c5b8\"},\"headline\":\"Ils sont venus de toute la France avec leurs \u00e9quipements, leurs blind\u00e9s ou leurs drones !\",\"datePublished\":\"2024-05-30T03:54:33+00:00\",\"dateModified\":\"2024-05-29T21:46:22+00:00\",\"mainEntityOfPage\":{\"@id\":\"https:\/\/vosgesinfo.fr\/remiremontinfo\/?p=6596\"},\"wordCount\":485,\"commentCount\":1,\"publisher\":{\"@id\":\"https:\/\/vosgesinfo.fr\/remiremontinfo\/#organization\"},\"image\":{\"@id\":\"https:\/\/vosgesinfo.fr\/remiremontinfo\/?p=6596#primaryimage\"},\"thumbnailUrl\":\"https:\/\/vosgesinfo.fr\/app\/uploads\/sites\/5\/2024\/05\/journee-des-metiers-de-luniforme-153-scaled.jpg\",\"keywords\":[\"CIRFA\"],\"articleSection\":[\"A la Une\",\"Ev\u00e8nements\",\"Remiremont &amp; son canton\",\"S\u00e9curit\u00e9\",\"Soci\u00e9t\u00e9\"],\"inLanguage\":\"fr-FR\",\"potentialAction\":[{\"@type\":\"CommentAction\",\"name\":\"Comment\",\"target\":[\"https:\/\/vosgesinfo.fr\/remiremontinfo\/?p=6596#respond\"]}]},{\"@type\":\"WebPage\",\"@id\":\"https:\/\/vosgesinfo.fr\/remiremontinfo\/?p=6596\",\"url\":\"https:\/\/vosgesinfo.fr\/remiremontinfo\/?p=6596\",\"name\":\"Ils sont venus de toute la France avec leurs \u00e9quipements, leurs blind\u00e9s ou leurs drones ! - Remiremont Info\",\"isPartOf\":{\"@id\":\"https:\/\/vosgesinfo.fr\/remiremontinfo\/#website\"},\"primaryImageOfPage\":{\"@id\":\"https:\/\/vosgesinfo.fr\/remiremontinfo\/?p=6596#primaryimage\"},\"image\":{\"@id\":\"https:\/\/vosgesinfo.fr\/remiremontinfo\/?p=6596#primaryimage\"},\"thumbnailUrl\":\"https:\/\/vosgesinfo.fr\/app\/uploads\/sites\/5\/2024\/05\/journee-des-metiers-de-luniforme-153-scaled.jpg\",\"datePublished\":\"2024-05-30T03:54:33+00:00\",\"dateModified\":\"2024-05-29T21:46:22+00:00\",\"breadcrumb\":{\"@id\":\"https:\/\/vosgesinfo.fr\/remiremontinfo\/?p=6596#breadcrumb\"},\"inLanguage\":\"fr-FR\",\"potentialAction\":[{\"@type\":\"ReadAction\",\"target\":[\"https:\/\/vosgesinfo.fr\/remiremontinfo\/?p=6596\"]}]},{\"@type\":\"ImageObject\",\"inLanguage\":\"fr-FR\",\"@id\":\"https:\/\/vosgesinfo.fr\/remiremontinfo\/?p=6596#primaryimage\",\"url\":\"https:\/\/vosgesinfo.fr\/app\/uploads\/sites\/5\/2024\/05\/journee-des-metiers-de-luniforme-153-scaled.jpg\",\"contentUrl\":\"https:\/\/vosgesinfo.fr\/app\/uploads\/sites\/5\/2024\/05\/journee-des-metiers-de-luniforme-153-scaled.jpg\",\"width\":2560,\"height\":1707,\"caption\":\"Intervention Patrouille Vigipirate\"},{\"@type\":\"BreadcrumbList\",\"@id\":\"https:\/\/vosgesinfo.fr\/remiremontinfo\/?p=6596#breadcrumb\",\"itemListElement\":[{\"@type\":\"ListItem\",\"position\":1,\"name\":\"Home\",\"item\":\"https:\/\/vosgesinfo.fr\/remiremontinfo\/\"},{\"@type\":\"ListItem\",\"position\":2,\"name\":\"Ils sont venus de toute la France avec leurs \u00e9quipements, leurs blind\u00e9s ou leurs drones !\"}]},{\"@type\":\"WebSite\",\"@id\":\"https:\/\/vosgesinfo.fr\/remiremontinfo\/#website\",\"url\":\"https:\/\/vosgesinfo.fr\/remiremontinfo\/\",\"name\":\"Remiremont Info\",\"description\":\"Toute l&#039;actualit\u00e9 de Remiremont\",\"publisher\":{\"@id\":\"https:\/\/vosgesinfo.fr\/remiremontinfo\/#organization\"},\"alternateName\":\"Toute l'actualit\u00e9 de Remiremont\",\"potentialAction\":[{\"@type\":\"SearchAction\",\"target\":{\"@type\":\"EntryPoint\",\"urlTemplate\":\"https:\/\/vosgesinfo.fr\/remiremontinfo\/?s={search_term_string}\"},\"query-input\":\"required name=search_term_string\"}],\"inLanguage\":\"fr-FR\"},{\"@type\":\"Organization\",\"@id\":\"https:\/\/vosgesinfo.fr\/remiremontinfo\/#organization\",\"name\":\"Remiremont Info\",\"url\":\"https:\/\/vosgesinfo.fr\/remiremontinfo\/\",\"logo\":{\"@type\":\"ImageObject\",\"inLanguage\":\"fr-FR\",\"@id\":\"https:\/\/vosgesinfo.fr\/remiremontinfo\/#\/schema\/logo\/image\/\",\"url\":\"https:\/\/vosgesinfo.fr\/app\/uploads\/sites\/5\/2023\/08\/favicon-remiremontinfo.png\",\"contentUrl\":\"https:\/\/vosgesinfo.fr\/app\/uploads\/sites\/5\/2023\/08\/favicon-remiremontinfo.png\",\"width\":512,\"height\":512,\"caption\":\"Remiremont Info\"},\"image\":{\"@id\":\"https:\/\/vosgesinfo.fr\/remiremontinfo\/#\/schema\/logo\/image\/\"},\"sameAs\":[\"https:\/\/www.facebook.com\/remiremontinfo\",\"https:\/\/x.com\/VosgesInfo88\",\"https:\/\/www.youtube.com\/@vosgesinfo\"]},{\"@type\":\"Person\",\"@id\":\"https:\/\/vosgesinfo.fr\/remiremontinfo\/#\/schema\/person\/a6fd2dde36da20be3679f2058b94c5b8\",\"name\":\"P.M\",\"image\":{\"@type\":\"ImageObject\",\"inLanguage\":\"fr-FR\",\"@id\":\"https:\/\/vosgesinfo.fr\/remiremontinfo\/#\/schema\/person\/image\/\",\"url\":\"https:\/\/secure.gravatar.com\/avatar\/db38f6ef38bb165f6f4d352563f264129673ed4536984fbbcddf700bd12f8a9a?s=96&d=mm&r=g\",\"contentUrl\":\"https:\/\/secure.gravatar.com\/avatar\/db38f6ef38bb165f6f4d352563f264129673ed4536984fbbcddf700bd12f8a9a?s=96&d=mm&r=g\",\"caption\":\"P.M\"},\"url\":\"https:\/\/vosgesinfo.fr\/remiremontinfo\/author\/p-mangel88\/\"}]}<\/script>\n<!-- \/ Yoast SEO plugin. -->","yoast_head_json":{"title":"Ils sont venus de toute la France avec leurs \u00e9quipements, leurs blind\u00e9s ou leurs drones ! - Remiremont Info","robots":{"index":"index","follow":"follow","max-snippet":"max-snippet:-1","max-image-preview":"max-image-preview:large","max-video-preview":"max-video-preview:-1"},"canonical":"https:\/\/vosgesinfo.fr\/remiremontinfo\/?p=6596","twitter_card":"summary_large_image","twitter_title":"Ils sont venus de toute la France avec leurs \u00e9quipements, leurs blind\u00e9s ou leurs drones ! - Remiremont Info","twitter_description":"Venus de toute la France (Grenoble, Tarbes, Auxonne\u2026) mais aussi des Vosges ou des d\u00e9partements limitrophes ce mercredi l\u2019arm\u00e9e de [&hellip;]","twitter_image":"https:\/\/vosgesinfo.fr\/app\/uploads\/sites\/5\/2024\/05\/journee-des-metiers-de-luniforme-153-scaled.jpg","twitter_creator":"@VosgesInfo88","twitter_site":"@VosgesInfo88","twitter_misc":{"\u00c9crit par":"P.M","Dur\u00e9e de lecture estim\u00e9e":"3 minutes"},"schema":{"@context":"https:\/\/schema.org","@graph":[{"@type":"Article","@id":"https:\/\/vosgesinfo.fr\/remiremontinfo\/?p=6596#article","isPartOf":{"@id":"https:\/\/vosgesinfo.fr\/remiremontinfo\/?p=6596"},"author":{"name":"P.M","@id":"https:\/\/vosgesinfo.fr\/remiremontinfo\/#\/schema\/person\/a6fd2dde36da20be3679f2058b94c5b8"},"headline":"Ils sont venus de toute la France avec leurs \u00e9quipements, leurs blind\u00e9s ou leurs drones !","datePublished":"2024-05-30T03:54:33+00:00","dateModified":"2024-05-29T21:46:22+00:00","mainEntityOfPage":{"@id":"https:\/\/vosgesinfo.fr\/remiremontinfo\/?p=6596"},"wordCount":485,"commentCount":1,"publisher":{"@id":"https:\/\/vosgesinfo.fr\/remiremontinfo\/#organization"},"image":{"@id":"https:\/\/vosgesinfo.fr\/remiremontinfo\/?p=6596#primaryimage"},"thumbnailUrl":"https:\/\/vosgesinfo.fr\/app\/uploads\/sites\/5\/2024\/05\/journee-des-metiers-de-luniforme-153-scaled.jpg","keywords":["CIRFA"],"articleSection":["A la Une","Ev\u00e8nements","Remiremont &amp; son canton","S\u00e9curit\u00e9","Soci\u00e9t\u00e9"],"inLanguage":"fr-FR","potentialAction":[{"@type":"CommentAction","name":"Comment","target":["https:\/\/vosgesinfo.fr\/remiremontinfo\/?p=6596#respond"]}]},{"@type":"WebPage","@id":"https:\/\/vosgesinfo.fr\/remiremontinfo\/?p=6596","url":"https:\/\/vosgesinfo.fr\/remiremontinfo\/?p=6596","name":"Ils sont venus de toute la France avec leurs \u00e9quipements, leurs blind\u00e9s ou leurs drones ! - Remiremont Info","isPartOf":{"@id":"https:\/\/vosgesinfo.fr\/remiremontinfo\/#website"},"primaryImageOfPage":{"@id":"https:\/\/vosgesinfo.fr\/remiremontinfo\/?p=6596#primaryimage"},"image":{"@id":"https:\/\/vosgesinfo.fr\/remiremontinfo\/?p=6596#primaryimage"},"thumbnailUrl":"https:\/\/vosgesinfo.fr\/app\/uploads\/sites\/5\/2024\/05\/journee-des-metiers-de-luniforme-153-scaled.jpg","datePublished":"2024-05-30T03:54:33+00:00","dateModified":"2024-05-29T21:46:22+00:00","breadcrumb":{"@id":"https:\/\/vosgesinfo.fr\/remiremontinfo\/?p=6596#breadcrumb"},"inLanguage":"fr-FR","potentialAction":[{"@type":"ReadAction","target":["https:\/\/vosgesinfo.fr\/remiremontinfo\/?p=6596"]}]},{"@type":"ImageObject","inLanguage":"fr-FR","@id":"https:\/\/vosgesinfo.fr\/remiremontinfo\/?p=6596#primaryimage","url":"https:\/\/vosgesinfo.fr\/app\/uploads\/sites\/5\/2024\/05\/journee-des-metiers-de-luniforme-153-scaled.jpg","contentUrl":"https:\/\/vosgesinfo.fr\/app\/uploads\/sites\/5\/2024\/05\/journee-des-metiers-de-luniforme-153-scaled.jpg","width":2560,"height":1707,"caption":"Intervention Patrouille Vigipirate"},{"@type":"BreadcrumbList","@id":"https:\/\/vosgesinfo.fr\/remiremontinfo\/?p=6596#breadcrumb","itemListElement":[{"@type":"ListItem","position":1,"name":"Home","item":"https:\/\/vosgesinfo.fr\/remiremontinfo\/"},{"@type":"ListItem","position":2,"name":"Ils sont venus de toute la France avec leurs \u00e9quipements, leurs blind\u00e9s ou leurs drones !"}]},{"@type":"WebSite","@id":"https:\/\/vosgesinfo.fr\/remiremontinfo\/#website","url":"https:\/\/vosgesinfo.fr\/remiremontinfo\/","name":"Remiremont Info","description":"Toute l&#039;actualit\u00e9 de Remiremont","publisher":{"@id":"https:\/\/vosgesinfo.fr\/remiremontinfo\/#organization"},"alternateName":"Toute l'actualit\u00e9 de Remiremont","potentialAction":[{"@type":"SearchAction","target":{"@type":"EntryPoint","urlTemplate":"https:\/\/vosgesinfo.fr\/remiremontinfo\/?s={search_term_string}"},"query-input":"required name=search_term_string"}],"inLanguage":"fr-FR"},{"@type":"Organization","@id":"https:\/\/vosgesinfo.fr\/remiremontinfo\/#organization","name":"Remiremont Info","url":"https:\/\/vosgesinfo.fr\/remiremontinfo\/","logo":{"@type":"ImageObject","inLanguage":"fr-FR","@id":"https:\/\/vosgesinfo.fr\/remiremontinfo\/#\/schema\/logo\/image\/","url":"https:\/\/vosgesinfo.fr\/app\/uploads\/sites\/5\/2023\/08\/favicon-remiremontinfo.png","contentUrl":"https:\/\/vosgesinfo.fr\/app\/uploads\/sites\/5\/2023\/08\/favicon-remiremontinfo.png","width":512,"height":512,"caption":"Remiremont Info"},"image":{"@id":"https:\/\/vosgesinfo.fr\/remiremontinfo\/#\/schema\/logo\/image\/"},"sameAs":["https:\/\/www.facebook.com\/remiremontinfo","https:\/\/x.com\/VosgesInfo88","https:\/\/www.youtube.com\/@vosgesinfo"]},{"@type":"Person","@id":"https:\/\/vosgesinfo.fr\/remiremontinfo\/#\/schema\/person\/a6fd2dde36da20be3679f2058b94c5b8","name":"P.M","image":{"@type":"ImageObject","inLanguage":"fr-FR","@id":"https:\/\/vosgesinfo.fr\/remiremontinfo\/#\/schema\/person\/image\/","url":"https:\/\/secure.gravatar.com\/avatar\/db38f6ef38bb165f6f4d352563f264129673ed4536984fbbcddf700bd12f8a9a?s=96&d=mm&r=g","contentUrl":"https:\/\/secure.gravatar.com\/avatar\/db38f6ef38bb165f6f4d352563f264129673ed4536984fbbcddf700bd12f8a9a?s=96&d=mm&r=g","caption":"P.M"},"url":"https:\/\/vosgesinfo.fr\/remiremontinfo\/author\/p-mangel88\/"}]}},"_links":{"self":[{"href":"https:\/\/vosgesinfo.fr\/remiremontinfo\/wp-json\/wp\/v2\/posts\/6596","targetHints":{"allow":["GET"]}}],"collection":[{"href":"https:\/\/vosgesinfo.fr\/remiremontinfo\/wp-json\/wp\/v2\/posts"}],"about":[{"href":"https:\/\/vosgesinfo.fr\/remiremontinfo\/wp-json\/wp\/v2\/types\/post"}],"author":[{"embeddable":true,"href":"https:\/\/vosgesinfo.fr\/remiremontinfo\/wp-json\/wp\/v2\/users\/413"}],"replies":[{"embeddable":true,"href":"https:\/\/vosgesinfo.fr\/remiremontinfo\/wp-json\/wp\/v2\/comments?post=6596"}],"version-history":[{"count":6,"href":"https:\/\/vosgesinfo.fr\/remiremontinfo\/wp-json\/wp\/v2\/posts\/6596\/revisions"}],"predecessor-version":[{"id":6617,"href":"https:\/\/vosgesinfo.fr\/remiremontinfo\/wp-json\/wp\/v2\/posts\/6596\/revisions\/6617"}],"wp:featuredmedia":[{"embeddable":true,"href":"https:\/\/vosgesinfo.fr\/remiremontinfo\/wp-json\/wp\/v2\/media\/6600"}],"wp:attachment":[{"href":"https:\/\/vosgesinfo.fr\/remiremontinfo\/wp-json\/wp\/v2\/media?parent=6596"}],"wp:term":[{"taxonomy":"category","embeddable":true,"href":"https:\/\/vosgesinfo.fr\/remiremontinfo\/wp-json\/wp\/v2\/categories?post=6596"},{"taxonomy":"post_tag","embeddable":true,"href":"https:\/\/vosgesinfo.fr\/remiremontinfo\/wp-json\/wp\/v2\/tags?post=6596"}],"curies":[{"name":"wp","href":"https:\/\/api.w.org\/{rel}","templated":true}]}}