{"id":65961,"date":"2022-12-22T07:39:22","date_gmt":"2022-12-22T06:39:22","guid":{"rendered":"https:\/\/vosgesinfo.fr\/remiremontinfo\/2022\/12\/remiremont-restaurant-rose-sables-sera-bientot-definitivement-ferme\/"},"modified":"2022-12-22T07:39:22","modified_gmt":"2022-12-22T06:39:22","slug":"remiremont-restaurant-rose-sables-sera-bientot-definitivement-ferme","status":"publish","type":"post","link":"https:\/\/vosgesinfo.fr\/remiremontinfo\/2022\/12\/remiremont-restaurant-rose-sables-sera-bientot-definitivement-ferme\/","title":{"rendered":"Remiremont : le restaurant \u00ab\u00a0La Rose des Sables\u00a0\u00bb sera bient\u00f4t d\u00e9finitivement ferm\u00e9"},"content":{"rendered":"<p><a href=\"\/2022\/12\/Capture-d\u2019\u00e9cran-2022-12-22-085031.png\"><img decoding=\"async\" class=\"alignnone size-full wp-image-360543\" src=\"\/2022\/12\/Capture-d\u2019\u00e9cran-2022-12-22-085031.png\" alt=\"Capture d\u2019\u00e9cran 2022-12-22 085031\" width=\"913\" height=\"672\" \/><\/a><\/p>\n<p><span style=\"font-size: 10pt;\"><em>Photos par\u00a0<a href=\"https:\/\/www.facebook.com\/profile.php?id=100066843908549\">Restaurant La Rose Des Sables<\/a>\u00a0<\/em><\/span><\/p>\n<h2><span style=\"font-size: 12pt;\"><strong>Le restaurant \u00ab\u00a0La Rose des Sables\u00a0\u00bb, ouvert il y a deux ans environ, sera d\u00e9finitivement ferm\u00e9 \u00e0 partir du samedi 31 d\u00e9cembre prochain. Cependant, l\u2019une des membres de l\u2019\u00e9quipe continue l&rsquo;activit\u00e9 \u00e0 domicile et sur commande uniquement, avec la m\u00eame carte.<\/strong><\/span><\/h2>\n<p>\u00ab\u00a0Durant ces 2 ann\u00e9es, nous nous sommes \u00e9clat\u00e9es aux commandes de ce petit bout d\u2019Afrique venu s&rsquo;installer \u00e0 Remiremont afin de vous faire voyager et d\u00e9couvrir la gastronomie Orientale\u00a0\u00bb, affirme Fatima Diop. \u00ab\u00a0Aujourd\u2019hui, l\u2019envie de me projeter sur l\u2019avenir pour d\u2019autres projets plus personnels et professionnels se fait ressentir. Merci \u00e0 vous, nos clients habitu\u00e9s et de passage d\u2019avoir rendu tout cela possible. Merci \u00e0 mes coll\u00e8gues qui ont particip\u00e9 \u00e0 la r\u00e9ussite de ce projet avec qui, sans elles je n\u2019aurais s\u00fbrement pas eu autant de succ\u00e8s\u00a0\u00bb.<\/p>\n","protected":false},"excerpt":{"rendered":"<p>Photos par\u00a0Restaurant La Rose Des Sables\u00a0 Le restaurant \u00ab\u00a0La Rose des Sables\u00a0\u00bb, ouvert il y a deux ans environ, sera [&hellip;]<\/p>\n","protected":false},"author":407,"featured_media":65962,"comment_status":"open","ping_status":"open","sticky":false,"template":"","format":"standard","meta":{"footnotes":""},"categories":[26,120,1556,35],"tags":[5239,44,2527],"class_list":["post-65961","post","type-post","status-publish","format-standard","has-post-thumbnail","hentry","category-a-la-une","category-commerce","category-remiremont-remiremont-son-canton-2","category-remiremont-son-canton","tag-la-rose-des-sables","tag-remiremont","tag-restaurant"],"acf":[],"yoast_head":"<!-- This site is optimized with the Yoast SEO plugin v22.5 - https:\/\/yoast.com\/wordpress\/plugins\/seo\/ -->\n<title>Remiremont : le restaurant &quot;La Rose des Sables&quot; sera bient\u00f4t d\u00e9finitivement ferm\u00e9 - Remiremont Info<\/title>\n<meta name=\"robots\" content=\"index, follow, max-snippet:-1, max-image-preview:large, max-video-preview:-1\" \/>\n<link rel=\"canonical\" href=\"https:\/\/vosgesinfo.fr\/remiremontinfo\/2022\/12\/remiremont-restaurant-rose-sables-sera-bientot-definitivement-ferme\/\" \/>\n<meta name=\"twitter:card\" content=\"summary_large_image\" \/>\n<meta name=\"twitter:title\" content=\"Remiremont : le restaurant &quot;La Rose des Sables&quot; sera bient\u00f4t d\u00e9finitivement ferm\u00e9 - Remiremont Info\" \/>\n<meta name=\"twitter:description\" content=\"Photos par\u00a0Restaurant La Rose Des Sables\u00a0 Le restaurant \u00ab\u00a0La Rose des Sables\u00a0\u00bb, ouvert il y a deux ans environ, sera [&hellip;]\" \/>\n<meta name=\"twitter:image\" content=\"https:\/\/vosgesinfo.fr\/app\/uploads\/sites\/5\/2024\/09\/202212capture-decran-2022-12-22-085031.png\" \/>\n<meta name=\"twitter:creator\" content=\"@VosgesInfo88\" \/>\n<meta name=\"twitter:site\" content=\"@VosgesInfo88\" \/>\n<meta name=\"twitter:label1\" content=\"\u00c9crit par\" \/>\n\t<meta name=\"twitter:data1\" content=\"C D\" \/>\n\t<meta name=\"twitter:label2\" content=\"Dur\u00e9e de lecture estim\u00e9e\" \/>\n\t<meta name=\"twitter:data2\" content=\"1 minute\" \/>\n<script type=\"application\/ld+json\" class=\"yoast-schema-graph\">{\"@context\":\"https:\/\/schema.org\",\"@graph\":[{\"@type\":\"Article\",\"@id\":\"https:\/\/vosgesinfo.fr\/remiremontinfo\/2022\/12\/remiremont-restaurant-rose-sables-sera-bientot-definitivement-ferme\/#article\",\"isPartOf\":{\"@id\":\"https:\/\/vosgesinfo.fr\/remiremontinfo\/2022\/12\/remiremont-restaurant-rose-sables-sera-bientot-definitivement-ferme\/\"},\"author\":{\"name\":\"C D\",\"@id\":\"https:\/\/vosgesinfo.fr\/remiremontinfo\/#\/schema\/person\/3bfd164d5218a185b1db68655a265316\"},\"headline\":\"Remiremont : le restaurant \u00ab\u00a0La Rose des Sables\u00a0\u00bb sera bient\u00f4t d\u00e9finitivement ferm\u00e9\",\"datePublished\":\"2022-12-22T06:39:22+00:00\",\"dateModified\":\"2022-12-22T06:39:22+00:00\",\"mainEntityOfPage\":{\"@id\":\"https:\/\/vosgesinfo.fr\/remiremontinfo\/2022\/12\/remiremont-restaurant-rose-sables-sera-bientot-definitivement-ferme\/\"},\"wordCount\":163,\"commentCount\":0,\"publisher\":{\"@id\":\"https:\/\/vosgesinfo.fr\/remiremontinfo\/#organization\"},\"image\":{\"@id\":\"https:\/\/vosgesinfo.fr\/remiremontinfo\/2022\/12\/remiremont-restaurant-rose-sables-sera-bientot-definitivement-ferme\/#primaryimage\"},\"thumbnailUrl\":\"https:\/\/vosgesinfo.fr\/app\/uploads\/sites\/5\/2024\/09\/202212capture-decran-2022-12-22-085031.png\",\"keywords\":[\"la rose des sables\",\"remiremont\",\"restaurant\"],\"articleSection\":[\"A la Une\",\"Commerce\",\"Remiremont\",\"Remiremont &amp; son canton\"],\"inLanguage\":\"fr-FR\",\"potentialAction\":[{\"@type\":\"CommentAction\",\"name\":\"Comment\",\"target\":[\"https:\/\/vosgesinfo.fr\/remiremontinfo\/2022\/12\/remiremont-restaurant-rose-sables-sera-bientot-definitivement-ferme\/#respond\"]}]},{\"@type\":\"WebPage\",\"@id\":\"https:\/\/vosgesinfo.fr\/remiremontinfo\/2022\/12\/remiremont-restaurant-rose-sables-sera-bientot-definitivement-ferme\/\",\"url\":\"https:\/\/vosgesinfo.fr\/remiremontinfo\/2022\/12\/remiremont-restaurant-rose-sables-sera-bientot-definitivement-ferme\/\",\"name\":\"Remiremont : le restaurant \\\"La Rose des Sables\\\" sera bient\u00f4t d\u00e9finitivement ferm\u00e9 - Remiremont Info\",\"isPartOf\":{\"@id\":\"https:\/\/vosgesinfo.fr\/remiremontinfo\/#website\"},\"primaryImageOfPage\":{\"@id\":\"https:\/\/vosgesinfo.fr\/remiremontinfo\/2022\/12\/remiremont-restaurant-rose-sables-sera-bientot-definitivement-ferme\/#primaryimage\"},\"image\":{\"@id\":\"https:\/\/vosgesinfo.fr\/remiremontinfo\/2022\/12\/remiremont-restaurant-rose-sables-sera-bientot-definitivement-ferme\/#primaryimage\"},\"thumbnailUrl\":\"https:\/\/vosgesinfo.fr\/app\/uploads\/sites\/5\/2024\/09\/202212capture-decran-2022-12-22-085031.png\",\"datePublished\":\"2022-12-22T06:39:22+00:00\",\"dateModified\":\"2022-12-22T06:39:22+00:00\",\"breadcrumb\":{\"@id\":\"https:\/\/vosgesinfo.fr\/remiremontinfo\/2022\/12\/remiremont-restaurant-rose-sables-sera-bientot-definitivement-ferme\/#breadcrumb\"},\"inLanguage\":\"fr-FR\",\"potentialAction\":[{\"@type\":\"ReadAction\",\"target\":[\"https:\/\/vosgesinfo.fr\/remiremontinfo\/2022\/12\/remiremont-restaurant-rose-sables-sera-bientot-definitivement-ferme\/\"]}]},{\"@type\":\"ImageObject\",\"inLanguage\":\"fr-FR\",\"@id\":\"https:\/\/vosgesinfo.fr\/remiremontinfo\/2022\/12\/remiremont-restaurant-rose-sables-sera-bientot-definitivement-ferme\/#primaryimage\",\"url\":\"https:\/\/vosgesinfo.fr\/app\/uploads\/sites\/5\/2024\/09\/202212capture-decran-2022-12-22-085031.png\",\"contentUrl\":\"https:\/\/vosgesinfo.fr\/app\/uploads\/sites\/5\/2024\/09\/202212capture-decran-2022-12-22-085031.png\",\"width\":913,\"height\":672},{\"@type\":\"BreadcrumbList\",\"@id\":\"https:\/\/vosgesinfo.fr\/remiremontinfo\/2022\/12\/remiremont-restaurant-rose-sables-sera-bientot-definitivement-ferme\/#breadcrumb\",\"itemListElement\":[{\"@type\":\"ListItem\",\"position\":1,\"name\":\"Home\",\"item\":\"https:\/\/vosgesinfo.fr\/remiremontinfo\/\"},{\"@type\":\"ListItem\",\"position\":2,\"name\":\"Remiremont : le restaurant \u00ab\u00a0La Rose des Sables\u00a0\u00bb sera bient\u00f4t d\u00e9finitivement ferm\u00e9\"}]},{\"@type\":\"WebSite\",\"@id\":\"https:\/\/vosgesinfo.fr\/remiremontinfo\/#website\",\"url\":\"https:\/\/vosgesinfo.fr\/remiremontinfo\/\",\"name\":\"Remiremont Info\",\"description\":\"Toute l&#039;actualit\u00e9 de Remiremont\",\"publisher\":{\"@id\":\"https:\/\/vosgesinfo.fr\/remiremontinfo\/#organization\"},\"alternateName\":\"Toute l'actualit\u00e9 de Remiremont\",\"potentialAction\":[{\"@type\":\"SearchAction\",\"target\":{\"@type\":\"EntryPoint\",\"urlTemplate\":\"https:\/\/vosgesinfo.fr\/remiremontinfo\/?s={search_term_string}\"},\"query-input\":\"required name=search_term_string\"}],\"inLanguage\":\"fr-FR\"},{\"@type\":\"Organization\",\"@id\":\"https:\/\/vosgesinfo.fr\/remiremontinfo\/#organization\",\"name\":\"Remiremont Info\",\"url\":\"https:\/\/vosgesinfo.fr\/remiremontinfo\/\",\"logo\":{\"@type\":\"ImageObject\",\"inLanguage\":\"fr-FR\",\"@id\":\"https:\/\/vosgesinfo.fr\/remiremontinfo\/#\/schema\/logo\/image\/\",\"url\":\"https:\/\/vosgesinfo.fr\/app\/uploads\/sites\/5\/2023\/08\/favicon-remiremontinfo.png\",\"contentUrl\":\"https:\/\/vosgesinfo.fr\/app\/uploads\/sites\/5\/2023\/08\/favicon-remiremontinfo.png\",\"width\":512,\"height\":512,\"caption\":\"Remiremont Info\"},\"image\":{\"@id\":\"https:\/\/vosgesinfo.fr\/remiremontinfo\/#\/schema\/logo\/image\/\"},\"sameAs\":[\"https:\/\/www.facebook.com\/remiremontinfo\",\"https:\/\/x.com\/VosgesInfo88\",\"https:\/\/www.youtube.com\/@vosgesinfo\"]},{\"@type\":\"Person\",\"@id\":\"https:\/\/vosgesinfo.fr\/remiremontinfo\/#\/schema\/person\/3bfd164d5218a185b1db68655a265316\",\"name\":\"C D\",\"image\":{\"@type\":\"ImageObject\",\"inLanguage\":\"fr-FR\",\"@id\":\"https:\/\/vosgesinfo.fr\/remiremontinfo\/#\/schema\/person\/image\/\",\"url\":\"https:\/\/secure.gravatar.com\/avatar\/1f9a70007336511a47468b8f1c66f922b8b7cf617b02a31149ada43893a5d48f?s=96&d=mm&r=g\",\"contentUrl\":\"https:\/\/secure.gravatar.com\/avatar\/1f9a70007336511a47468b8f1c66f922b8b7cf617b02a31149ada43893a5d48f?s=96&d=mm&r=g\",\"caption\":\"C D\"},\"url\":\"https:\/\/vosgesinfo.fr\/remiremontinfo\/author\/cedric-drevet\/\"}]}<\/script>\n<!-- \/ Yoast SEO plugin. -->","yoast_head_json":{"title":"Remiremont : le restaurant \"La Rose des Sables\" sera bient\u00f4t d\u00e9finitivement ferm\u00e9 - Remiremont Info","robots":{"index":"index","follow":"follow","max-snippet":"max-snippet:-1","max-image-preview":"max-image-preview:large","max-video-preview":"max-video-preview:-1"},"canonical":"https:\/\/vosgesinfo.fr\/remiremontinfo\/2022\/12\/remiremont-restaurant-rose-sables-sera-bientot-definitivement-ferme\/","twitter_card":"summary_large_image","twitter_title":"Remiremont : le restaurant \"La Rose des Sables\" sera bient\u00f4t d\u00e9finitivement ferm\u00e9 - Remiremont Info","twitter_description":"Photos par\u00a0Restaurant La Rose Des Sables\u00a0 Le restaurant \u00ab\u00a0La Rose des Sables\u00a0\u00bb, ouvert il y a deux ans environ, sera [&hellip;]","twitter_image":"https:\/\/vosgesinfo.fr\/app\/uploads\/sites\/5\/2024\/09\/202212capture-decran-2022-12-22-085031.png","twitter_creator":"@VosgesInfo88","twitter_site":"@VosgesInfo88","twitter_misc":{"\u00c9crit par":"C D","Dur\u00e9e de lecture estim\u00e9e":"1 minute"},"schema":{"@context":"https:\/\/schema.org","@graph":[{"@type":"Article","@id":"https:\/\/vosgesinfo.fr\/remiremontinfo\/2022\/12\/remiremont-restaurant-rose-sables-sera-bientot-definitivement-ferme\/#article","isPartOf":{"@id":"https:\/\/vosgesinfo.fr\/remiremontinfo\/2022\/12\/remiremont-restaurant-rose-sables-sera-bientot-definitivement-ferme\/"},"author":{"name":"C D","@id":"https:\/\/vosgesinfo.fr\/remiremontinfo\/#\/schema\/person\/3bfd164d5218a185b1db68655a265316"},"headline":"Remiremont : le restaurant \u00ab\u00a0La Rose des Sables\u00a0\u00bb sera bient\u00f4t d\u00e9finitivement ferm\u00e9","datePublished":"2022-12-22T06:39:22+00:00","dateModified":"2022-12-22T06:39:22+00:00","mainEntityOfPage":{"@id":"https:\/\/vosgesinfo.fr\/remiremontinfo\/2022\/12\/remiremont-restaurant-rose-sables-sera-bientot-definitivement-ferme\/"},"wordCount":163,"commentCount":0,"publisher":{"@id":"https:\/\/vosgesinfo.fr\/remiremontinfo\/#organization"},"image":{"@id":"https:\/\/vosgesinfo.fr\/remiremontinfo\/2022\/12\/remiremont-restaurant-rose-sables-sera-bientot-definitivement-ferme\/#primaryimage"},"thumbnailUrl":"https:\/\/vosgesinfo.fr\/app\/uploads\/sites\/5\/2024\/09\/202212capture-decran-2022-12-22-085031.png","keywords":["la rose des sables","remiremont","restaurant"],"articleSection":["A la Une","Commerce","Remiremont","Remiremont &amp; son canton"],"inLanguage":"fr-FR","potentialAction":[{"@type":"CommentAction","name":"Comment","target":["https:\/\/vosgesinfo.fr\/remiremontinfo\/2022\/12\/remiremont-restaurant-rose-sables-sera-bientot-definitivement-ferme\/#respond"]}]},{"@type":"WebPage","@id":"https:\/\/vosgesinfo.fr\/remiremontinfo\/2022\/12\/remiremont-restaurant-rose-sables-sera-bientot-definitivement-ferme\/","url":"https:\/\/vosgesinfo.fr\/remiremontinfo\/2022\/12\/remiremont-restaurant-rose-sables-sera-bientot-definitivement-ferme\/","name":"Remiremont : le restaurant \"La Rose des Sables\" sera bient\u00f4t d\u00e9finitivement ferm\u00e9 - Remiremont Info","isPartOf":{"@id":"https:\/\/vosgesinfo.fr\/remiremontinfo\/#website"},"primaryImageOfPage":{"@id":"https:\/\/vosgesinfo.fr\/remiremontinfo\/2022\/12\/remiremont-restaurant-rose-sables-sera-bientot-definitivement-ferme\/#primaryimage"},"image":{"@id":"https:\/\/vosgesinfo.fr\/remiremontinfo\/2022\/12\/remiremont-restaurant-rose-sables-sera-bientot-definitivement-ferme\/#primaryimage"},"thumbnailUrl":"https:\/\/vosgesinfo.fr\/app\/uploads\/sites\/5\/2024\/09\/202212capture-decran-2022-12-22-085031.png","datePublished":"2022-12-22T06:39:22+00:00","dateModified":"2022-12-22T06:39:22+00:00","breadcrumb":{"@id":"https:\/\/vosgesinfo.fr\/remiremontinfo\/2022\/12\/remiremont-restaurant-rose-sables-sera-bientot-definitivement-ferme\/#breadcrumb"},"inLanguage":"fr-FR","potentialAction":[{"@type":"ReadAction","target":["https:\/\/vosgesinfo.fr\/remiremontinfo\/2022\/12\/remiremont-restaurant-rose-sables-sera-bientot-definitivement-ferme\/"]}]},{"@type":"ImageObject","inLanguage":"fr-FR","@id":"https:\/\/vosgesinfo.fr\/remiremontinfo\/2022\/12\/remiremont-restaurant-rose-sables-sera-bientot-definitivement-ferme\/#primaryimage","url":"https:\/\/vosgesinfo.fr\/app\/uploads\/sites\/5\/2024\/09\/202212capture-decran-2022-12-22-085031.png","contentUrl":"https:\/\/vosgesinfo.fr\/app\/uploads\/sites\/5\/2024\/09\/202212capture-decran-2022-12-22-085031.png","width":913,"height":672},{"@type":"BreadcrumbList","@id":"https:\/\/vosgesinfo.fr\/remiremontinfo\/2022\/12\/remiremont-restaurant-rose-sables-sera-bientot-definitivement-ferme\/#breadcrumb","itemListElement":[{"@type":"ListItem","position":1,"name":"Home","item":"https:\/\/vosgesinfo.fr\/remiremontinfo\/"},{"@type":"ListItem","position":2,"name":"Remiremont : le restaurant \u00ab\u00a0La Rose des Sables\u00a0\u00bb sera bient\u00f4t d\u00e9finitivement ferm\u00e9"}]},{"@type":"WebSite","@id":"https:\/\/vosgesinfo.fr\/remiremontinfo\/#website","url":"https:\/\/vosgesinfo.fr\/remiremontinfo\/","name":"Remiremont Info","description":"Toute l&#039;actualit\u00e9 de Remiremont","publisher":{"@id":"https:\/\/vosgesinfo.fr\/remiremontinfo\/#organization"},"alternateName":"Toute l'actualit\u00e9 de Remiremont","potentialAction":[{"@type":"SearchAction","target":{"@type":"EntryPoint","urlTemplate":"https:\/\/vosgesinfo.fr\/remiremontinfo\/?s={search_term_string}"},"query-input":"required name=search_term_string"}],"inLanguage":"fr-FR"},{"@type":"Organization","@id":"https:\/\/vosgesinfo.fr\/remiremontinfo\/#organization","name":"Remiremont Info","url":"https:\/\/vosgesinfo.fr\/remiremontinfo\/","logo":{"@type":"ImageObject","inLanguage":"fr-FR","@id":"https:\/\/vosgesinfo.fr\/remiremontinfo\/#\/schema\/logo\/image\/","url":"https:\/\/vosgesinfo.fr\/app\/uploads\/sites\/5\/2023\/08\/favicon-remiremontinfo.png","contentUrl":"https:\/\/vosgesinfo.fr\/app\/uploads\/sites\/5\/2023\/08\/favicon-remiremontinfo.png","width":512,"height":512,"caption":"Remiremont Info"},"image":{"@id":"https:\/\/vosgesinfo.fr\/remiremontinfo\/#\/schema\/logo\/image\/"},"sameAs":["https:\/\/www.facebook.com\/remiremontinfo","https:\/\/x.com\/VosgesInfo88","https:\/\/www.youtube.com\/@vosgesinfo"]},{"@type":"Person","@id":"https:\/\/vosgesinfo.fr\/remiremontinfo\/#\/schema\/person\/3bfd164d5218a185b1db68655a265316","name":"C D","image":{"@type":"ImageObject","inLanguage":"fr-FR","@id":"https:\/\/vosgesinfo.fr\/remiremontinfo\/#\/schema\/person\/image\/","url":"https:\/\/secure.gravatar.com\/avatar\/1f9a70007336511a47468b8f1c66f922b8b7cf617b02a31149ada43893a5d48f?s=96&d=mm&r=g","contentUrl":"https:\/\/secure.gravatar.com\/avatar\/1f9a70007336511a47468b8f1c66f922b8b7cf617b02a31149ada43893a5d48f?s=96&d=mm&r=g","caption":"C D"},"url":"https:\/\/vosgesinfo.fr\/remiremontinfo\/author\/cedric-drevet\/"}]}},"_links":{"self":[{"href":"https:\/\/vosgesinfo.fr\/remiremontinfo\/wp-json\/wp\/v2\/posts\/65961","targetHints":{"allow":["GET"]}}],"collection":[{"href":"https:\/\/vosgesinfo.fr\/remiremontinfo\/wp-json\/wp\/v2\/posts"}],"about":[{"href":"https:\/\/vosgesinfo.fr\/remiremontinfo\/wp-json\/wp\/v2\/types\/post"}],"author":[{"embeddable":true,"href":"https:\/\/vosgesinfo.fr\/remiremontinfo\/wp-json\/wp\/v2\/users\/407"}],"replies":[{"embeddable":true,"href":"https:\/\/vosgesinfo.fr\/remiremontinfo\/wp-json\/wp\/v2\/comments?post=65961"}],"version-history":[{"count":0,"href":"https:\/\/vosgesinfo.fr\/remiremontinfo\/wp-json\/wp\/v2\/posts\/65961\/revisions"}],"wp:featuredmedia":[{"embeddable":true,"href":"https:\/\/vosgesinfo.fr\/remiremontinfo\/wp-json\/wp\/v2\/media\/65962"}],"wp:attachment":[{"href":"https:\/\/vosgesinfo.fr\/remiremontinfo\/wp-json\/wp\/v2\/media?parent=65961"}],"wp:term":[{"taxonomy":"category","embeddable":true,"href":"https:\/\/vosgesinfo.fr\/remiremontinfo\/wp-json\/wp\/v2\/categories?post=65961"},{"taxonomy":"post_tag","embeddable":true,"href":"https:\/\/vosgesinfo.fr\/remiremontinfo\/wp-json\/wp\/v2\/tags?post=65961"}],"curies":[{"name":"wp","href":"https:\/\/api.w.org\/{rel}","templated":true}]}}