{"id":66031,"date":"2022-12-24T09:32:58","date_gmt":"2022-12-24T08:32:58","guid":{"rendered":"https:\/\/vosgesinfo.fr\/remiremontinfo\/2022\/12\/reveillon-de-noel-sujets-de-discussion-a-eviter\/"},"modified":"2022-12-24T09:32:58","modified_gmt":"2022-12-24T08:32:58","slug":"reveillon-de-noel-sujets-de-discussion-a-eviter","status":"publish","type":"post","link":"https:\/\/vosgesinfo.fr\/remiremontinfo\/2022\/12\/reveillon-de-noel-sujets-de-discussion-a-eviter\/","title":{"rendered":"R\u00e9veillon de No\u00ebl\u00a0: quels sont les sujets de discussion \u00e0 \u00e9viter\u00a0?"},"content":{"rendered":"<p>&nbsp;<\/p>\n<h2><a href=\"\/2022\/12\/800px-Caran-d-ache-dreyfus-supper-Copie.jpg\"><img decoding=\"async\" class=\"alignnone size-full wp-image-360705\" src=\"\/2022\/12\/800px-Caran-d-ache-dreyfus-supper-Copie.jpg\" alt=\"800px-Caran-d-ache-dreyfus-supper - Copie\" width=\"799\" height=\"481\" \/><\/a><\/h2>\n<h2><span style=\"font-size: 12pt;\"><strong>La c\u00e9l\u00e8bre caricature parue dans les colonnes du Figaro le 14 f\u00e9vrier 1898 d\u00e9crit la division de la soci\u00e9t\u00e9 au cours de l&rsquo;Affaire Dreyfus. \u00ab Surtout! ne parlons pas de l&rsquo;affaire Dreyfus! \u00bb, lit-on sur le premier carton. \u00ab\u2026 ils en ont parl\u00e9\u2026\u00bb, sur le second. Si vous vous risquez, ce soir de r\u00e9veillon de No\u00ebl, \u00e0 discuter de la culpabilit\u00e9 ou de l\u2019innocence du capitaine, vous pourriez constater quelque vive r\u00e9action. Cependant, plus d\u2019un si\u00e8cle apr\u00e8s, d\u2019autres sujets sont peut \u00eatre \u00e0 proscrire.<\/strong><\/span><\/h2>\n<p>Nous sommes all\u00e9 \u00e0 la rencontre de vosgiens lors de leurs derniers achats avant le r\u00e9veillon de No\u00ebl, pour les interroger sur les sujets de discussion \u00e0 \u00e9viter \u00e0 table, pour garantir un peu de s\u00e9r\u00e9nit\u00e9 entre les convives. Pour Guylene, qui fait des courses de derni\u00e8re minute \u00e0 Remiremont, <em>\u00ab\u00a0\u00e7a doit \u00eatre un peu comme tout le monde\u00a0: la politique\u00a0\u00bb.<\/em> Et aussi <em>\u00ab\u00a0le match de foot, parce que c\u2019est un peu lourd\u00a0\u00bb.<\/em> La d\u00e9faite de l\u2019\u00e9quipe de France \u00e0 la coupe du monde pourrait effectivement aussi \u00eatre un sujet glissant, selon les sensibilit\u00e9s. Selon Guylene, il convient \u00e9galement de laisser de c\u00f4t\u00e9<em> \u00ab\u00a0les soucis du quotidien\u00a0\u00bb.<\/em> Les sujets \u00ab\u00a0tabou\u00a0\u00bb sont souvent les m\u00eames d\u2019une famille \u00e0 une autre. <em>\u00ab\u00a0La politique, la religion. C\u2019est vraiment les deux qui peuvent vraiment vite partir en cacahu\u00e8tes\u00a0\u00bb<\/em>, estime une autre cliente d\u2019un magasin romarimontain.<\/p>\n<p>C\u00f4t\u00e9 politique, la crise de la Covid-19 est peut \u00eatre pass\u00e9e de mode. Le sujet peut encore \u00eatre d\u00e9licat parfois, mais vous pourriez vous risquer sans trop de probl\u00e8me \u00e0 constater gentiment le comportement \u00ab\u00a0parano\u00efaque\u00a0\u00bb ou \u00ab\u00a0moutonnier\u00a0\u00bb de votre grande tante face au injonctions gouvernementales. Et elle pourra de m\u00eame vous qualifier de \u00ab\u00a0complotiste\u00a0\u00bb ou de \u00ab\u00a0r\u00e9sistant d\u2019op\u00e9rette\u00a0\u00bb. Toujours avec tact.\u00a0<em>\u00ab\u00a0La politique, surtout le f\u00e9minisme, l\u2019islam (&#8230;) la d\u00e9cadence de la soci\u00e9t\u00e9\u00a0\u00bb<\/em>, liste un romarimontain venu faire quelques petits cadeaux. <em>\u00ab\u00a0Mais on en parlera s\u00fbrement quand m\u00eame\u00a0\u00bb<\/em>. Sur ces sujets, comme sur d\u2019autres, il conviendra de faire preuve d\u2019un maximum de diplomatie. Mais rien ne vous oblige pour autant \u00e0 \u00e9changer des banalit\u00e9s. <a href=\"https:\/\/remiremontinfo.fr\/2022\/12\/reveillon-de-noel-faire-economies-se-concentrer-lessentiel\/\">Vous pouvez aussi \u00e9voquer le sens de la f\u00eate.<\/a> Par ailleurs, les vives discussions autour d\u2019un repas ne sont-elles pas aussi une tradition nationale\u00a0? Alors, si le c\u0153ur vous en dit, allez y franco.<\/p>\n<p><a href=\"\/2022\/12\/800px-Caran-d-ache-dreyfus-supper.jpg\"><img decoding=\"async\" class=\"alignnone size-full wp-image-360706\" src=\"\/2022\/12\/800px-Caran-d-ache-dreyfus-supper.jpg\" alt=\"800px-Caran-d-ache-dreyfus-supper\" width=\"800\" height=\"563\" \/><\/a><\/p>\n","protected":false},"excerpt":{"rendered":"<p>&nbsp; La c\u00e9l\u00e8bre caricature parue dans les colonnes du Figaro le 14 f\u00e9vrier 1898 d\u00e9crit la division de la soci\u00e9t\u00e9 [&hellip;]<\/p>\n","protected":false},"author":407,"featured_media":66032,"comment_status":"open","ping_status":"open","sticky":false,"template":"","format":"standard","meta":{"footnotes":""},"categories":[26,1556,35,13],"tags":[1453,5250,529,366,345,5251,5252,5253],"class_list":["post-66031","post","type-post","status-publish","format-standard","has-post-thumbnail","hentry","category-a-la-une","category-remiremont-remiremont-son-canton-2","category-remiremont-son-canton","category-societe","tag-amis","tag-discussion","tag-famille","tag-fetes","tag-noel","tag-reveillon","tag-sujats","tag-table"],"acf":[],"yoast_head":"<!-- This site is optimized with the Yoast SEO plugin v22.5 - https:\/\/yoast.com\/wordpress\/plugins\/seo\/ -->\n<title>R\u00e9veillon de No\u00ebl\u00a0: quels sont les sujets de discussion \u00e0 \u00e9viter\u00a0? - Remiremont Info<\/title>\n<meta name=\"robots\" content=\"index, follow, max-snippet:-1, max-image-preview:large, max-video-preview:-1\" \/>\n<link rel=\"canonical\" href=\"https:\/\/vosgesinfo.fr\/remiremontinfo\/2022\/12\/reveillon-de-noel-sujets-de-discussion-a-eviter\/\" \/>\n<meta name=\"twitter:card\" content=\"summary_large_image\" \/>\n<meta name=\"twitter:title\" content=\"R\u00e9veillon de No\u00ebl\u00a0: quels sont les sujets de discussion \u00e0 \u00e9viter\u00a0? - Remiremont Info\" \/>\n<meta name=\"twitter:description\" content=\"&nbsp; La c\u00e9l\u00e8bre caricature parue dans les colonnes du Figaro le 14 f\u00e9vrier 1898 d\u00e9crit la division de la soci\u00e9t\u00e9 [&hellip;]\" \/>\n<meta name=\"twitter:image\" content=\"https:\/\/vosgesinfo.fr\/app\/uploads\/sites\/5\/2024\/09\/202212800px-caran-d-ache-dreyfus-supper-copie.jpg\" \/>\n<meta name=\"twitter:creator\" content=\"@VosgesInfo88\" \/>\n<meta name=\"twitter:site\" content=\"@VosgesInfo88\" \/>\n<meta name=\"twitter:label1\" content=\"\u00c9crit par\" \/>\n\t<meta name=\"twitter:data1\" content=\"C D\" \/>\n\t<meta name=\"twitter:label2\" content=\"Dur\u00e9e de lecture estim\u00e9e\" \/>\n\t<meta name=\"twitter:data2\" content=\"2 minutes\" \/>\n<script type=\"application\/ld+json\" class=\"yoast-schema-graph\">{\"@context\":\"https:\/\/schema.org\",\"@graph\":[{\"@type\":\"Article\",\"@id\":\"https:\/\/vosgesinfo.fr\/remiremontinfo\/2022\/12\/reveillon-de-noel-sujets-de-discussion-a-eviter\/#article\",\"isPartOf\":{\"@id\":\"https:\/\/vosgesinfo.fr\/remiremontinfo\/2022\/12\/reveillon-de-noel-sujets-de-discussion-a-eviter\/\"},\"author\":{\"name\":\"C D\",\"@id\":\"https:\/\/vosgesinfo.fr\/remiremontinfo\/#\/schema\/person\/3bfd164d5218a185b1db68655a265316\"},\"headline\":\"R\u00e9veillon de No\u00ebl\u00a0: quels sont les sujets de discussion \u00e0 \u00e9viter\u00a0?\",\"datePublished\":\"2022-12-24T08:32:58+00:00\",\"dateModified\":\"2022-12-24T08:32:58+00:00\",\"mainEntityOfPage\":{\"@id\":\"https:\/\/vosgesinfo.fr\/remiremontinfo\/2022\/12\/reveillon-de-noel-sujets-de-discussion-a-eviter\/\"},\"wordCount\":421,\"commentCount\":0,\"publisher\":{\"@id\":\"https:\/\/vosgesinfo.fr\/remiremontinfo\/#organization\"},\"image\":{\"@id\":\"https:\/\/vosgesinfo.fr\/remiremontinfo\/2022\/12\/reveillon-de-noel-sujets-de-discussion-a-eviter\/#primaryimage\"},\"thumbnailUrl\":\"https:\/\/vosgesinfo.fr\/app\/uploads\/sites\/5\/2024\/09\/202212800px-caran-d-ache-dreyfus-supper-copie.jpg\",\"keywords\":[\"amis\",\"discussion\",\"famille\",\"fetes\",\"No\u00ebl\",\"R\u00e9veillon\",\"sujats\",\"table\"],\"articleSection\":[\"A la Une\",\"Remiremont\",\"Remiremont &amp; son canton\",\"Soci\u00e9t\u00e9\"],\"inLanguage\":\"fr-FR\",\"potentialAction\":[{\"@type\":\"CommentAction\",\"name\":\"Comment\",\"target\":[\"https:\/\/vosgesinfo.fr\/remiremontinfo\/2022\/12\/reveillon-de-noel-sujets-de-discussion-a-eviter\/#respond\"]}]},{\"@type\":\"WebPage\",\"@id\":\"https:\/\/vosgesinfo.fr\/remiremontinfo\/2022\/12\/reveillon-de-noel-sujets-de-discussion-a-eviter\/\",\"url\":\"https:\/\/vosgesinfo.fr\/remiremontinfo\/2022\/12\/reveillon-de-noel-sujets-de-discussion-a-eviter\/\",\"name\":\"R\u00e9veillon de No\u00ebl\u00a0: quels sont les sujets de discussion \u00e0 \u00e9viter\u00a0? - Remiremont Info\",\"isPartOf\":{\"@id\":\"https:\/\/vosgesinfo.fr\/remiremontinfo\/#website\"},\"primaryImageOfPage\":{\"@id\":\"https:\/\/vosgesinfo.fr\/remiremontinfo\/2022\/12\/reveillon-de-noel-sujets-de-discussion-a-eviter\/#primaryimage\"},\"image\":{\"@id\":\"https:\/\/vosgesinfo.fr\/remiremontinfo\/2022\/12\/reveillon-de-noel-sujets-de-discussion-a-eviter\/#primaryimage\"},\"thumbnailUrl\":\"https:\/\/vosgesinfo.fr\/app\/uploads\/sites\/5\/2024\/09\/202212800px-caran-d-ache-dreyfus-supper-copie.jpg\",\"datePublished\":\"2022-12-24T08:32:58+00:00\",\"dateModified\":\"2022-12-24T08:32:58+00:00\",\"breadcrumb\":{\"@id\":\"https:\/\/vosgesinfo.fr\/remiremontinfo\/2022\/12\/reveillon-de-noel-sujets-de-discussion-a-eviter\/#breadcrumb\"},\"inLanguage\":\"fr-FR\",\"potentialAction\":[{\"@type\":\"ReadAction\",\"target\":[\"https:\/\/vosgesinfo.fr\/remiremontinfo\/2022\/12\/reveillon-de-noel-sujets-de-discussion-a-eviter\/\"]}]},{\"@type\":\"ImageObject\",\"inLanguage\":\"fr-FR\",\"@id\":\"https:\/\/vosgesinfo.fr\/remiremontinfo\/2022\/12\/reveillon-de-noel-sujets-de-discussion-a-eviter\/#primaryimage\",\"url\":\"https:\/\/vosgesinfo.fr\/app\/uploads\/sites\/5\/2024\/09\/202212800px-caran-d-ache-dreyfus-supper-copie.jpg\",\"contentUrl\":\"https:\/\/vosgesinfo.fr\/app\/uploads\/sites\/5\/2024\/09\/202212800px-caran-d-ache-dreyfus-supper-copie.jpg\",\"width\":799,\"height\":481},{\"@type\":\"BreadcrumbList\",\"@id\":\"https:\/\/vosgesinfo.fr\/remiremontinfo\/2022\/12\/reveillon-de-noel-sujets-de-discussion-a-eviter\/#breadcrumb\",\"itemListElement\":[{\"@type\":\"ListItem\",\"position\":1,\"name\":\"Home\",\"item\":\"https:\/\/vosgesinfo.fr\/remiremontinfo\/\"},{\"@type\":\"ListItem\",\"position\":2,\"name\":\"R\u00e9veillon de No\u00ebl\u00a0: quels sont les sujets de discussion \u00e0 \u00e9viter\u00a0?\"}]},{\"@type\":\"WebSite\",\"@id\":\"https:\/\/vosgesinfo.fr\/remiremontinfo\/#website\",\"url\":\"https:\/\/vosgesinfo.fr\/remiremontinfo\/\",\"name\":\"Remiremont Info\",\"description\":\"Toute l&#039;actualit\u00e9 de Remiremont\",\"publisher\":{\"@id\":\"https:\/\/vosgesinfo.fr\/remiremontinfo\/#organization\"},\"alternateName\":\"Toute l'actualit\u00e9 de Remiremont\",\"potentialAction\":[{\"@type\":\"SearchAction\",\"target\":{\"@type\":\"EntryPoint\",\"urlTemplate\":\"https:\/\/vosgesinfo.fr\/remiremontinfo\/?s={search_term_string}\"},\"query-input\":\"required name=search_term_string\"}],\"inLanguage\":\"fr-FR\"},{\"@type\":\"Organization\",\"@id\":\"https:\/\/vosgesinfo.fr\/remiremontinfo\/#organization\",\"name\":\"Remiremont Info\",\"url\":\"https:\/\/vosgesinfo.fr\/remiremontinfo\/\",\"logo\":{\"@type\":\"ImageObject\",\"inLanguage\":\"fr-FR\",\"@id\":\"https:\/\/vosgesinfo.fr\/remiremontinfo\/#\/schema\/logo\/image\/\",\"url\":\"https:\/\/vosgesinfo.fr\/app\/uploads\/sites\/5\/2023\/08\/favicon-remiremontinfo.png\",\"contentUrl\":\"https:\/\/vosgesinfo.fr\/app\/uploads\/sites\/5\/2023\/08\/favicon-remiremontinfo.png\",\"width\":512,\"height\":512,\"caption\":\"Remiremont Info\"},\"image\":{\"@id\":\"https:\/\/vosgesinfo.fr\/remiremontinfo\/#\/schema\/logo\/image\/\"},\"sameAs\":[\"https:\/\/www.facebook.com\/remiremontinfo\",\"https:\/\/x.com\/VosgesInfo88\",\"https:\/\/www.youtube.com\/@vosgesinfo\"]},{\"@type\":\"Person\",\"@id\":\"https:\/\/vosgesinfo.fr\/remiremontinfo\/#\/schema\/person\/3bfd164d5218a185b1db68655a265316\",\"name\":\"C D\",\"image\":{\"@type\":\"ImageObject\",\"inLanguage\":\"fr-FR\",\"@id\":\"https:\/\/vosgesinfo.fr\/remiremontinfo\/#\/schema\/person\/image\/\",\"url\":\"https:\/\/secure.gravatar.com\/avatar\/1f9a70007336511a47468b8f1c66f922b8b7cf617b02a31149ada43893a5d48f?s=96&d=mm&r=g\",\"contentUrl\":\"https:\/\/secure.gravatar.com\/avatar\/1f9a70007336511a47468b8f1c66f922b8b7cf617b02a31149ada43893a5d48f?s=96&d=mm&r=g\",\"caption\":\"C D\"},\"url\":\"https:\/\/vosgesinfo.fr\/remiremontinfo\/author\/cedric-drevet\/\"}]}<\/script>\n<!-- \/ Yoast SEO plugin. -->","yoast_head_json":{"title":"R\u00e9veillon de No\u00ebl\u00a0: quels sont les sujets de discussion \u00e0 \u00e9viter\u00a0? - Remiremont Info","robots":{"index":"index","follow":"follow","max-snippet":"max-snippet:-1","max-image-preview":"max-image-preview:large","max-video-preview":"max-video-preview:-1"},"canonical":"https:\/\/vosgesinfo.fr\/remiremontinfo\/2022\/12\/reveillon-de-noel-sujets-de-discussion-a-eviter\/","twitter_card":"summary_large_image","twitter_title":"R\u00e9veillon de No\u00ebl\u00a0: quels sont les sujets de discussion \u00e0 \u00e9viter\u00a0? - Remiremont Info","twitter_description":"&nbsp; La c\u00e9l\u00e8bre caricature parue dans les colonnes du Figaro le 14 f\u00e9vrier 1898 d\u00e9crit la division de la soci\u00e9t\u00e9 [&hellip;]","twitter_image":"https:\/\/vosgesinfo.fr\/app\/uploads\/sites\/5\/2024\/09\/202212800px-caran-d-ache-dreyfus-supper-copie.jpg","twitter_creator":"@VosgesInfo88","twitter_site":"@VosgesInfo88","twitter_misc":{"\u00c9crit par":"C D","Dur\u00e9e de lecture estim\u00e9e":"2 minutes"},"schema":{"@context":"https:\/\/schema.org","@graph":[{"@type":"Article","@id":"https:\/\/vosgesinfo.fr\/remiremontinfo\/2022\/12\/reveillon-de-noel-sujets-de-discussion-a-eviter\/#article","isPartOf":{"@id":"https:\/\/vosgesinfo.fr\/remiremontinfo\/2022\/12\/reveillon-de-noel-sujets-de-discussion-a-eviter\/"},"author":{"name":"C D","@id":"https:\/\/vosgesinfo.fr\/remiremontinfo\/#\/schema\/person\/3bfd164d5218a185b1db68655a265316"},"headline":"R\u00e9veillon de No\u00ebl\u00a0: quels sont les sujets de discussion \u00e0 \u00e9viter\u00a0?","datePublished":"2022-12-24T08:32:58+00:00","dateModified":"2022-12-24T08:32:58+00:00","mainEntityOfPage":{"@id":"https:\/\/vosgesinfo.fr\/remiremontinfo\/2022\/12\/reveillon-de-noel-sujets-de-discussion-a-eviter\/"},"wordCount":421,"commentCount":0,"publisher":{"@id":"https:\/\/vosgesinfo.fr\/remiremontinfo\/#organization"},"image":{"@id":"https:\/\/vosgesinfo.fr\/remiremontinfo\/2022\/12\/reveillon-de-noel-sujets-de-discussion-a-eviter\/#primaryimage"},"thumbnailUrl":"https:\/\/vosgesinfo.fr\/app\/uploads\/sites\/5\/2024\/09\/202212800px-caran-d-ache-dreyfus-supper-copie.jpg","keywords":["amis","discussion","famille","fetes","No\u00ebl","R\u00e9veillon","sujats","table"],"articleSection":["A la Une","Remiremont","Remiremont &amp; son canton","Soci\u00e9t\u00e9"],"inLanguage":"fr-FR","potentialAction":[{"@type":"CommentAction","name":"Comment","target":["https:\/\/vosgesinfo.fr\/remiremontinfo\/2022\/12\/reveillon-de-noel-sujets-de-discussion-a-eviter\/#respond"]}]},{"@type":"WebPage","@id":"https:\/\/vosgesinfo.fr\/remiremontinfo\/2022\/12\/reveillon-de-noel-sujets-de-discussion-a-eviter\/","url":"https:\/\/vosgesinfo.fr\/remiremontinfo\/2022\/12\/reveillon-de-noel-sujets-de-discussion-a-eviter\/","name":"R\u00e9veillon de No\u00ebl\u00a0: quels sont les sujets de discussion \u00e0 \u00e9viter\u00a0? - Remiremont Info","isPartOf":{"@id":"https:\/\/vosgesinfo.fr\/remiremontinfo\/#website"},"primaryImageOfPage":{"@id":"https:\/\/vosgesinfo.fr\/remiremontinfo\/2022\/12\/reveillon-de-noel-sujets-de-discussion-a-eviter\/#primaryimage"},"image":{"@id":"https:\/\/vosgesinfo.fr\/remiremontinfo\/2022\/12\/reveillon-de-noel-sujets-de-discussion-a-eviter\/#primaryimage"},"thumbnailUrl":"https:\/\/vosgesinfo.fr\/app\/uploads\/sites\/5\/2024\/09\/202212800px-caran-d-ache-dreyfus-supper-copie.jpg","datePublished":"2022-12-24T08:32:58+00:00","dateModified":"2022-12-24T08:32:58+00:00","breadcrumb":{"@id":"https:\/\/vosgesinfo.fr\/remiremontinfo\/2022\/12\/reveillon-de-noel-sujets-de-discussion-a-eviter\/#breadcrumb"},"inLanguage":"fr-FR","potentialAction":[{"@type":"ReadAction","target":["https:\/\/vosgesinfo.fr\/remiremontinfo\/2022\/12\/reveillon-de-noel-sujets-de-discussion-a-eviter\/"]}]},{"@type":"ImageObject","inLanguage":"fr-FR","@id":"https:\/\/vosgesinfo.fr\/remiremontinfo\/2022\/12\/reveillon-de-noel-sujets-de-discussion-a-eviter\/#primaryimage","url":"https:\/\/vosgesinfo.fr\/app\/uploads\/sites\/5\/2024\/09\/202212800px-caran-d-ache-dreyfus-supper-copie.jpg","contentUrl":"https:\/\/vosgesinfo.fr\/app\/uploads\/sites\/5\/2024\/09\/202212800px-caran-d-ache-dreyfus-supper-copie.jpg","width":799,"height":481},{"@type":"BreadcrumbList","@id":"https:\/\/vosgesinfo.fr\/remiremontinfo\/2022\/12\/reveillon-de-noel-sujets-de-discussion-a-eviter\/#breadcrumb","itemListElement":[{"@type":"ListItem","position":1,"name":"Home","item":"https:\/\/vosgesinfo.fr\/remiremontinfo\/"},{"@type":"ListItem","position":2,"name":"R\u00e9veillon de No\u00ebl\u00a0: quels sont les sujets de discussion \u00e0 \u00e9viter\u00a0?"}]},{"@type":"WebSite","@id":"https:\/\/vosgesinfo.fr\/remiremontinfo\/#website","url":"https:\/\/vosgesinfo.fr\/remiremontinfo\/","name":"Remiremont Info","description":"Toute l&#039;actualit\u00e9 de Remiremont","publisher":{"@id":"https:\/\/vosgesinfo.fr\/remiremontinfo\/#organization"},"alternateName":"Toute l'actualit\u00e9 de Remiremont","potentialAction":[{"@type":"SearchAction","target":{"@type":"EntryPoint","urlTemplate":"https:\/\/vosgesinfo.fr\/remiremontinfo\/?s={search_term_string}"},"query-input":"required name=search_term_string"}],"inLanguage":"fr-FR"},{"@type":"Organization","@id":"https:\/\/vosgesinfo.fr\/remiremontinfo\/#organization","name":"Remiremont Info","url":"https:\/\/vosgesinfo.fr\/remiremontinfo\/","logo":{"@type":"ImageObject","inLanguage":"fr-FR","@id":"https:\/\/vosgesinfo.fr\/remiremontinfo\/#\/schema\/logo\/image\/","url":"https:\/\/vosgesinfo.fr\/app\/uploads\/sites\/5\/2023\/08\/favicon-remiremontinfo.png","contentUrl":"https:\/\/vosgesinfo.fr\/app\/uploads\/sites\/5\/2023\/08\/favicon-remiremontinfo.png","width":512,"height":512,"caption":"Remiremont Info"},"image":{"@id":"https:\/\/vosgesinfo.fr\/remiremontinfo\/#\/schema\/logo\/image\/"},"sameAs":["https:\/\/www.facebook.com\/remiremontinfo","https:\/\/x.com\/VosgesInfo88","https:\/\/www.youtube.com\/@vosgesinfo"]},{"@type":"Person","@id":"https:\/\/vosgesinfo.fr\/remiremontinfo\/#\/schema\/person\/3bfd164d5218a185b1db68655a265316","name":"C D","image":{"@type":"ImageObject","inLanguage":"fr-FR","@id":"https:\/\/vosgesinfo.fr\/remiremontinfo\/#\/schema\/person\/image\/","url":"https:\/\/secure.gravatar.com\/avatar\/1f9a70007336511a47468b8f1c66f922b8b7cf617b02a31149ada43893a5d48f?s=96&d=mm&r=g","contentUrl":"https:\/\/secure.gravatar.com\/avatar\/1f9a70007336511a47468b8f1c66f922b8b7cf617b02a31149ada43893a5d48f?s=96&d=mm&r=g","caption":"C D"},"url":"https:\/\/vosgesinfo.fr\/remiremontinfo\/author\/cedric-drevet\/"}]}},"_links":{"self":[{"href":"https:\/\/vosgesinfo.fr\/remiremontinfo\/wp-json\/wp\/v2\/posts\/66031","targetHints":{"allow":["GET"]}}],"collection":[{"href":"https:\/\/vosgesinfo.fr\/remiremontinfo\/wp-json\/wp\/v2\/posts"}],"about":[{"href":"https:\/\/vosgesinfo.fr\/remiremontinfo\/wp-json\/wp\/v2\/types\/post"}],"author":[{"embeddable":true,"href":"https:\/\/vosgesinfo.fr\/remiremontinfo\/wp-json\/wp\/v2\/users\/407"}],"replies":[{"embeddable":true,"href":"https:\/\/vosgesinfo.fr\/remiremontinfo\/wp-json\/wp\/v2\/comments?post=66031"}],"version-history":[{"count":0,"href":"https:\/\/vosgesinfo.fr\/remiremontinfo\/wp-json\/wp\/v2\/posts\/66031\/revisions"}],"wp:featuredmedia":[{"embeddable":true,"href":"https:\/\/vosgesinfo.fr\/remiremontinfo\/wp-json\/wp\/v2\/media\/66032"}],"wp:attachment":[{"href":"https:\/\/vosgesinfo.fr\/remiremontinfo\/wp-json\/wp\/v2\/media?parent=66031"}],"wp:term":[{"taxonomy":"category","embeddable":true,"href":"https:\/\/vosgesinfo.fr\/remiremontinfo\/wp-json\/wp\/v2\/categories?post=66031"},{"taxonomy":"post_tag","embeddable":true,"href":"https:\/\/vosgesinfo.fr\/remiremontinfo\/wp-json\/wp\/v2\/tags?post=66031"}],"curies":[{"name":"wp","href":"https:\/\/api.w.org\/{rel}","templated":true}]}}