{"id":66034,"date":"2022-12-24T09:37:22","date_gmt":"2022-12-24T08:37:22","guid":{"rendered":"https:\/\/vosgesinfo.fr\/remiremontinfo\/2022\/12\/face-aux-tensions-hopitaux-lars-grand-recommande-de-privilegier-medecins-traitants\/"},"modified":"2022-12-24T09:37:22","modified_gmt":"2022-12-24T08:37:22","slug":"face-aux-tensions-hopitaux-lars-grand-recommande-de-privilegier-medecins-traitants","status":"publish","type":"post","link":"https:\/\/vosgesinfo.fr\/remiremontinfo\/2022\/12\/face-aux-tensions-hopitaux-lars-grand-recommande-de-privilegier-medecins-traitants\/","title":{"rendered":"Face aux tensions dans les h\u00f4pitaux, l\u2019ARS Grand Est recommande de privil\u00e9gier les m\u00e9decins traitants"},"content":{"rendered":"<h2><strong>Grippe, Covid-19, bronchiolite\u2026 en cette p\u00e9riode de fin d\u2019ann\u00e9e de nombreux virus circulent et les h\u00f4pitaux du Grand Est se retrouvent engorg\u00e9s. L\u2019ARS demande aux patients de privil\u00e9gier leurs m\u00e9decins traitants pour d\u00e9lester les \u00e9tablissements de sant\u00e9.<\/strong><\/h2>\n<p>En cette fin d\u2019ann\u00e9e, de nombreux virus circulent : grippe, Covid-19 et bronchiolite. Les h\u00f4pitaux du Grand Est sont asphyxi\u00e9s et craignent des tensions au moment des f\u00eates de No\u00ebl et de Nouvel An. .<\/p>\n<p>Face \u00e0 l\u2019afflux toujours plus important de patients en lien avec la situation \u00e9pid\u00e9mique et les tensions hospitali\u00e8res qui conduisent \u00e0 une forte augmentation de l\u2019activit\u00e9 pour les \u00e9tablissements de sant\u00e9, l\u2019ARS Grand Est recommande aux patients de privil\u00e9gier un m\u00e9decin traitant, et en cas absence, d\u2019autres structures de soins sans rendez-vous peuvent assurer la prise en charge.<\/p>\n<p>C.K.N.<\/p>\n","protected":false},"excerpt":{"rendered":"<p>Grippe, Covid-19, bronchiolite\u2026 en cette p\u00e9riode de fin d\u2019ann\u00e9e de nombreux virus circulent et les h\u00f4pitaux du Grand Est se [&hellip;]<\/p>\n","protected":false},"author":407,"featured_media":66035,"comment_status":"open","ping_status":"open","sticky":false,"template":"","format":"standard","meta":{"footnotes":""},"categories":[26,12,18],"tags":[271,46,32],"class_list":["post-66034","post","type-post","status-publish","format-standard","has-post-thumbnail","hentry","category-a-la-une","category-sante","category-vosges","tag-hopital","tag-sante","tag-vosges"],"acf":[],"yoast_head":"<!-- This site is optimized with the Yoast SEO plugin v22.5 - https:\/\/yoast.com\/wordpress\/plugins\/seo\/ -->\n<title>Face aux tensions dans les h\u00f4pitaux, l\u2019ARS Grand Est recommande de privil\u00e9gier les m\u00e9decins traitants - Remiremont Info<\/title>\n<meta name=\"robots\" content=\"index, follow, max-snippet:-1, max-image-preview:large, max-video-preview:-1\" \/>\n<link rel=\"canonical\" href=\"https:\/\/vosgesinfo.fr\/remiremontinfo\/2022\/12\/face-aux-tensions-hopitaux-lars-grand-recommande-de-privilegier-medecins-traitants\/\" \/>\n<meta name=\"twitter:card\" content=\"summary_large_image\" \/>\n<meta name=\"twitter:title\" content=\"Face aux tensions dans les h\u00f4pitaux, l\u2019ARS Grand Est recommande de privil\u00e9gier les m\u00e9decins traitants - Remiremont Info\" \/>\n<meta name=\"twitter:description\" content=\"Grippe, Covid-19, bronchiolite\u2026 en cette p\u00e9riode de fin d\u2019ann\u00e9e de nombreux virus circulent et les h\u00f4pitaux du Grand Est se [&hellip;]\" \/>\n<meta name=\"twitter:image\" content=\"https:\/\/vosgesinfo.fr\/app\/uploads\/sites\/5\/2024\/09\/202104annotation-2020-06-12-0913291-22.png\" \/>\n<meta name=\"twitter:creator\" content=\"@VosgesInfo88\" \/>\n<meta name=\"twitter:site\" content=\"@VosgesInfo88\" \/>\n<meta name=\"twitter:label1\" content=\"\u00c9crit par\" \/>\n\t<meta name=\"twitter:data1\" content=\"C D\" \/>\n\t<meta name=\"twitter:label2\" content=\"Dur\u00e9e de lecture estim\u00e9e\" \/>\n\t<meta name=\"twitter:data2\" content=\"1 minute\" \/>\n<script type=\"application\/ld+json\" class=\"yoast-schema-graph\">{\"@context\":\"https:\/\/schema.org\",\"@graph\":[{\"@type\":\"Article\",\"@id\":\"https:\/\/vosgesinfo.fr\/remiremontinfo\/2022\/12\/face-aux-tensions-hopitaux-lars-grand-recommande-de-privilegier-medecins-traitants\/#article\",\"isPartOf\":{\"@id\":\"https:\/\/vosgesinfo.fr\/remiremontinfo\/2022\/12\/face-aux-tensions-hopitaux-lars-grand-recommande-de-privilegier-medecins-traitants\/\"},\"author\":{\"name\":\"C D\",\"@id\":\"https:\/\/vosgesinfo.fr\/remiremontinfo\/#\/schema\/person\/3bfd164d5218a185b1db68655a265316\"},\"headline\":\"Face aux tensions dans les h\u00f4pitaux, l\u2019ARS Grand Est recommande de privil\u00e9gier les m\u00e9decins traitants\",\"datePublished\":\"2022-12-24T08:37:22+00:00\",\"dateModified\":\"2022-12-24T08:37:22+00:00\",\"mainEntityOfPage\":{\"@id\":\"https:\/\/vosgesinfo.fr\/remiremontinfo\/2022\/12\/face-aux-tensions-hopitaux-lars-grand-recommande-de-privilegier-medecins-traitants\/\"},\"wordCount\":171,\"commentCount\":0,\"publisher\":{\"@id\":\"https:\/\/vosgesinfo.fr\/remiremontinfo\/#organization\"},\"image\":{\"@id\":\"https:\/\/vosgesinfo.fr\/remiremontinfo\/2022\/12\/face-aux-tensions-hopitaux-lars-grand-recommande-de-privilegier-medecins-traitants\/#primaryimage\"},\"thumbnailUrl\":\"https:\/\/vosgesinfo.fr\/app\/uploads\/sites\/5\/2024\/09\/202104annotation-2020-06-12-0913291-22.png\",\"keywords\":[\"h\u00f4pital\",\"sant\u00e9\",\"Vosges\"],\"articleSection\":[\"A la Une\",\"Sant\u00e9\",\"Vosges\"],\"inLanguage\":\"fr-FR\",\"potentialAction\":[{\"@type\":\"CommentAction\",\"name\":\"Comment\",\"target\":[\"https:\/\/vosgesinfo.fr\/remiremontinfo\/2022\/12\/face-aux-tensions-hopitaux-lars-grand-recommande-de-privilegier-medecins-traitants\/#respond\"]}]},{\"@type\":\"WebPage\",\"@id\":\"https:\/\/vosgesinfo.fr\/remiremontinfo\/2022\/12\/face-aux-tensions-hopitaux-lars-grand-recommande-de-privilegier-medecins-traitants\/\",\"url\":\"https:\/\/vosgesinfo.fr\/remiremontinfo\/2022\/12\/face-aux-tensions-hopitaux-lars-grand-recommande-de-privilegier-medecins-traitants\/\",\"name\":\"Face aux tensions dans les h\u00f4pitaux, l\u2019ARS Grand Est recommande de privil\u00e9gier les m\u00e9decins traitants - Remiremont Info\",\"isPartOf\":{\"@id\":\"https:\/\/vosgesinfo.fr\/remiremontinfo\/#website\"},\"primaryImageOfPage\":{\"@id\":\"https:\/\/vosgesinfo.fr\/remiremontinfo\/2022\/12\/face-aux-tensions-hopitaux-lars-grand-recommande-de-privilegier-medecins-traitants\/#primaryimage\"},\"image\":{\"@id\":\"https:\/\/vosgesinfo.fr\/remiremontinfo\/2022\/12\/face-aux-tensions-hopitaux-lars-grand-recommande-de-privilegier-medecins-traitants\/#primaryimage\"},\"thumbnailUrl\":\"https:\/\/vosgesinfo.fr\/app\/uploads\/sites\/5\/2024\/09\/202104annotation-2020-06-12-0913291-22.png\",\"datePublished\":\"2022-12-24T08:37:22+00:00\",\"dateModified\":\"2022-12-24T08:37:22+00:00\",\"breadcrumb\":{\"@id\":\"https:\/\/vosgesinfo.fr\/remiremontinfo\/2022\/12\/face-aux-tensions-hopitaux-lars-grand-recommande-de-privilegier-medecins-traitants\/#breadcrumb\"},\"inLanguage\":\"fr-FR\",\"potentialAction\":[{\"@type\":\"ReadAction\",\"target\":[\"https:\/\/vosgesinfo.fr\/remiremontinfo\/2022\/12\/face-aux-tensions-hopitaux-lars-grand-recommande-de-privilegier-medecins-traitants\/\"]}]},{\"@type\":\"ImageObject\",\"inLanguage\":\"fr-FR\",\"@id\":\"https:\/\/vosgesinfo.fr\/remiremontinfo\/2022\/12\/face-aux-tensions-hopitaux-lars-grand-recommande-de-privilegier-medecins-traitants\/#primaryimage\",\"url\":\"https:\/\/vosgesinfo.fr\/app\/uploads\/sites\/5\/2024\/09\/202104annotation-2020-06-12-0913291-22.png\",\"contentUrl\":\"https:\/\/vosgesinfo.fr\/app\/uploads\/sites\/5\/2024\/09\/202104annotation-2020-06-12-0913291-22.png\",\"width\":800,\"height\":534},{\"@type\":\"BreadcrumbList\",\"@id\":\"https:\/\/vosgesinfo.fr\/remiremontinfo\/2022\/12\/face-aux-tensions-hopitaux-lars-grand-recommande-de-privilegier-medecins-traitants\/#breadcrumb\",\"itemListElement\":[{\"@type\":\"ListItem\",\"position\":1,\"name\":\"Home\",\"item\":\"https:\/\/vosgesinfo.fr\/remiremontinfo\/\"},{\"@type\":\"ListItem\",\"position\":2,\"name\":\"Face aux tensions dans les h\u00f4pitaux, l\u2019ARS Grand Est recommande de privil\u00e9gier les m\u00e9decins traitants\"}]},{\"@type\":\"WebSite\",\"@id\":\"https:\/\/vosgesinfo.fr\/remiremontinfo\/#website\",\"url\":\"https:\/\/vosgesinfo.fr\/remiremontinfo\/\",\"name\":\"Remiremont Info\",\"description\":\"Toute l&#039;actualit\u00e9 de Remiremont\",\"publisher\":{\"@id\":\"https:\/\/vosgesinfo.fr\/remiremontinfo\/#organization\"},\"alternateName\":\"Toute l'actualit\u00e9 de Remiremont\",\"potentialAction\":[{\"@type\":\"SearchAction\",\"target\":{\"@type\":\"EntryPoint\",\"urlTemplate\":\"https:\/\/vosgesinfo.fr\/remiremontinfo\/?s={search_term_string}\"},\"query-input\":\"required name=search_term_string\"}],\"inLanguage\":\"fr-FR\"},{\"@type\":\"Organization\",\"@id\":\"https:\/\/vosgesinfo.fr\/remiremontinfo\/#organization\",\"name\":\"Remiremont Info\",\"url\":\"https:\/\/vosgesinfo.fr\/remiremontinfo\/\",\"logo\":{\"@type\":\"ImageObject\",\"inLanguage\":\"fr-FR\",\"@id\":\"https:\/\/vosgesinfo.fr\/remiremontinfo\/#\/schema\/logo\/image\/\",\"url\":\"https:\/\/vosgesinfo.fr\/app\/uploads\/sites\/5\/2023\/08\/favicon-remiremontinfo.png\",\"contentUrl\":\"https:\/\/vosgesinfo.fr\/app\/uploads\/sites\/5\/2023\/08\/favicon-remiremontinfo.png\",\"width\":512,\"height\":512,\"caption\":\"Remiremont Info\"},\"image\":{\"@id\":\"https:\/\/vosgesinfo.fr\/remiremontinfo\/#\/schema\/logo\/image\/\"},\"sameAs\":[\"https:\/\/www.facebook.com\/remiremontinfo\",\"https:\/\/x.com\/VosgesInfo88\",\"https:\/\/www.youtube.com\/@vosgesinfo\"]},{\"@type\":\"Person\",\"@id\":\"https:\/\/vosgesinfo.fr\/remiremontinfo\/#\/schema\/person\/3bfd164d5218a185b1db68655a265316\",\"name\":\"C D\",\"image\":{\"@type\":\"ImageObject\",\"inLanguage\":\"fr-FR\",\"@id\":\"https:\/\/vosgesinfo.fr\/remiremontinfo\/#\/schema\/person\/image\/\",\"url\":\"https:\/\/secure.gravatar.com\/avatar\/1f9a70007336511a47468b8f1c66f922b8b7cf617b02a31149ada43893a5d48f?s=96&d=mm&r=g\",\"contentUrl\":\"https:\/\/secure.gravatar.com\/avatar\/1f9a70007336511a47468b8f1c66f922b8b7cf617b02a31149ada43893a5d48f?s=96&d=mm&r=g\",\"caption\":\"C D\"},\"url\":\"https:\/\/vosgesinfo.fr\/remiremontinfo\/author\/cedric-drevet\/\"}]}<\/script>\n<!-- \/ Yoast SEO plugin. -->","yoast_head_json":{"title":"Face aux tensions dans les h\u00f4pitaux, l\u2019ARS Grand Est recommande de privil\u00e9gier les m\u00e9decins traitants - Remiremont Info","robots":{"index":"index","follow":"follow","max-snippet":"max-snippet:-1","max-image-preview":"max-image-preview:large","max-video-preview":"max-video-preview:-1"},"canonical":"https:\/\/vosgesinfo.fr\/remiremontinfo\/2022\/12\/face-aux-tensions-hopitaux-lars-grand-recommande-de-privilegier-medecins-traitants\/","twitter_card":"summary_large_image","twitter_title":"Face aux tensions dans les h\u00f4pitaux, l\u2019ARS Grand Est recommande de privil\u00e9gier les m\u00e9decins traitants - Remiremont Info","twitter_description":"Grippe, Covid-19, bronchiolite\u2026 en cette p\u00e9riode de fin d\u2019ann\u00e9e de nombreux virus circulent et les h\u00f4pitaux du Grand Est se [&hellip;]","twitter_image":"https:\/\/vosgesinfo.fr\/app\/uploads\/sites\/5\/2024\/09\/202104annotation-2020-06-12-0913291-22.png","twitter_creator":"@VosgesInfo88","twitter_site":"@VosgesInfo88","twitter_misc":{"\u00c9crit par":"C D","Dur\u00e9e de lecture estim\u00e9e":"1 minute"},"schema":{"@context":"https:\/\/schema.org","@graph":[{"@type":"Article","@id":"https:\/\/vosgesinfo.fr\/remiremontinfo\/2022\/12\/face-aux-tensions-hopitaux-lars-grand-recommande-de-privilegier-medecins-traitants\/#article","isPartOf":{"@id":"https:\/\/vosgesinfo.fr\/remiremontinfo\/2022\/12\/face-aux-tensions-hopitaux-lars-grand-recommande-de-privilegier-medecins-traitants\/"},"author":{"name":"C D","@id":"https:\/\/vosgesinfo.fr\/remiremontinfo\/#\/schema\/person\/3bfd164d5218a185b1db68655a265316"},"headline":"Face aux tensions dans les h\u00f4pitaux, l\u2019ARS Grand Est recommande de privil\u00e9gier les m\u00e9decins traitants","datePublished":"2022-12-24T08:37:22+00:00","dateModified":"2022-12-24T08:37:22+00:00","mainEntityOfPage":{"@id":"https:\/\/vosgesinfo.fr\/remiremontinfo\/2022\/12\/face-aux-tensions-hopitaux-lars-grand-recommande-de-privilegier-medecins-traitants\/"},"wordCount":171,"commentCount":0,"publisher":{"@id":"https:\/\/vosgesinfo.fr\/remiremontinfo\/#organization"},"image":{"@id":"https:\/\/vosgesinfo.fr\/remiremontinfo\/2022\/12\/face-aux-tensions-hopitaux-lars-grand-recommande-de-privilegier-medecins-traitants\/#primaryimage"},"thumbnailUrl":"https:\/\/vosgesinfo.fr\/app\/uploads\/sites\/5\/2024\/09\/202104annotation-2020-06-12-0913291-22.png","keywords":["h\u00f4pital","sant\u00e9","Vosges"],"articleSection":["A la Une","Sant\u00e9","Vosges"],"inLanguage":"fr-FR","potentialAction":[{"@type":"CommentAction","name":"Comment","target":["https:\/\/vosgesinfo.fr\/remiremontinfo\/2022\/12\/face-aux-tensions-hopitaux-lars-grand-recommande-de-privilegier-medecins-traitants\/#respond"]}]},{"@type":"WebPage","@id":"https:\/\/vosgesinfo.fr\/remiremontinfo\/2022\/12\/face-aux-tensions-hopitaux-lars-grand-recommande-de-privilegier-medecins-traitants\/","url":"https:\/\/vosgesinfo.fr\/remiremontinfo\/2022\/12\/face-aux-tensions-hopitaux-lars-grand-recommande-de-privilegier-medecins-traitants\/","name":"Face aux tensions dans les h\u00f4pitaux, l\u2019ARS Grand Est recommande de privil\u00e9gier les m\u00e9decins traitants - Remiremont Info","isPartOf":{"@id":"https:\/\/vosgesinfo.fr\/remiremontinfo\/#website"},"primaryImageOfPage":{"@id":"https:\/\/vosgesinfo.fr\/remiremontinfo\/2022\/12\/face-aux-tensions-hopitaux-lars-grand-recommande-de-privilegier-medecins-traitants\/#primaryimage"},"image":{"@id":"https:\/\/vosgesinfo.fr\/remiremontinfo\/2022\/12\/face-aux-tensions-hopitaux-lars-grand-recommande-de-privilegier-medecins-traitants\/#primaryimage"},"thumbnailUrl":"https:\/\/vosgesinfo.fr\/app\/uploads\/sites\/5\/2024\/09\/202104annotation-2020-06-12-0913291-22.png","datePublished":"2022-12-24T08:37:22+00:00","dateModified":"2022-12-24T08:37:22+00:00","breadcrumb":{"@id":"https:\/\/vosgesinfo.fr\/remiremontinfo\/2022\/12\/face-aux-tensions-hopitaux-lars-grand-recommande-de-privilegier-medecins-traitants\/#breadcrumb"},"inLanguage":"fr-FR","potentialAction":[{"@type":"ReadAction","target":["https:\/\/vosgesinfo.fr\/remiremontinfo\/2022\/12\/face-aux-tensions-hopitaux-lars-grand-recommande-de-privilegier-medecins-traitants\/"]}]},{"@type":"ImageObject","inLanguage":"fr-FR","@id":"https:\/\/vosgesinfo.fr\/remiremontinfo\/2022\/12\/face-aux-tensions-hopitaux-lars-grand-recommande-de-privilegier-medecins-traitants\/#primaryimage","url":"https:\/\/vosgesinfo.fr\/app\/uploads\/sites\/5\/2024\/09\/202104annotation-2020-06-12-0913291-22.png","contentUrl":"https:\/\/vosgesinfo.fr\/app\/uploads\/sites\/5\/2024\/09\/202104annotation-2020-06-12-0913291-22.png","width":800,"height":534},{"@type":"BreadcrumbList","@id":"https:\/\/vosgesinfo.fr\/remiremontinfo\/2022\/12\/face-aux-tensions-hopitaux-lars-grand-recommande-de-privilegier-medecins-traitants\/#breadcrumb","itemListElement":[{"@type":"ListItem","position":1,"name":"Home","item":"https:\/\/vosgesinfo.fr\/remiremontinfo\/"},{"@type":"ListItem","position":2,"name":"Face aux tensions dans les h\u00f4pitaux, l\u2019ARS Grand Est recommande de privil\u00e9gier les m\u00e9decins traitants"}]},{"@type":"WebSite","@id":"https:\/\/vosgesinfo.fr\/remiremontinfo\/#website","url":"https:\/\/vosgesinfo.fr\/remiremontinfo\/","name":"Remiremont Info","description":"Toute l&#039;actualit\u00e9 de Remiremont","publisher":{"@id":"https:\/\/vosgesinfo.fr\/remiremontinfo\/#organization"},"alternateName":"Toute l'actualit\u00e9 de Remiremont","potentialAction":[{"@type":"SearchAction","target":{"@type":"EntryPoint","urlTemplate":"https:\/\/vosgesinfo.fr\/remiremontinfo\/?s={search_term_string}"},"query-input":"required name=search_term_string"}],"inLanguage":"fr-FR"},{"@type":"Organization","@id":"https:\/\/vosgesinfo.fr\/remiremontinfo\/#organization","name":"Remiremont Info","url":"https:\/\/vosgesinfo.fr\/remiremontinfo\/","logo":{"@type":"ImageObject","inLanguage":"fr-FR","@id":"https:\/\/vosgesinfo.fr\/remiremontinfo\/#\/schema\/logo\/image\/","url":"https:\/\/vosgesinfo.fr\/app\/uploads\/sites\/5\/2023\/08\/favicon-remiremontinfo.png","contentUrl":"https:\/\/vosgesinfo.fr\/app\/uploads\/sites\/5\/2023\/08\/favicon-remiremontinfo.png","width":512,"height":512,"caption":"Remiremont Info"},"image":{"@id":"https:\/\/vosgesinfo.fr\/remiremontinfo\/#\/schema\/logo\/image\/"},"sameAs":["https:\/\/www.facebook.com\/remiremontinfo","https:\/\/x.com\/VosgesInfo88","https:\/\/www.youtube.com\/@vosgesinfo"]},{"@type":"Person","@id":"https:\/\/vosgesinfo.fr\/remiremontinfo\/#\/schema\/person\/3bfd164d5218a185b1db68655a265316","name":"C D","image":{"@type":"ImageObject","inLanguage":"fr-FR","@id":"https:\/\/vosgesinfo.fr\/remiremontinfo\/#\/schema\/person\/image\/","url":"https:\/\/secure.gravatar.com\/avatar\/1f9a70007336511a47468b8f1c66f922b8b7cf617b02a31149ada43893a5d48f?s=96&d=mm&r=g","contentUrl":"https:\/\/secure.gravatar.com\/avatar\/1f9a70007336511a47468b8f1c66f922b8b7cf617b02a31149ada43893a5d48f?s=96&d=mm&r=g","caption":"C D"},"url":"https:\/\/vosgesinfo.fr\/remiremontinfo\/author\/cedric-drevet\/"}]}},"_links":{"self":[{"href":"https:\/\/vosgesinfo.fr\/remiremontinfo\/wp-json\/wp\/v2\/posts\/66034","targetHints":{"allow":["GET"]}}],"collection":[{"href":"https:\/\/vosgesinfo.fr\/remiremontinfo\/wp-json\/wp\/v2\/posts"}],"about":[{"href":"https:\/\/vosgesinfo.fr\/remiremontinfo\/wp-json\/wp\/v2\/types\/post"}],"author":[{"embeddable":true,"href":"https:\/\/vosgesinfo.fr\/remiremontinfo\/wp-json\/wp\/v2\/users\/407"}],"replies":[{"embeddable":true,"href":"https:\/\/vosgesinfo.fr\/remiremontinfo\/wp-json\/wp\/v2\/comments?post=66034"}],"version-history":[{"count":0,"href":"https:\/\/vosgesinfo.fr\/remiremontinfo\/wp-json\/wp\/v2\/posts\/66034\/revisions"}],"wp:featuredmedia":[{"embeddable":true,"href":"https:\/\/vosgesinfo.fr\/remiremontinfo\/wp-json\/wp\/v2\/media\/66035"}],"wp:attachment":[{"href":"https:\/\/vosgesinfo.fr\/remiremontinfo\/wp-json\/wp\/v2\/media?parent=66034"}],"wp:term":[{"taxonomy":"category","embeddable":true,"href":"https:\/\/vosgesinfo.fr\/remiremontinfo\/wp-json\/wp\/v2\/categories?post=66034"},{"taxonomy":"post_tag","embeddable":true,"href":"https:\/\/vosgesinfo.fr\/remiremontinfo\/wp-json\/wp\/v2\/tags?post=66034"}],"curies":[{"name":"wp","href":"https:\/\/api.w.org\/{rel}","templated":true}]}}