{"id":6611,"date":"2024-05-29T23:43:12","date_gmt":"2024-05-29T21:43:12","guid":{"rendered":"https:\/\/vosgesinfo.fr\/remiremontinfo\/?p=6611"},"modified":"2024-05-29T23:43:12","modified_gmt":"2024-05-29T21:43:12","slug":"saint-nabord-tout-le-programme-de-la-fete-intercommunale-du-sport","status":"publish","type":"post","link":"https:\/\/vosgesinfo.fr\/remiremontinfo\/2024\/05\/saint-nabord-tout-le-programme-de-la-fete-intercommunale-du-sport\/","title":{"rendered":"Saint-Nabord Tout le programme de la f\u00eate intercommunale du sport"},"content":{"rendered":"<h3 class=\"western\"><a href=\"https:\/\/vosgesinfo.fr\/app\/uploads\/sites\/5\/2024\/05\/programme-de-la-fete-du-sport-page-0001.jpg\"><img decoding=\"async\" class=\"alignright size-medium wp-image-6614\" src=\"https:\/\/vosgesinfo.fr\/app\/uploads\/sites\/5\/2024\/05\/programme-de-la-fete-du-sport-page-0001-217x300.jpg\" alt=\"\" width=\"217\" height=\"300\" srcset=\"https:\/\/vosgesinfo.fr\/app\/uploads\/sites\/5\/2024\/05\/programme-de-la-fete-du-sport-page-0001-217x300.jpg 217w, https:\/\/vosgesinfo.fr\/app\/uploads\/sites\/5\/2024\/05\/programme-de-la-fete-du-sport-page-0001-742x1024.jpg 742w, https:\/\/vosgesinfo.fr\/app\/uploads\/sites\/5\/2024\/05\/programme-de-la-fete-du-sport-page-0001-768x1060.jpg 768w, https:\/\/vosgesinfo.fr\/app\/uploads\/sites\/5\/2024\/05\/programme-de-la-fete-du-sport-page-0001-1113x1536.jpg 1113w, https:\/\/vosgesinfo.fr\/app\/uploads\/sites\/5\/2024\/05\/programme-de-la-fete-du-sport-page-0001.jpg 1261w\" sizes=\"(max-width: 217px) 100vw, 217px\" \/><\/a>Une v\u00e9ritable invitation \u00e0 venir partager l\u2019\u00e9v\u00e9nement en famille. Cette f\u00eate intercommunale du sport s\u2019adresse \u00e0 tous\u00a0! Venez nombreux assister \u00e0 des d\u00e9monstrations avec les clubs locaux des communes du secteur, mais encore participer activement \u00e0 des s\u00e9ances d\u2019initiation.<\/h3>\n<p>&nbsp;<\/p>\n<p class=\"western\">Tout au long de la journ\u00e9e, duathlon des familles, d\u00e9fis sur v\u00e9lo connect\u00e9, initiations d\u00e9couverte, match de gala de foot f\u00e9minin, fresque olympique, structure gonflable\u2026 Assistez \u00e9galement \u00e0 des interviews d\u2019athl\u00e8tes invit\u00e9s et \u00e0 la mise \u00e0 l\u2019honneur de b\u00e9n\u00e9voles sur le podium. Inauguration \u00e0 11 h 00 de cette journ\u00e9e intercommunale du sport.<\/p>\n<p class=\"western\">D\u00e9couvrez ci-apr\u00e8s le programme d\u00e9taill\u00e9 de l\u2019\u00e9v\u00e9nement ainsi que le plan de la manifestation. En cas de mauvaises conditions m\u00e9t\u00e9orologiques, les activit\u00e9s seront rapatri\u00e9es au centre socioculturel de Saint-Nabord.<\/p>\n<p>T\u00e9l\u00e9charger le programme : <a href=\"https:\/\/vosgesinfo.fr\/app\/uploads\/sites\/5\/2024\/05\/programme-de-la-fete-du-sport.pdf\">programme-de-la-fete-du-sport<\/a><\/p>\n<p><a href=\"https:\/\/vosgesinfo.fr\/app\/uploads\/sites\/5\/2024\/05\/programme-de-la-fete-du-sport-page-0002.jpg\"><img decoding=\"async\" class=\"aligncenter size-full wp-image-6613\" src=\"https:\/\/vosgesinfo.fr\/app\/uploads\/sites\/5\/2024\/05\/programme-de-la-fete-du-sport-page-0002.jpg\" alt=\"\" width=\"2505\" height=\"1778\" srcset=\"https:\/\/vosgesinfo.fr\/app\/uploads\/sites\/5\/2024\/05\/programme-de-la-fete-du-sport-page-0002.jpg 2505w, https:\/\/vosgesinfo.fr\/app\/uploads\/sites\/5\/2024\/05\/programme-de-la-fete-du-sport-page-0002-300x213.jpg 300w, https:\/\/vosgesinfo.fr\/app\/uploads\/sites\/5\/2024\/05\/programme-de-la-fete-du-sport-page-0002-1024x727.jpg 1024w, https:\/\/vosgesinfo.fr\/app\/uploads\/sites\/5\/2024\/05\/programme-de-la-fete-du-sport-page-0002-768x545.jpg 768w, https:\/\/vosgesinfo.fr\/app\/uploads\/sites\/5\/2024\/05\/programme-de-la-fete-du-sport-page-0002-1536x1090.jpg 1536w, https:\/\/vosgesinfo.fr\/app\/uploads\/sites\/5\/2024\/05\/programme-de-la-fete-du-sport-page-0002-2048x1454.jpg 2048w\" sizes=\"(max-width: 2505px) 100vw, 2505px\" \/><\/a><\/p>\n","protected":false},"excerpt":{"rendered":"<p>Une v\u00e9ritable invitation \u00e0 venir partager l\u2019\u00e9v\u00e9nement en famille. Cette f\u00eate intercommunale du sport s\u2019adresse \u00e0 tous\u00a0! Venez nombreux assister [&hellip;]<\/p>\n","protected":false},"author":42,"featured_media":6614,"comment_status":"open","ping_status":"open","sticky":false,"template":"","format":"standard","meta":{"footnotes":""},"categories":[26,14],"tags":[],"class_list":["post-6611","post","type-post","status-publish","format-standard","has-post-thumbnail","hentry","category-a-la-une","category-sport"],"acf":[],"yoast_head":"<!-- This site is optimized with the Yoast SEO plugin v22.5 - https:\/\/yoast.com\/wordpress\/plugins\/seo\/ -->\n<title>Saint-Nabord Tout le programme de la f\u00eate intercommunale du sport - Remiremont Info<\/title>\n<meta name=\"robots\" content=\"index, follow, max-snippet:-1, max-image-preview:large, max-video-preview:-1\" \/>\n<link rel=\"canonical\" href=\"https:\/\/vosgesinfo.fr\/remiremontinfo\/?p=6611\" \/>\n<meta name=\"twitter:card\" content=\"summary_large_image\" \/>\n<meta name=\"twitter:title\" content=\"Saint-Nabord Tout le programme de la f\u00eate intercommunale du sport - Remiremont Info\" \/>\n<meta name=\"twitter:description\" content=\"Une v\u00e9ritable invitation \u00e0 venir partager l\u2019\u00e9v\u00e9nement en famille. Cette f\u00eate intercommunale du sport s\u2019adresse \u00e0 tous\u00a0! Venez nombreux assister [&hellip;]\" \/>\n<meta name=\"twitter:image\" content=\"https:\/\/vosgesinfo.fr\/app\/uploads\/sites\/5\/2024\/05\/programme-de-la-fete-du-sport-page-0002.jpg\" \/>\n<meta name=\"twitter:creator\" content=\"@VosgesInfo88\" \/>\n<meta name=\"twitter:site\" content=\"@VosgesInfo88\" \/>\n<meta name=\"twitter:label1\" content=\"\u00c9crit par\" \/>\n\t<meta name=\"twitter:data1\" content=\"QG\" \/>\n\t<meta name=\"twitter:label2\" content=\"Dur\u00e9e de lecture estim\u00e9e\" \/>\n\t<meta name=\"twitter:data2\" content=\"1 minute\" \/>\n<script type=\"application\/ld+json\" class=\"yoast-schema-graph\">{\"@context\":\"https:\/\/schema.org\",\"@graph\":[{\"@type\":\"Article\",\"@id\":\"https:\/\/vosgesinfo.fr\/remiremontinfo\/?p=6611#article\",\"isPartOf\":{\"@id\":\"https:\/\/vosgesinfo.fr\/remiremontinfo\/?p=6611\"},\"author\":{\"name\":\"QG\",\"@id\":\"https:\/\/vosgesinfo.fr\/remiremontinfo\/#\/schema\/person\/db5605779a843dad16b5368f3e7613a5\"},\"headline\":\"Saint-Nabord Tout le programme de la f\u00eate intercommunale du sport\",\"datePublished\":\"2024-05-29T21:43:12+00:00\",\"dateModified\":\"2024-05-29T21:43:12+00:00\",\"mainEntityOfPage\":{\"@id\":\"https:\/\/vosgesinfo.fr\/remiremontinfo\/?p=6611\"},\"wordCount\":159,\"commentCount\":0,\"publisher\":{\"@id\":\"https:\/\/vosgesinfo.fr\/remiremontinfo\/#organization\"},\"image\":{\"@id\":\"https:\/\/vosgesinfo.fr\/remiremontinfo\/?p=6611#primaryimage\"},\"thumbnailUrl\":\"https:\/\/vosgesinfo.fr\/app\/uploads\/sites\/5\/2024\/05\/programme-de-la-fete-du-sport-page-0001.jpg\",\"articleSection\":[\"A la Une\",\"Sport\"],\"inLanguage\":\"fr-FR\",\"potentialAction\":[{\"@type\":\"CommentAction\",\"name\":\"Comment\",\"target\":[\"https:\/\/vosgesinfo.fr\/remiremontinfo\/?p=6611#respond\"]}]},{\"@type\":\"WebPage\",\"@id\":\"https:\/\/vosgesinfo.fr\/remiremontinfo\/?p=6611\",\"url\":\"https:\/\/vosgesinfo.fr\/remiremontinfo\/?p=6611\",\"name\":\"Saint-Nabord Tout le programme de la f\u00eate intercommunale du sport - Remiremont Info\",\"isPartOf\":{\"@id\":\"https:\/\/vosgesinfo.fr\/remiremontinfo\/#website\"},\"primaryImageOfPage\":{\"@id\":\"https:\/\/vosgesinfo.fr\/remiremontinfo\/?p=6611#primaryimage\"},\"image\":{\"@id\":\"https:\/\/vosgesinfo.fr\/remiremontinfo\/?p=6611#primaryimage\"},\"thumbnailUrl\":\"https:\/\/vosgesinfo.fr\/app\/uploads\/sites\/5\/2024\/05\/programme-de-la-fete-du-sport-page-0001.jpg\",\"datePublished\":\"2024-05-29T21:43:12+00:00\",\"dateModified\":\"2024-05-29T21:43:12+00:00\",\"breadcrumb\":{\"@id\":\"https:\/\/vosgesinfo.fr\/remiremontinfo\/?p=6611#breadcrumb\"},\"inLanguage\":\"fr-FR\",\"potentialAction\":[{\"@type\":\"ReadAction\",\"target\":[\"https:\/\/vosgesinfo.fr\/remiremontinfo\/?p=6611\"]}]},{\"@type\":\"ImageObject\",\"inLanguage\":\"fr-FR\",\"@id\":\"https:\/\/vosgesinfo.fr\/remiremontinfo\/?p=6611#primaryimage\",\"url\":\"https:\/\/vosgesinfo.fr\/app\/uploads\/sites\/5\/2024\/05\/programme-de-la-fete-du-sport-page-0001.jpg\",\"contentUrl\":\"https:\/\/vosgesinfo.fr\/app\/uploads\/sites\/5\/2024\/05\/programme-de-la-fete-du-sport-page-0001.jpg\",\"width\":1261,\"height\":1741},{\"@type\":\"BreadcrumbList\",\"@id\":\"https:\/\/vosgesinfo.fr\/remiremontinfo\/?p=6611#breadcrumb\",\"itemListElement\":[{\"@type\":\"ListItem\",\"position\":1,\"name\":\"Home\",\"item\":\"https:\/\/vosgesinfo.fr\/remiremontinfo\/\"},{\"@type\":\"ListItem\",\"position\":2,\"name\":\"Saint-Nabord Tout le programme de la f\u00eate intercommunale du sport\"}]},{\"@type\":\"WebSite\",\"@id\":\"https:\/\/vosgesinfo.fr\/remiremontinfo\/#website\",\"url\":\"https:\/\/vosgesinfo.fr\/remiremontinfo\/\",\"name\":\"Remiremont Info\",\"description\":\"Toute l&#039;actualit\u00e9 de Remiremont\",\"publisher\":{\"@id\":\"https:\/\/vosgesinfo.fr\/remiremontinfo\/#organization\"},\"alternateName\":\"Toute l'actualit\u00e9 de Remiremont\",\"potentialAction\":[{\"@type\":\"SearchAction\",\"target\":{\"@type\":\"EntryPoint\",\"urlTemplate\":\"https:\/\/vosgesinfo.fr\/remiremontinfo\/?s={search_term_string}\"},\"query-input\":\"required name=search_term_string\"}],\"inLanguage\":\"fr-FR\"},{\"@type\":\"Organization\",\"@id\":\"https:\/\/vosgesinfo.fr\/remiremontinfo\/#organization\",\"name\":\"Remiremont Info\",\"url\":\"https:\/\/vosgesinfo.fr\/remiremontinfo\/\",\"logo\":{\"@type\":\"ImageObject\",\"inLanguage\":\"fr-FR\",\"@id\":\"https:\/\/vosgesinfo.fr\/remiremontinfo\/#\/schema\/logo\/image\/\",\"url\":\"https:\/\/vosgesinfo.fr\/app\/uploads\/sites\/5\/2023\/08\/favicon-remiremontinfo.png\",\"contentUrl\":\"https:\/\/vosgesinfo.fr\/app\/uploads\/sites\/5\/2023\/08\/favicon-remiremontinfo.png\",\"width\":512,\"height\":512,\"caption\":\"Remiremont Info\"},\"image\":{\"@id\":\"https:\/\/vosgesinfo.fr\/remiremontinfo\/#\/schema\/logo\/image\/\"},\"sameAs\":[\"https:\/\/www.facebook.com\/remiremontinfo\",\"https:\/\/x.com\/VosgesInfo88\",\"https:\/\/www.youtube.com\/@vosgesinfo\"]},{\"@type\":\"Person\",\"@id\":\"https:\/\/vosgesinfo.fr\/remiremontinfo\/#\/schema\/person\/db5605779a843dad16b5368f3e7613a5\",\"name\":\"QG\",\"image\":{\"@type\":\"ImageObject\",\"inLanguage\":\"fr-FR\",\"@id\":\"https:\/\/vosgesinfo.fr\/remiremontinfo\/#\/schema\/person\/image\/\",\"url\":\"https:\/\/secure.gravatar.com\/avatar\/ea80c42c204b534408512832fde52504ecabb9706bcb6151cf6175e5b64e6793?s=96&d=mm&r=g\",\"contentUrl\":\"https:\/\/secure.gravatar.com\/avatar\/ea80c42c204b534408512832fde52504ecabb9706bcb6151cf6175e5b64e6793?s=96&d=mm&r=g\",\"caption\":\"QG\"},\"url\":\"https:\/\/vosgesinfo.fr\/remiremontinfo\/author\/quentin88\/\"}]}<\/script>\n<!-- \/ Yoast SEO plugin. -->","yoast_head_json":{"title":"Saint-Nabord Tout le programme de la f\u00eate intercommunale du sport - Remiremont Info","robots":{"index":"index","follow":"follow","max-snippet":"max-snippet:-1","max-image-preview":"max-image-preview:large","max-video-preview":"max-video-preview:-1"},"canonical":"https:\/\/vosgesinfo.fr\/remiremontinfo\/?p=6611","twitter_card":"summary_large_image","twitter_title":"Saint-Nabord Tout le programme de la f\u00eate intercommunale du sport - Remiremont Info","twitter_description":"Une v\u00e9ritable invitation \u00e0 venir partager l\u2019\u00e9v\u00e9nement en famille. Cette f\u00eate intercommunale du sport s\u2019adresse \u00e0 tous\u00a0! Venez nombreux assister [&hellip;]","twitter_image":"https:\/\/vosgesinfo.fr\/app\/uploads\/sites\/5\/2024\/05\/programme-de-la-fete-du-sport-page-0002.jpg","twitter_creator":"@VosgesInfo88","twitter_site":"@VosgesInfo88","twitter_misc":{"\u00c9crit par":"QG","Dur\u00e9e de lecture estim\u00e9e":"1 minute"},"schema":{"@context":"https:\/\/schema.org","@graph":[{"@type":"Article","@id":"https:\/\/vosgesinfo.fr\/remiremontinfo\/?p=6611#article","isPartOf":{"@id":"https:\/\/vosgesinfo.fr\/remiremontinfo\/?p=6611"},"author":{"name":"QG","@id":"https:\/\/vosgesinfo.fr\/remiremontinfo\/#\/schema\/person\/db5605779a843dad16b5368f3e7613a5"},"headline":"Saint-Nabord Tout le programme de la f\u00eate intercommunale du sport","datePublished":"2024-05-29T21:43:12+00:00","dateModified":"2024-05-29T21:43:12+00:00","mainEntityOfPage":{"@id":"https:\/\/vosgesinfo.fr\/remiremontinfo\/?p=6611"},"wordCount":159,"commentCount":0,"publisher":{"@id":"https:\/\/vosgesinfo.fr\/remiremontinfo\/#organization"},"image":{"@id":"https:\/\/vosgesinfo.fr\/remiremontinfo\/?p=6611#primaryimage"},"thumbnailUrl":"https:\/\/vosgesinfo.fr\/app\/uploads\/sites\/5\/2024\/05\/programme-de-la-fete-du-sport-page-0001.jpg","articleSection":["A la Une","Sport"],"inLanguage":"fr-FR","potentialAction":[{"@type":"CommentAction","name":"Comment","target":["https:\/\/vosgesinfo.fr\/remiremontinfo\/?p=6611#respond"]}]},{"@type":"WebPage","@id":"https:\/\/vosgesinfo.fr\/remiremontinfo\/?p=6611","url":"https:\/\/vosgesinfo.fr\/remiremontinfo\/?p=6611","name":"Saint-Nabord Tout le programme de la f\u00eate intercommunale du sport - Remiremont Info","isPartOf":{"@id":"https:\/\/vosgesinfo.fr\/remiremontinfo\/#website"},"primaryImageOfPage":{"@id":"https:\/\/vosgesinfo.fr\/remiremontinfo\/?p=6611#primaryimage"},"image":{"@id":"https:\/\/vosgesinfo.fr\/remiremontinfo\/?p=6611#primaryimage"},"thumbnailUrl":"https:\/\/vosgesinfo.fr\/app\/uploads\/sites\/5\/2024\/05\/programme-de-la-fete-du-sport-page-0001.jpg","datePublished":"2024-05-29T21:43:12+00:00","dateModified":"2024-05-29T21:43:12+00:00","breadcrumb":{"@id":"https:\/\/vosgesinfo.fr\/remiremontinfo\/?p=6611#breadcrumb"},"inLanguage":"fr-FR","potentialAction":[{"@type":"ReadAction","target":["https:\/\/vosgesinfo.fr\/remiremontinfo\/?p=6611"]}]},{"@type":"ImageObject","inLanguage":"fr-FR","@id":"https:\/\/vosgesinfo.fr\/remiremontinfo\/?p=6611#primaryimage","url":"https:\/\/vosgesinfo.fr\/app\/uploads\/sites\/5\/2024\/05\/programme-de-la-fete-du-sport-page-0001.jpg","contentUrl":"https:\/\/vosgesinfo.fr\/app\/uploads\/sites\/5\/2024\/05\/programme-de-la-fete-du-sport-page-0001.jpg","width":1261,"height":1741},{"@type":"BreadcrumbList","@id":"https:\/\/vosgesinfo.fr\/remiremontinfo\/?p=6611#breadcrumb","itemListElement":[{"@type":"ListItem","position":1,"name":"Home","item":"https:\/\/vosgesinfo.fr\/remiremontinfo\/"},{"@type":"ListItem","position":2,"name":"Saint-Nabord Tout le programme de la f\u00eate intercommunale du sport"}]},{"@type":"WebSite","@id":"https:\/\/vosgesinfo.fr\/remiremontinfo\/#website","url":"https:\/\/vosgesinfo.fr\/remiremontinfo\/","name":"Remiremont Info","description":"Toute l&#039;actualit\u00e9 de Remiremont","publisher":{"@id":"https:\/\/vosgesinfo.fr\/remiremontinfo\/#organization"},"alternateName":"Toute l'actualit\u00e9 de Remiremont","potentialAction":[{"@type":"SearchAction","target":{"@type":"EntryPoint","urlTemplate":"https:\/\/vosgesinfo.fr\/remiremontinfo\/?s={search_term_string}"},"query-input":"required name=search_term_string"}],"inLanguage":"fr-FR"},{"@type":"Organization","@id":"https:\/\/vosgesinfo.fr\/remiremontinfo\/#organization","name":"Remiremont Info","url":"https:\/\/vosgesinfo.fr\/remiremontinfo\/","logo":{"@type":"ImageObject","inLanguage":"fr-FR","@id":"https:\/\/vosgesinfo.fr\/remiremontinfo\/#\/schema\/logo\/image\/","url":"https:\/\/vosgesinfo.fr\/app\/uploads\/sites\/5\/2023\/08\/favicon-remiremontinfo.png","contentUrl":"https:\/\/vosgesinfo.fr\/app\/uploads\/sites\/5\/2023\/08\/favicon-remiremontinfo.png","width":512,"height":512,"caption":"Remiremont Info"},"image":{"@id":"https:\/\/vosgesinfo.fr\/remiremontinfo\/#\/schema\/logo\/image\/"},"sameAs":["https:\/\/www.facebook.com\/remiremontinfo","https:\/\/x.com\/VosgesInfo88","https:\/\/www.youtube.com\/@vosgesinfo"]},{"@type":"Person","@id":"https:\/\/vosgesinfo.fr\/remiremontinfo\/#\/schema\/person\/db5605779a843dad16b5368f3e7613a5","name":"QG","image":{"@type":"ImageObject","inLanguage":"fr-FR","@id":"https:\/\/vosgesinfo.fr\/remiremontinfo\/#\/schema\/person\/image\/","url":"https:\/\/secure.gravatar.com\/avatar\/ea80c42c204b534408512832fde52504ecabb9706bcb6151cf6175e5b64e6793?s=96&d=mm&r=g","contentUrl":"https:\/\/secure.gravatar.com\/avatar\/ea80c42c204b534408512832fde52504ecabb9706bcb6151cf6175e5b64e6793?s=96&d=mm&r=g","caption":"QG"},"url":"https:\/\/vosgesinfo.fr\/remiremontinfo\/author\/quentin88\/"}]}},"_links":{"self":[{"href":"https:\/\/vosgesinfo.fr\/remiremontinfo\/wp-json\/wp\/v2\/posts\/6611","targetHints":{"allow":["GET"]}}],"collection":[{"href":"https:\/\/vosgesinfo.fr\/remiremontinfo\/wp-json\/wp\/v2\/posts"}],"about":[{"href":"https:\/\/vosgesinfo.fr\/remiremontinfo\/wp-json\/wp\/v2\/types\/post"}],"author":[{"embeddable":true,"href":"https:\/\/vosgesinfo.fr\/remiremontinfo\/wp-json\/wp\/v2\/users\/42"}],"replies":[{"embeddable":true,"href":"https:\/\/vosgesinfo.fr\/remiremontinfo\/wp-json\/wp\/v2\/comments?post=6611"}],"version-history":[{"count":1,"href":"https:\/\/vosgesinfo.fr\/remiremontinfo\/wp-json\/wp\/v2\/posts\/6611\/revisions"}],"predecessor-version":[{"id":6615,"href":"https:\/\/vosgesinfo.fr\/remiremontinfo\/wp-json\/wp\/v2\/posts\/6611\/revisions\/6615"}],"wp:featuredmedia":[{"embeddable":true,"href":"https:\/\/vosgesinfo.fr\/remiremontinfo\/wp-json\/wp\/v2\/media\/6614"}],"wp:attachment":[{"href":"https:\/\/vosgesinfo.fr\/remiremontinfo\/wp-json\/wp\/v2\/media?parent=6611"}],"wp:term":[{"taxonomy":"category","embeddable":true,"href":"https:\/\/vosgesinfo.fr\/remiremontinfo\/wp-json\/wp\/v2\/categories?post=6611"},{"taxonomy":"post_tag","embeddable":true,"href":"https:\/\/vosgesinfo.fr\/remiremontinfo\/wp-json\/wp\/v2\/tags?post=6611"}],"curies":[{"name":"wp","href":"https:\/\/api.w.org\/{rel}","templated":true}]}}