{"id":66369,"date":"2023-01-11T08:03:45","date_gmt":"2023-01-11T07:03:45","guid":{"rendered":"https:\/\/vosgesinfo.fr\/remiremontinfo\/2023\/01\/forum-post-bac-lycee-jeanne-darc-de-remiremont\/"},"modified":"2023-01-11T08:03:45","modified_gmt":"2023-01-11T07:03:45","slug":"forum-post-bac-lycee-jeanne-darc-de-remiremont","status":"publish","type":"post","link":"https:\/\/vosgesinfo.fr\/remiremontinfo\/2023\/01\/forum-post-bac-lycee-jeanne-darc-de-remiremont\/","title":{"rendered":"Forum post-bac au lyc\u00e9e Jeanne d&rsquo;Arc de Remiremont"},"content":{"rendered":"<p><a href=\"\/2023\/01\/20230106_135656.jpg\"><img decoding=\"async\" class=\"alignnone size-medium wp-image-361500\" src=\"\/2023\/01\/20230106_135656-400x190.jpg\" alt=\"20230106_135656\" width=\"400\" height=\"190\" \/><\/a> <a href=\"\/2023\/01\/20230106_140756.jpg\"><img decoding=\"async\" class=\"alignnone size-medium wp-image-361501\" src=\"\/2023\/01\/20230106_140756-400x190.jpg\" alt=\"20230106_140756\" width=\"400\" height=\"190\" \/><\/a>\u00a0 <a href=\"\/2023\/01\/20230106_154223.jpg\"><img decoding=\"async\" class=\"alignnone size-medium wp-image-361503\" src=\"\/2023\/01\/20230106_154223-400x190.jpg\" alt=\"20230106_154223\" width=\"400\" height=\"190\" \/><\/a><\/p>\n<p>&nbsp;<\/p>\n<p><a href=\"\/2023\/01\/20230106_152003.jpg\"><img decoding=\"async\" class=\"alignnone size-medium wp-image-361502\" src=\"\/2023\/01\/20230106_152003-400x190.jpg\" alt=\"20230106_152003\" width=\"400\" height=\"190\" \/><\/a><\/p>\n<p>&nbsp;<\/p>\n<p>Ce vendredi 6 janvier apr\u00e8s-midi s\u2019est d\u00e9roul\u00e9 le deuxi\u00e8me forum post-bac au lyc\u00e9e Jeanne D&rsquo;Arc de Remiremont.<\/p>\n<p>Les \u00e9l\u00e8ves de premi\u00e8re et de terminale du lyc\u00e9e g\u00e9n\u00e9ral, technologique mais aussi quelques \u00e9l\u00e8ves du lyc\u00e9e professionnel sont all\u00e9s \u00e0 la rencontre d\u2019anciens \u00e9l\u00e8ves qui ont partag\u00e9 leur exp\u00e9rience dans des domaines aussi vari\u00e9s que le droit , le journalisme , les langues , les lettres ,\u00a0 les \u00e9tudes m\u00e9dicales , le commerce&#8230;<\/p>\n<p>Ce moment a \u00e9t\u00e9 l&rsquo;occasion pour les \u00e9l\u00e8ves de se pr\u00e9parer \u00e0 l&rsquo;enseignement sup\u00e9rieur.<\/p>\n<p>Merci \u00e0 tous les intervenants qui se sont investis pour l\u2019orientation de nos \u00e9l\u00e8ves .<\/p>\n","protected":false},"excerpt":{"rendered":"<p>\u00a0 &nbsp; &nbsp; Ce vendredi 6 janvier apr\u00e8s-midi s\u2019est d\u00e9roul\u00e9 le deuxi\u00e8me forum post-bac au lyc\u00e9e Jeanne D&rsquo;Arc de Remiremont. [&hellip;]<\/p>\n","protected":false},"author":298,"featured_media":66370,"comment_status":"open","ping_status":"open","sticky":false,"template":"","format":"standard","meta":{"footnotes":""},"categories":[26,165,1556,35],"tags":[1872,469,44],"class_list":["post-66369","post","type-post","status-publish","format-standard","has-post-thumbnail","hentry","category-a-la-une","category-enseignement","category-remiremont-remiremont-son-canton-2","category-remiremont-son-canton","tag-jeanne-darc","tag-lycee","tag-remiremont"],"acf":[],"yoast_head":"<!-- This site is optimized with the Yoast SEO plugin v22.5 - https:\/\/yoast.com\/wordpress\/plugins\/seo\/ -->\n<title>Forum post-bac au lyc\u00e9e Jeanne d&#039;Arc de Remiremont - Remiremont Info<\/title>\n<meta name=\"robots\" content=\"index, follow, max-snippet:-1, max-image-preview:large, max-video-preview:-1\" \/>\n<link rel=\"canonical\" href=\"https:\/\/vosgesinfo.fr\/remiremontinfo\/2023\/01\/forum-post-bac-lycee-jeanne-darc-de-remiremont\/\" \/>\n<meta name=\"twitter:card\" content=\"summary_large_image\" \/>\n<meta name=\"twitter:title\" content=\"Forum post-bac au lyc\u00e9e Jeanne d&#039;Arc de Remiremont - Remiremont Info\" \/>\n<meta name=\"twitter:description\" content=\"\u00a0 &nbsp; &nbsp; Ce vendredi 6 janvier apr\u00e8s-midi s\u2019est d\u00e9roul\u00e9 le deuxi\u00e8me forum post-bac au lyc\u00e9e Jeanne D&rsquo;Arc de Remiremont. [&hellip;]\" \/>\n<meta name=\"twitter:image\" content=\"https:\/\/vosgesinfo.fr\/app\/uploads\/sites\/5\/2024\/09\/20230120230106-152003.jpg\" \/>\n<meta name=\"twitter:creator\" content=\"@VosgesInfo88\" \/>\n<meta name=\"twitter:site\" content=\"@VosgesInfo88\" \/>\n<meta name=\"twitter:label1\" content=\"\u00c9crit par\" \/>\n\t<meta name=\"twitter:data1\" content=\"PG\" \/>\n\t<meta name=\"twitter:label2\" content=\"Dur\u00e9e de lecture estim\u00e9e\" \/>\n\t<meta name=\"twitter:data2\" content=\"1 minute\" \/>\n<script type=\"application\/ld+json\" class=\"yoast-schema-graph\">{\"@context\":\"https:\/\/schema.org\",\"@graph\":[{\"@type\":\"Article\",\"@id\":\"https:\/\/vosgesinfo.fr\/remiremontinfo\/2023\/01\/forum-post-bac-lycee-jeanne-darc-de-remiremont\/#article\",\"isPartOf\":{\"@id\":\"https:\/\/vosgesinfo.fr\/remiremontinfo\/2023\/01\/forum-post-bac-lycee-jeanne-darc-de-remiremont\/\"},\"author\":{\"name\":\"PG\",\"@id\":\"https:\/\/vosgesinfo.fr\/remiremontinfo\/#\/schema\/person\/7a62f5cf6b696a1fb0ac3e183e10ccbe\"},\"headline\":\"Forum post-bac au lyc\u00e9e Jeanne d&rsquo;Arc de Remiremont\",\"datePublished\":\"2023-01-11T07:03:45+00:00\",\"dateModified\":\"2023-01-11T07:03:45+00:00\",\"mainEntityOfPage\":{\"@id\":\"https:\/\/vosgesinfo.fr\/remiremontinfo\/2023\/01\/forum-post-bac-lycee-jeanne-darc-de-remiremont\/\"},\"wordCount\":128,\"commentCount\":0,\"publisher\":{\"@id\":\"https:\/\/vosgesinfo.fr\/remiremontinfo\/#organization\"},\"image\":{\"@id\":\"https:\/\/vosgesinfo.fr\/remiremontinfo\/2023\/01\/forum-post-bac-lycee-jeanne-darc-de-remiremont\/#primaryimage\"},\"thumbnailUrl\":\"https:\/\/vosgesinfo.fr\/app\/uploads\/sites\/5\/2024\/09\/20230120230106-152003.jpg\",\"keywords\":[\"jeanne d'arc\",\"lyc\u00e9e\",\"remiremont\"],\"articleSection\":[\"A la Une\",\"Enseignement\",\"Remiremont\",\"Remiremont &amp; son canton\"],\"inLanguage\":\"fr-FR\",\"potentialAction\":[{\"@type\":\"CommentAction\",\"name\":\"Comment\",\"target\":[\"https:\/\/vosgesinfo.fr\/remiremontinfo\/2023\/01\/forum-post-bac-lycee-jeanne-darc-de-remiremont\/#respond\"]}]},{\"@type\":\"WebPage\",\"@id\":\"https:\/\/vosgesinfo.fr\/remiremontinfo\/2023\/01\/forum-post-bac-lycee-jeanne-darc-de-remiremont\/\",\"url\":\"https:\/\/vosgesinfo.fr\/remiremontinfo\/2023\/01\/forum-post-bac-lycee-jeanne-darc-de-remiremont\/\",\"name\":\"Forum post-bac au lyc\u00e9e Jeanne d'Arc de Remiremont - Remiremont Info\",\"isPartOf\":{\"@id\":\"https:\/\/vosgesinfo.fr\/remiremontinfo\/#website\"},\"primaryImageOfPage\":{\"@id\":\"https:\/\/vosgesinfo.fr\/remiremontinfo\/2023\/01\/forum-post-bac-lycee-jeanne-darc-de-remiremont\/#primaryimage\"},\"image\":{\"@id\":\"https:\/\/vosgesinfo.fr\/remiremontinfo\/2023\/01\/forum-post-bac-lycee-jeanne-darc-de-remiremont\/#primaryimage\"},\"thumbnailUrl\":\"https:\/\/vosgesinfo.fr\/app\/uploads\/sites\/5\/2024\/09\/20230120230106-152003.jpg\",\"datePublished\":\"2023-01-11T07:03:45+00:00\",\"dateModified\":\"2023-01-11T07:03:45+00:00\",\"breadcrumb\":{\"@id\":\"https:\/\/vosgesinfo.fr\/remiremontinfo\/2023\/01\/forum-post-bac-lycee-jeanne-darc-de-remiremont\/#breadcrumb\"},\"inLanguage\":\"fr-FR\",\"potentialAction\":[{\"@type\":\"ReadAction\",\"target\":[\"https:\/\/vosgesinfo.fr\/remiremontinfo\/2023\/01\/forum-post-bac-lycee-jeanne-darc-de-remiremont\/\"]}]},{\"@type\":\"ImageObject\",\"inLanguage\":\"fr-FR\",\"@id\":\"https:\/\/vosgesinfo.fr\/remiremontinfo\/2023\/01\/forum-post-bac-lycee-jeanne-darc-de-remiremont\/#primaryimage\",\"url\":\"https:\/\/vosgesinfo.fr\/app\/uploads\/sites\/5\/2024\/09\/20230120230106-152003.jpg\",\"contentUrl\":\"https:\/\/vosgesinfo.fr\/app\/uploads\/sites\/5\/2024\/09\/20230120230106-152003.jpg\",\"width\":1600,\"height\":758},{\"@type\":\"BreadcrumbList\",\"@id\":\"https:\/\/vosgesinfo.fr\/remiremontinfo\/2023\/01\/forum-post-bac-lycee-jeanne-darc-de-remiremont\/#breadcrumb\",\"itemListElement\":[{\"@type\":\"ListItem\",\"position\":1,\"name\":\"Home\",\"item\":\"https:\/\/vosgesinfo.fr\/remiremontinfo\/\"},{\"@type\":\"ListItem\",\"position\":2,\"name\":\"Forum post-bac au lyc\u00e9e Jeanne d&rsquo;Arc de Remiremont\"}]},{\"@type\":\"WebSite\",\"@id\":\"https:\/\/vosgesinfo.fr\/remiremontinfo\/#website\",\"url\":\"https:\/\/vosgesinfo.fr\/remiremontinfo\/\",\"name\":\"Remiremont Info\",\"description\":\"Toute l&#039;actualit\u00e9 de Remiremont\",\"publisher\":{\"@id\":\"https:\/\/vosgesinfo.fr\/remiremontinfo\/#organization\"},\"alternateName\":\"Toute l'actualit\u00e9 de Remiremont\",\"potentialAction\":[{\"@type\":\"SearchAction\",\"target\":{\"@type\":\"EntryPoint\",\"urlTemplate\":\"https:\/\/vosgesinfo.fr\/remiremontinfo\/?s={search_term_string}\"},\"query-input\":\"required name=search_term_string\"}],\"inLanguage\":\"fr-FR\"},{\"@type\":\"Organization\",\"@id\":\"https:\/\/vosgesinfo.fr\/remiremontinfo\/#organization\",\"name\":\"Remiremont Info\",\"url\":\"https:\/\/vosgesinfo.fr\/remiremontinfo\/\",\"logo\":{\"@type\":\"ImageObject\",\"inLanguage\":\"fr-FR\",\"@id\":\"https:\/\/vosgesinfo.fr\/remiremontinfo\/#\/schema\/logo\/image\/\",\"url\":\"https:\/\/vosgesinfo.fr\/app\/uploads\/sites\/5\/2023\/08\/favicon-remiremontinfo.png\",\"contentUrl\":\"https:\/\/vosgesinfo.fr\/app\/uploads\/sites\/5\/2023\/08\/favicon-remiremontinfo.png\",\"width\":512,\"height\":512,\"caption\":\"Remiremont Info\"},\"image\":{\"@id\":\"https:\/\/vosgesinfo.fr\/remiremontinfo\/#\/schema\/logo\/image\/\"},\"sameAs\":[\"https:\/\/www.facebook.com\/remiremontinfo\",\"https:\/\/x.com\/VosgesInfo88\",\"https:\/\/www.youtube.com\/@vosgesinfo\"]},{\"@type\":\"Person\",\"@id\":\"https:\/\/vosgesinfo.fr\/remiremontinfo\/#\/schema\/person\/7a62f5cf6b696a1fb0ac3e183e10ccbe\",\"name\":\"PG\",\"image\":{\"@type\":\"ImageObject\",\"inLanguage\":\"fr-FR\",\"@id\":\"https:\/\/vosgesinfo.fr\/remiremontinfo\/#\/schema\/person\/image\/\",\"url\":\"https:\/\/secure.gravatar.com\/avatar\/d07f3aa814fa2637149785e7829cfdcb30eb49d0f7c5ed9cedf8917585fe60a3?s=96&d=mm&r=g\",\"contentUrl\":\"https:\/\/secure.gravatar.com\/avatar\/d07f3aa814fa2637149785e7829cfdcb30eb49d0f7c5ed9cedf8917585fe60a3?s=96&d=mm&r=g\",\"caption\":\"PG\"},\"url\":\"https:\/\/vosgesinfo.fr\/remiremontinfo\/author\/pg\/\"}]}<\/script>\n<!-- \/ Yoast SEO plugin. -->","yoast_head_json":{"title":"Forum post-bac au lyc\u00e9e Jeanne d'Arc de Remiremont - Remiremont Info","robots":{"index":"index","follow":"follow","max-snippet":"max-snippet:-1","max-image-preview":"max-image-preview:large","max-video-preview":"max-video-preview:-1"},"canonical":"https:\/\/vosgesinfo.fr\/remiremontinfo\/2023\/01\/forum-post-bac-lycee-jeanne-darc-de-remiremont\/","twitter_card":"summary_large_image","twitter_title":"Forum post-bac au lyc\u00e9e Jeanne d'Arc de Remiremont - Remiremont Info","twitter_description":"\u00a0 &nbsp; &nbsp; Ce vendredi 6 janvier apr\u00e8s-midi s\u2019est d\u00e9roul\u00e9 le deuxi\u00e8me forum post-bac au lyc\u00e9e Jeanne D&rsquo;Arc de Remiremont. [&hellip;]","twitter_image":"https:\/\/vosgesinfo.fr\/app\/uploads\/sites\/5\/2024\/09\/20230120230106-152003.jpg","twitter_creator":"@VosgesInfo88","twitter_site":"@VosgesInfo88","twitter_misc":{"\u00c9crit par":"PG","Dur\u00e9e de lecture estim\u00e9e":"1 minute"},"schema":{"@context":"https:\/\/schema.org","@graph":[{"@type":"Article","@id":"https:\/\/vosgesinfo.fr\/remiremontinfo\/2023\/01\/forum-post-bac-lycee-jeanne-darc-de-remiremont\/#article","isPartOf":{"@id":"https:\/\/vosgesinfo.fr\/remiremontinfo\/2023\/01\/forum-post-bac-lycee-jeanne-darc-de-remiremont\/"},"author":{"name":"PG","@id":"https:\/\/vosgesinfo.fr\/remiremontinfo\/#\/schema\/person\/7a62f5cf6b696a1fb0ac3e183e10ccbe"},"headline":"Forum post-bac au lyc\u00e9e Jeanne d&rsquo;Arc de Remiremont","datePublished":"2023-01-11T07:03:45+00:00","dateModified":"2023-01-11T07:03:45+00:00","mainEntityOfPage":{"@id":"https:\/\/vosgesinfo.fr\/remiremontinfo\/2023\/01\/forum-post-bac-lycee-jeanne-darc-de-remiremont\/"},"wordCount":128,"commentCount":0,"publisher":{"@id":"https:\/\/vosgesinfo.fr\/remiremontinfo\/#organization"},"image":{"@id":"https:\/\/vosgesinfo.fr\/remiremontinfo\/2023\/01\/forum-post-bac-lycee-jeanne-darc-de-remiremont\/#primaryimage"},"thumbnailUrl":"https:\/\/vosgesinfo.fr\/app\/uploads\/sites\/5\/2024\/09\/20230120230106-152003.jpg","keywords":["jeanne d'arc","lyc\u00e9e","remiremont"],"articleSection":["A la Une","Enseignement","Remiremont","Remiremont &amp; son canton"],"inLanguage":"fr-FR","potentialAction":[{"@type":"CommentAction","name":"Comment","target":["https:\/\/vosgesinfo.fr\/remiremontinfo\/2023\/01\/forum-post-bac-lycee-jeanne-darc-de-remiremont\/#respond"]}]},{"@type":"WebPage","@id":"https:\/\/vosgesinfo.fr\/remiremontinfo\/2023\/01\/forum-post-bac-lycee-jeanne-darc-de-remiremont\/","url":"https:\/\/vosgesinfo.fr\/remiremontinfo\/2023\/01\/forum-post-bac-lycee-jeanne-darc-de-remiremont\/","name":"Forum post-bac au lyc\u00e9e Jeanne d'Arc de Remiremont - Remiremont Info","isPartOf":{"@id":"https:\/\/vosgesinfo.fr\/remiremontinfo\/#website"},"primaryImageOfPage":{"@id":"https:\/\/vosgesinfo.fr\/remiremontinfo\/2023\/01\/forum-post-bac-lycee-jeanne-darc-de-remiremont\/#primaryimage"},"image":{"@id":"https:\/\/vosgesinfo.fr\/remiremontinfo\/2023\/01\/forum-post-bac-lycee-jeanne-darc-de-remiremont\/#primaryimage"},"thumbnailUrl":"https:\/\/vosgesinfo.fr\/app\/uploads\/sites\/5\/2024\/09\/20230120230106-152003.jpg","datePublished":"2023-01-11T07:03:45+00:00","dateModified":"2023-01-11T07:03:45+00:00","breadcrumb":{"@id":"https:\/\/vosgesinfo.fr\/remiremontinfo\/2023\/01\/forum-post-bac-lycee-jeanne-darc-de-remiremont\/#breadcrumb"},"inLanguage":"fr-FR","potentialAction":[{"@type":"ReadAction","target":["https:\/\/vosgesinfo.fr\/remiremontinfo\/2023\/01\/forum-post-bac-lycee-jeanne-darc-de-remiremont\/"]}]},{"@type":"ImageObject","inLanguage":"fr-FR","@id":"https:\/\/vosgesinfo.fr\/remiremontinfo\/2023\/01\/forum-post-bac-lycee-jeanne-darc-de-remiremont\/#primaryimage","url":"https:\/\/vosgesinfo.fr\/app\/uploads\/sites\/5\/2024\/09\/20230120230106-152003.jpg","contentUrl":"https:\/\/vosgesinfo.fr\/app\/uploads\/sites\/5\/2024\/09\/20230120230106-152003.jpg","width":1600,"height":758},{"@type":"BreadcrumbList","@id":"https:\/\/vosgesinfo.fr\/remiremontinfo\/2023\/01\/forum-post-bac-lycee-jeanne-darc-de-remiremont\/#breadcrumb","itemListElement":[{"@type":"ListItem","position":1,"name":"Home","item":"https:\/\/vosgesinfo.fr\/remiremontinfo\/"},{"@type":"ListItem","position":2,"name":"Forum post-bac au lyc\u00e9e Jeanne d&rsquo;Arc de Remiremont"}]},{"@type":"WebSite","@id":"https:\/\/vosgesinfo.fr\/remiremontinfo\/#website","url":"https:\/\/vosgesinfo.fr\/remiremontinfo\/","name":"Remiremont Info","description":"Toute l&#039;actualit\u00e9 de Remiremont","publisher":{"@id":"https:\/\/vosgesinfo.fr\/remiremontinfo\/#organization"},"alternateName":"Toute l'actualit\u00e9 de Remiremont","potentialAction":[{"@type":"SearchAction","target":{"@type":"EntryPoint","urlTemplate":"https:\/\/vosgesinfo.fr\/remiremontinfo\/?s={search_term_string}"},"query-input":"required name=search_term_string"}],"inLanguage":"fr-FR"},{"@type":"Organization","@id":"https:\/\/vosgesinfo.fr\/remiremontinfo\/#organization","name":"Remiremont Info","url":"https:\/\/vosgesinfo.fr\/remiremontinfo\/","logo":{"@type":"ImageObject","inLanguage":"fr-FR","@id":"https:\/\/vosgesinfo.fr\/remiremontinfo\/#\/schema\/logo\/image\/","url":"https:\/\/vosgesinfo.fr\/app\/uploads\/sites\/5\/2023\/08\/favicon-remiremontinfo.png","contentUrl":"https:\/\/vosgesinfo.fr\/app\/uploads\/sites\/5\/2023\/08\/favicon-remiremontinfo.png","width":512,"height":512,"caption":"Remiremont Info"},"image":{"@id":"https:\/\/vosgesinfo.fr\/remiremontinfo\/#\/schema\/logo\/image\/"},"sameAs":["https:\/\/www.facebook.com\/remiremontinfo","https:\/\/x.com\/VosgesInfo88","https:\/\/www.youtube.com\/@vosgesinfo"]},{"@type":"Person","@id":"https:\/\/vosgesinfo.fr\/remiremontinfo\/#\/schema\/person\/7a62f5cf6b696a1fb0ac3e183e10ccbe","name":"PG","image":{"@type":"ImageObject","inLanguage":"fr-FR","@id":"https:\/\/vosgesinfo.fr\/remiremontinfo\/#\/schema\/person\/image\/","url":"https:\/\/secure.gravatar.com\/avatar\/d07f3aa814fa2637149785e7829cfdcb30eb49d0f7c5ed9cedf8917585fe60a3?s=96&d=mm&r=g","contentUrl":"https:\/\/secure.gravatar.com\/avatar\/d07f3aa814fa2637149785e7829cfdcb30eb49d0f7c5ed9cedf8917585fe60a3?s=96&d=mm&r=g","caption":"PG"},"url":"https:\/\/vosgesinfo.fr\/remiremontinfo\/author\/pg\/"}]}},"_links":{"self":[{"href":"https:\/\/vosgesinfo.fr\/remiremontinfo\/wp-json\/wp\/v2\/posts\/66369","targetHints":{"allow":["GET"]}}],"collection":[{"href":"https:\/\/vosgesinfo.fr\/remiremontinfo\/wp-json\/wp\/v2\/posts"}],"about":[{"href":"https:\/\/vosgesinfo.fr\/remiremontinfo\/wp-json\/wp\/v2\/types\/post"}],"author":[{"embeddable":true,"href":"https:\/\/vosgesinfo.fr\/remiremontinfo\/wp-json\/wp\/v2\/users\/298"}],"replies":[{"embeddable":true,"href":"https:\/\/vosgesinfo.fr\/remiremontinfo\/wp-json\/wp\/v2\/comments?post=66369"}],"version-history":[{"count":0,"href":"https:\/\/vosgesinfo.fr\/remiremontinfo\/wp-json\/wp\/v2\/posts\/66369\/revisions"}],"wp:featuredmedia":[{"embeddable":true,"href":"https:\/\/vosgesinfo.fr\/remiremontinfo\/wp-json\/wp\/v2\/media\/66370"}],"wp:attachment":[{"href":"https:\/\/vosgesinfo.fr\/remiremontinfo\/wp-json\/wp\/v2\/media?parent=66369"}],"wp:term":[{"taxonomy":"category","embeddable":true,"href":"https:\/\/vosgesinfo.fr\/remiremontinfo\/wp-json\/wp\/v2\/categories?post=66369"},{"taxonomy":"post_tag","embeddable":true,"href":"https:\/\/vosgesinfo.fr\/remiremontinfo\/wp-json\/wp\/v2\/tags?post=66369"}],"curies":[{"name":"wp","href":"https:\/\/api.w.org\/{rel}","templated":true}]}}