{"id":66380,"date":"2023-01-05T09:51:16","date_gmt":"2023-01-05T08:51:16","guid":{"rendered":"https:\/\/vosgesinfo.fr\/remiremontinfo\/2023\/01\/membres-collectif-unis-college-val-dajol-iront-a-linauguration-college-de-vagney\/"},"modified":"2023-01-05T09:51:16","modified_gmt":"2023-01-05T08:51:16","slug":"membres-collectif-unis-college-val-dajol-iront-a-linauguration-college-de-vagney","status":"publish","type":"post","link":"https:\/\/vosgesinfo.fr\/remiremontinfo\/2023\/01\/membres-collectif-unis-college-val-dajol-iront-a-linauguration-college-de-vagney\/","title":{"rendered":"Des membres du collectif \u00ab\u00a0Tous unis pour un coll\u00e8ge au Val d&rsquo;Ajol\u00a0\u00bb iront \u00e0 l&rsquo;inauguration du coll\u00e8ge de Vagney"},"content":{"rendered":"<p><a href=\"\/2022\/08\/301413798_10159231209093143_6228562943551073466_n.jpg\"><img decoding=\"async\" class=\"alignnone size-large wp-image-352029\" src=\"\/2022\/08\/301413798_10159231209093143_6228562943551073466_n-1024x716.jpg\" alt=\"301413798_10159231209093143_6228562943551073466_n\" width=\"960\" height=\"671\" \/><\/a><\/p>\n<p><span style=\"font-size: 10pt;\"><em>Photo d&rsquo;archive\u00a0<\/em><\/span><\/p>\n<h2><span style=\"font-size: 12pt;\"><strong>Le nouveau coll\u00e8ge de Vagney sera inaugur\u00e9 ce samedi 7 janvier par Fran\u00e7ois Vannson, pr\u00e9sident du Conseil D\u00e9partemental des Vosges, en pr\u00e9sence de la Pr\u00e9f\u00e8te des Vosges, Val\u00e9rie Michel-Moreaux, du maire de Vagney, Didier Houot, et du recteur de la r\u00e9gion acad\u00e9mique Grand Est, Richard Lagnier. Un \u00e9v\u00e9nement auquel ont d\u00e9cid\u00e9 de se joindre des membres du collectif \u00ab\u00a0Tous unis pour un coll\u00e8ge au Val d\u2019Ajol\u00a0\u00bb, qui se mobilisent depuis ao\u00fbt dernier pour le maintien d\u2019un \u00e9tablissement dans le village.<\/strong><\/span><\/h2>\n<p>Rendez-vous a donc \u00e9t\u00e9 donn\u00e9 \u00e0 9h45 sur le parking du coll\u00e8ge du Val d\u2019Ajol, devant l\u2019abribus. Des bus partiront \u00e0 10h. \u00ab\u00a0Pour une pr\u00e9sence silencieuse massive aux abords du coll\u00e8ge de Vagney\u00a0\u00bb. Une nouvelle mani\u00e8re pour les membres du collectif, parents d\u2019\u00e9l\u00e8ves et habitants du Val d\u2019Ajol, de signifier leur volont\u00e9 de voir se r\u00e9installer un coll\u00e8ge sur le territoire de la commune. En plus de 5 mois de mobilisation, depuis l\u2019annonce de la fermeture de l\u2019\u00e9tablissement en ao\u00fbt, la mobilisation a \u00e9t\u00e9 massive, avec de nombreuses manifestations et actions symboliques.<\/p>\n","protected":false},"excerpt":{"rendered":"<p>Photo d&rsquo;archive\u00a0 Le nouveau coll\u00e8ge de Vagney sera inaugur\u00e9 ce samedi 7 janvier par Fran\u00e7ois Vannson, pr\u00e9sident du Conseil D\u00e9partemental [&hellip;]<\/p>\n","protected":false},"author":407,"featured_media":66381,"comment_status":"open","ping_status":"open","sticky":false,"template":"","format":"standard","meta":{"footnotes":""},"categories":[26,165,121,82],"tags":[451,468,1534,5003,160,123],"class_list":["post-66380","post","type-post","status-publish","format-standard","has-post-thumbnail","hentry","category-a-la-une","category-enseignement","category-le-val-dajol-le-val-dajol-son-canton","category-le-val-dajol-son-canton","tag-bus","tag-college","tag-inauguration","tag-tous-unis-pour-un-college-au-val-dajol","tag-vagney","tag-val-dajol"],"acf":[],"yoast_head":"<!-- This site is optimized with the Yoast SEO plugin v22.5 - https:\/\/yoast.com\/wordpress\/plugins\/seo\/ -->\n<title>Des membres du collectif &quot;Tous unis pour un coll\u00e8ge au Val d&#039;Ajol&quot; iront \u00e0 l&#039;inauguration du coll\u00e8ge de Vagney - Remiremont Info<\/title>\n<meta name=\"robots\" content=\"index, follow, max-snippet:-1, max-image-preview:large, max-video-preview:-1\" \/>\n<link rel=\"canonical\" href=\"https:\/\/vosgesinfo.fr\/remiremontinfo\/2023\/01\/membres-collectif-unis-college-val-dajol-iront-a-linauguration-college-de-vagney\/\" \/>\n<meta name=\"twitter:card\" content=\"summary_large_image\" \/>\n<meta name=\"twitter:title\" content=\"Des membres du collectif &quot;Tous unis pour un coll\u00e8ge au Val d&#039;Ajol&quot; iront \u00e0 l&#039;inauguration du coll\u00e8ge de Vagney - Remiremont Info\" \/>\n<meta name=\"twitter:description\" content=\"Photo d&rsquo;archive\u00a0 Le nouveau coll\u00e8ge de Vagney sera inaugur\u00e9 ce samedi 7 janvier par Fran\u00e7ois Vannson, pr\u00e9sident du Conseil D\u00e9partemental [&hellip;]\" \/>\n<meta name=\"twitter:image\" content=\"https:\/\/vosgesinfo.fr\/app\/uploads\/sites\/5\/2024\/09\/202208301413798-10159231209093143-6228562943551073466-n-2.jpg\" \/>\n<meta name=\"twitter:creator\" content=\"@VosgesInfo88\" \/>\n<meta name=\"twitter:site\" content=\"@VosgesInfo88\" \/>\n<meta name=\"twitter:label1\" content=\"\u00c9crit par\" \/>\n\t<meta name=\"twitter:data1\" content=\"C D\" \/>\n\t<meta name=\"twitter:label2\" content=\"Dur\u00e9e de lecture estim\u00e9e\" \/>\n\t<meta name=\"twitter:data2\" content=\"1 minute\" \/>\n<script type=\"application\/ld+json\" class=\"yoast-schema-graph\">{\"@context\":\"https:\/\/schema.org\",\"@graph\":[{\"@type\":\"Article\",\"@id\":\"https:\/\/vosgesinfo.fr\/remiremontinfo\/2023\/01\/membres-collectif-unis-college-val-dajol-iront-a-linauguration-college-de-vagney\/#article\",\"isPartOf\":{\"@id\":\"https:\/\/vosgesinfo.fr\/remiremontinfo\/2023\/01\/membres-collectif-unis-college-val-dajol-iront-a-linauguration-college-de-vagney\/\"},\"author\":{\"name\":\"C D\",\"@id\":\"https:\/\/vosgesinfo.fr\/remiremontinfo\/#\/schema\/person\/3bfd164d5218a185b1db68655a265316\"},\"headline\":\"Des membres du collectif \u00ab\u00a0Tous unis pour un coll\u00e8ge au Val d&rsquo;Ajol\u00a0\u00bb iront \u00e0 l&rsquo;inauguration du coll\u00e8ge de Vagney\",\"datePublished\":\"2023-01-05T08:51:16+00:00\",\"dateModified\":\"2023-01-05T08:51:16+00:00\",\"mainEntityOfPage\":{\"@id\":\"https:\/\/vosgesinfo.fr\/remiremontinfo\/2023\/01\/membres-collectif-unis-college-val-dajol-iront-a-linauguration-college-de-vagney\/\"},\"wordCount\":223,\"commentCount\":0,\"publisher\":{\"@id\":\"https:\/\/vosgesinfo.fr\/remiremontinfo\/#organization\"},\"image\":{\"@id\":\"https:\/\/vosgesinfo.fr\/remiremontinfo\/2023\/01\/membres-collectif-unis-college-val-dajol-iront-a-linauguration-college-de-vagney\/#primaryimage\"},\"thumbnailUrl\":\"https:\/\/vosgesinfo.fr\/app\/uploads\/sites\/5\/2024\/09\/202208301413798-10159231209093143-6228562943551073466-n-2.jpg\",\"keywords\":[\"bus\",\"coll\u00e8ge\",\"Inauguration\",\"tous unis pour un coll\u00e8ge au val d'ajol\",\"vagney\",\"val d'ajol\"],\"articleSection\":[\"A la Une\",\"Enseignement\",\"Le Val d'Ajol\",\"Le Val-d'Ajol &amp; son canton\"],\"inLanguage\":\"fr-FR\",\"potentialAction\":[{\"@type\":\"CommentAction\",\"name\":\"Comment\",\"target\":[\"https:\/\/vosgesinfo.fr\/remiremontinfo\/2023\/01\/membres-collectif-unis-college-val-dajol-iront-a-linauguration-college-de-vagney\/#respond\"]}]},{\"@type\":\"WebPage\",\"@id\":\"https:\/\/vosgesinfo.fr\/remiremontinfo\/2023\/01\/membres-collectif-unis-college-val-dajol-iront-a-linauguration-college-de-vagney\/\",\"url\":\"https:\/\/vosgesinfo.fr\/remiremontinfo\/2023\/01\/membres-collectif-unis-college-val-dajol-iront-a-linauguration-college-de-vagney\/\",\"name\":\"Des membres du collectif \\\"Tous unis pour un coll\u00e8ge au Val d'Ajol\\\" iront \u00e0 l'inauguration du coll\u00e8ge de Vagney - Remiremont Info\",\"isPartOf\":{\"@id\":\"https:\/\/vosgesinfo.fr\/remiremontinfo\/#website\"},\"primaryImageOfPage\":{\"@id\":\"https:\/\/vosgesinfo.fr\/remiremontinfo\/2023\/01\/membres-collectif-unis-college-val-dajol-iront-a-linauguration-college-de-vagney\/#primaryimage\"},\"image\":{\"@id\":\"https:\/\/vosgesinfo.fr\/remiremontinfo\/2023\/01\/membres-collectif-unis-college-val-dajol-iront-a-linauguration-college-de-vagney\/#primaryimage\"},\"thumbnailUrl\":\"https:\/\/vosgesinfo.fr\/app\/uploads\/sites\/5\/2024\/09\/202208301413798-10159231209093143-6228562943551073466-n-2.jpg\",\"datePublished\":\"2023-01-05T08:51:16+00:00\",\"dateModified\":\"2023-01-05T08:51:16+00:00\",\"breadcrumb\":{\"@id\":\"https:\/\/vosgesinfo.fr\/remiremontinfo\/2023\/01\/membres-collectif-unis-college-val-dajol-iront-a-linauguration-college-de-vagney\/#breadcrumb\"},\"inLanguage\":\"fr-FR\",\"potentialAction\":[{\"@type\":\"ReadAction\",\"target\":[\"https:\/\/vosgesinfo.fr\/remiremontinfo\/2023\/01\/membres-collectif-unis-college-val-dajol-iront-a-linauguration-college-de-vagney\/\"]}]},{\"@type\":\"ImageObject\",\"inLanguage\":\"fr-FR\",\"@id\":\"https:\/\/vosgesinfo.fr\/remiremontinfo\/2023\/01\/membres-collectif-unis-college-val-dajol-iront-a-linauguration-college-de-vagney\/#primaryimage\",\"url\":\"https:\/\/vosgesinfo.fr\/app\/uploads\/sites\/5\/2024\/09\/202208301413798-10159231209093143-6228562943551073466-n-2.jpg\",\"contentUrl\":\"https:\/\/vosgesinfo.fr\/app\/uploads\/sites\/5\/2024\/09\/202208301413798-10159231209093143-6228562943551073466-n-2.jpg\",\"width\":1909,\"height\":1334},{\"@type\":\"BreadcrumbList\",\"@id\":\"https:\/\/vosgesinfo.fr\/remiremontinfo\/2023\/01\/membres-collectif-unis-college-val-dajol-iront-a-linauguration-college-de-vagney\/#breadcrumb\",\"itemListElement\":[{\"@type\":\"ListItem\",\"position\":1,\"name\":\"Home\",\"item\":\"https:\/\/vosgesinfo.fr\/remiremontinfo\/\"},{\"@type\":\"ListItem\",\"position\":2,\"name\":\"Des membres du collectif \u00ab\u00a0Tous unis pour un coll\u00e8ge au Val d&rsquo;Ajol\u00a0\u00bb iront \u00e0 l&rsquo;inauguration du coll\u00e8ge de Vagney\"}]},{\"@type\":\"WebSite\",\"@id\":\"https:\/\/vosgesinfo.fr\/remiremontinfo\/#website\",\"url\":\"https:\/\/vosgesinfo.fr\/remiremontinfo\/\",\"name\":\"Remiremont Info\",\"description\":\"Toute l&#039;actualit\u00e9 de Remiremont\",\"publisher\":{\"@id\":\"https:\/\/vosgesinfo.fr\/remiremontinfo\/#organization\"},\"alternateName\":\"Toute l'actualit\u00e9 de Remiremont\",\"potentialAction\":[{\"@type\":\"SearchAction\",\"target\":{\"@type\":\"EntryPoint\",\"urlTemplate\":\"https:\/\/vosgesinfo.fr\/remiremontinfo\/?s={search_term_string}\"},\"query-input\":\"required name=search_term_string\"}],\"inLanguage\":\"fr-FR\"},{\"@type\":\"Organization\",\"@id\":\"https:\/\/vosgesinfo.fr\/remiremontinfo\/#organization\",\"name\":\"Remiremont Info\",\"url\":\"https:\/\/vosgesinfo.fr\/remiremontinfo\/\",\"logo\":{\"@type\":\"ImageObject\",\"inLanguage\":\"fr-FR\",\"@id\":\"https:\/\/vosgesinfo.fr\/remiremontinfo\/#\/schema\/logo\/image\/\",\"url\":\"https:\/\/vosgesinfo.fr\/app\/uploads\/sites\/5\/2023\/08\/favicon-remiremontinfo.png\",\"contentUrl\":\"https:\/\/vosgesinfo.fr\/app\/uploads\/sites\/5\/2023\/08\/favicon-remiremontinfo.png\",\"width\":512,\"height\":512,\"caption\":\"Remiremont Info\"},\"image\":{\"@id\":\"https:\/\/vosgesinfo.fr\/remiremontinfo\/#\/schema\/logo\/image\/\"},\"sameAs\":[\"https:\/\/www.facebook.com\/remiremontinfo\",\"https:\/\/x.com\/VosgesInfo88\",\"https:\/\/www.youtube.com\/@vosgesinfo\"]},{\"@type\":\"Person\",\"@id\":\"https:\/\/vosgesinfo.fr\/remiremontinfo\/#\/schema\/person\/3bfd164d5218a185b1db68655a265316\",\"name\":\"C D\",\"image\":{\"@type\":\"ImageObject\",\"inLanguage\":\"fr-FR\",\"@id\":\"https:\/\/vosgesinfo.fr\/remiremontinfo\/#\/schema\/person\/image\/\",\"url\":\"https:\/\/secure.gravatar.com\/avatar\/1f9a70007336511a47468b8f1c66f922b8b7cf617b02a31149ada43893a5d48f?s=96&d=mm&r=g\",\"contentUrl\":\"https:\/\/secure.gravatar.com\/avatar\/1f9a70007336511a47468b8f1c66f922b8b7cf617b02a31149ada43893a5d48f?s=96&d=mm&r=g\",\"caption\":\"C D\"},\"url\":\"https:\/\/vosgesinfo.fr\/remiremontinfo\/author\/cedric-drevet\/\"}]}<\/script>\n<!-- \/ Yoast SEO plugin. -->","yoast_head_json":{"title":"Des membres du collectif \"Tous unis pour un coll\u00e8ge au Val d'Ajol\" iront \u00e0 l'inauguration du coll\u00e8ge de Vagney - Remiremont Info","robots":{"index":"index","follow":"follow","max-snippet":"max-snippet:-1","max-image-preview":"max-image-preview:large","max-video-preview":"max-video-preview:-1"},"canonical":"https:\/\/vosgesinfo.fr\/remiremontinfo\/2023\/01\/membres-collectif-unis-college-val-dajol-iront-a-linauguration-college-de-vagney\/","twitter_card":"summary_large_image","twitter_title":"Des membres du collectif \"Tous unis pour un coll\u00e8ge au Val d'Ajol\" iront \u00e0 l'inauguration du coll\u00e8ge de Vagney - Remiremont Info","twitter_description":"Photo d&rsquo;archive\u00a0 Le nouveau coll\u00e8ge de Vagney sera inaugur\u00e9 ce samedi 7 janvier par Fran\u00e7ois Vannson, pr\u00e9sident du Conseil D\u00e9partemental [&hellip;]","twitter_image":"https:\/\/vosgesinfo.fr\/app\/uploads\/sites\/5\/2024\/09\/202208301413798-10159231209093143-6228562943551073466-n-2.jpg","twitter_creator":"@VosgesInfo88","twitter_site":"@VosgesInfo88","twitter_misc":{"\u00c9crit par":"C D","Dur\u00e9e de lecture estim\u00e9e":"1 minute"},"schema":{"@context":"https:\/\/schema.org","@graph":[{"@type":"Article","@id":"https:\/\/vosgesinfo.fr\/remiremontinfo\/2023\/01\/membres-collectif-unis-college-val-dajol-iront-a-linauguration-college-de-vagney\/#article","isPartOf":{"@id":"https:\/\/vosgesinfo.fr\/remiremontinfo\/2023\/01\/membres-collectif-unis-college-val-dajol-iront-a-linauguration-college-de-vagney\/"},"author":{"name":"C D","@id":"https:\/\/vosgesinfo.fr\/remiremontinfo\/#\/schema\/person\/3bfd164d5218a185b1db68655a265316"},"headline":"Des membres du collectif \u00ab\u00a0Tous unis pour un coll\u00e8ge au Val d&rsquo;Ajol\u00a0\u00bb iront \u00e0 l&rsquo;inauguration du coll\u00e8ge de Vagney","datePublished":"2023-01-05T08:51:16+00:00","dateModified":"2023-01-05T08:51:16+00:00","mainEntityOfPage":{"@id":"https:\/\/vosgesinfo.fr\/remiremontinfo\/2023\/01\/membres-collectif-unis-college-val-dajol-iront-a-linauguration-college-de-vagney\/"},"wordCount":223,"commentCount":0,"publisher":{"@id":"https:\/\/vosgesinfo.fr\/remiremontinfo\/#organization"},"image":{"@id":"https:\/\/vosgesinfo.fr\/remiremontinfo\/2023\/01\/membres-collectif-unis-college-val-dajol-iront-a-linauguration-college-de-vagney\/#primaryimage"},"thumbnailUrl":"https:\/\/vosgesinfo.fr\/app\/uploads\/sites\/5\/2024\/09\/202208301413798-10159231209093143-6228562943551073466-n-2.jpg","keywords":["bus","coll\u00e8ge","Inauguration","tous unis pour un coll\u00e8ge au val d'ajol","vagney","val d'ajol"],"articleSection":["A la Une","Enseignement","Le Val d'Ajol","Le Val-d'Ajol &amp; son canton"],"inLanguage":"fr-FR","potentialAction":[{"@type":"CommentAction","name":"Comment","target":["https:\/\/vosgesinfo.fr\/remiremontinfo\/2023\/01\/membres-collectif-unis-college-val-dajol-iront-a-linauguration-college-de-vagney\/#respond"]}]},{"@type":"WebPage","@id":"https:\/\/vosgesinfo.fr\/remiremontinfo\/2023\/01\/membres-collectif-unis-college-val-dajol-iront-a-linauguration-college-de-vagney\/","url":"https:\/\/vosgesinfo.fr\/remiremontinfo\/2023\/01\/membres-collectif-unis-college-val-dajol-iront-a-linauguration-college-de-vagney\/","name":"Des membres du collectif \"Tous unis pour un coll\u00e8ge au Val d'Ajol\" iront \u00e0 l'inauguration du coll\u00e8ge de Vagney - Remiremont Info","isPartOf":{"@id":"https:\/\/vosgesinfo.fr\/remiremontinfo\/#website"},"primaryImageOfPage":{"@id":"https:\/\/vosgesinfo.fr\/remiremontinfo\/2023\/01\/membres-collectif-unis-college-val-dajol-iront-a-linauguration-college-de-vagney\/#primaryimage"},"image":{"@id":"https:\/\/vosgesinfo.fr\/remiremontinfo\/2023\/01\/membres-collectif-unis-college-val-dajol-iront-a-linauguration-college-de-vagney\/#primaryimage"},"thumbnailUrl":"https:\/\/vosgesinfo.fr\/app\/uploads\/sites\/5\/2024\/09\/202208301413798-10159231209093143-6228562943551073466-n-2.jpg","datePublished":"2023-01-05T08:51:16+00:00","dateModified":"2023-01-05T08:51:16+00:00","breadcrumb":{"@id":"https:\/\/vosgesinfo.fr\/remiremontinfo\/2023\/01\/membres-collectif-unis-college-val-dajol-iront-a-linauguration-college-de-vagney\/#breadcrumb"},"inLanguage":"fr-FR","potentialAction":[{"@type":"ReadAction","target":["https:\/\/vosgesinfo.fr\/remiremontinfo\/2023\/01\/membres-collectif-unis-college-val-dajol-iront-a-linauguration-college-de-vagney\/"]}]},{"@type":"ImageObject","inLanguage":"fr-FR","@id":"https:\/\/vosgesinfo.fr\/remiremontinfo\/2023\/01\/membres-collectif-unis-college-val-dajol-iront-a-linauguration-college-de-vagney\/#primaryimage","url":"https:\/\/vosgesinfo.fr\/app\/uploads\/sites\/5\/2024\/09\/202208301413798-10159231209093143-6228562943551073466-n-2.jpg","contentUrl":"https:\/\/vosgesinfo.fr\/app\/uploads\/sites\/5\/2024\/09\/202208301413798-10159231209093143-6228562943551073466-n-2.jpg","width":1909,"height":1334},{"@type":"BreadcrumbList","@id":"https:\/\/vosgesinfo.fr\/remiremontinfo\/2023\/01\/membres-collectif-unis-college-val-dajol-iront-a-linauguration-college-de-vagney\/#breadcrumb","itemListElement":[{"@type":"ListItem","position":1,"name":"Home","item":"https:\/\/vosgesinfo.fr\/remiremontinfo\/"},{"@type":"ListItem","position":2,"name":"Des membres du collectif \u00ab\u00a0Tous unis pour un coll\u00e8ge au Val d&rsquo;Ajol\u00a0\u00bb iront \u00e0 l&rsquo;inauguration du coll\u00e8ge de Vagney"}]},{"@type":"WebSite","@id":"https:\/\/vosgesinfo.fr\/remiremontinfo\/#website","url":"https:\/\/vosgesinfo.fr\/remiremontinfo\/","name":"Remiremont Info","description":"Toute l&#039;actualit\u00e9 de Remiremont","publisher":{"@id":"https:\/\/vosgesinfo.fr\/remiremontinfo\/#organization"},"alternateName":"Toute l'actualit\u00e9 de Remiremont","potentialAction":[{"@type":"SearchAction","target":{"@type":"EntryPoint","urlTemplate":"https:\/\/vosgesinfo.fr\/remiremontinfo\/?s={search_term_string}"},"query-input":"required name=search_term_string"}],"inLanguage":"fr-FR"},{"@type":"Organization","@id":"https:\/\/vosgesinfo.fr\/remiremontinfo\/#organization","name":"Remiremont Info","url":"https:\/\/vosgesinfo.fr\/remiremontinfo\/","logo":{"@type":"ImageObject","inLanguage":"fr-FR","@id":"https:\/\/vosgesinfo.fr\/remiremontinfo\/#\/schema\/logo\/image\/","url":"https:\/\/vosgesinfo.fr\/app\/uploads\/sites\/5\/2023\/08\/favicon-remiremontinfo.png","contentUrl":"https:\/\/vosgesinfo.fr\/app\/uploads\/sites\/5\/2023\/08\/favicon-remiremontinfo.png","width":512,"height":512,"caption":"Remiremont Info"},"image":{"@id":"https:\/\/vosgesinfo.fr\/remiremontinfo\/#\/schema\/logo\/image\/"},"sameAs":["https:\/\/www.facebook.com\/remiremontinfo","https:\/\/x.com\/VosgesInfo88","https:\/\/www.youtube.com\/@vosgesinfo"]},{"@type":"Person","@id":"https:\/\/vosgesinfo.fr\/remiremontinfo\/#\/schema\/person\/3bfd164d5218a185b1db68655a265316","name":"C D","image":{"@type":"ImageObject","inLanguage":"fr-FR","@id":"https:\/\/vosgesinfo.fr\/remiremontinfo\/#\/schema\/person\/image\/","url":"https:\/\/secure.gravatar.com\/avatar\/1f9a70007336511a47468b8f1c66f922b8b7cf617b02a31149ada43893a5d48f?s=96&d=mm&r=g","contentUrl":"https:\/\/secure.gravatar.com\/avatar\/1f9a70007336511a47468b8f1c66f922b8b7cf617b02a31149ada43893a5d48f?s=96&d=mm&r=g","caption":"C D"},"url":"https:\/\/vosgesinfo.fr\/remiremontinfo\/author\/cedric-drevet\/"}]}},"_links":{"self":[{"href":"https:\/\/vosgesinfo.fr\/remiremontinfo\/wp-json\/wp\/v2\/posts\/66380","targetHints":{"allow":["GET"]}}],"collection":[{"href":"https:\/\/vosgesinfo.fr\/remiremontinfo\/wp-json\/wp\/v2\/posts"}],"about":[{"href":"https:\/\/vosgesinfo.fr\/remiremontinfo\/wp-json\/wp\/v2\/types\/post"}],"author":[{"embeddable":true,"href":"https:\/\/vosgesinfo.fr\/remiremontinfo\/wp-json\/wp\/v2\/users\/407"}],"replies":[{"embeddable":true,"href":"https:\/\/vosgesinfo.fr\/remiremontinfo\/wp-json\/wp\/v2\/comments?post=66380"}],"version-history":[{"count":0,"href":"https:\/\/vosgesinfo.fr\/remiremontinfo\/wp-json\/wp\/v2\/posts\/66380\/revisions"}],"wp:featuredmedia":[{"embeddable":true,"href":"https:\/\/vosgesinfo.fr\/remiremontinfo\/wp-json\/wp\/v2\/media\/66381"}],"wp:attachment":[{"href":"https:\/\/vosgesinfo.fr\/remiremontinfo\/wp-json\/wp\/v2\/media?parent=66380"}],"wp:term":[{"taxonomy":"category","embeddable":true,"href":"https:\/\/vosgesinfo.fr\/remiremontinfo\/wp-json\/wp\/v2\/categories?post=66380"},{"taxonomy":"post_tag","embeddable":true,"href":"https:\/\/vosgesinfo.fr\/remiremontinfo\/wp-json\/wp\/v2\/tags?post=66380"}],"curies":[{"name":"wp","href":"https:\/\/api.w.org\/{rel}","templated":true}]}}