{"id":66486,"date":"2023-01-07T08:58:40","date_gmt":"2023-01-07T07:58:40","guid":{"rendered":"https:\/\/vosgesinfo.fr\/remiremontinfo\/2023\/01\/saint-nabord-200eme-anniversaire-de-mort-general-humbert\/"},"modified":"2023-01-07T08:58:40","modified_gmt":"2023-01-07T07:58:40","slug":"saint-nabord-200eme-anniversaire-de-mort-general-humbert","status":"publish","type":"post","link":"https:\/\/vosgesinfo.fr\/remiremontinfo\/2023\/01\/saint-nabord-200eme-anniversaire-de-mort-general-humbert\/","title":{"rendered":"Saint-Nabord : 200\u00e8me anniversaire de la mort du G\u00e9n\u00e9ral Humbert"},"content":{"rendered":"<p><a href=\"\/2023\/01\/humbert-1.jpg\"><img decoding=\"async\" class=\"alignnone size-large wp-image-361481\" src=\"\/2023\/01\/humbert-1-1024x768.jpg\" alt=\"humbert (1)\" width=\"960\" height=\"720\" \/><\/a><\/p>\n<div class=\"x11i5rnm xat24cr x1mh8g0r x1vvkbs xdj266r x126k92a\">\n<div dir=\"auto\"><span style=\"font-size: 10pt;\"><em>Photos par la\u00a0Mairie de Saint-Nabord\u00a0<\/em><\/span><\/div>\n<\/div>\n<div class=\"x11i5rnm xat24cr x1mh8g0r x1vvkbs xtlvy1s x126k92a\">\n<h2 dir=\"auto\"><span style=\"font-size: 12pt;\"><strong>Ce\u00a0mardi 3 janvier 2023, la municipalit\u00e9 de Saint-Nabord a c\u00e9l\u00e9br\u00e9, conjointement avec les autorit\u00e9s irlandaises et am\u00e9ricaines, le 200\u00e8me anniversaire de la mort du G\u00e9n\u00e9ral Humbert. Jean, Joseph, Amable Humbert est n\u00e9 \u00e0 Saint-Nabord, \u00e0 La Couare, le 22 ao\u00fbt 1767. Ce fils de paysan, sans \u00e9ducation, s&rsquo;engage en 1792 dans les Volontaires des Vosges. <\/strong><\/span><\/h2>\n<div dir=\"auto\">Ses qualit\u00e9s de meneur d&rsquo;hommes sont reconnues et il est nomm\u00e9 g\u00e9n\u00e9ral de brigade en 1794, \u00e0 26 ans. Sa carri\u00e8re militaire le conduit sur tous les champs de bataille en France et aux fronti\u00e8res. En 1798, il commande la 2\u00e8me exp\u00e9dition d&rsquo;Irlande pour venir en aide aux patriotes irlandais, en lutte contre les Anglais. Il d\u00e9barque \u00e0 Kilcumin et lib\u00e8re les villes de Killala, Ballina et Castlebar. C&rsquo;est cette victoire de Castlebar, face \u00e0 6000 soldats anglais qui assure sa gloire et son prestige dans le c\u0153ur des Irlandais.<\/div>\n<\/div>\n<div class=\"x11i5rnm xat24cr x1mh8g0r x1vvkbs xtlvy1s x126k92a\">\n<div dir=\"auto\"><\/div>\n<div dir=\"auto\">Sa longue carri\u00e8re le conduit ensuite en Am\u00e9rique. C&rsquo;est \u00e0 La nouvelle Orl\u00e9ans qu&rsquo;il s&rsquo;\u00e9teint, oubli\u00e9 et seul en janvier 1823, il y a 200 ans\u2026 Voici ce qu&rsquo;on pouvait lire dans Le Courrier de la Louisiane, le 6 janvier 1823 : \u00ab Celui dont le bouillant courage dompta tant de fois les dangers, celui que la mort respecta si souvent dans les combats, le G\u00e9n\u00e9ral Humbert enfin, vient de terminer sa carri\u00e8re \u00e0 la suite d&rsquo;une maladie longue et douloureuse\u2026 Les restes de l&rsquo;intr\u00e9pide guerrier ont \u00e9t\u00e9 accompagn\u00e9s \u00e0 leur derni\u00e8re demeure par un grand concours de citoyens respectables. \u00bb<\/div>\n<\/div>\n<div class=\"x11i5rnm xat24cr x1mh8g0r x1vvkbs xtlvy1s x126k92a\">\n<div dir=\"auto\"><\/div>\n<div dir=\"auto\">En ce jour anniversaire, la m\u00e9moire du G\u00e9n\u00e9ral Humbert a \u00e9t\u00e9 honor\u00e9e en Irlande dans les villes de Ballina et Killala par des d\u00e9p\u00f4ts de gerbe au pied de la statue de notre c\u00e9l\u00e8bre Navoiriaud. Une comm\u00e9moration a eu lieu \u00e9galement \u00e0 La Nouvelle Orl\u00e9ans par le Consul G\u00e9n\u00e9ral. \u00c0 Saint-Nabord, une gerbe a \u00e9t\u00e9 d\u00e9pos\u00e9e par Monsieur le Maire et Madame Jacqueline Duch\u00eane, pr\u00e9sidente de l&rsquo;association Histoire et Patrimoine, devant l&rsquo;effigie du G\u00e9n\u00e9ral Humbert.<\/div>\n<\/div>\n<div dir=\"auto\"><\/div>\n<div dir=\"auto\"><span style=\"font-size: 10pt;\"><em>Source : Mairie de Saint-Nabord\u00a0<\/em><\/span><\/div>\n<div dir=\"auto\"><\/div>\n<div dir=\"auto\">\n\n<\/div>\n","protected":false},"excerpt":{"rendered":"<p>Photos par la\u00a0Mairie de Saint-Nabord\u00a0 Ce\u00a0mardi 3 janvier 2023, la municipalit\u00e9 de Saint-Nabord a c\u00e9l\u00e9br\u00e9, conjointement avec les autorit\u00e9s irlandaises [&hellip;]<\/p>\n","protected":false},"author":407,"featured_media":66487,"comment_status":"open","ping_status":"open","sticky":false,"template":"","format":"standard","meta":{"footnotes":""},"categories":[26,86,35,100],"tags":[5331,42,32],"class_list":["post-66486","post","type-post","status-publish","format-standard","has-post-thumbnail","hentry","category-a-la-une","category-histoire","category-remiremont-son-canton","category-saint-nabord","tag-humbert","tag-saint-nabord","tag-vosges"],"acf":[],"yoast_head":"<!-- This site is optimized with the Yoast SEO plugin v22.5 - https:\/\/yoast.com\/wordpress\/plugins\/seo\/ -->\n<title>Saint-Nabord : 200\u00e8me anniversaire de la mort du G\u00e9n\u00e9ral Humbert - Remiremont Info<\/title>\n<meta name=\"robots\" content=\"index, follow, max-snippet:-1, max-image-preview:large, max-video-preview:-1\" \/>\n<link rel=\"canonical\" href=\"https:\/\/vosgesinfo.fr\/remiremontinfo\/2023\/01\/saint-nabord-200eme-anniversaire-de-mort-general-humbert\/\" \/>\n<meta name=\"twitter:card\" content=\"summary_large_image\" \/>\n<meta name=\"twitter:title\" content=\"Saint-Nabord : 200\u00e8me anniversaire de la mort du G\u00e9n\u00e9ral Humbert - Remiremont Info\" \/>\n<meta name=\"twitter:description\" content=\"Photos par la\u00a0Mairie de Saint-Nabord\u00a0 Ce\u00a0mardi 3 janvier 2023, la municipalit\u00e9 de Saint-Nabord a c\u00e9l\u00e9br\u00e9, conjointement avec les autorit\u00e9s irlandaises [&hellip;]\" \/>\n<meta name=\"twitter:image\" content=\"https:\/\/vosgesinfo.fr\/app\/uploads\/sites\/5\/2024\/09\/202301humbert-5.jpg\" \/>\n<meta name=\"twitter:creator\" content=\"@VosgesInfo88\" \/>\n<meta name=\"twitter:site\" content=\"@VosgesInfo88\" \/>\n<meta name=\"twitter:label1\" content=\"\u00c9crit par\" \/>\n\t<meta name=\"twitter:data1\" content=\"C D\" \/>\n\t<meta name=\"twitter:label2\" content=\"Dur\u00e9e de lecture estim\u00e9e\" \/>\n\t<meta name=\"twitter:data2\" content=\"2 minutes\" \/>\n<script type=\"application\/ld+json\" class=\"yoast-schema-graph\">{\"@context\":\"https:\/\/schema.org\",\"@graph\":[{\"@type\":\"Article\",\"@id\":\"https:\/\/vosgesinfo.fr\/remiremontinfo\/2023\/01\/saint-nabord-200eme-anniversaire-de-mort-general-humbert\/#article\",\"isPartOf\":{\"@id\":\"https:\/\/vosgesinfo.fr\/remiremontinfo\/2023\/01\/saint-nabord-200eme-anniversaire-de-mort-general-humbert\/\"},\"author\":{\"name\":\"C D\",\"@id\":\"https:\/\/vosgesinfo.fr\/remiremontinfo\/#\/schema\/person\/3bfd164d5218a185b1db68655a265316\"},\"headline\":\"Saint-Nabord : 200\u00e8me anniversaire de la mort du G\u00e9n\u00e9ral Humbert\",\"datePublished\":\"2023-01-07T07:58:40+00:00\",\"dateModified\":\"2023-01-07T07:58:40+00:00\",\"mainEntityOfPage\":{\"@id\":\"https:\/\/vosgesinfo.fr\/remiremontinfo\/2023\/01\/saint-nabord-200eme-anniversaire-de-mort-general-humbert\/\"},\"wordCount\":380,\"commentCount\":0,\"publisher\":{\"@id\":\"https:\/\/vosgesinfo.fr\/remiremontinfo\/#organization\"},\"image\":{\"@id\":\"https:\/\/vosgesinfo.fr\/remiremontinfo\/2023\/01\/saint-nabord-200eme-anniversaire-de-mort-general-humbert\/#primaryimage\"},\"thumbnailUrl\":\"https:\/\/vosgesinfo.fr\/app\/uploads\/sites\/5\/2024\/09\/202301humbert-5.jpg\",\"keywords\":[\"humbert\",\"saint-nabord\",\"Vosges\"],\"articleSection\":[\"A la Une\",\"Histoire\",\"Remiremont &amp; son canton\",\"Saint-Nabord\"],\"inLanguage\":\"fr-FR\",\"potentialAction\":[{\"@type\":\"CommentAction\",\"name\":\"Comment\",\"target\":[\"https:\/\/vosgesinfo.fr\/remiremontinfo\/2023\/01\/saint-nabord-200eme-anniversaire-de-mort-general-humbert\/#respond\"]}]},{\"@type\":\"WebPage\",\"@id\":\"https:\/\/vosgesinfo.fr\/remiremontinfo\/2023\/01\/saint-nabord-200eme-anniversaire-de-mort-general-humbert\/\",\"url\":\"https:\/\/vosgesinfo.fr\/remiremontinfo\/2023\/01\/saint-nabord-200eme-anniversaire-de-mort-general-humbert\/\",\"name\":\"Saint-Nabord : 200\u00e8me anniversaire de la mort du G\u00e9n\u00e9ral Humbert - Remiremont Info\",\"isPartOf\":{\"@id\":\"https:\/\/vosgesinfo.fr\/remiremontinfo\/#website\"},\"primaryImageOfPage\":{\"@id\":\"https:\/\/vosgesinfo.fr\/remiremontinfo\/2023\/01\/saint-nabord-200eme-anniversaire-de-mort-general-humbert\/#primaryimage\"},\"image\":{\"@id\":\"https:\/\/vosgesinfo.fr\/remiremontinfo\/2023\/01\/saint-nabord-200eme-anniversaire-de-mort-general-humbert\/#primaryimage\"},\"thumbnailUrl\":\"https:\/\/vosgesinfo.fr\/app\/uploads\/sites\/5\/2024\/09\/202301humbert-5.jpg\",\"datePublished\":\"2023-01-07T07:58:40+00:00\",\"dateModified\":\"2023-01-07T07:58:40+00:00\",\"breadcrumb\":{\"@id\":\"https:\/\/vosgesinfo.fr\/remiremontinfo\/2023\/01\/saint-nabord-200eme-anniversaire-de-mort-general-humbert\/#breadcrumb\"},\"inLanguage\":\"fr-FR\",\"potentialAction\":[{\"@type\":\"ReadAction\",\"target\":[\"https:\/\/vosgesinfo.fr\/remiremontinfo\/2023\/01\/saint-nabord-200eme-anniversaire-de-mort-general-humbert\/\"]}]},{\"@type\":\"ImageObject\",\"inLanguage\":\"fr-FR\",\"@id\":\"https:\/\/vosgesinfo.fr\/remiremontinfo\/2023\/01\/saint-nabord-200eme-anniversaire-de-mort-general-humbert\/#primaryimage\",\"url\":\"https:\/\/vosgesinfo.fr\/app\/uploads\/sites\/5\/2024\/09\/202301humbert-5.jpg\",\"contentUrl\":\"https:\/\/vosgesinfo.fr\/app\/uploads\/sites\/5\/2024\/09\/202301humbert-5.jpg\",\"width\":2048,\"height\":1536},{\"@type\":\"BreadcrumbList\",\"@id\":\"https:\/\/vosgesinfo.fr\/remiremontinfo\/2023\/01\/saint-nabord-200eme-anniversaire-de-mort-general-humbert\/#breadcrumb\",\"itemListElement\":[{\"@type\":\"ListItem\",\"position\":1,\"name\":\"Home\",\"item\":\"https:\/\/vosgesinfo.fr\/remiremontinfo\/\"},{\"@type\":\"ListItem\",\"position\":2,\"name\":\"Saint-Nabord : 200\u00e8me anniversaire de la mort du G\u00e9n\u00e9ral Humbert\"}]},{\"@type\":\"WebSite\",\"@id\":\"https:\/\/vosgesinfo.fr\/remiremontinfo\/#website\",\"url\":\"https:\/\/vosgesinfo.fr\/remiremontinfo\/\",\"name\":\"Remiremont Info\",\"description\":\"Toute l&#039;actualit\u00e9 de Remiremont\",\"publisher\":{\"@id\":\"https:\/\/vosgesinfo.fr\/remiremontinfo\/#organization\"},\"alternateName\":\"Toute l'actualit\u00e9 de Remiremont\",\"potentialAction\":[{\"@type\":\"SearchAction\",\"target\":{\"@type\":\"EntryPoint\",\"urlTemplate\":\"https:\/\/vosgesinfo.fr\/remiremontinfo\/?s={search_term_string}\"},\"query-input\":\"required name=search_term_string\"}],\"inLanguage\":\"fr-FR\"},{\"@type\":\"Organization\",\"@id\":\"https:\/\/vosgesinfo.fr\/remiremontinfo\/#organization\",\"name\":\"Remiremont Info\",\"url\":\"https:\/\/vosgesinfo.fr\/remiremontinfo\/\",\"logo\":{\"@type\":\"ImageObject\",\"inLanguage\":\"fr-FR\",\"@id\":\"https:\/\/vosgesinfo.fr\/remiremontinfo\/#\/schema\/logo\/image\/\",\"url\":\"https:\/\/vosgesinfo.fr\/app\/uploads\/sites\/5\/2023\/08\/favicon-remiremontinfo.png\",\"contentUrl\":\"https:\/\/vosgesinfo.fr\/app\/uploads\/sites\/5\/2023\/08\/favicon-remiremontinfo.png\",\"width\":512,\"height\":512,\"caption\":\"Remiremont Info\"},\"image\":{\"@id\":\"https:\/\/vosgesinfo.fr\/remiremontinfo\/#\/schema\/logo\/image\/\"},\"sameAs\":[\"https:\/\/www.facebook.com\/remiremontinfo\",\"https:\/\/x.com\/VosgesInfo88\",\"https:\/\/www.youtube.com\/@vosgesinfo\"]},{\"@type\":\"Person\",\"@id\":\"https:\/\/vosgesinfo.fr\/remiremontinfo\/#\/schema\/person\/3bfd164d5218a185b1db68655a265316\",\"name\":\"C D\",\"image\":{\"@type\":\"ImageObject\",\"inLanguage\":\"fr-FR\",\"@id\":\"https:\/\/vosgesinfo.fr\/remiremontinfo\/#\/schema\/person\/image\/\",\"url\":\"https:\/\/secure.gravatar.com\/avatar\/1f9a70007336511a47468b8f1c66f922b8b7cf617b02a31149ada43893a5d48f?s=96&d=mm&r=g\",\"contentUrl\":\"https:\/\/secure.gravatar.com\/avatar\/1f9a70007336511a47468b8f1c66f922b8b7cf617b02a31149ada43893a5d48f?s=96&d=mm&r=g\",\"caption\":\"C D\"},\"url\":\"https:\/\/vosgesinfo.fr\/remiremontinfo\/author\/cedric-drevet\/\"}]}<\/script>\n<!-- \/ Yoast SEO plugin. -->","yoast_head_json":{"title":"Saint-Nabord : 200\u00e8me anniversaire de la mort du G\u00e9n\u00e9ral Humbert - Remiremont Info","robots":{"index":"index","follow":"follow","max-snippet":"max-snippet:-1","max-image-preview":"max-image-preview:large","max-video-preview":"max-video-preview:-1"},"canonical":"https:\/\/vosgesinfo.fr\/remiremontinfo\/2023\/01\/saint-nabord-200eme-anniversaire-de-mort-general-humbert\/","twitter_card":"summary_large_image","twitter_title":"Saint-Nabord : 200\u00e8me anniversaire de la mort du G\u00e9n\u00e9ral Humbert - Remiremont Info","twitter_description":"Photos par la\u00a0Mairie de Saint-Nabord\u00a0 Ce\u00a0mardi 3 janvier 2023, la municipalit\u00e9 de Saint-Nabord a c\u00e9l\u00e9br\u00e9, conjointement avec les autorit\u00e9s irlandaises [&hellip;]","twitter_image":"https:\/\/vosgesinfo.fr\/app\/uploads\/sites\/5\/2024\/09\/202301humbert-5.jpg","twitter_creator":"@VosgesInfo88","twitter_site":"@VosgesInfo88","twitter_misc":{"\u00c9crit par":"C D","Dur\u00e9e de lecture estim\u00e9e":"2 minutes"},"schema":{"@context":"https:\/\/schema.org","@graph":[{"@type":"Article","@id":"https:\/\/vosgesinfo.fr\/remiremontinfo\/2023\/01\/saint-nabord-200eme-anniversaire-de-mort-general-humbert\/#article","isPartOf":{"@id":"https:\/\/vosgesinfo.fr\/remiremontinfo\/2023\/01\/saint-nabord-200eme-anniversaire-de-mort-general-humbert\/"},"author":{"name":"C D","@id":"https:\/\/vosgesinfo.fr\/remiremontinfo\/#\/schema\/person\/3bfd164d5218a185b1db68655a265316"},"headline":"Saint-Nabord : 200\u00e8me anniversaire de la mort du G\u00e9n\u00e9ral Humbert","datePublished":"2023-01-07T07:58:40+00:00","dateModified":"2023-01-07T07:58:40+00:00","mainEntityOfPage":{"@id":"https:\/\/vosgesinfo.fr\/remiremontinfo\/2023\/01\/saint-nabord-200eme-anniversaire-de-mort-general-humbert\/"},"wordCount":380,"commentCount":0,"publisher":{"@id":"https:\/\/vosgesinfo.fr\/remiremontinfo\/#organization"},"image":{"@id":"https:\/\/vosgesinfo.fr\/remiremontinfo\/2023\/01\/saint-nabord-200eme-anniversaire-de-mort-general-humbert\/#primaryimage"},"thumbnailUrl":"https:\/\/vosgesinfo.fr\/app\/uploads\/sites\/5\/2024\/09\/202301humbert-5.jpg","keywords":["humbert","saint-nabord","Vosges"],"articleSection":["A la Une","Histoire","Remiremont &amp; son canton","Saint-Nabord"],"inLanguage":"fr-FR","potentialAction":[{"@type":"CommentAction","name":"Comment","target":["https:\/\/vosgesinfo.fr\/remiremontinfo\/2023\/01\/saint-nabord-200eme-anniversaire-de-mort-general-humbert\/#respond"]}]},{"@type":"WebPage","@id":"https:\/\/vosgesinfo.fr\/remiremontinfo\/2023\/01\/saint-nabord-200eme-anniversaire-de-mort-general-humbert\/","url":"https:\/\/vosgesinfo.fr\/remiremontinfo\/2023\/01\/saint-nabord-200eme-anniversaire-de-mort-general-humbert\/","name":"Saint-Nabord : 200\u00e8me anniversaire de la mort du G\u00e9n\u00e9ral Humbert - Remiremont Info","isPartOf":{"@id":"https:\/\/vosgesinfo.fr\/remiremontinfo\/#website"},"primaryImageOfPage":{"@id":"https:\/\/vosgesinfo.fr\/remiremontinfo\/2023\/01\/saint-nabord-200eme-anniversaire-de-mort-general-humbert\/#primaryimage"},"image":{"@id":"https:\/\/vosgesinfo.fr\/remiremontinfo\/2023\/01\/saint-nabord-200eme-anniversaire-de-mort-general-humbert\/#primaryimage"},"thumbnailUrl":"https:\/\/vosgesinfo.fr\/app\/uploads\/sites\/5\/2024\/09\/202301humbert-5.jpg","datePublished":"2023-01-07T07:58:40+00:00","dateModified":"2023-01-07T07:58:40+00:00","breadcrumb":{"@id":"https:\/\/vosgesinfo.fr\/remiremontinfo\/2023\/01\/saint-nabord-200eme-anniversaire-de-mort-general-humbert\/#breadcrumb"},"inLanguage":"fr-FR","potentialAction":[{"@type":"ReadAction","target":["https:\/\/vosgesinfo.fr\/remiremontinfo\/2023\/01\/saint-nabord-200eme-anniversaire-de-mort-general-humbert\/"]}]},{"@type":"ImageObject","inLanguage":"fr-FR","@id":"https:\/\/vosgesinfo.fr\/remiremontinfo\/2023\/01\/saint-nabord-200eme-anniversaire-de-mort-general-humbert\/#primaryimage","url":"https:\/\/vosgesinfo.fr\/app\/uploads\/sites\/5\/2024\/09\/202301humbert-5.jpg","contentUrl":"https:\/\/vosgesinfo.fr\/app\/uploads\/sites\/5\/2024\/09\/202301humbert-5.jpg","width":2048,"height":1536},{"@type":"BreadcrumbList","@id":"https:\/\/vosgesinfo.fr\/remiremontinfo\/2023\/01\/saint-nabord-200eme-anniversaire-de-mort-general-humbert\/#breadcrumb","itemListElement":[{"@type":"ListItem","position":1,"name":"Home","item":"https:\/\/vosgesinfo.fr\/remiremontinfo\/"},{"@type":"ListItem","position":2,"name":"Saint-Nabord : 200\u00e8me anniversaire de la mort du G\u00e9n\u00e9ral Humbert"}]},{"@type":"WebSite","@id":"https:\/\/vosgesinfo.fr\/remiremontinfo\/#website","url":"https:\/\/vosgesinfo.fr\/remiremontinfo\/","name":"Remiremont Info","description":"Toute l&#039;actualit\u00e9 de Remiremont","publisher":{"@id":"https:\/\/vosgesinfo.fr\/remiremontinfo\/#organization"},"alternateName":"Toute l'actualit\u00e9 de Remiremont","potentialAction":[{"@type":"SearchAction","target":{"@type":"EntryPoint","urlTemplate":"https:\/\/vosgesinfo.fr\/remiremontinfo\/?s={search_term_string}"},"query-input":"required name=search_term_string"}],"inLanguage":"fr-FR"},{"@type":"Organization","@id":"https:\/\/vosgesinfo.fr\/remiremontinfo\/#organization","name":"Remiremont Info","url":"https:\/\/vosgesinfo.fr\/remiremontinfo\/","logo":{"@type":"ImageObject","inLanguage":"fr-FR","@id":"https:\/\/vosgesinfo.fr\/remiremontinfo\/#\/schema\/logo\/image\/","url":"https:\/\/vosgesinfo.fr\/app\/uploads\/sites\/5\/2023\/08\/favicon-remiremontinfo.png","contentUrl":"https:\/\/vosgesinfo.fr\/app\/uploads\/sites\/5\/2023\/08\/favicon-remiremontinfo.png","width":512,"height":512,"caption":"Remiremont Info"},"image":{"@id":"https:\/\/vosgesinfo.fr\/remiremontinfo\/#\/schema\/logo\/image\/"},"sameAs":["https:\/\/www.facebook.com\/remiremontinfo","https:\/\/x.com\/VosgesInfo88","https:\/\/www.youtube.com\/@vosgesinfo"]},{"@type":"Person","@id":"https:\/\/vosgesinfo.fr\/remiremontinfo\/#\/schema\/person\/3bfd164d5218a185b1db68655a265316","name":"C D","image":{"@type":"ImageObject","inLanguage":"fr-FR","@id":"https:\/\/vosgesinfo.fr\/remiremontinfo\/#\/schema\/person\/image\/","url":"https:\/\/secure.gravatar.com\/avatar\/1f9a70007336511a47468b8f1c66f922b8b7cf617b02a31149ada43893a5d48f?s=96&d=mm&r=g","contentUrl":"https:\/\/secure.gravatar.com\/avatar\/1f9a70007336511a47468b8f1c66f922b8b7cf617b02a31149ada43893a5d48f?s=96&d=mm&r=g","caption":"C D"},"url":"https:\/\/vosgesinfo.fr\/remiremontinfo\/author\/cedric-drevet\/"}]}},"_links":{"self":[{"href":"https:\/\/vosgesinfo.fr\/remiremontinfo\/wp-json\/wp\/v2\/posts\/66486","targetHints":{"allow":["GET"]}}],"collection":[{"href":"https:\/\/vosgesinfo.fr\/remiremontinfo\/wp-json\/wp\/v2\/posts"}],"about":[{"href":"https:\/\/vosgesinfo.fr\/remiremontinfo\/wp-json\/wp\/v2\/types\/post"}],"author":[{"embeddable":true,"href":"https:\/\/vosgesinfo.fr\/remiremontinfo\/wp-json\/wp\/v2\/users\/407"}],"replies":[{"embeddable":true,"href":"https:\/\/vosgesinfo.fr\/remiremontinfo\/wp-json\/wp\/v2\/comments?post=66486"}],"version-history":[{"count":0,"href":"https:\/\/vosgesinfo.fr\/remiremontinfo\/wp-json\/wp\/v2\/posts\/66486\/revisions"}],"wp:featuredmedia":[{"embeddable":true,"href":"https:\/\/vosgesinfo.fr\/remiremontinfo\/wp-json\/wp\/v2\/media\/66487"}],"wp:attachment":[{"href":"https:\/\/vosgesinfo.fr\/remiremontinfo\/wp-json\/wp\/v2\/media?parent=66486"}],"wp:term":[{"taxonomy":"category","embeddable":true,"href":"https:\/\/vosgesinfo.fr\/remiremontinfo\/wp-json\/wp\/v2\/categories?post=66486"},{"taxonomy":"post_tag","embeddable":true,"href":"https:\/\/vosgesinfo.fr\/remiremontinfo\/wp-json\/wp\/v2\/tags?post=66486"}],"curies":[{"name":"wp","href":"https:\/\/api.w.org\/{rel}","templated":true}]}}