{"id":66536,"date":"2023-01-10T08:37:26","date_gmt":"2023-01-10T07:37:26","guid":{"rendered":"https:\/\/vosgesinfo.fr\/remiremontinfo\/2023\/01\/bresse-laventure-continue-sebastien-pinot-meilleure-boulangerie-de-france-m6\/"},"modified":"2023-01-10T08:37:26","modified_gmt":"2023-01-10T07:37:26","slug":"bresse-laventure-continue-sebastien-pinot-meilleure-boulangerie-de-france-m6","status":"publish","type":"post","link":"https:\/\/vosgesinfo.fr\/remiremontinfo\/2023\/01\/bresse-laventure-continue-sebastien-pinot-meilleure-boulangerie-de-france-m6\/","title":{"rendered":"La Bresse\u00a0: l\u2019aventure continue pour S\u00e9bastien Pinot dans \u00ab\u00a0La meilleure boulangerie de France\u00a0\u00bb sur M6"},"content":{"rendered":"\n<h2><span style=\"font-size: 12pt;\"><strong>Ce lundi soir, deux \u00e9tablissements vosgiens \u00e9taient \u00e0 l\u2019affiche d\u2019un \u00e9pisode de l\u2019\u00e9mission \u00ab La meilleure boulangerie de France \u00bb, diffus\u00e9 sur M6. Les t\u00e9l\u00e9spectateurs ont pu d\u00e9couvrir le parcours de la boulangerie Pinot, \u00e0 La Bresse, et de \u00ab La Paneti\u00e8re Des Arcades \u00bb, au Thillot. C\u2019est finalement la premi\u00e8re qui remporte la manche.<\/strong><\/span><\/h2>\n<p>L\u2019aventure continue, donc, pour l\u2019\u00e9tablissement bressaud. <em>\u00ab\u00a0Quelle fiert\u00e9\u2026 de repr\u00e9senter notre d\u00e9partement \u00e0 la meilleure boulangerie de France lors de la finale du Grand Est\u00a0\u00bb<\/em>, affirme S\u00e9bastien Pinot, \u00e0 l\u2019issue de la diffusion. <em>\u00ab\u00a0Une mise en valeur des Hautes-Vosges , de nos paysages bressauds, de notre savoir-faire et nos sp\u00e9cialit\u00e9s locales\u2026. Pl\u00e9biscit\u00e9es par le jury\u00a0\u00bb<\/em>. Le chef d\u2019entreprise f\u00e9licite toutes les \u00e9quipes des boulangeries Pinot <em>\u00ab\u00a0pour leur engagement quotidien qui a \u00e9t\u00e9 mis en avant ce soir. Que ce soit pour la qualit\u00e9 et la diversit\u00e9 de nos produits, la cr\u00e9ativit\u00e9 ,l\u2019accueil et l\u2019authenticit\u00e9\u2026 bravo !\u00a0\u00bb.<\/em><\/p>\n","protected":false},"excerpt":{"rendered":"<p>Ce lundi soir, deux \u00e9tablissements vosgiens \u00e9taient \u00e0 l\u2019affiche d\u2019un \u00e9pisode de l\u2019\u00e9mission \u00ab La meilleure boulangerie de France \u00bb, [&hellip;]<\/p>\n","protected":false},"author":407,"featured_media":66537,"comment_status":"open","ping_status":"open","sticky":false,"template":"","format":"standard","meta":{"footnotes":""},"categories":[26,104,25],"tags":[3303,706,105,709,3355,3255,5307,1776,32],"class_list":["post-66536","post","type-post","status-publish","format-standard","has-post-thumbnail","hentry","category-a-la-une","category-la-bresse-la-bresse-son-canton","category-la-bresse-son-canton","tag-boulangerie","tag-emission","tag-la-bresse","tag-m6","tag-meilleure-boulangerie-de-france","tag-pinot","tag-sebastien-pinot","tag-television","tag-vosges"],"acf":[],"yoast_head":"<!-- This site is optimized with the Yoast SEO plugin v22.5 - https:\/\/yoast.com\/wordpress\/plugins\/seo\/ -->\n<title>La Bresse\u00a0: l\u2019aventure continue pour S\u00e9bastien Pinot dans \u00ab\u00a0La meilleure boulangerie de France\u00a0\u00bb sur M6 - Remiremont Info<\/title>\n<meta name=\"robots\" content=\"index, follow, max-snippet:-1, max-image-preview:large, max-video-preview:-1\" \/>\n<link rel=\"canonical\" href=\"https:\/\/vosgesinfo.fr\/remiremontinfo\/2023\/01\/bresse-laventure-continue-sebastien-pinot-meilleure-boulangerie-de-france-m6\/\" \/>\n<meta name=\"twitter:card\" content=\"summary_large_image\" \/>\n<meta name=\"twitter:title\" content=\"La Bresse\u00a0: l\u2019aventure continue pour S\u00e9bastien Pinot dans \u00ab\u00a0La meilleure boulangerie de France\u00a0\u00bb sur M6 - Remiremont Info\" \/>\n<meta name=\"twitter:description\" content=\"Ce lundi soir, deux \u00e9tablissements vosgiens \u00e9taient \u00e0 l\u2019affiche d\u2019un \u00e9pisode de l\u2019\u00e9mission \u00ab La meilleure boulangerie de France \u00bb, [&hellip;]\" \/>\n<meta name=\"twitter:image\" content=\"https:\/\/vosgesinfo.fr\/app\/uploads\/sites\/5\/2024\/09\/202301pinot-meilleure-boulangerie-tv-m6-21.jpg\" \/>\n<meta name=\"twitter:creator\" content=\"@VosgesInfo88\" \/>\n<meta name=\"twitter:site\" content=\"@VosgesInfo88\" \/>\n<meta name=\"twitter:label1\" content=\"\u00c9crit par\" \/>\n\t<meta name=\"twitter:data1\" content=\"C D\" \/>\n\t<meta name=\"twitter:label2\" content=\"Dur\u00e9e de lecture estim\u00e9e\" \/>\n\t<meta name=\"twitter:data2\" content=\"1 minute\" \/>\n<script type=\"application\/ld+json\" class=\"yoast-schema-graph\">{\"@context\":\"https:\/\/schema.org\",\"@graph\":[{\"@type\":\"Article\",\"@id\":\"https:\/\/vosgesinfo.fr\/remiremontinfo\/2023\/01\/bresse-laventure-continue-sebastien-pinot-meilleure-boulangerie-de-france-m6\/#article\",\"isPartOf\":{\"@id\":\"https:\/\/vosgesinfo.fr\/remiremontinfo\/2023\/01\/bresse-laventure-continue-sebastien-pinot-meilleure-boulangerie-de-france-m6\/\"},\"author\":{\"name\":\"C D\",\"@id\":\"https:\/\/vosgesinfo.fr\/remiremontinfo\/#\/schema\/person\/3bfd164d5218a185b1db68655a265316\"},\"headline\":\"La Bresse\u00a0: l\u2019aventure continue pour S\u00e9bastien Pinot dans \u00ab\u00a0La meilleure boulangerie de France\u00a0\u00bb sur M6\",\"datePublished\":\"2023-01-10T07:37:26+00:00\",\"dateModified\":\"2023-01-10T07:37:26+00:00\",\"mainEntityOfPage\":{\"@id\":\"https:\/\/vosgesinfo.fr\/remiremontinfo\/2023\/01\/bresse-laventure-continue-sebastien-pinot-meilleure-boulangerie-de-france-m6\/\"},\"wordCount\":190,\"commentCount\":0,\"publisher\":{\"@id\":\"https:\/\/vosgesinfo.fr\/remiremontinfo\/#organization\"},\"image\":{\"@id\":\"https:\/\/vosgesinfo.fr\/remiremontinfo\/2023\/01\/bresse-laventure-continue-sebastien-pinot-meilleure-boulangerie-de-france-m6\/#primaryimage\"},\"thumbnailUrl\":\"https:\/\/vosgesinfo.fr\/app\/uploads\/sites\/5\/2024\/09\/202301pinot-meilleure-boulangerie-tv-m6-21.jpg\",\"keywords\":[\"boulangerie\",\"Emission\",\"la bresse\",\"M6\",\"meilleure boulangerie de france\",\"pinot\",\"sebastien pinot\",\"t\u00e9l\u00e9vision\",\"Vosges\"],\"articleSection\":[\"A la Une\",\"La Bresse\",\"La Bresse &amp; son canton\"],\"inLanguage\":\"fr-FR\",\"potentialAction\":[{\"@type\":\"CommentAction\",\"name\":\"Comment\",\"target\":[\"https:\/\/vosgesinfo.fr\/remiremontinfo\/2023\/01\/bresse-laventure-continue-sebastien-pinot-meilleure-boulangerie-de-france-m6\/#respond\"]}]},{\"@type\":\"WebPage\",\"@id\":\"https:\/\/vosgesinfo.fr\/remiremontinfo\/2023\/01\/bresse-laventure-continue-sebastien-pinot-meilleure-boulangerie-de-france-m6\/\",\"url\":\"https:\/\/vosgesinfo.fr\/remiremontinfo\/2023\/01\/bresse-laventure-continue-sebastien-pinot-meilleure-boulangerie-de-france-m6\/\",\"name\":\"La Bresse\u00a0: l\u2019aventure continue pour S\u00e9bastien Pinot dans \u00ab\u00a0La meilleure boulangerie de France\u00a0\u00bb sur M6 - Remiremont Info\",\"isPartOf\":{\"@id\":\"https:\/\/vosgesinfo.fr\/remiremontinfo\/#website\"},\"primaryImageOfPage\":{\"@id\":\"https:\/\/vosgesinfo.fr\/remiremontinfo\/2023\/01\/bresse-laventure-continue-sebastien-pinot-meilleure-boulangerie-de-france-m6\/#primaryimage\"},\"image\":{\"@id\":\"https:\/\/vosgesinfo.fr\/remiremontinfo\/2023\/01\/bresse-laventure-continue-sebastien-pinot-meilleure-boulangerie-de-france-m6\/#primaryimage\"},\"thumbnailUrl\":\"https:\/\/vosgesinfo.fr\/app\/uploads\/sites\/5\/2024\/09\/202301pinot-meilleure-boulangerie-tv-m6-21.jpg\",\"datePublished\":\"2023-01-10T07:37:26+00:00\",\"dateModified\":\"2023-01-10T07:37:26+00:00\",\"breadcrumb\":{\"@id\":\"https:\/\/vosgesinfo.fr\/remiremontinfo\/2023\/01\/bresse-laventure-continue-sebastien-pinot-meilleure-boulangerie-de-france-m6\/#breadcrumb\"},\"inLanguage\":\"fr-FR\",\"potentialAction\":[{\"@type\":\"ReadAction\",\"target\":[\"https:\/\/vosgesinfo.fr\/remiremontinfo\/2023\/01\/bresse-laventure-continue-sebastien-pinot-meilleure-boulangerie-de-france-m6\/\"]}]},{\"@type\":\"ImageObject\",\"inLanguage\":\"fr-FR\",\"@id\":\"https:\/\/vosgesinfo.fr\/remiremontinfo\/2023\/01\/bresse-laventure-continue-sebastien-pinot-meilleure-boulangerie-de-france-m6\/#primaryimage\",\"url\":\"https:\/\/vosgesinfo.fr\/app\/uploads\/sites\/5\/2024\/09\/202301pinot-meilleure-boulangerie-tv-m6-21.jpg\",\"contentUrl\":\"https:\/\/vosgesinfo.fr\/app\/uploads\/sites\/5\/2024\/09\/202301pinot-meilleure-boulangerie-tv-m6-21.jpg\",\"width\":818,\"height\":547},{\"@type\":\"BreadcrumbList\",\"@id\":\"https:\/\/vosgesinfo.fr\/remiremontinfo\/2023\/01\/bresse-laventure-continue-sebastien-pinot-meilleure-boulangerie-de-france-m6\/#breadcrumb\",\"itemListElement\":[{\"@type\":\"ListItem\",\"position\":1,\"name\":\"Home\",\"item\":\"https:\/\/vosgesinfo.fr\/remiremontinfo\/\"},{\"@type\":\"ListItem\",\"position\":2,\"name\":\"La Bresse\u00a0: l\u2019aventure continue pour S\u00e9bastien Pinot dans \u00ab\u00a0La meilleure boulangerie de France\u00a0\u00bb sur M6\"}]},{\"@type\":\"WebSite\",\"@id\":\"https:\/\/vosgesinfo.fr\/remiremontinfo\/#website\",\"url\":\"https:\/\/vosgesinfo.fr\/remiremontinfo\/\",\"name\":\"Remiremont Info\",\"description\":\"Toute l&#039;actualit\u00e9 de Remiremont\",\"publisher\":{\"@id\":\"https:\/\/vosgesinfo.fr\/remiremontinfo\/#organization\"},\"alternateName\":\"Toute l'actualit\u00e9 de Remiremont\",\"potentialAction\":[{\"@type\":\"SearchAction\",\"target\":{\"@type\":\"EntryPoint\",\"urlTemplate\":\"https:\/\/vosgesinfo.fr\/remiremontinfo\/?s={search_term_string}\"},\"query-input\":\"required name=search_term_string\"}],\"inLanguage\":\"fr-FR\"},{\"@type\":\"Organization\",\"@id\":\"https:\/\/vosgesinfo.fr\/remiremontinfo\/#organization\",\"name\":\"Remiremont Info\",\"url\":\"https:\/\/vosgesinfo.fr\/remiremontinfo\/\",\"logo\":{\"@type\":\"ImageObject\",\"inLanguage\":\"fr-FR\",\"@id\":\"https:\/\/vosgesinfo.fr\/remiremontinfo\/#\/schema\/logo\/image\/\",\"url\":\"https:\/\/vosgesinfo.fr\/app\/uploads\/sites\/5\/2023\/08\/favicon-remiremontinfo.png\",\"contentUrl\":\"https:\/\/vosgesinfo.fr\/app\/uploads\/sites\/5\/2023\/08\/favicon-remiremontinfo.png\",\"width\":512,\"height\":512,\"caption\":\"Remiremont Info\"},\"image\":{\"@id\":\"https:\/\/vosgesinfo.fr\/remiremontinfo\/#\/schema\/logo\/image\/\"},\"sameAs\":[\"https:\/\/www.facebook.com\/remiremontinfo\",\"https:\/\/x.com\/VosgesInfo88\",\"https:\/\/www.youtube.com\/@vosgesinfo\"]},{\"@type\":\"Person\",\"@id\":\"https:\/\/vosgesinfo.fr\/remiremontinfo\/#\/schema\/person\/3bfd164d5218a185b1db68655a265316\",\"name\":\"C D\",\"image\":{\"@type\":\"ImageObject\",\"inLanguage\":\"fr-FR\",\"@id\":\"https:\/\/vosgesinfo.fr\/remiremontinfo\/#\/schema\/person\/image\/\",\"url\":\"https:\/\/secure.gravatar.com\/avatar\/1f9a70007336511a47468b8f1c66f922b8b7cf617b02a31149ada43893a5d48f?s=96&d=mm&r=g\",\"contentUrl\":\"https:\/\/secure.gravatar.com\/avatar\/1f9a70007336511a47468b8f1c66f922b8b7cf617b02a31149ada43893a5d48f?s=96&d=mm&r=g\",\"caption\":\"C D\"},\"url\":\"https:\/\/vosgesinfo.fr\/remiremontinfo\/author\/cedric-drevet\/\"}]}<\/script>\n<!-- \/ Yoast SEO plugin. -->","yoast_head_json":{"title":"La Bresse\u00a0: l\u2019aventure continue pour S\u00e9bastien Pinot dans \u00ab\u00a0La meilleure boulangerie de France\u00a0\u00bb sur M6 - Remiremont Info","robots":{"index":"index","follow":"follow","max-snippet":"max-snippet:-1","max-image-preview":"max-image-preview:large","max-video-preview":"max-video-preview:-1"},"canonical":"https:\/\/vosgesinfo.fr\/remiremontinfo\/2023\/01\/bresse-laventure-continue-sebastien-pinot-meilleure-boulangerie-de-france-m6\/","twitter_card":"summary_large_image","twitter_title":"La Bresse\u00a0: l\u2019aventure continue pour S\u00e9bastien Pinot dans \u00ab\u00a0La meilleure boulangerie de France\u00a0\u00bb sur M6 - Remiremont Info","twitter_description":"Ce lundi soir, deux \u00e9tablissements vosgiens \u00e9taient \u00e0 l\u2019affiche d\u2019un \u00e9pisode de l\u2019\u00e9mission \u00ab La meilleure boulangerie de France \u00bb, [&hellip;]","twitter_image":"https:\/\/vosgesinfo.fr\/app\/uploads\/sites\/5\/2024\/09\/202301pinot-meilleure-boulangerie-tv-m6-21.jpg","twitter_creator":"@VosgesInfo88","twitter_site":"@VosgesInfo88","twitter_misc":{"\u00c9crit par":"C D","Dur\u00e9e de lecture estim\u00e9e":"1 minute"},"schema":{"@context":"https:\/\/schema.org","@graph":[{"@type":"Article","@id":"https:\/\/vosgesinfo.fr\/remiremontinfo\/2023\/01\/bresse-laventure-continue-sebastien-pinot-meilleure-boulangerie-de-france-m6\/#article","isPartOf":{"@id":"https:\/\/vosgesinfo.fr\/remiremontinfo\/2023\/01\/bresse-laventure-continue-sebastien-pinot-meilleure-boulangerie-de-france-m6\/"},"author":{"name":"C D","@id":"https:\/\/vosgesinfo.fr\/remiremontinfo\/#\/schema\/person\/3bfd164d5218a185b1db68655a265316"},"headline":"La Bresse\u00a0: l\u2019aventure continue pour S\u00e9bastien Pinot dans \u00ab\u00a0La meilleure boulangerie de France\u00a0\u00bb sur M6","datePublished":"2023-01-10T07:37:26+00:00","dateModified":"2023-01-10T07:37:26+00:00","mainEntityOfPage":{"@id":"https:\/\/vosgesinfo.fr\/remiremontinfo\/2023\/01\/bresse-laventure-continue-sebastien-pinot-meilleure-boulangerie-de-france-m6\/"},"wordCount":190,"commentCount":0,"publisher":{"@id":"https:\/\/vosgesinfo.fr\/remiremontinfo\/#organization"},"image":{"@id":"https:\/\/vosgesinfo.fr\/remiremontinfo\/2023\/01\/bresse-laventure-continue-sebastien-pinot-meilleure-boulangerie-de-france-m6\/#primaryimage"},"thumbnailUrl":"https:\/\/vosgesinfo.fr\/app\/uploads\/sites\/5\/2024\/09\/202301pinot-meilleure-boulangerie-tv-m6-21.jpg","keywords":["boulangerie","Emission","la bresse","M6","meilleure boulangerie de france","pinot","sebastien pinot","t\u00e9l\u00e9vision","Vosges"],"articleSection":["A la Une","La Bresse","La Bresse &amp; son canton"],"inLanguage":"fr-FR","potentialAction":[{"@type":"CommentAction","name":"Comment","target":["https:\/\/vosgesinfo.fr\/remiremontinfo\/2023\/01\/bresse-laventure-continue-sebastien-pinot-meilleure-boulangerie-de-france-m6\/#respond"]}]},{"@type":"WebPage","@id":"https:\/\/vosgesinfo.fr\/remiremontinfo\/2023\/01\/bresse-laventure-continue-sebastien-pinot-meilleure-boulangerie-de-france-m6\/","url":"https:\/\/vosgesinfo.fr\/remiremontinfo\/2023\/01\/bresse-laventure-continue-sebastien-pinot-meilleure-boulangerie-de-france-m6\/","name":"La Bresse\u00a0: l\u2019aventure continue pour S\u00e9bastien Pinot dans \u00ab\u00a0La meilleure boulangerie de France\u00a0\u00bb sur M6 - Remiremont Info","isPartOf":{"@id":"https:\/\/vosgesinfo.fr\/remiremontinfo\/#website"},"primaryImageOfPage":{"@id":"https:\/\/vosgesinfo.fr\/remiremontinfo\/2023\/01\/bresse-laventure-continue-sebastien-pinot-meilleure-boulangerie-de-france-m6\/#primaryimage"},"image":{"@id":"https:\/\/vosgesinfo.fr\/remiremontinfo\/2023\/01\/bresse-laventure-continue-sebastien-pinot-meilleure-boulangerie-de-france-m6\/#primaryimage"},"thumbnailUrl":"https:\/\/vosgesinfo.fr\/app\/uploads\/sites\/5\/2024\/09\/202301pinot-meilleure-boulangerie-tv-m6-21.jpg","datePublished":"2023-01-10T07:37:26+00:00","dateModified":"2023-01-10T07:37:26+00:00","breadcrumb":{"@id":"https:\/\/vosgesinfo.fr\/remiremontinfo\/2023\/01\/bresse-laventure-continue-sebastien-pinot-meilleure-boulangerie-de-france-m6\/#breadcrumb"},"inLanguage":"fr-FR","potentialAction":[{"@type":"ReadAction","target":["https:\/\/vosgesinfo.fr\/remiremontinfo\/2023\/01\/bresse-laventure-continue-sebastien-pinot-meilleure-boulangerie-de-france-m6\/"]}]},{"@type":"ImageObject","inLanguage":"fr-FR","@id":"https:\/\/vosgesinfo.fr\/remiremontinfo\/2023\/01\/bresse-laventure-continue-sebastien-pinot-meilleure-boulangerie-de-france-m6\/#primaryimage","url":"https:\/\/vosgesinfo.fr\/app\/uploads\/sites\/5\/2024\/09\/202301pinot-meilleure-boulangerie-tv-m6-21.jpg","contentUrl":"https:\/\/vosgesinfo.fr\/app\/uploads\/sites\/5\/2024\/09\/202301pinot-meilleure-boulangerie-tv-m6-21.jpg","width":818,"height":547},{"@type":"BreadcrumbList","@id":"https:\/\/vosgesinfo.fr\/remiremontinfo\/2023\/01\/bresse-laventure-continue-sebastien-pinot-meilleure-boulangerie-de-france-m6\/#breadcrumb","itemListElement":[{"@type":"ListItem","position":1,"name":"Home","item":"https:\/\/vosgesinfo.fr\/remiremontinfo\/"},{"@type":"ListItem","position":2,"name":"La Bresse\u00a0: l\u2019aventure continue pour S\u00e9bastien Pinot dans \u00ab\u00a0La meilleure boulangerie de France\u00a0\u00bb sur M6"}]},{"@type":"WebSite","@id":"https:\/\/vosgesinfo.fr\/remiremontinfo\/#website","url":"https:\/\/vosgesinfo.fr\/remiremontinfo\/","name":"Remiremont Info","description":"Toute l&#039;actualit\u00e9 de Remiremont","publisher":{"@id":"https:\/\/vosgesinfo.fr\/remiremontinfo\/#organization"},"alternateName":"Toute l'actualit\u00e9 de Remiremont","potentialAction":[{"@type":"SearchAction","target":{"@type":"EntryPoint","urlTemplate":"https:\/\/vosgesinfo.fr\/remiremontinfo\/?s={search_term_string}"},"query-input":"required name=search_term_string"}],"inLanguage":"fr-FR"},{"@type":"Organization","@id":"https:\/\/vosgesinfo.fr\/remiremontinfo\/#organization","name":"Remiremont Info","url":"https:\/\/vosgesinfo.fr\/remiremontinfo\/","logo":{"@type":"ImageObject","inLanguage":"fr-FR","@id":"https:\/\/vosgesinfo.fr\/remiremontinfo\/#\/schema\/logo\/image\/","url":"https:\/\/vosgesinfo.fr\/app\/uploads\/sites\/5\/2023\/08\/favicon-remiremontinfo.png","contentUrl":"https:\/\/vosgesinfo.fr\/app\/uploads\/sites\/5\/2023\/08\/favicon-remiremontinfo.png","width":512,"height":512,"caption":"Remiremont Info"},"image":{"@id":"https:\/\/vosgesinfo.fr\/remiremontinfo\/#\/schema\/logo\/image\/"},"sameAs":["https:\/\/www.facebook.com\/remiremontinfo","https:\/\/x.com\/VosgesInfo88","https:\/\/www.youtube.com\/@vosgesinfo"]},{"@type":"Person","@id":"https:\/\/vosgesinfo.fr\/remiremontinfo\/#\/schema\/person\/3bfd164d5218a185b1db68655a265316","name":"C D","image":{"@type":"ImageObject","inLanguage":"fr-FR","@id":"https:\/\/vosgesinfo.fr\/remiremontinfo\/#\/schema\/person\/image\/","url":"https:\/\/secure.gravatar.com\/avatar\/1f9a70007336511a47468b8f1c66f922b8b7cf617b02a31149ada43893a5d48f?s=96&d=mm&r=g","contentUrl":"https:\/\/secure.gravatar.com\/avatar\/1f9a70007336511a47468b8f1c66f922b8b7cf617b02a31149ada43893a5d48f?s=96&d=mm&r=g","caption":"C D"},"url":"https:\/\/vosgesinfo.fr\/remiremontinfo\/author\/cedric-drevet\/"}]}},"_links":{"self":[{"href":"https:\/\/vosgesinfo.fr\/remiremontinfo\/wp-json\/wp\/v2\/posts\/66536","targetHints":{"allow":["GET"]}}],"collection":[{"href":"https:\/\/vosgesinfo.fr\/remiremontinfo\/wp-json\/wp\/v2\/posts"}],"about":[{"href":"https:\/\/vosgesinfo.fr\/remiremontinfo\/wp-json\/wp\/v2\/types\/post"}],"author":[{"embeddable":true,"href":"https:\/\/vosgesinfo.fr\/remiremontinfo\/wp-json\/wp\/v2\/users\/407"}],"replies":[{"embeddable":true,"href":"https:\/\/vosgesinfo.fr\/remiremontinfo\/wp-json\/wp\/v2\/comments?post=66536"}],"version-history":[{"count":0,"href":"https:\/\/vosgesinfo.fr\/remiremontinfo\/wp-json\/wp\/v2\/posts\/66536\/revisions"}],"wp:featuredmedia":[{"embeddable":true,"href":"https:\/\/vosgesinfo.fr\/remiremontinfo\/wp-json\/wp\/v2\/media\/66537"}],"wp:attachment":[{"href":"https:\/\/vosgesinfo.fr\/remiremontinfo\/wp-json\/wp\/v2\/media?parent=66536"}],"wp:term":[{"taxonomy":"category","embeddable":true,"href":"https:\/\/vosgesinfo.fr\/remiremontinfo\/wp-json\/wp\/v2\/categories?post=66536"},{"taxonomy":"post_tag","embeddable":true,"href":"https:\/\/vosgesinfo.fr\/remiremontinfo\/wp-json\/wp\/v2\/tags?post=66536"}],"curies":[{"name":"wp","href":"https:\/\/api.w.org\/{rel}","templated":true}]}}