{"id":66549,"date":"2023-01-10T12:08:07","date_gmt":"2023-01-10T11:08:07","guid":{"rendered":"https:\/\/vosgesinfo.fr\/remiremontinfo\/2023\/01\/bresse-de-nombreux-artistes-attendus-festival-accords-montagnes\/"},"modified":"2023-01-10T12:08:07","modified_gmt":"2023-01-10T11:08:07","slug":"bresse-de-nombreux-artistes-attendus-festival-accords-montagnes","status":"publish","type":"post","link":"https:\/\/vosgesinfo.fr\/remiremontinfo\/2023\/01\/bresse-de-nombreux-artistes-attendus-festival-accords-montagnes\/","title":{"rendered":"La Bresse : de nombreux artistes attendus pour le festival Accords des Montagnes"},"content":{"rendered":"<p><a href=\"\/2023\/01\/322339242_854794119107195_8996327943520090090_n.jpg\"><img decoding=\"async\" class=\"alignnone size-large wp-image-361618\" src=\"\/2023\/01\/322339242_854794119107195_8996327943520090090_n-1024x859.jpg\" alt=\"322339242_854794119107195_8996327943520090090_n\" width=\"960\" height=\"805\" \/><\/a><\/p>\n<p><span style=\"font-size: 10pt;\"><em>Image\u00a0par\u00a0<a href=\"https:\/\/www.facebook.com\/destinationlabresse\">Destination La Bresse Hautes Vosges<\/a>\u00a0<\/em><\/span><\/p>\n<h2 dir=\"auto\"><span style=\"font-size: 12pt;\"><strong>Du 15 au 20 janvier, plus de dix artistes vous attentent au Festival Accords des Montagnes \u00e0 La Bresse, un festival unique en son genre ! Pour ceux qui le souhaitent, n&rsquo;h\u00e9sitez pas \u00e0 passer \u00e0 l&rsquo;Office de Tourisme pour r\u00e9cup\u00e9rer vos places ou appelez au 06 38 72 44 49.\u00a0<\/strong><\/span><\/h2>\n<p>Depuis Janvier 2008, les montagnes de la Bresse, au coeur des Vosges, sonnent et r\u00e9sonnent au son de l\u00b4accord\u00e9on durant une semaine d\u00e9sormais institution pour les passionn\u00e9s d\u00b4accord\u00e9on. Depuis cette premi\u00e8re \u00e9dition qui constitua le d\u00e9but de cette folle aventure, des artistes de toutes nationalit\u00e9s et couvrant l\u00b4ensemble de nos r\u00e9gions fran\u00e7aises sont venus participer \u00e0 ce Festival. Les pr\u00e9sences belges, russes, am\u00e9ricaines sont venues enchanter les oreilles les plus musettes pour faire d\u00e9couvrir l\u00b4ensemble des styles de cet instrument qui ne cesse de nous surprendre. Continuons \u00e0 d\u00e9couvrir les musiques autour de l\u00b4accord\u00e9on au coeur des montagnes, c\u00b4est aussi ouvrir nos coeurs vers la musique et la convivialit\u00e9 Rions, chantons, et profitons des Vosges pour cette 16 \u00e8me \u00e9dition.<\/p>\n<p dir=\"auto\"><span style=\"font-size: 12pt;\">D\u00e9couvrez le programme en cliquant ici :\u00a0<a class=\"x1i10hfl xjbqb8w x6umtig x1b1mbwd xaqea5y xav7gou x9f619 x1ypdohk xt0psk2 xe8uvvx xdj266r x11i5rnm xat24cr x1mh8g0r xexx8yu x4uap5 x18d9i69 xkhd6sd x16tdsg8 x1hl2dhg xggy1nq x1a2a7pz xt0b8zv x1fey0fg\" tabindex=\"0\" href=\"https:\/\/cutt.ly\/B2bKfle?fbclid=IwAR2K1KnwjAojMMbxyDtJcndFhB1uR_7mwyWxC1bJmsc0rhSw8wnED2x_2Gw\" target=\"_blank\" rel=\"nofollow noopener\">https:\/\/cutt.ly\/B2bKfle<\/a>. Et plus d&rsquo;infos ici :\u00a0<a href=\"http:\/\/www.accordsdesmontagnes.com\/\">http:\/\/www.accordsdesmontagnes.com\/<\/a>.\u00a0<\/span><\/p>\n<p dir=\"auto\"><span style=\"font-size: 12pt;\">\u00a0<a href=\"\/2023\/01\/PROGRAMME-ADM.jpg\"><img decoding=\"async\" class=\"alignnone size-large wp-image-361617\" src=\"\/2023\/01\/PROGRAMME-ADM-1024x368.jpg\" alt=\"PROGRAMME ADM\" width=\"960\" height=\"345\" \/><\/a><\/span><\/p>\n","protected":false},"excerpt":{"rendered":"<p>Image\u00a0par\u00a0Destination La Bresse Hautes Vosges\u00a0 Du 15 au 20 janvier, plus de dix artistes vous attentent au Festival Accords des [&hellip;]<\/p>\n","protected":false},"author":407,"featured_media":66550,"comment_status":"open","ping_status":"open","sticky":false,"template":"","format":"standard","meta":{"footnotes":""},"categories":[26,4,104,25],"tags":[105,117,32],"class_list":["post-66549","post","type-post","status-publish","format-standard","has-post-thumbnail","hentry","category-a-la-une","category-culture","category-la-bresse-la-bresse-son-canton","category-la-bresse-son-canton","tag-la-bresse","tag-musique","tag-vosges"],"acf":[],"yoast_head":"<!-- This site is optimized with the Yoast SEO plugin v22.5 - https:\/\/yoast.com\/wordpress\/plugins\/seo\/ -->\n<title>La Bresse : de nombreux artistes attendus pour le festival Accords des Montagnes - Remiremont Info<\/title>\n<meta name=\"robots\" content=\"index, follow, max-snippet:-1, max-image-preview:large, max-video-preview:-1\" \/>\n<link rel=\"canonical\" href=\"https:\/\/vosgesinfo.fr\/remiremontinfo\/2023\/01\/bresse-de-nombreux-artistes-attendus-festival-accords-montagnes\/\" \/>\n<meta name=\"twitter:card\" content=\"summary_large_image\" \/>\n<meta name=\"twitter:title\" content=\"La Bresse : de nombreux artistes attendus pour le festival Accords des Montagnes - Remiremont Info\" \/>\n<meta name=\"twitter:description\" content=\"Image\u00a0par\u00a0Destination La Bresse Hautes Vosges\u00a0 Du 15 au 20 janvier, plus de dix artistes vous attentent au Festival Accords des [&hellip;]\" \/>\n<meta name=\"twitter:image\" content=\"https:\/\/vosgesinfo.fr\/app\/uploads\/sites\/5\/2024\/09\/202301322339242-854794119107195-8996327943520090090-n1.jpg\" \/>\n<meta name=\"twitter:creator\" content=\"@VosgesInfo88\" \/>\n<meta name=\"twitter:site\" content=\"@VosgesInfo88\" \/>\n<meta name=\"twitter:label1\" content=\"\u00c9crit par\" \/>\n\t<meta name=\"twitter:data1\" content=\"C D\" \/>\n\t<meta name=\"twitter:label2\" content=\"Dur\u00e9e de lecture estim\u00e9e\" \/>\n\t<meta name=\"twitter:data2\" content=\"1 minute\" \/>\n<script type=\"application\/ld+json\" class=\"yoast-schema-graph\">{\"@context\":\"https:\/\/schema.org\",\"@graph\":[{\"@type\":\"Article\",\"@id\":\"https:\/\/vosgesinfo.fr\/remiremontinfo\/2023\/01\/bresse-de-nombreux-artistes-attendus-festival-accords-montagnes\/#article\",\"isPartOf\":{\"@id\":\"https:\/\/vosgesinfo.fr\/remiremontinfo\/2023\/01\/bresse-de-nombreux-artistes-attendus-festival-accords-montagnes\/\"},\"author\":{\"name\":\"C D\",\"@id\":\"https:\/\/vosgesinfo.fr\/remiremontinfo\/#\/schema\/person\/3bfd164d5218a185b1db68655a265316\"},\"headline\":\"La Bresse : de nombreux artistes attendus pour le festival Accords des Montagnes\",\"datePublished\":\"2023-01-10T11:08:07+00:00\",\"dateModified\":\"2023-01-10T11:08:07+00:00\",\"mainEntityOfPage\":{\"@id\":\"https:\/\/vosgesinfo.fr\/remiremontinfo\/2023\/01\/bresse-de-nombreux-artistes-attendus-festival-accords-montagnes\/\"},\"wordCount\":222,\"commentCount\":0,\"publisher\":{\"@id\":\"https:\/\/vosgesinfo.fr\/remiremontinfo\/#organization\"},\"image\":{\"@id\":\"https:\/\/vosgesinfo.fr\/remiremontinfo\/2023\/01\/bresse-de-nombreux-artistes-attendus-festival-accords-montagnes\/#primaryimage\"},\"thumbnailUrl\":\"https:\/\/vosgesinfo.fr\/app\/uploads\/sites\/5\/2024\/09\/202301322339242-854794119107195-8996327943520090090-n1.jpg\",\"keywords\":[\"la bresse\",\"musique\",\"Vosges\"],\"articleSection\":[\"A la Une\",\"Culture\",\"La Bresse\",\"La Bresse &amp; son canton\"],\"inLanguage\":\"fr-FR\",\"potentialAction\":[{\"@type\":\"CommentAction\",\"name\":\"Comment\",\"target\":[\"https:\/\/vosgesinfo.fr\/remiremontinfo\/2023\/01\/bresse-de-nombreux-artistes-attendus-festival-accords-montagnes\/#respond\"]}]},{\"@type\":\"WebPage\",\"@id\":\"https:\/\/vosgesinfo.fr\/remiremontinfo\/2023\/01\/bresse-de-nombreux-artistes-attendus-festival-accords-montagnes\/\",\"url\":\"https:\/\/vosgesinfo.fr\/remiremontinfo\/2023\/01\/bresse-de-nombreux-artistes-attendus-festival-accords-montagnes\/\",\"name\":\"La Bresse : de nombreux artistes attendus pour le festival Accords des Montagnes - Remiremont Info\",\"isPartOf\":{\"@id\":\"https:\/\/vosgesinfo.fr\/remiremontinfo\/#website\"},\"primaryImageOfPage\":{\"@id\":\"https:\/\/vosgesinfo.fr\/remiremontinfo\/2023\/01\/bresse-de-nombreux-artistes-attendus-festival-accords-montagnes\/#primaryimage\"},\"image\":{\"@id\":\"https:\/\/vosgesinfo.fr\/remiremontinfo\/2023\/01\/bresse-de-nombreux-artistes-attendus-festival-accords-montagnes\/#primaryimage\"},\"thumbnailUrl\":\"https:\/\/vosgesinfo.fr\/app\/uploads\/sites\/5\/2024\/09\/202301322339242-854794119107195-8996327943520090090-n1.jpg\",\"datePublished\":\"2023-01-10T11:08:07+00:00\",\"dateModified\":\"2023-01-10T11:08:07+00:00\",\"breadcrumb\":{\"@id\":\"https:\/\/vosgesinfo.fr\/remiremontinfo\/2023\/01\/bresse-de-nombreux-artistes-attendus-festival-accords-montagnes\/#breadcrumb\"},\"inLanguage\":\"fr-FR\",\"potentialAction\":[{\"@type\":\"ReadAction\",\"target\":[\"https:\/\/vosgesinfo.fr\/remiremontinfo\/2023\/01\/bresse-de-nombreux-artistes-attendus-festival-accords-montagnes\/\"]}]},{\"@type\":\"ImageObject\",\"inLanguage\":\"fr-FR\",\"@id\":\"https:\/\/vosgesinfo.fr\/remiremontinfo\/2023\/01\/bresse-de-nombreux-artistes-attendus-festival-accords-montagnes\/#primaryimage\",\"url\":\"https:\/\/vosgesinfo.fr\/app\/uploads\/sites\/5\/2024\/09\/202301322339242-854794119107195-8996327943520090090-n1.jpg\",\"contentUrl\":\"https:\/\/vosgesinfo.fr\/app\/uploads\/sites\/5\/2024\/09\/202301322339242-854794119107195-8996327943520090090-n1.jpg\",\"width\":1110,\"height\":754},{\"@type\":\"BreadcrumbList\",\"@id\":\"https:\/\/vosgesinfo.fr\/remiremontinfo\/2023\/01\/bresse-de-nombreux-artistes-attendus-festival-accords-montagnes\/#breadcrumb\",\"itemListElement\":[{\"@type\":\"ListItem\",\"position\":1,\"name\":\"Home\",\"item\":\"https:\/\/vosgesinfo.fr\/remiremontinfo\/\"},{\"@type\":\"ListItem\",\"position\":2,\"name\":\"La Bresse : de nombreux artistes attendus pour le festival Accords des Montagnes\"}]},{\"@type\":\"WebSite\",\"@id\":\"https:\/\/vosgesinfo.fr\/remiremontinfo\/#website\",\"url\":\"https:\/\/vosgesinfo.fr\/remiremontinfo\/\",\"name\":\"Remiremont Info\",\"description\":\"Toute l&#039;actualit\u00e9 de Remiremont\",\"publisher\":{\"@id\":\"https:\/\/vosgesinfo.fr\/remiremontinfo\/#organization\"},\"alternateName\":\"Toute l'actualit\u00e9 de Remiremont\",\"potentialAction\":[{\"@type\":\"SearchAction\",\"target\":{\"@type\":\"EntryPoint\",\"urlTemplate\":\"https:\/\/vosgesinfo.fr\/remiremontinfo\/?s={search_term_string}\"},\"query-input\":\"required name=search_term_string\"}],\"inLanguage\":\"fr-FR\"},{\"@type\":\"Organization\",\"@id\":\"https:\/\/vosgesinfo.fr\/remiremontinfo\/#organization\",\"name\":\"Remiremont Info\",\"url\":\"https:\/\/vosgesinfo.fr\/remiremontinfo\/\",\"logo\":{\"@type\":\"ImageObject\",\"inLanguage\":\"fr-FR\",\"@id\":\"https:\/\/vosgesinfo.fr\/remiremontinfo\/#\/schema\/logo\/image\/\",\"url\":\"https:\/\/vosgesinfo.fr\/app\/uploads\/sites\/5\/2023\/08\/favicon-remiremontinfo.png\",\"contentUrl\":\"https:\/\/vosgesinfo.fr\/app\/uploads\/sites\/5\/2023\/08\/favicon-remiremontinfo.png\",\"width\":512,\"height\":512,\"caption\":\"Remiremont Info\"},\"image\":{\"@id\":\"https:\/\/vosgesinfo.fr\/remiremontinfo\/#\/schema\/logo\/image\/\"},\"sameAs\":[\"https:\/\/www.facebook.com\/remiremontinfo\",\"https:\/\/x.com\/VosgesInfo88\",\"https:\/\/www.youtube.com\/@vosgesinfo\"]},{\"@type\":\"Person\",\"@id\":\"https:\/\/vosgesinfo.fr\/remiremontinfo\/#\/schema\/person\/3bfd164d5218a185b1db68655a265316\",\"name\":\"C D\",\"image\":{\"@type\":\"ImageObject\",\"inLanguage\":\"fr-FR\",\"@id\":\"https:\/\/vosgesinfo.fr\/remiremontinfo\/#\/schema\/person\/image\/\",\"url\":\"https:\/\/secure.gravatar.com\/avatar\/1f9a70007336511a47468b8f1c66f922b8b7cf617b02a31149ada43893a5d48f?s=96&d=mm&r=g\",\"contentUrl\":\"https:\/\/secure.gravatar.com\/avatar\/1f9a70007336511a47468b8f1c66f922b8b7cf617b02a31149ada43893a5d48f?s=96&d=mm&r=g\",\"caption\":\"C D\"},\"url\":\"https:\/\/vosgesinfo.fr\/remiremontinfo\/author\/cedric-drevet\/\"}]}<\/script>\n<!-- \/ Yoast SEO plugin. -->","yoast_head_json":{"title":"La Bresse : de nombreux artistes attendus pour le festival Accords des Montagnes - Remiremont Info","robots":{"index":"index","follow":"follow","max-snippet":"max-snippet:-1","max-image-preview":"max-image-preview:large","max-video-preview":"max-video-preview:-1"},"canonical":"https:\/\/vosgesinfo.fr\/remiremontinfo\/2023\/01\/bresse-de-nombreux-artistes-attendus-festival-accords-montagnes\/","twitter_card":"summary_large_image","twitter_title":"La Bresse : de nombreux artistes attendus pour le festival Accords des Montagnes - Remiremont Info","twitter_description":"Image\u00a0par\u00a0Destination La Bresse Hautes Vosges\u00a0 Du 15 au 20 janvier, plus de dix artistes vous attentent au Festival Accords des [&hellip;]","twitter_image":"https:\/\/vosgesinfo.fr\/app\/uploads\/sites\/5\/2024\/09\/202301322339242-854794119107195-8996327943520090090-n1.jpg","twitter_creator":"@VosgesInfo88","twitter_site":"@VosgesInfo88","twitter_misc":{"\u00c9crit par":"C D","Dur\u00e9e de lecture estim\u00e9e":"1 minute"},"schema":{"@context":"https:\/\/schema.org","@graph":[{"@type":"Article","@id":"https:\/\/vosgesinfo.fr\/remiremontinfo\/2023\/01\/bresse-de-nombreux-artistes-attendus-festival-accords-montagnes\/#article","isPartOf":{"@id":"https:\/\/vosgesinfo.fr\/remiremontinfo\/2023\/01\/bresse-de-nombreux-artistes-attendus-festival-accords-montagnes\/"},"author":{"name":"C D","@id":"https:\/\/vosgesinfo.fr\/remiremontinfo\/#\/schema\/person\/3bfd164d5218a185b1db68655a265316"},"headline":"La Bresse : de nombreux artistes attendus pour le festival Accords des Montagnes","datePublished":"2023-01-10T11:08:07+00:00","dateModified":"2023-01-10T11:08:07+00:00","mainEntityOfPage":{"@id":"https:\/\/vosgesinfo.fr\/remiremontinfo\/2023\/01\/bresse-de-nombreux-artistes-attendus-festival-accords-montagnes\/"},"wordCount":222,"commentCount":0,"publisher":{"@id":"https:\/\/vosgesinfo.fr\/remiremontinfo\/#organization"},"image":{"@id":"https:\/\/vosgesinfo.fr\/remiremontinfo\/2023\/01\/bresse-de-nombreux-artistes-attendus-festival-accords-montagnes\/#primaryimage"},"thumbnailUrl":"https:\/\/vosgesinfo.fr\/app\/uploads\/sites\/5\/2024\/09\/202301322339242-854794119107195-8996327943520090090-n1.jpg","keywords":["la bresse","musique","Vosges"],"articleSection":["A la Une","Culture","La Bresse","La Bresse &amp; son canton"],"inLanguage":"fr-FR","potentialAction":[{"@type":"CommentAction","name":"Comment","target":["https:\/\/vosgesinfo.fr\/remiremontinfo\/2023\/01\/bresse-de-nombreux-artistes-attendus-festival-accords-montagnes\/#respond"]}]},{"@type":"WebPage","@id":"https:\/\/vosgesinfo.fr\/remiremontinfo\/2023\/01\/bresse-de-nombreux-artistes-attendus-festival-accords-montagnes\/","url":"https:\/\/vosgesinfo.fr\/remiremontinfo\/2023\/01\/bresse-de-nombreux-artistes-attendus-festival-accords-montagnes\/","name":"La Bresse : de nombreux artistes attendus pour le festival Accords des Montagnes - Remiremont Info","isPartOf":{"@id":"https:\/\/vosgesinfo.fr\/remiremontinfo\/#website"},"primaryImageOfPage":{"@id":"https:\/\/vosgesinfo.fr\/remiremontinfo\/2023\/01\/bresse-de-nombreux-artistes-attendus-festival-accords-montagnes\/#primaryimage"},"image":{"@id":"https:\/\/vosgesinfo.fr\/remiremontinfo\/2023\/01\/bresse-de-nombreux-artistes-attendus-festival-accords-montagnes\/#primaryimage"},"thumbnailUrl":"https:\/\/vosgesinfo.fr\/app\/uploads\/sites\/5\/2024\/09\/202301322339242-854794119107195-8996327943520090090-n1.jpg","datePublished":"2023-01-10T11:08:07+00:00","dateModified":"2023-01-10T11:08:07+00:00","breadcrumb":{"@id":"https:\/\/vosgesinfo.fr\/remiremontinfo\/2023\/01\/bresse-de-nombreux-artistes-attendus-festival-accords-montagnes\/#breadcrumb"},"inLanguage":"fr-FR","potentialAction":[{"@type":"ReadAction","target":["https:\/\/vosgesinfo.fr\/remiremontinfo\/2023\/01\/bresse-de-nombreux-artistes-attendus-festival-accords-montagnes\/"]}]},{"@type":"ImageObject","inLanguage":"fr-FR","@id":"https:\/\/vosgesinfo.fr\/remiremontinfo\/2023\/01\/bresse-de-nombreux-artistes-attendus-festival-accords-montagnes\/#primaryimage","url":"https:\/\/vosgesinfo.fr\/app\/uploads\/sites\/5\/2024\/09\/202301322339242-854794119107195-8996327943520090090-n1.jpg","contentUrl":"https:\/\/vosgesinfo.fr\/app\/uploads\/sites\/5\/2024\/09\/202301322339242-854794119107195-8996327943520090090-n1.jpg","width":1110,"height":754},{"@type":"BreadcrumbList","@id":"https:\/\/vosgesinfo.fr\/remiremontinfo\/2023\/01\/bresse-de-nombreux-artistes-attendus-festival-accords-montagnes\/#breadcrumb","itemListElement":[{"@type":"ListItem","position":1,"name":"Home","item":"https:\/\/vosgesinfo.fr\/remiremontinfo\/"},{"@type":"ListItem","position":2,"name":"La Bresse : de nombreux artistes attendus pour le festival Accords des Montagnes"}]},{"@type":"WebSite","@id":"https:\/\/vosgesinfo.fr\/remiremontinfo\/#website","url":"https:\/\/vosgesinfo.fr\/remiremontinfo\/","name":"Remiremont Info","description":"Toute l&#039;actualit\u00e9 de Remiremont","publisher":{"@id":"https:\/\/vosgesinfo.fr\/remiremontinfo\/#organization"},"alternateName":"Toute l'actualit\u00e9 de Remiremont","potentialAction":[{"@type":"SearchAction","target":{"@type":"EntryPoint","urlTemplate":"https:\/\/vosgesinfo.fr\/remiremontinfo\/?s={search_term_string}"},"query-input":"required name=search_term_string"}],"inLanguage":"fr-FR"},{"@type":"Organization","@id":"https:\/\/vosgesinfo.fr\/remiremontinfo\/#organization","name":"Remiremont Info","url":"https:\/\/vosgesinfo.fr\/remiremontinfo\/","logo":{"@type":"ImageObject","inLanguage":"fr-FR","@id":"https:\/\/vosgesinfo.fr\/remiremontinfo\/#\/schema\/logo\/image\/","url":"https:\/\/vosgesinfo.fr\/app\/uploads\/sites\/5\/2023\/08\/favicon-remiremontinfo.png","contentUrl":"https:\/\/vosgesinfo.fr\/app\/uploads\/sites\/5\/2023\/08\/favicon-remiremontinfo.png","width":512,"height":512,"caption":"Remiremont Info"},"image":{"@id":"https:\/\/vosgesinfo.fr\/remiremontinfo\/#\/schema\/logo\/image\/"},"sameAs":["https:\/\/www.facebook.com\/remiremontinfo","https:\/\/x.com\/VosgesInfo88","https:\/\/www.youtube.com\/@vosgesinfo"]},{"@type":"Person","@id":"https:\/\/vosgesinfo.fr\/remiremontinfo\/#\/schema\/person\/3bfd164d5218a185b1db68655a265316","name":"C D","image":{"@type":"ImageObject","inLanguage":"fr-FR","@id":"https:\/\/vosgesinfo.fr\/remiremontinfo\/#\/schema\/person\/image\/","url":"https:\/\/secure.gravatar.com\/avatar\/1f9a70007336511a47468b8f1c66f922b8b7cf617b02a31149ada43893a5d48f?s=96&d=mm&r=g","contentUrl":"https:\/\/secure.gravatar.com\/avatar\/1f9a70007336511a47468b8f1c66f922b8b7cf617b02a31149ada43893a5d48f?s=96&d=mm&r=g","caption":"C D"},"url":"https:\/\/vosgesinfo.fr\/remiremontinfo\/author\/cedric-drevet\/"}]}},"_links":{"self":[{"href":"https:\/\/vosgesinfo.fr\/remiremontinfo\/wp-json\/wp\/v2\/posts\/66549","targetHints":{"allow":["GET"]}}],"collection":[{"href":"https:\/\/vosgesinfo.fr\/remiremontinfo\/wp-json\/wp\/v2\/posts"}],"about":[{"href":"https:\/\/vosgesinfo.fr\/remiremontinfo\/wp-json\/wp\/v2\/types\/post"}],"author":[{"embeddable":true,"href":"https:\/\/vosgesinfo.fr\/remiremontinfo\/wp-json\/wp\/v2\/users\/407"}],"replies":[{"embeddable":true,"href":"https:\/\/vosgesinfo.fr\/remiremontinfo\/wp-json\/wp\/v2\/comments?post=66549"}],"version-history":[{"count":0,"href":"https:\/\/vosgesinfo.fr\/remiremontinfo\/wp-json\/wp\/v2\/posts\/66549\/revisions"}],"wp:featuredmedia":[{"embeddable":true,"href":"https:\/\/vosgesinfo.fr\/remiremontinfo\/wp-json\/wp\/v2\/media\/66550"}],"wp:attachment":[{"href":"https:\/\/vosgesinfo.fr\/remiremontinfo\/wp-json\/wp\/v2\/media?parent=66549"}],"wp:term":[{"taxonomy":"category","embeddable":true,"href":"https:\/\/vosgesinfo.fr\/remiremontinfo\/wp-json\/wp\/v2\/categories?post=66549"},{"taxonomy":"post_tag","embeddable":true,"href":"https:\/\/vosgesinfo.fr\/remiremontinfo\/wp-json\/wp\/v2\/tags?post=66549"}],"curies":[{"name":"wp","href":"https:\/\/api.w.org\/{rel}","templated":true}]}}