{"id":66658,"date":"2023-01-12T09:45:50","date_gmt":"2023-01-12T08:45:50","guid":{"rendered":"https:\/\/vosgesinfo.fr\/remiremontinfo\/2023\/01\/projet-de-loi-nouveau-nucleaire-rapporteur-daniel-gremillet-muscle-texte-senat\/"},"modified":"2023-01-12T09:45:50","modified_gmt":"2023-01-12T08:45:50","slug":"projet-de-loi-nouveau-nucleaire-rapporteur-daniel-gremillet-muscle-texte-senat","status":"publish","type":"post","link":"https:\/\/vosgesinfo.fr\/remiremontinfo\/2023\/01\/projet-de-loi-nouveau-nucleaire-rapporteur-daniel-gremillet-muscle-texte-senat\/","title":{"rendered":"Projet de loi \u00ab Nouveau nucl\u00e9aire \u00bb : le Rapporteur Daniel Gremillet muscle le texte au S\u00e9nat"},"content":{"rendered":"<div class=\"pdfprnt-buttons pdfprnt-buttons-post pdfprnt-top-right\"><\/div>\n<p><strong><a href=\"https:\/\/epinalinfos.fr\/2021\/04\/hydroelectricite-proposition-de-loi-de-daniel-gremillet-adoptee-senat\/gremillet-3\/\" rel=\"attachment wp-att-184969\"><img decoding=\"async\" class=\"alignright wp-image-184969 size-medium\" src=\"https:\/\/epinalinfos.fr\/wp-content\/uploads\/2021\/04\/gremillet1-381x255.jpg\" alt=\"gremillet\" width=\"381\" height=\"255\" \/><\/a><\/strong><strong>\u00a0<\/strong>Mercredi 11 janvier 2023,\u00a0<u>Daniel GREMILLET<\/u>, S\u00e9nateur des Vosges,\u00a0<u>a pr\u00e9sent\u00e9 son rapport sur le projet de loi \u00ab\u00a0Nouveau nucl\u00e9aire\u00a0\u00bb<\/u><a href=\"https:\/\/epinalinfos.fr\/2023\/01\/projet-de-loi-nouveau-nucleaire-rapporteur-daniel-gremillet-muscle-texte-senat\/#_ftn1\" name=\"_ftnref1\">[1]<\/a>\u00a0devant la Commission des Affaires \u00e9conomiques du S\u00e9nat.<\/p>\n<p>Il a jug\u00e9 que ce texte allait dans le bon sens, tout en \u00e9tant insuffisant par rapport aux enjeux actuels de la fili\u00e8re nucl\u00e9aire. Il a \u00e9galement d\u00e9plor\u00e9 la m\u00e9thode employ\u00e9e par le Gouvernement qui l\u00e9gif\u00e8re dans la pr\u00e9cipitation et le d\u00e9sordre\u00a0alors qu\u2019il aurait d\u2019abord fallu que le Parlement d\u00e9batte de la strat\u00e9gie \u00e9nerg\u00e9tique de la France et r\u00e9vise la PPE.<\/p>\n<p>Apr\u00e8s avoir auditionn\u00e9 100 personnalit\u00e9s issues de la fili\u00e8re du nucl\u00e9aire, des organismes en charge de la s\u00fbret\u00e9, des associations environnementales et des collectivit\u00e9s territoriales et re\u00e7u 40 contributions \u00e9crites,\u00a0<u>le Rapporteur a, par cons\u00e9quent, pr\u00e9sent\u00e9 35 amendements pour consolider et substantiellement compl\u00e9ter le projet de loi, selon 4 axes<\/u>\u00a0:<\/p>\n<ul>\n<li><u>Le premier axe vise \u00e0 combler les angles morts du texte et \u00e0 d\u00e9finir une vision \u00e0 moyen et long termes<\/u>\u00a0pour replacer l\u2019\u00e9nergie nucl\u00e9aire au c\u0153ur de la planification \u00e9nerg\u00e9tique, revenir sur les d\u00e9cisions pass\u00e9es, notamment en supprimant l\u2019objectif de r\u00e9duction \u00e0 50 % de la part du nucl\u00e9aire dans la production d\u2019\u00e9lectricit\u00e9 d\u2019ici 2035, et pour arr\u00eater d\u2019opposer \u00e9nergie nucl\u00e9aire et \u00e9nergies renouvelables et prendre en compte toutes les nouvelles technologies.<\/li>\n<\/ul>\n<ul>\n<li><u>Le deuxi\u00e8me axe entend garantir la s\u00e9curit\u00e9 et la s\u00fbret\u00e9 des installations nucl\u00e9aires, face aux nouveaux risques<\/u>\u00a0li\u00e9s au changement climatique et \u00e0 la cybers\u00e9curit\u00e9.<\/li>\n<\/ul>\n<ul>\n<li><u>Le troisi\u00e8me axe pr\u00e9voit d\u2019associer les collectivit\u00e9s et le publ<\/u>ic, en veillant \u00e0 la r\u00e9alisation des consultations pr\u00e9alables, \u00e0 la qualit\u00e9 des \u00e9tudes d\u2019impact et \u00e0 l\u2019absence d\u2019effet de bord, en mati\u00e8re de fiscalit\u00e9 locale ou de politique de lutte contre l\u2019artificialisation notamment.<\/li>\n<\/ul>\n<ul>\n<li><u>Le dernier axe pr\u00e9voit de renforcer la s\u00e9curit\u00e9 juridique<\/u>, en encadrant certaines proc\u00e9dures d\u00e9rogatoires, en veillant \u00e0 l\u2019acc\u00e9l\u00e9ration des contentieux et en facilitant la r\u00e9alisation des travaux.<\/li>\n<\/ul>\n<p>\u00ab\u00a0<em>La relance du nucl\u00e9aire ne peut se satisfaire d\u2019une loi de simplification ! La politique conduite en mati\u00e8re d\u2019\u00e9nergie nucl\u00e9aire souffre de dix ans d\u2019atermoiements. Or, la situation \u00e9nerg\u00e9tique actuelle\u00a0<\/em><\/p>\n","protected":false},"excerpt":{"rendered":"<p>\u00a0Mercredi 11 janvier 2023,\u00a0Daniel GREMILLET, S\u00e9nateur des Vosges,\u00a0a pr\u00e9sent\u00e9 son rapport sur le projet de loi \u00ab\u00a0Nouveau nucl\u00e9aire\u00a0\u00bb[1]\u00a0devant la Commission [&hellip;]<\/p>\n","protected":false},"author":407,"featured_media":2460,"comment_status":"open","ping_status":"open","sticky":false,"template":"","format":"standard","meta":{"footnotes":""},"categories":[26,10,18],"tags":[3972,4357,126,2614,32],"class_list":["post-66658","post","type-post","status-publish","format-standard","has-post-thumbnail","hentry","category-a-la-une","category-politique","category-vosges","tag-gremillet","tag-nucleaire","tag-politique","tag-senat","tag-vosges"],"acf":[],"yoast_head":"<!-- This site is optimized with the Yoast SEO plugin v22.5 - https:\/\/yoast.com\/wordpress\/plugins\/seo\/ -->\n<title>Projet de loi \u00ab Nouveau nucl\u00e9aire \u00bb : le Rapporteur Daniel Gremillet muscle le texte au S\u00e9nat - Remiremont Info<\/title>\n<meta name=\"robots\" content=\"index, follow, max-snippet:-1, max-image-preview:large, max-video-preview:-1\" \/>\n<link rel=\"canonical\" href=\"https:\/\/vosgesinfo.fr\/remiremontinfo\/2023\/01\/projet-de-loi-nouveau-nucleaire-rapporteur-daniel-gremillet-muscle-texte-senat\/\" \/>\n<meta name=\"twitter:card\" content=\"summary_large_image\" \/>\n<meta name=\"twitter:title\" content=\"Projet de loi \u00ab Nouveau nucl\u00e9aire \u00bb : le Rapporteur Daniel Gremillet muscle le texte au S\u00e9nat - Remiremont Info\" \/>\n<meta name=\"twitter:description\" content=\"\u00a0Mercredi 11 janvier 2023,\u00a0Daniel GREMILLET, S\u00e9nateur des Vosges,\u00a0a pr\u00e9sent\u00e9 son rapport sur le projet de loi \u00ab\u00a0Nouveau nucl\u00e9aire\u00a0\u00bb[1]\u00a0devant la Commission [&hellip;]\" \/>\n<meta name=\"twitter:image\" content=\"https:\/\/vosgesinfo.fr\/app\/uploads\/sites\/5\/2021\/04\/dg20141119-zoneeuro-10-gremillet.jpg\" \/>\n<meta name=\"twitter:creator\" content=\"@VosgesInfo88\" \/>\n<meta name=\"twitter:site\" content=\"@VosgesInfo88\" \/>\n<meta name=\"twitter:label1\" content=\"\u00c9crit par\" \/>\n\t<meta name=\"twitter:data1\" content=\"C D\" \/>\n\t<meta name=\"twitter:label2\" content=\"Dur\u00e9e de lecture estim\u00e9e\" \/>\n\t<meta name=\"twitter:data2\" content=\"2 minutes\" \/>\n<script type=\"application\/ld+json\" class=\"yoast-schema-graph\">{\"@context\":\"https:\/\/schema.org\",\"@graph\":[{\"@type\":\"Article\",\"@id\":\"https:\/\/vosgesinfo.fr\/remiremontinfo\/2023\/01\/projet-de-loi-nouveau-nucleaire-rapporteur-daniel-gremillet-muscle-texte-senat\/#article\",\"isPartOf\":{\"@id\":\"https:\/\/vosgesinfo.fr\/remiremontinfo\/2023\/01\/projet-de-loi-nouveau-nucleaire-rapporteur-daniel-gremillet-muscle-texte-senat\/\"},\"author\":{\"name\":\"C D\",\"@id\":\"https:\/\/vosgesinfo.fr\/remiremontinfo\/#\/schema\/person\/3bfd164d5218a185b1db68655a265316\"},\"headline\":\"Projet de loi \u00ab Nouveau nucl\u00e9aire \u00bb : le Rapporteur Daniel Gremillet muscle le texte au S\u00e9nat\",\"datePublished\":\"2023-01-12T08:45:50+00:00\",\"dateModified\":\"2023-01-12T08:45:50+00:00\",\"mainEntityOfPage\":{\"@id\":\"https:\/\/vosgesinfo.fr\/remiremontinfo\/2023\/01\/projet-de-loi-nouveau-nucleaire-rapporteur-daniel-gremillet-muscle-texte-senat\/\"},\"wordCount\":411,\"commentCount\":0,\"publisher\":{\"@id\":\"https:\/\/vosgesinfo.fr\/remiremontinfo\/#organization\"},\"image\":{\"@id\":\"https:\/\/vosgesinfo.fr\/remiremontinfo\/2023\/01\/projet-de-loi-nouveau-nucleaire-rapporteur-daniel-gremillet-muscle-texte-senat\/#primaryimage\"},\"thumbnailUrl\":\"https:\/\/vosgesinfo.fr\/app\/uploads\/sites\/5\/2021\/04\/dg20141119-zoneeuro-10-gremillet.jpg\",\"keywords\":[\"gremillet\",\"nucleaire\",\"politique\",\"S\u00e9nat\",\"Vosges\"],\"articleSection\":[\"A la Une\",\"Politique\",\"Vosges\"],\"inLanguage\":\"fr-FR\",\"potentialAction\":[{\"@type\":\"CommentAction\",\"name\":\"Comment\",\"target\":[\"https:\/\/vosgesinfo.fr\/remiremontinfo\/2023\/01\/projet-de-loi-nouveau-nucleaire-rapporteur-daniel-gremillet-muscle-texte-senat\/#respond\"]}]},{\"@type\":\"WebPage\",\"@id\":\"https:\/\/vosgesinfo.fr\/remiremontinfo\/2023\/01\/projet-de-loi-nouveau-nucleaire-rapporteur-daniel-gremillet-muscle-texte-senat\/\",\"url\":\"https:\/\/vosgesinfo.fr\/remiremontinfo\/2023\/01\/projet-de-loi-nouveau-nucleaire-rapporteur-daniel-gremillet-muscle-texte-senat\/\",\"name\":\"Projet de loi \u00ab Nouveau nucl\u00e9aire \u00bb : le Rapporteur Daniel Gremillet muscle le texte au S\u00e9nat - Remiremont Info\",\"isPartOf\":{\"@id\":\"https:\/\/vosgesinfo.fr\/remiremontinfo\/#website\"},\"primaryImageOfPage\":{\"@id\":\"https:\/\/vosgesinfo.fr\/remiremontinfo\/2023\/01\/projet-de-loi-nouveau-nucleaire-rapporteur-daniel-gremillet-muscle-texte-senat\/#primaryimage\"},\"image\":{\"@id\":\"https:\/\/vosgesinfo.fr\/remiremontinfo\/2023\/01\/projet-de-loi-nouveau-nucleaire-rapporteur-daniel-gremillet-muscle-texte-senat\/#primaryimage\"},\"thumbnailUrl\":\"https:\/\/vosgesinfo.fr\/app\/uploads\/sites\/5\/2021\/04\/dg20141119-zoneeuro-10-gremillet.jpg\",\"datePublished\":\"2023-01-12T08:45:50+00:00\",\"dateModified\":\"2023-01-12T08:45:50+00:00\",\"breadcrumb\":{\"@id\":\"https:\/\/vosgesinfo.fr\/remiremontinfo\/2023\/01\/projet-de-loi-nouveau-nucleaire-rapporteur-daniel-gremillet-muscle-texte-senat\/#breadcrumb\"},\"inLanguage\":\"fr-FR\",\"potentialAction\":[{\"@type\":\"ReadAction\",\"target\":[\"https:\/\/vosgesinfo.fr\/remiremontinfo\/2023\/01\/projet-de-loi-nouveau-nucleaire-rapporteur-daniel-gremillet-muscle-texte-senat\/\"]}]},{\"@type\":\"ImageObject\",\"inLanguage\":\"fr-FR\",\"@id\":\"https:\/\/vosgesinfo.fr\/remiremontinfo\/2023\/01\/projet-de-loi-nouveau-nucleaire-rapporteur-daniel-gremillet-muscle-texte-senat\/#primaryimage\",\"url\":\"https:\/\/vosgesinfo.fr\/app\/uploads\/sites\/5\/2021\/04\/dg20141119-zoneeuro-10-gremillet.jpg\",\"contentUrl\":\"https:\/\/vosgesinfo.fr\/app\/uploads\/sites\/5\/2021\/04\/dg20141119-zoneeuro-10-gremillet.jpg\",\"width\":537,\"height\":359},{\"@type\":\"BreadcrumbList\",\"@id\":\"https:\/\/vosgesinfo.fr\/remiremontinfo\/2023\/01\/projet-de-loi-nouveau-nucleaire-rapporteur-daniel-gremillet-muscle-texte-senat\/#breadcrumb\",\"itemListElement\":[{\"@type\":\"ListItem\",\"position\":1,\"name\":\"Home\",\"item\":\"https:\/\/vosgesinfo.fr\/remiremontinfo\/\"},{\"@type\":\"ListItem\",\"position\":2,\"name\":\"Projet de loi \u00ab Nouveau nucl\u00e9aire \u00bb : le Rapporteur Daniel Gremillet muscle le texte au S\u00e9nat\"}]},{\"@type\":\"WebSite\",\"@id\":\"https:\/\/vosgesinfo.fr\/remiremontinfo\/#website\",\"url\":\"https:\/\/vosgesinfo.fr\/remiremontinfo\/\",\"name\":\"Remiremont Info\",\"description\":\"Toute l&#039;actualit\u00e9 de Remiremont\",\"publisher\":{\"@id\":\"https:\/\/vosgesinfo.fr\/remiremontinfo\/#organization\"},\"alternateName\":\"Toute l'actualit\u00e9 de Remiremont\",\"potentialAction\":[{\"@type\":\"SearchAction\",\"target\":{\"@type\":\"EntryPoint\",\"urlTemplate\":\"https:\/\/vosgesinfo.fr\/remiremontinfo\/?s={search_term_string}\"},\"query-input\":\"required name=search_term_string\"}],\"inLanguage\":\"fr-FR\"},{\"@type\":\"Organization\",\"@id\":\"https:\/\/vosgesinfo.fr\/remiremontinfo\/#organization\",\"name\":\"Remiremont Info\",\"url\":\"https:\/\/vosgesinfo.fr\/remiremontinfo\/\",\"logo\":{\"@type\":\"ImageObject\",\"inLanguage\":\"fr-FR\",\"@id\":\"https:\/\/vosgesinfo.fr\/remiremontinfo\/#\/schema\/logo\/image\/\",\"url\":\"https:\/\/vosgesinfo.fr\/app\/uploads\/sites\/5\/2023\/08\/favicon-remiremontinfo.png\",\"contentUrl\":\"https:\/\/vosgesinfo.fr\/app\/uploads\/sites\/5\/2023\/08\/favicon-remiremontinfo.png\",\"width\":512,\"height\":512,\"caption\":\"Remiremont Info\"},\"image\":{\"@id\":\"https:\/\/vosgesinfo.fr\/remiremontinfo\/#\/schema\/logo\/image\/\"},\"sameAs\":[\"https:\/\/www.facebook.com\/remiremontinfo\",\"https:\/\/x.com\/VosgesInfo88\",\"https:\/\/www.youtube.com\/@vosgesinfo\"]},{\"@type\":\"Person\",\"@id\":\"https:\/\/vosgesinfo.fr\/remiremontinfo\/#\/schema\/person\/3bfd164d5218a185b1db68655a265316\",\"name\":\"C D\",\"image\":{\"@type\":\"ImageObject\",\"inLanguage\":\"fr-FR\",\"@id\":\"https:\/\/vosgesinfo.fr\/remiremontinfo\/#\/schema\/person\/image\/\",\"url\":\"https:\/\/secure.gravatar.com\/avatar\/1f9a70007336511a47468b8f1c66f922b8b7cf617b02a31149ada43893a5d48f?s=96&d=mm&r=g\",\"contentUrl\":\"https:\/\/secure.gravatar.com\/avatar\/1f9a70007336511a47468b8f1c66f922b8b7cf617b02a31149ada43893a5d48f?s=96&d=mm&r=g\",\"caption\":\"C D\"},\"url\":\"https:\/\/vosgesinfo.fr\/remiremontinfo\/author\/cedric-drevet\/\"}]}<\/script>\n<!-- \/ Yoast SEO plugin. -->","yoast_head_json":{"title":"Projet de loi \u00ab Nouveau nucl\u00e9aire \u00bb : le Rapporteur Daniel Gremillet muscle le texte au S\u00e9nat - Remiremont Info","robots":{"index":"index","follow":"follow","max-snippet":"max-snippet:-1","max-image-preview":"max-image-preview:large","max-video-preview":"max-video-preview:-1"},"canonical":"https:\/\/vosgesinfo.fr\/remiremontinfo\/2023\/01\/projet-de-loi-nouveau-nucleaire-rapporteur-daniel-gremillet-muscle-texte-senat\/","twitter_card":"summary_large_image","twitter_title":"Projet de loi \u00ab Nouveau nucl\u00e9aire \u00bb : le Rapporteur Daniel Gremillet muscle le texte au S\u00e9nat - Remiremont Info","twitter_description":"\u00a0Mercredi 11 janvier 2023,\u00a0Daniel GREMILLET, S\u00e9nateur des Vosges,\u00a0a pr\u00e9sent\u00e9 son rapport sur le projet de loi \u00ab\u00a0Nouveau nucl\u00e9aire\u00a0\u00bb[1]\u00a0devant la Commission [&hellip;]","twitter_image":"https:\/\/vosgesinfo.fr\/app\/uploads\/sites\/5\/2021\/04\/dg20141119-zoneeuro-10-gremillet.jpg","twitter_creator":"@VosgesInfo88","twitter_site":"@VosgesInfo88","twitter_misc":{"\u00c9crit par":"C D","Dur\u00e9e de lecture estim\u00e9e":"2 minutes"},"schema":{"@context":"https:\/\/schema.org","@graph":[{"@type":"Article","@id":"https:\/\/vosgesinfo.fr\/remiremontinfo\/2023\/01\/projet-de-loi-nouveau-nucleaire-rapporteur-daniel-gremillet-muscle-texte-senat\/#article","isPartOf":{"@id":"https:\/\/vosgesinfo.fr\/remiremontinfo\/2023\/01\/projet-de-loi-nouveau-nucleaire-rapporteur-daniel-gremillet-muscle-texte-senat\/"},"author":{"name":"C D","@id":"https:\/\/vosgesinfo.fr\/remiremontinfo\/#\/schema\/person\/3bfd164d5218a185b1db68655a265316"},"headline":"Projet de loi \u00ab Nouveau nucl\u00e9aire \u00bb : le Rapporteur Daniel Gremillet muscle le texte au S\u00e9nat","datePublished":"2023-01-12T08:45:50+00:00","dateModified":"2023-01-12T08:45:50+00:00","mainEntityOfPage":{"@id":"https:\/\/vosgesinfo.fr\/remiremontinfo\/2023\/01\/projet-de-loi-nouveau-nucleaire-rapporteur-daniel-gremillet-muscle-texte-senat\/"},"wordCount":411,"commentCount":0,"publisher":{"@id":"https:\/\/vosgesinfo.fr\/remiremontinfo\/#organization"},"image":{"@id":"https:\/\/vosgesinfo.fr\/remiremontinfo\/2023\/01\/projet-de-loi-nouveau-nucleaire-rapporteur-daniel-gremillet-muscle-texte-senat\/#primaryimage"},"thumbnailUrl":"https:\/\/vosgesinfo.fr\/app\/uploads\/sites\/5\/2021\/04\/dg20141119-zoneeuro-10-gremillet.jpg","keywords":["gremillet","nucleaire","politique","S\u00e9nat","Vosges"],"articleSection":["A la Une","Politique","Vosges"],"inLanguage":"fr-FR","potentialAction":[{"@type":"CommentAction","name":"Comment","target":["https:\/\/vosgesinfo.fr\/remiremontinfo\/2023\/01\/projet-de-loi-nouveau-nucleaire-rapporteur-daniel-gremillet-muscle-texte-senat\/#respond"]}]},{"@type":"WebPage","@id":"https:\/\/vosgesinfo.fr\/remiremontinfo\/2023\/01\/projet-de-loi-nouveau-nucleaire-rapporteur-daniel-gremillet-muscle-texte-senat\/","url":"https:\/\/vosgesinfo.fr\/remiremontinfo\/2023\/01\/projet-de-loi-nouveau-nucleaire-rapporteur-daniel-gremillet-muscle-texte-senat\/","name":"Projet de loi \u00ab Nouveau nucl\u00e9aire \u00bb : le Rapporteur Daniel Gremillet muscle le texte au S\u00e9nat - Remiremont Info","isPartOf":{"@id":"https:\/\/vosgesinfo.fr\/remiremontinfo\/#website"},"primaryImageOfPage":{"@id":"https:\/\/vosgesinfo.fr\/remiremontinfo\/2023\/01\/projet-de-loi-nouveau-nucleaire-rapporteur-daniel-gremillet-muscle-texte-senat\/#primaryimage"},"image":{"@id":"https:\/\/vosgesinfo.fr\/remiremontinfo\/2023\/01\/projet-de-loi-nouveau-nucleaire-rapporteur-daniel-gremillet-muscle-texte-senat\/#primaryimage"},"thumbnailUrl":"https:\/\/vosgesinfo.fr\/app\/uploads\/sites\/5\/2021\/04\/dg20141119-zoneeuro-10-gremillet.jpg","datePublished":"2023-01-12T08:45:50+00:00","dateModified":"2023-01-12T08:45:50+00:00","breadcrumb":{"@id":"https:\/\/vosgesinfo.fr\/remiremontinfo\/2023\/01\/projet-de-loi-nouveau-nucleaire-rapporteur-daniel-gremillet-muscle-texte-senat\/#breadcrumb"},"inLanguage":"fr-FR","potentialAction":[{"@type":"ReadAction","target":["https:\/\/vosgesinfo.fr\/remiremontinfo\/2023\/01\/projet-de-loi-nouveau-nucleaire-rapporteur-daniel-gremillet-muscle-texte-senat\/"]}]},{"@type":"ImageObject","inLanguage":"fr-FR","@id":"https:\/\/vosgesinfo.fr\/remiremontinfo\/2023\/01\/projet-de-loi-nouveau-nucleaire-rapporteur-daniel-gremillet-muscle-texte-senat\/#primaryimage","url":"https:\/\/vosgesinfo.fr\/app\/uploads\/sites\/5\/2021\/04\/dg20141119-zoneeuro-10-gremillet.jpg","contentUrl":"https:\/\/vosgesinfo.fr\/app\/uploads\/sites\/5\/2021\/04\/dg20141119-zoneeuro-10-gremillet.jpg","width":537,"height":359},{"@type":"BreadcrumbList","@id":"https:\/\/vosgesinfo.fr\/remiremontinfo\/2023\/01\/projet-de-loi-nouveau-nucleaire-rapporteur-daniel-gremillet-muscle-texte-senat\/#breadcrumb","itemListElement":[{"@type":"ListItem","position":1,"name":"Home","item":"https:\/\/vosgesinfo.fr\/remiremontinfo\/"},{"@type":"ListItem","position":2,"name":"Projet de loi \u00ab Nouveau nucl\u00e9aire \u00bb : le Rapporteur Daniel Gremillet muscle le texte au S\u00e9nat"}]},{"@type":"WebSite","@id":"https:\/\/vosgesinfo.fr\/remiremontinfo\/#website","url":"https:\/\/vosgesinfo.fr\/remiremontinfo\/","name":"Remiremont Info","description":"Toute l&#039;actualit\u00e9 de Remiremont","publisher":{"@id":"https:\/\/vosgesinfo.fr\/remiremontinfo\/#organization"},"alternateName":"Toute l'actualit\u00e9 de Remiremont","potentialAction":[{"@type":"SearchAction","target":{"@type":"EntryPoint","urlTemplate":"https:\/\/vosgesinfo.fr\/remiremontinfo\/?s={search_term_string}"},"query-input":"required name=search_term_string"}],"inLanguage":"fr-FR"},{"@type":"Organization","@id":"https:\/\/vosgesinfo.fr\/remiremontinfo\/#organization","name":"Remiremont Info","url":"https:\/\/vosgesinfo.fr\/remiremontinfo\/","logo":{"@type":"ImageObject","inLanguage":"fr-FR","@id":"https:\/\/vosgesinfo.fr\/remiremontinfo\/#\/schema\/logo\/image\/","url":"https:\/\/vosgesinfo.fr\/app\/uploads\/sites\/5\/2023\/08\/favicon-remiremontinfo.png","contentUrl":"https:\/\/vosgesinfo.fr\/app\/uploads\/sites\/5\/2023\/08\/favicon-remiremontinfo.png","width":512,"height":512,"caption":"Remiremont Info"},"image":{"@id":"https:\/\/vosgesinfo.fr\/remiremontinfo\/#\/schema\/logo\/image\/"},"sameAs":["https:\/\/www.facebook.com\/remiremontinfo","https:\/\/x.com\/VosgesInfo88","https:\/\/www.youtube.com\/@vosgesinfo"]},{"@type":"Person","@id":"https:\/\/vosgesinfo.fr\/remiremontinfo\/#\/schema\/person\/3bfd164d5218a185b1db68655a265316","name":"C D","image":{"@type":"ImageObject","inLanguage":"fr-FR","@id":"https:\/\/vosgesinfo.fr\/remiremontinfo\/#\/schema\/person\/image\/","url":"https:\/\/secure.gravatar.com\/avatar\/1f9a70007336511a47468b8f1c66f922b8b7cf617b02a31149ada43893a5d48f?s=96&d=mm&r=g","contentUrl":"https:\/\/secure.gravatar.com\/avatar\/1f9a70007336511a47468b8f1c66f922b8b7cf617b02a31149ada43893a5d48f?s=96&d=mm&r=g","caption":"C D"},"url":"https:\/\/vosgesinfo.fr\/remiremontinfo\/author\/cedric-drevet\/"}]}},"_links":{"self":[{"href":"https:\/\/vosgesinfo.fr\/remiremontinfo\/wp-json\/wp\/v2\/posts\/66658","targetHints":{"allow":["GET"]}}],"collection":[{"href":"https:\/\/vosgesinfo.fr\/remiremontinfo\/wp-json\/wp\/v2\/posts"}],"about":[{"href":"https:\/\/vosgesinfo.fr\/remiremontinfo\/wp-json\/wp\/v2\/types\/post"}],"author":[{"embeddable":true,"href":"https:\/\/vosgesinfo.fr\/remiremontinfo\/wp-json\/wp\/v2\/users\/407"}],"replies":[{"embeddable":true,"href":"https:\/\/vosgesinfo.fr\/remiremontinfo\/wp-json\/wp\/v2\/comments?post=66658"}],"version-history":[{"count":0,"href":"https:\/\/vosgesinfo.fr\/remiremontinfo\/wp-json\/wp\/v2\/posts\/66658\/revisions"}],"wp:featuredmedia":[{"embeddable":true,"href":"https:\/\/vosgesinfo.fr\/remiremontinfo\/wp-json\/wp\/v2\/media\/2460"}],"wp:attachment":[{"href":"https:\/\/vosgesinfo.fr\/remiremontinfo\/wp-json\/wp\/v2\/media?parent=66658"}],"wp:term":[{"taxonomy":"category","embeddable":true,"href":"https:\/\/vosgesinfo.fr\/remiremontinfo\/wp-json\/wp\/v2\/categories?post=66658"},{"taxonomy":"post_tag","embeddable":true,"href":"https:\/\/vosgesinfo.fr\/remiremontinfo\/wp-json\/wp\/v2\/tags?post=66658"}],"curies":[{"name":"wp","href":"https:\/\/api.w.org\/{rel}","templated":true}]}}