{"id":66661,"date":"2023-01-12T13:50:33","date_gmt":"2023-01-12T12:50:33","guid":{"rendered":"https:\/\/vosgesinfo.fr\/remiremontinfo\/2023\/01\/crise-de-lenergie-boulanger-patissier-vosgien-a-facture-delectricite-exploser-1er-janvier\/"},"modified":"2023-01-12T13:50:33","modified_gmt":"2023-01-12T12:50:33","slug":"crise-de-lenergie-boulanger-patissier-vosgien-a-facture-delectricite-exploser-1er-janvier","status":"publish","type":"post","link":"https:\/\/vosgesinfo.fr\/remiremontinfo\/2023\/01\/crise-de-lenergie-boulanger-patissier-vosgien-a-facture-delectricite-exploser-1er-janvier\/","title":{"rendered":"Crise de l\u2019\u00e9nergie : un boulanger-p\u00e2tissier vosgien a vu sa facture d\u2019\u00e9lectricit\u00e9 exploser au 1er janvier"},"content":{"rendered":"<h2><strong>Pour montrer l\u2019impact direct de la hausse du prix de l\u2019\u00e9lectricit\u00e9 sur son entreprise, David Fays, g\u00e9rant de la boulanger-p\u00e2tisserie K6 Framboise de Saint-Di\u00e9-des-Vosges, n\u2019y est pas all\u00e9 par 4 chemins\u00a0: il affiche son actuel contrat \u00e9lectricit\u00e9 au vu des clients, annot\u00e9 de l\u2019ancien tarif. Il a \u00e9galement publi\u00e9 ledit contrat sur la page Facebook de K6 Framboise.<\/strong><\/h2>\n<p>Avec une multiplication par presque 5 de la facture \u00e9lectrique de la bo<\/p>\n","protected":false},"excerpt":{"rendered":"<p>Pour montrer l\u2019impact direct de la hausse du prix de l\u2019\u00e9lectricit\u00e9 sur son entreprise, David Fays, g\u00e9rant de la boulanger-p\u00e2tisserie [&hellip;]<\/p>\n","protected":false},"author":407,"featured_media":66662,"comment_status":"open","ping_status":"open","sticky":false,"template":"","format":"standard","meta":{"footnotes":""},"categories":[26,5,18],"tags":[93,1427,32],"class_list":["post-66661","post","type-post","status-publish","format-standard","has-post-thumbnail","hentry","category-a-la-une","category-economie","category-vosges","tag-economie","tag-pain","tag-vosges"],"acf":[],"yoast_head":"<!-- This site is optimized with the Yoast SEO plugin v22.5 - https:\/\/yoast.com\/wordpress\/plugins\/seo\/ -->\n<title>Crise de l\u2019\u00e9nergie : un boulanger-p\u00e2tissier vosgien a vu sa facture d\u2019\u00e9lectricit\u00e9 exploser au 1er janvier - Remiremont Info<\/title>\n<meta name=\"robots\" content=\"index, follow, max-snippet:-1, max-image-preview:large, max-video-preview:-1\" \/>\n<link rel=\"canonical\" href=\"https:\/\/vosgesinfo.fr\/remiremontinfo\/2023\/01\/crise-de-lenergie-boulanger-patissier-vosgien-a-facture-delectricite-exploser-1er-janvier\/\" \/>\n<meta name=\"twitter:card\" content=\"summary_large_image\" \/>\n<meta name=\"twitter:title\" content=\"Crise de l\u2019\u00e9nergie : un boulanger-p\u00e2tissier vosgien a vu sa facture d\u2019\u00e9lectricit\u00e9 exploser au 1er janvier - Remiremont Info\" \/>\n<meta name=\"twitter:description\" content=\"Pour montrer l\u2019impact direct de la hausse du prix de l\u2019\u00e9lectricit\u00e9 sur son entreprise, David Fays, g\u00e9rant de la boulanger-p\u00e2tisserie [&hellip;]\" \/>\n<meta name=\"twitter:image\" content=\"https:\/\/vosgesinfo.fr\/app\/uploads\/sites\/5\/2024\/09\/202301k6-framboise-facture-electricite-2-1024x771-1.jpg\" \/>\n<meta name=\"twitter:creator\" content=\"@VosgesInfo88\" \/>\n<meta name=\"twitter:site\" content=\"@VosgesInfo88\" \/>\n<meta name=\"twitter:label1\" content=\"\u00c9crit par\" \/>\n\t<meta name=\"twitter:data1\" content=\"C D\" \/>\n<script type=\"application\/ld+json\" class=\"yoast-schema-graph\">{\"@context\":\"https:\/\/schema.org\",\"@graph\":[{\"@type\":\"Article\",\"@id\":\"https:\/\/vosgesinfo.fr\/remiremontinfo\/2023\/01\/crise-de-lenergie-boulanger-patissier-vosgien-a-facture-delectricite-exploser-1er-janvier\/#article\",\"isPartOf\":{\"@id\":\"https:\/\/vosgesinfo.fr\/remiremontinfo\/2023\/01\/crise-de-lenergie-boulanger-patissier-vosgien-a-facture-delectricite-exploser-1er-janvier\/\"},\"author\":{\"name\":\"C D\",\"@id\":\"https:\/\/vosgesinfo.fr\/remiremontinfo\/#\/schema\/person\/3bfd164d5218a185b1db68655a265316\"},\"headline\":\"Crise de l\u2019\u00e9nergie : un boulanger-p\u00e2tissier vosgien a vu sa facture d\u2019\u00e9lectricit\u00e9 exploser au 1er janvier\",\"datePublished\":\"2023-01-12T12:50:33+00:00\",\"dateModified\":\"2023-01-12T12:50:33+00:00\",\"mainEntityOfPage\":{\"@id\":\"https:\/\/vosgesinfo.fr\/remiremontinfo\/2023\/01\/crise-de-lenergie-boulanger-patissier-vosgien-a-facture-delectricite-exploser-1er-janvier\/\"},\"wordCount\":94,\"commentCount\":0,\"publisher\":{\"@id\":\"https:\/\/vosgesinfo.fr\/remiremontinfo\/#organization\"},\"image\":{\"@id\":\"https:\/\/vosgesinfo.fr\/remiremontinfo\/2023\/01\/crise-de-lenergie-boulanger-patissier-vosgien-a-facture-delectricite-exploser-1er-janvier\/#primaryimage\"},\"thumbnailUrl\":\"https:\/\/vosgesinfo.fr\/app\/uploads\/sites\/5\/2024\/09\/202301k6-framboise-facture-electricite-2-1024x771-1.jpg\",\"keywords\":[\"\u00e9conomie\",\"Pain\",\"Vosges\"],\"articleSection\":[\"A la Une\",\"\u00c9conomie\",\"Vosges\"],\"inLanguage\":\"fr-FR\",\"potentialAction\":[{\"@type\":\"CommentAction\",\"name\":\"Comment\",\"target\":[\"https:\/\/vosgesinfo.fr\/remiremontinfo\/2023\/01\/crise-de-lenergie-boulanger-patissier-vosgien-a-facture-delectricite-exploser-1er-janvier\/#respond\"]}]},{\"@type\":\"WebPage\",\"@id\":\"https:\/\/vosgesinfo.fr\/remiremontinfo\/2023\/01\/crise-de-lenergie-boulanger-patissier-vosgien-a-facture-delectricite-exploser-1er-janvier\/\",\"url\":\"https:\/\/vosgesinfo.fr\/remiremontinfo\/2023\/01\/crise-de-lenergie-boulanger-patissier-vosgien-a-facture-delectricite-exploser-1er-janvier\/\",\"name\":\"Crise de l\u2019\u00e9nergie : un boulanger-p\u00e2tissier vosgien a vu sa facture d\u2019\u00e9lectricit\u00e9 exploser au 1er janvier - Remiremont Info\",\"isPartOf\":{\"@id\":\"https:\/\/vosgesinfo.fr\/remiremontinfo\/#website\"},\"primaryImageOfPage\":{\"@id\":\"https:\/\/vosgesinfo.fr\/remiremontinfo\/2023\/01\/crise-de-lenergie-boulanger-patissier-vosgien-a-facture-delectricite-exploser-1er-janvier\/#primaryimage\"},\"image\":{\"@id\":\"https:\/\/vosgesinfo.fr\/remiremontinfo\/2023\/01\/crise-de-lenergie-boulanger-patissier-vosgien-a-facture-delectricite-exploser-1er-janvier\/#primaryimage\"},\"thumbnailUrl\":\"https:\/\/vosgesinfo.fr\/app\/uploads\/sites\/5\/2024\/09\/202301k6-framboise-facture-electricite-2-1024x771-1.jpg\",\"datePublished\":\"2023-01-12T12:50:33+00:00\",\"dateModified\":\"2023-01-12T12:50:33+00:00\",\"breadcrumb\":{\"@id\":\"https:\/\/vosgesinfo.fr\/remiremontinfo\/2023\/01\/crise-de-lenergie-boulanger-patissier-vosgien-a-facture-delectricite-exploser-1er-janvier\/#breadcrumb\"},\"inLanguage\":\"fr-FR\",\"potentialAction\":[{\"@type\":\"ReadAction\",\"target\":[\"https:\/\/vosgesinfo.fr\/remiremontinfo\/2023\/01\/crise-de-lenergie-boulanger-patissier-vosgien-a-facture-delectricite-exploser-1er-janvier\/\"]}]},{\"@type\":\"ImageObject\",\"inLanguage\":\"fr-FR\",\"@id\":\"https:\/\/vosgesinfo.fr\/remiremontinfo\/2023\/01\/crise-de-lenergie-boulanger-patissier-vosgien-a-facture-delectricite-exploser-1er-janvier\/#primaryimage\",\"url\":\"https:\/\/vosgesinfo.fr\/app\/uploads\/sites\/5\/2024\/09\/202301k6-framboise-facture-electricite-2-1024x771-1.jpg\",\"contentUrl\":\"https:\/\/vosgesinfo.fr\/app\/uploads\/sites\/5\/2024\/09\/202301k6-framboise-facture-electricite-2-1024x771-1.jpg\",\"width\":1024,\"height\":771},{\"@type\":\"BreadcrumbList\",\"@id\":\"https:\/\/vosgesinfo.fr\/remiremontinfo\/2023\/01\/crise-de-lenergie-boulanger-patissier-vosgien-a-facture-delectricite-exploser-1er-janvier\/#breadcrumb\",\"itemListElement\":[{\"@type\":\"ListItem\",\"position\":1,\"name\":\"Home\",\"item\":\"https:\/\/vosgesinfo.fr\/remiremontinfo\/\"},{\"@type\":\"ListItem\",\"position\":2,\"name\":\"Crise de l\u2019\u00e9nergie : un boulanger-p\u00e2tissier vosgien a vu sa facture d\u2019\u00e9lectricit\u00e9 exploser au 1er janvier\"}]},{\"@type\":\"WebSite\",\"@id\":\"https:\/\/vosgesinfo.fr\/remiremontinfo\/#website\",\"url\":\"https:\/\/vosgesinfo.fr\/remiremontinfo\/\",\"name\":\"Remiremont Info\",\"description\":\"Toute l&#039;actualit\u00e9 de Remiremont\",\"publisher\":{\"@id\":\"https:\/\/vosgesinfo.fr\/remiremontinfo\/#organization\"},\"alternateName\":\"Toute l'actualit\u00e9 de Remiremont\",\"potentialAction\":[{\"@type\":\"SearchAction\",\"target\":{\"@type\":\"EntryPoint\",\"urlTemplate\":\"https:\/\/vosgesinfo.fr\/remiremontinfo\/?s={search_term_string}\"},\"query-input\":\"required name=search_term_string\"}],\"inLanguage\":\"fr-FR\"},{\"@type\":\"Organization\",\"@id\":\"https:\/\/vosgesinfo.fr\/remiremontinfo\/#organization\",\"name\":\"Remiremont Info\",\"url\":\"https:\/\/vosgesinfo.fr\/remiremontinfo\/\",\"logo\":{\"@type\":\"ImageObject\",\"inLanguage\":\"fr-FR\",\"@id\":\"https:\/\/vosgesinfo.fr\/remiremontinfo\/#\/schema\/logo\/image\/\",\"url\":\"https:\/\/vosgesinfo.fr\/app\/uploads\/sites\/5\/2023\/08\/favicon-remiremontinfo.png\",\"contentUrl\":\"https:\/\/vosgesinfo.fr\/app\/uploads\/sites\/5\/2023\/08\/favicon-remiremontinfo.png\",\"width\":512,\"height\":512,\"caption\":\"Remiremont Info\"},\"image\":{\"@id\":\"https:\/\/vosgesinfo.fr\/remiremontinfo\/#\/schema\/logo\/image\/\"},\"sameAs\":[\"https:\/\/www.facebook.com\/remiremontinfo\",\"https:\/\/x.com\/VosgesInfo88\",\"https:\/\/www.youtube.com\/@vosgesinfo\"]},{\"@type\":\"Person\",\"@id\":\"https:\/\/vosgesinfo.fr\/remiremontinfo\/#\/schema\/person\/3bfd164d5218a185b1db68655a265316\",\"name\":\"C D\",\"image\":{\"@type\":\"ImageObject\",\"inLanguage\":\"fr-FR\",\"@id\":\"https:\/\/vosgesinfo.fr\/remiremontinfo\/#\/schema\/person\/image\/\",\"url\":\"https:\/\/secure.gravatar.com\/avatar\/1f9a70007336511a47468b8f1c66f922b8b7cf617b02a31149ada43893a5d48f?s=96&d=mm&r=g\",\"contentUrl\":\"https:\/\/secure.gravatar.com\/avatar\/1f9a70007336511a47468b8f1c66f922b8b7cf617b02a31149ada43893a5d48f?s=96&d=mm&r=g\",\"caption\":\"C D\"},\"url\":\"https:\/\/vosgesinfo.fr\/remiremontinfo\/author\/cedric-drevet\/\"}]}<\/script>\n<!-- \/ Yoast SEO plugin. -->","yoast_head_json":{"title":"Crise de l\u2019\u00e9nergie : un boulanger-p\u00e2tissier vosgien a vu sa facture d\u2019\u00e9lectricit\u00e9 exploser au 1er janvier - Remiremont Info","robots":{"index":"index","follow":"follow","max-snippet":"max-snippet:-1","max-image-preview":"max-image-preview:large","max-video-preview":"max-video-preview:-1"},"canonical":"https:\/\/vosgesinfo.fr\/remiremontinfo\/2023\/01\/crise-de-lenergie-boulanger-patissier-vosgien-a-facture-delectricite-exploser-1er-janvier\/","twitter_card":"summary_large_image","twitter_title":"Crise de l\u2019\u00e9nergie : un boulanger-p\u00e2tissier vosgien a vu sa facture d\u2019\u00e9lectricit\u00e9 exploser au 1er janvier - Remiremont Info","twitter_description":"Pour montrer l\u2019impact direct de la hausse du prix de l\u2019\u00e9lectricit\u00e9 sur son entreprise, David Fays, g\u00e9rant de la boulanger-p\u00e2tisserie [&hellip;]","twitter_image":"https:\/\/vosgesinfo.fr\/app\/uploads\/sites\/5\/2024\/09\/202301k6-framboise-facture-electricite-2-1024x771-1.jpg","twitter_creator":"@VosgesInfo88","twitter_site":"@VosgesInfo88","twitter_misc":{"\u00c9crit par":"C D"},"schema":{"@context":"https:\/\/schema.org","@graph":[{"@type":"Article","@id":"https:\/\/vosgesinfo.fr\/remiremontinfo\/2023\/01\/crise-de-lenergie-boulanger-patissier-vosgien-a-facture-delectricite-exploser-1er-janvier\/#article","isPartOf":{"@id":"https:\/\/vosgesinfo.fr\/remiremontinfo\/2023\/01\/crise-de-lenergie-boulanger-patissier-vosgien-a-facture-delectricite-exploser-1er-janvier\/"},"author":{"name":"C D","@id":"https:\/\/vosgesinfo.fr\/remiremontinfo\/#\/schema\/person\/3bfd164d5218a185b1db68655a265316"},"headline":"Crise de l\u2019\u00e9nergie : un boulanger-p\u00e2tissier vosgien a vu sa facture d\u2019\u00e9lectricit\u00e9 exploser au 1er janvier","datePublished":"2023-01-12T12:50:33+00:00","dateModified":"2023-01-12T12:50:33+00:00","mainEntityOfPage":{"@id":"https:\/\/vosgesinfo.fr\/remiremontinfo\/2023\/01\/crise-de-lenergie-boulanger-patissier-vosgien-a-facture-delectricite-exploser-1er-janvier\/"},"wordCount":94,"commentCount":0,"publisher":{"@id":"https:\/\/vosgesinfo.fr\/remiremontinfo\/#organization"},"image":{"@id":"https:\/\/vosgesinfo.fr\/remiremontinfo\/2023\/01\/crise-de-lenergie-boulanger-patissier-vosgien-a-facture-delectricite-exploser-1er-janvier\/#primaryimage"},"thumbnailUrl":"https:\/\/vosgesinfo.fr\/app\/uploads\/sites\/5\/2024\/09\/202301k6-framboise-facture-electricite-2-1024x771-1.jpg","keywords":["\u00e9conomie","Pain","Vosges"],"articleSection":["A la Une","\u00c9conomie","Vosges"],"inLanguage":"fr-FR","potentialAction":[{"@type":"CommentAction","name":"Comment","target":["https:\/\/vosgesinfo.fr\/remiremontinfo\/2023\/01\/crise-de-lenergie-boulanger-patissier-vosgien-a-facture-delectricite-exploser-1er-janvier\/#respond"]}]},{"@type":"WebPage","@id":"https:\/\/vosgesinfo.fr\/remiremontinfo\/2023\/01\/crise-de-lenergie-boulanger-patissier-vosgien-a-facture-delectricite-exploser-1er-janvier\/","url":"https:\/\/vosgesinfo.fr\/remiremontinfo\/2023\/01\/crise-de-lenergie-boulanger-patissier-vosgien-a-facture-delectricite-exploser-1er-janvier\/","name":"Crise de l\u2019\u00e9nergie : un boulanger-p\u00e2tissier vosgien a vu sa facture d\u2019\u00e9lectricit\u00e9 exploser au 1er janvier - Remiremont Info","isPartOf":{"@id":"https:\/\/vosgesinfo.fr\/remiremontinfo\/#website"},"primaryImageOfPage":{"@id":"https:\/\/vosgesinfo.fr\/remiremontinfo\/2023\/01\/crise-de-lenergie-boulanger-patissier-vosgien-a-facture-delectricite-exploser-1er-janvier\/#primaryimage"},"image":{"@id":"https:\/\/vosgesinfo.fr\/remiremontinfo\/2023\/01\/crise-de-lenergie-boulanger-patissier-vosgien-a-facture-delectricite-exploser-1er-janvier\/#primaryimage"},"thumbnailUrl":"https:\/\/vosgesinfo.fr\/app\/uploads\/sites\/5\/2024\/09\/202301k6-framboise-facture-electricite-2-1024x771-1.jpg","datePublished":"2023-01-12T12:50:33+00:00","dateModified":"2023-01-12T12:50:33+00:00","breadcrumb":{"@id":"https:\/\/vosgesinfo.fr\/remiremontinfo\/2023\/01\/crise-de-lenergie-boulanger-patissier-vosgien-a-facture-delectricite-exploser-1er-janvier\/#breadcrumb"},"inLanguage":"fr-FR","potentialAction":[{"@type":"ReadAction","target":["https:\/\/vosgesinfo.fr\/remiremontinfo\/2023\/01\/crise-de-lenergie-boulanger-patissier-vosgien-a-facture-delectricite-exploser-1er-janvier\/"]}]},{"@type":"ImageObject","inLanguage":"fr-FR","@id":"https:\/\/vosgesinfo.fr\/remiremontinfo\/2023\/01\/crise-de-lenergie-boulanger-patissier-vosgien-a-facture-delectricite-exploser-1er-janvier\/#primaryimage","url":"https:\/\/vosgesinfo.fr\/app\/uploads\/sites\/5\/2024\/09\/202301k6-framboise-facture-electricite-2-1024x771-1.jpg","contentUrl":"https:\/\/vosgesinfo.fr\/app\/uploads\/sites\/5\/2024\/09\/202301k6-framboise-facture-electricite-2-1024x771-1.jpg","width":1024,"height":771},{"@type":"BreadcrumbList","@id":"https:\/\/vosgesinfo.fr\/remiremontinfo\/2023\/01\/crise-de-lenergie-boulanger-patissier-vosgien-a-facture-delectricite-exploser-1er-janvier\/#breadcrumb","itemListElement":[{"@type":"ListItem","position":1,"name":"Home","item":"https:\/\/vosgesinfo.fr\/remiremontinfo\/"},{"@type":"ListItem","position":2,"name":"Crise de l\u2019\u00e9nergie : un boulanger-p\u00e2tissier vosgien a vu sa facture d\u2019\u00e9lectricit\u00e9 exploser au 1er janvier"}]},{"@type":"WebSite","@id":"https:\/\/vosgesinfo.fr\/remiremontinfo\/#website","url":"https:\/\/vosgesinfo.fr\/remiremontinfo\/","name":"Remiremont Info","description":"Toute l&#039;actualit\u00e9 de Remiremont","publisher":{"@id":"https:\/\/vosgesinfo.fr\/remiremontinfo\/#organization"},"alternateName":"Toute l'actualit\u00e9 de Remiremont","potentialAction":[{"@type":"SearchAction","target":{"@type":"EntryPoint","urlTemplate":"https:\/\/vosgesinfo.fr\/remiremontinfo\/?s={search_term_string}"},"query-input":"required name=search_term_string"}],"inLanguage":"fr-FR"},{"@type":"Organization","@id":"https:\/\/vosgesinfo.fr\/remiremontinfo\/#organization","name":"Remiremont Info","url":"https:\/\/vosgesinfo.fr\/remiremontinfo\/","logo":{"@type":"ImageObject","inLanguage":"fr-FR","@id":"https:\/\/vosgesinfo.fr\/remiremontinfo\/#\/schema\/logo\/image\/","url":"https:\/\/vosgesinfo.fr\/app\/uploads\/sites\/5\/2023\/08\/favicon-remiremontinfo.png","contentUrl":"https:\/\/vosgesinfo.fr\/app\/uploads\/sites\/5\/2023\/08\/favicon-remiremontinfo.png","width":512,"height":512,"caption":"Remiremont Info"},"image":{"@id":"https:\/\/vosgesinfo.fr\/remiremontinfo\/#\/schema\/logo\/image\/"},"sameAs":["https:\/\/www.facebook.com\/remiremontinfo","https:\/\/x.com\/VosgesInfo88","https:\/\/www.youtube.com\/@vosgesinfo"]},{"@type":"Person","@id":"https:\/\/vosgesinfo.fr\/remiremontinfo\/#\/schema\/person\/3bfd164d5218a185b1db68655a265316","name":"C D","image":{"@type":"ImageObject","inLanguage":"fr-FR","@id":"https:\/\/vosgesinfo.fr\/remiremontinfo\/#\/schema\/person\/image\/","url":"https:\/\/secure.gravatar.com\/avatar\/1f9a70007336511a47468b8f1c66f922b8b7cf617b02a31149ada43893a5d48f?s=96&d=mm&r=g","contentUrl":"https:\/\/secure.gravatar.com\/avatar\/1f9a70007336511a47468b8f1c66f922b8b7cf617b02a31149ada43893a5d48f?s=96&d=mm&r=g","caption":"C D"},"url":"https:\/\/vosgesinfo.fr\/remiremontinfo\/author\/cedric-drevet\/"}]}},"_links":{"self":[{"href":"https:\/\/vosgesinfo.fr\/remiremontinfo\/wp-json\/wp\/v2\/posts\/66661","targetHints":{"allow":["GET"]}}],"collection":[{"href":"https:\/\/vosgesinfo.fr\/remiremontinfo\/wp-json\/wp\/v2\/posts"}],"about":[{"href":"https:\/\/vosgesinfo.fr\/remiremontinfo\/wp-json\/wp\/v2\/types\/post"}],"author":[{"embeddable":true,"href":"https:\/\/vosgesinfo.fr\/remiremontinfo\/wp-json\/wp\/v2\/users\/407"}],"replies":[{"embeddable":true,"href":"https:\/\/vosgesinfo.fr\/remiremontinfo\/wp-json\/wp\/v2\/comments?post=66661"}],"version-history":[{"count":0,"href":"https:\/\/vosgesinfo.fr\/remiremontinfo\/wp-json\/wp\/v2\/posts\/66661\/revisions"}],"wp:featuredmedia":[{"embeddable":true,"href":"https:\/\/vosgesinfo.fr\/remiremontinfo\/wp-json\/wp\/v2\/media\/66662"}],"wp:attachment":[{"href":"https:\/\/vosgesinfo.fr\/remiremontinfo\/wp-json\/wp\/v2\/media?parent=66661"}],"wp:term":[{"taxonomy":"category","embeddable":true,"href":"https:\/\/vosgesinfo.fr\/remiremontinfo\/wp-json\/wp\/v2\/categories?post=66661"},{"taxonomy":"post_tag","embeddable":true,"href":"https:\/\/vosgesinfo.fr\/remiremontinfo\/wp-json\/wp\/v2\/tags?post=66661"}],"curies":[{"name":"wp","href":"https:\/\/api.w.org\/{rel}","templated":true}]}}