{"id":66665,"date":"2023-01-12T16:06:20","date_gmt":"2023-01-12T15:06:20","guid":{"rendered":"https:\/\/vosgesinfo.fr\/remiremontinfo\/2023\/01\/finale-regionale-championnat-de-france-dessert-vosgien-decroche-deuxieme-place\/"},"modified":"2023-01-12T16:06:20","modified_gmt":"2023-01-12T15:06:20","slug":"finale-regionale-championnat-de-france-dessert-vosgien-decroche-deuxieme-place","status":"publish","type":"post","link":"https:\/\/vosgesinfo.fr\/remiremontinfo\/2023\/01\/finale-regionale-championnat-de-france-dessert-vosgien-decroche-deuxieme-place\/","title":{"rendered":"Finale r\u00e9gionale du Championnat de France du dessert : un Vosgien d\u00e9croche la deuxi\u00e8me place"},"content":{"rendered":"<h2><strong>La finale r\u00e9gionale du Championnat de France du dessert s\u2019est d\u00e9roul\u00e9e hier mercredi au lyc\u00e9e Jean-Baptiste-Chardin \u00e0 G\u00e9rardmer.<\/strong><\/h2>\n<p>Axel Esnault, du CEFPPA Adrien Zeller d\u2019Illkrich-Graffenstaden, et Jordan Gasco, p\u00e2tissier au restaurant \u00ab\u00a0Le Chambard\u00a0\u00bb \u00e0 Kaysersberg, ont valid\u00e9 leur ticket pour la finale nationale qui aura lieu les 4 et 5 avril \u00e0 Lille. Le premier dans la cat\u00e9gorie \u00ab\u00a0Juniors\u00a0\u00bb, le second dans la cat\u00e9gorie \u00ab\u00a0Professionnels\u00a0\u00bb. Le Vosgien Julian Lalev\u00e9e, p\u00e2tissier au restaurant \u00ab\u00a0La Maison Grandclaude\u00a0\u00bb \u00e0 Chaumousey, a quant \u00e0 lui d\u00e9croch\u00e9 la deuxi\u00e8me place du concours dans la cat\u00e9gorie \u00ab\u00a0Professionnels\u00a0\u00bb.\u00a0<a href=\"https:\/\/www.cultures-sucre.com\/championnat-de-france-du-dessert\/\" target=\"_blank\" rel=\"noopener\">Plus d\u2019informations en cliquant ici.<\/a><\/p>\n<p>J.J.<\/p>\n","protected":false},"excerpt":{"rendered":"<p>La finale r\u00e9gionale du Championnat de France du dessert s\u2019est d\u00e9roul\u00e9e hier mercredi au lyc\u00e9e Jean-Baptiste-Chardin \u00e0 G\u00e9rardmer. Axel Esnault, [&hellip;]<\/p>\n","protected":false},"author":407,"featured_media":66666,"comment_status":"open","ping_status":"open","sticky":false,"template":"","format":"standard","meta":{"footnotes":""},"categories":[26,4,18],"tags":[1816,2934,32],"class_list":["post-66665","post","type-post","status-publish","format-standard","has-post-thumbnail","hentry","category-a-la-une","category-culture","category-vosges","tag-championnat-de-france","tag-dessert","tag-vosges"],"acf":[],"yoast_head":"<!-- This site is optimized with the Yoast SEO plugin v22.5 - https:\/\/yoast.com\/wordpress\/plugins\/seo\/ -->\n<title>Finale r\u00e9gionale du Championnat de France du dessert : un Vosgien d\u00e9croche la deuxi\u00e8me place - Remiremont Info<\/title>\n<meta name=\"robots\" content=\"index, follow, max-snippet:-1, max-image-preview:large, max-video-preview:-1\" \/>\n<link rel=\"canonical\" href=\"https:\/\/vosgesinfo.fr\/remiremontinfo\/2023\/01\/finale-regionale-championnat-de-france-dessert-vosgien-decroche-deuxieme-place\/\" \/>\n<meta name=\"twitter:card\" content=\"summary_large_image\" \/>\n<meta name=\"twitter:title\" content=\"Finale r\u00e9gionale du Championnat de France du dessert : un Vosgien d\u00e9croche la deuxi\u00e8me place - Remiremont Info\" \/>\n<meta name=\"twitter:description\" content=\"La finale r\u00e9gionale du Championnat de France du dessert s\u2019est d\u00e9roul\u00e9e hier mercredi au lyc\u00e9e Jean-Baptiste-Chardin \u00e0 G\u00e9rardmer. Axel Esnault, [&hellip;]\" \/>\n<meta name=\"twitter:image\" content=\"https:\/\/vosgesinfo.fr\/app\/uploads\/sites\/5\/2024\/09\/202301cfd2023-finaleest88-laureatprofessionnel-dessertjordangasco@culturessucrecopie-1024x576-1.jpg\" \/>\n<meta name=\"twitter:creator\" content=\"@VosgesInfo88\" \/>\n<meta name=\"twitter:site\" content=\"@VosgesInfo88\" \/>\n<meta name=\"twitter:label1\" content=\"\u00c9crit par\" \/>\n\t<meta name=\"twitter:data1\" content=\"C D\" \/>\n\t<meta name=\"twitter:label2\" content=\"Dur\u00e9e de lecture estim\u00e9e\" \/>\n\t<meta name=\"twitter:data2\" content=\"1 minute\" \/>\n<script type=\"application\/ld+json\" class=\"yoast-schema-graph\">{\"@context\":\"https:\/\/schema.org\",\"@graph\":[{\"@type\":\"Article\",\"@id\":\"https:\/\/vosgesinfo.fr\/remiremontinfo\/2023\/01\/finale-regionale-championnat-de-france-dessert-vosgien-decroche-deuxieme-place\/#article\",\"isPartOf\":{\"@id\":\"https:\/\/vosgesinfo.fr\/remiremontinfo\/2023\/01\/finale-regionale-championnat-de-france-dessert-vosgien-decroche-deuxieme-place\/\"},\"author\":{\"name\":\"C D\",\"@id\":\"https:\/\/vosgesinfo.fr\/remiremontinfo\/#\/schema\/person\/3bfd164d5218a185b1db68655a265316\"},\"headline\":\"Finale r\u00e9gionale du Championnat de France du dessert : un Vosgien d\u00e9croche la deuxi\u00e8me place\",\"datePublished\":\"2023-01-12T15:06:20+00:00\",\"dateModified\":\"2023-01-12T15:06:20+00:00\",\"mainEntityOfPage\":{\"@id\":\"https:\/\/vosgesinfo.fr\/remiremontinfo\/2023\/01\/finale-regionale-championnat-de-france-dessert-vosgien-decroche-deuxieme-place\/\"},\"wordCount\":124,\"commentCount\":0,\"publisher\":{\"@id\":\"https:\/\/vosgesinfo.fr\/remiremontinfo\/#organization\"},\"image\":{\"@id\":\"https:\/\/vosgesinfo.fr\/remiremontinfo\/2023\/01\/finale-regionale-championnat-de-france-dessert-vosgien-decroche-deuxieme-place\/#primaryimage\"},\"thumbnailUrl\":\"https:\/\/vosgesinfo.fr\/app\/uploads\/sites\/5\/2024\/09\/202301cfd2023-finaleest88-laureatprofessionnel-dessertjordangasco@culturessucrecopie-1024x576-1.jpg\",\"keywords\":[\"championnat de France\",\"dessert\",\"Vosges\"],\"articleSection\":[\"A la Une\",\"Culture\",\"Vosges\"],\"inLanguage\":\"fr-FR\",\"potentialAction\":[{\"@type\":\"CommentAction\",\"name\":\"Comment\",\"target\":[\"https:\/\/vosgesinfo.fr\/remiremontinfo\/2023\/01\/finale-regionale-championnat-de-france-dessert-vosgien-decroche-deuxieme-place\/#respond\"]}]},{\"@type\":\"WebPage\",\"@id\":\"https:\/\/vosgesinfo.fr\/remiremontinfo\/2023\/01\/finale-regionale-championnat-de-france-dessert-vosgien-decroche-deuxieme-place\/\",\"url\":\"https:\/\/vosgesinfo.fr\/remiremontinfo\/2023\/01\/finale-regionale-championnat-de-france-dessert-vosgien-decroche-deuxieme-place\/\",\"name\":\"Finale r\u00e9gionale du Championnat de France du dessert : un Vosgien d\u00e9croche la deuxi\u00e8me place - Remiremont Info\",\"isPartOf\":{\"@id\":\"https:\/\/vosgesinfo.fr\/remiremontinfo\/#website\"},\"primaryImageOfPage\":{\"@id\":\"https:\/\/vosgesinfo.fr\/remiremontinfo\/2023\/01\/finale-regionale-championnat-de-france-dessert-vosgien-decroche-deuxieme-place\/#primaryimage\"},\"image\":{\"@id\":\"https:\/\/vosgesinfo.fr\/remiremontinfo\/2023\/01\/finale-regionale-championnat-de-france-dessert-vosgien-decroche-deuxieme-place\/#primaryimage\"},\"thumbnailUrl\":\"https:\/\/vosgesinfo.fr\/app\/uploads\/sites\/5\/2024\/09\/202301cfd2023-finaleest88-laureatprofessionnel-dessertjordangasco@culturessucrecopie-1024x576-1.jpg\",\"datePublished\":\"2023-01-12T15:06:20+00:00\",\"dateModified\":\"2023-01-12T15:06:20+00:00\",\"breadcrumb\":{\"@id\":\"https:\/\/vosgesinfo.fr\/remiremontinfo\/2023\/01\/finale-regionale-championnat-de-france-dessert-vosgien-decroche-deuxieme-place\/#breadcrumb\"},\"inLanguage\":\"fr-FR\",\"potentialAction\":[{\"@type\":\"ReadAction\",\"target\":[\"https:\/\/vosgesinfo.fr\/remiremontinfo\/2023\/01\/finale-regionale-championnat-de-france-dessert-vosgien-decroche-deuxieme-place\/\"]}]},{\"@type\":\"ImageObject\",\"inLanguage\":\"fr-FR\",\"@id\":\"https:\/\/vosgesinfo.fr\/remiremontinfo\/2023\/01\/finale-regionale-championnat-de-france-dessert-vosgien-decroche-deuxieme-place\/#primaryimage\",\"url\":\"https:\/\/vosgesinfo.fr\/app\/uploads\/sites\/5\/2024\/09\/202301cfd2023-finaleest88-laureatprofessionnel-dessertjordangasco@culturessucrecopie-1024x576-1.jpg\",\"contentUrl\":\"https:\/\/vosgesinfo.fr\/app\/uploads\/sites\/5\/2024\/09\/202301cfd2023-finaleest88-laureatprofessionnel-dessertjordangasco@culturessucrecopie-1024x576-1.jpg\",\"width\":1024,\"height\":576},{\"@type\":\"BreadcrumbList\",\"@id\":\"https:\/\/vosgesinfo.fr\/remiremontinfo\/2023\/01\/finale-regionale-championnat-de-france-dessert-vosgien-decroche-deuxieme-place\/#breadcrumb\",\"itemListElement\":[{\"@type\":\"ListItem\",\"position\":1,\"name\":\"Home\",\"item\":\"https:\/\/vosgesinfo.fr\/remiremontinfo\/\"},{\"@type\":\"ListItem\",\"position\":2,\"name\":\"Finale r\u00e9gionale du Championnat de France du dessert : un Vosgien d\u00e9croche la deuxi\u00e8me place\"}]},{\"@type\":\"WebSite\",\"@id\":\"https:\/\/vosgesinfo.fr\/remiremontinfo\/#website\",\"url\":\"https:\/\/vosgesinfo.fr\/remiremontinfo\/\",\"name\":\"Remiremont Info\",\"description\":\"Toute l&#039;actualit\u00e9 de Remiremont\",\"publisher\":{\"@id\":\"https:\/\/vosgesinfo.fr\/remiremontinfo\/#organization\"},\"alternateName\":\"Toute l'actualit\u00e9 de Remiremont\",\"potentialAction\":[{\"@type\":\"SearchAction\",\"target\":{\"@type\":\"EntryPoint\",\"urlTemplate\":\"https:\/\/vosgesinfo.fr\/remiremontinfo\/?s={search_term_string}\"},\"query-input\":\"required name=search_term_string\"}],\"inLanguage\":\"fr-FR\"},{\"@type\":\"Organization\",\"@id\":\"https:\/\/vosgesinfo.fr\/remiremontinfo\/#organization\",\"name\":\"Remiremont Info\",\"url\":\"https:\/\/vosgesinfo.fr\/remiremontinfo\/\",\"logo\":{\"@type\":\"ImageObject\",\"inLanguage\":\"fr-FR\",\"@id\":\"https:\/\/vosgesinfo.fr\/remiremontinfo\/#\/schema\/logo\/image\/\",\"url\":\"https:\/\/vosgesinfo.fr\/app\/uploads\/sites\/5\/2023\/08\/favicon-remiremontinfo.png\",\"contentUrl\":\"https:\/\/vosgesinfo.fr\/app\/uploads\/sites\/5\/2023\/08\/favicon-remiremontinfo.png\",\"width\":512,\"height\":512,\"caption\":\"Remiremont Info\"},\"image\":{\"@id\":\"https:\/\/vosgesinfo.fr\/remiremontinfo\/#\/schema\/logo\/image\/\"},\"sameAs\":[\"https:\/\/www.facebook.com\/remiremontinfo\",\"https:\/\/x.com\/VosgesInfo88\",\"https:\/\/www.youtube.com\/@vosgesinfo\"]},{\"@type\":\"Person\",\"@id\":\"https:\/\/vosgesinfo.fr\/remiremontinfo\/#\/schema\/person\/3bfd164d5218a185b1db68655a265316\",\"name\":\"C D\",\"image\":{\"@type\":\"ImageObject\",\"inLanguage\":\"fr-FR\",\"@id\":\"https:\/\/vosgesinfo.fr\/remiremontinfo\/#\/schema\/person\/image\/\",\"url\":\"https:\/\/secure.gravatar.com\/avatar\/1f9a70007336511a47468b8f1c66f922b8b7cf617b02a31149ada43893a5d48f?s=96&d=mm&r=g\",\"contentUrl\":\"https:\/\/secure.gravatar.com\/avatar\/1f9a70007336511a47468b8f1c66f922b8b7cf617b02a31149ada43893a5d48f?s=96&d=mm&r=g\",\"caption\":\"C D\"},\"url\":\"https:\/\/vosgesinfo.fr\/remiremontinfo\/author\/cedric-drevet\/\"}]}<\/script>\n<!-- \/ Yoast SEO plugin. -->","yoast_head_json":{"title":"Finale r\u00e9gionale du Championnat de France du dessert : un Vosgien d\u00e9croche la deuxi\u00e8me place - Remiremont Info","robots":{"index":"index","follow":"follow","max-snippet":"max-snippet:-1","max-image-preview":"max-image-preview:large","max-video-preview":"max-video-preview:-1"},"canonical":"https:\/\/vosgesinfo.fr\/remiremontinfo\/2023\/01\/finale-regionale-championnat-de-france-dessert-vosgien-decroche-deuxieme-place\/","twitter_card":"summary_large_image","twitter_title":"Finale r\u00e9gionale du Championnat de France du dessert : un Vosgien d\u00e9croche la deuxi\u00e8me place - Remiremont Info","twitter_description":"La finale r\u00e9gionale du Championnat de France du dessert s\u2019est d\u00e9roul\u00e9e hier mercredi au lyc\u00e9e Jean-Baptiste-Chardin \u00e0 G\u00e9rardmer. Axel Esnault, [&hellip;]","twitter_image":"https:\/\/vosgesinfo.fr\/app\/uploads\/sites\/5\/2024\/09\/202301cfd2023-finaleest88-laureatprofessionnel-dessertjordangasco@culturessucrecopie-1024x576-1.jpg","twitter_creator":"@VosgesInfo88","twitter_site":"@VosgesInfo88","twitter_misc":{"\u00c9crit par":"C D","Dur\u00e9e de lecture estim\u00e9e":"1 minute"},"schema":{"@context":"https:\/\/schema.org","@graph":[{"@type":"Article","@id":"https:\/\/vosgesinfo.fr\/remiremontinfo\/2023\/01\/finale-regionale-championnat-de-france-dessert-vosgien-decroche-deuxieme-place\/#article","isPartOf":{"@id":"https:\/\/vosgesinfo.fr\/remiremontinfo\/2023\/01\/finale-regionale-championnat-de-france-dessert-vosgien-decroche-deuxieme-place\/"},"author":{"name":"C D","@id":"https:\/\/vosgesinfo.fr\/remiremontinfo\/#\/schema\/person\/3bfd164d5218a185b1db68655a265316"},"headline":"Finale r\u00e9gionale du Championnat de France du dessert : un Vosgien d\u00e9croche la deuxi\u00e8me place","datePublished":"2023-01-12T15:06:20+00:00","dateModified":"2023-01-12T15:06:20+00:00","mainEntityOfPage":{"@id":"https:\/\/vosgesinfo.fr\/remiremontinfo\/2023\/01\/finale-regionale-championnat-de-france-dessert-vosgien-decroche-deuxieme-place\/"},"wordCount":124,"commentCount":0,"publisher":{"@id":"https:\/\/vosgesinfo.fr\/remiremontinfo\/#organization"},"image":{"@id":"https:\/\/vosgesinfo.fr\/remiremontinfo\/2023\/01\/finale-regionale-championnat-de-france-dessert-vosgien-decroche-deuxieme-place\/#primaryimage"},"thumbnailUrl":"https:\/\/vosgesinfo.fr\/app\/uploads\/sites\/5\/2024\/09\/202301cfd2023-finaleest88-laureatprofessionnel-dessertjordangasco@culturessucrecopie-1024x576-1.jpg","keywords":["championnat de France","dessert","Vosges"],"articleSection":["A la Une","Culture","Vosges"],"inLanguage":"fr-FR","potentialAction":[{"@type":"CommentAction","name":"Comment","target":["https:\/\/vosgesinfo.fr\/remiremontinfo\/2023\/01\/finale-regionale-championnat-de-france-dessert-vosgien-decroche-deuxieme-place\/#respond"]}]},{"@type":"WebPage","@id":"https:\/\/vosgesinfo.fr\/remiremontinfo\/2023\/01\/finale-regionale-championnat-de-france-dessert-vosgien-decroche-deuxieme-place\/","url":"https:\/\/vosgesinfo.fr\/remiremontinfo\/2023\/01\/finale-regionale-championnat-de-france-dessert-vosgien-decroche-deuxieme-place\/","name":"Finale r\u00e9gionale du Championnat de France du dessert : un Vosgien d\u00e9croche la deuxi\u00e8me place - Remiremont Info","isPartOf":{"@id":"https:\/\/vosgesinfo.fr\/remiremontinfo\/#website"},"primaryImageOfPage":{"@id":"https:\/\/vosgesinfo.fr\/remiremontinfo\/2023\/01\/finale-regionale-championnat-de-france-dessert-vosgien-decroche-deuxieme-place\/#primaryimage"},"image":{"@id":"https:\/\/vosgesinfo.fr\/remiremontinfo\/2023\/01\/finale-regionale-championnat-de-france-dessert-vosgien-decroche-deuxieme-place\/#primaryimage"},"thumbnailUrl":"https:\/\/vosgesinfo.fr\/app\/uploads\/sites\/5\/2024\/09\/202301cfd2023-finaleest88-laureatprofessionnel-dessertjordangasco@culturessucrecopie-1024x576-1.jpg","datePublished":"2023-01-12T15:06:20+00:00","dateModified":"2023-01-12T15:06:20+00:00","breadcrumb":{"@id":"https:\/\/vosgesinfo.fr\/remiremontinfo\/2023\/01\/finale-regionale-championnat-de-france-dessert-vosgien-decroche-deuxieme-place\/#breadcrumb"},"inLanguage":"fr-FR","potentialAction":[{"@type":"ReadAction","target":["https:\/\/vosgesinfo.fr\/remiremontinfo\/2023\/01\/finale-regionale-championnat-de-france-dessert-vosgien-decroche-deuxieme-place\/"]}]},{"@type":"ImageObject","inLanguage":"fr-FR","@id":"https:\/\/vosgesinfo.fr\/remiremontinfo\/2023\/01\/finale-regionale-championnat-de-france-dessert-vosgien-decroche-deuxieme-place\/#primaryimage","url":"https:\/\/vosgesinfo.fr\/app\/uploads\/sites\/5\/2024\/09\/202301cfd2023-finaleest88-laureatprofessionnel-dessertjordangasco@culturessucrecopie-1024x576-1.jpg","contentUrl":"https:\/\/vosgesinfo.fr\/app\/uploads\/sites\/5\/2024\/09\/202301cfd2023-finaleest88-laureatprofessionnel-dessertjordangasco@culturessucrecopie-1024x576-1.jpg","width":1024,"height":576},{"@type":"BreadcrumbList","@id":"https:\/\/vosgesinfo.fr\/remiremontinfo\/2023\/01\/finale-regionale-championnat-de-france-dessert-vosgien-decroche-deuxieme-place\/#breadcrumb","itemListElement":[{"@type":"ListItem","position":1,"name":"Home","item":"https:\/\/vosgesinfo.fr\/remiremontinfo\/"},{"@type":"ListItem","position":2,"name":"Finale r\u00e9gionale du Championnat de France du dessert : un Vosgien d\u00e9croche la deuxi\u00e8me place"}]},{"@type":"WebSite","@id":"https:\/\/vosgesinfo.fr\/remiremontinfo\/#website","url":"https:\/\/vosgesinfo.fr\/remiremontinfo\/","name":"Remiremont Info","description":"Toute l&#039;actualit\u00e9 de Remiremont","publisher":{"@id":"https:\/\/vosgesinfo.fr\/remiremontinfo\/#organization"},"alternateName":"Toute l'actualit\u00e9 de Remiremont","potentialAction":[{"@type":"SearchAction","target":{"@type":"EntryPoint","urlTemplate":"https:\/\/vosgesinfo.fr\/remiremontinfo\/?s={search_term_string}"},"query-input":"required name=search_term_string"}],"inLanguage":"fr-FR"},{"@type":"Organization","@id":"https:\/\/vosgesinfo.fr\/remiremontinfo\/#organization","name":"Remiremont Info","url":"https:\/\/vosgesinfo.fr\/remiremontinfo\/","logo":{"@type":"ImageObject","inLanguage":"fr-FR","@id":"https:\/\/vosgesinfo.fr\/remiremontinfo\/#\/schema\/logo\/image\/","url":"https:\/\/vosgesinfo.fr\/app\/uploads\/sites\/5\/2023\/08\/favicon-remiremontinfo.png","contentUrl":"https:\/\/vosgesinfo.fr\/app\/uploads\/sites\/5\/2023\/08\/favicon-remiremontinfo.png","width":512,"height":512,"caption":"Remiremont Info"},"image":{"@id":"https:\/\/vosgesinfo.fr\/remiremontinfo\/#\/schema\/logo\/image\/"},"sameAs":["https:\/\/www.facebook.com\/remiremontinfo","https:\/\/x.com\/VosgesInfo88","https:\/\/www.youtube.com\/@vosgesinfo"]},{"@type":"Person","@id":"https:\/\/vosgesinfo.fr\/remiremontinfo\/#\/schema\/person\/3bfd164d5218a185b1db68655a265316","name":"C D","image":{"@type":"ImageObject","inLanguage":"fr-FR","@id":"https:\/\/vosgesinfo.fr\/remiremontinfo\/#\/schema\/person\/image\/","url":"https:\/\/secure.gravatar.com\/avatar\/1f9a70007336511a47468b8f1c66f922b8b7cf617b02a31149ada43893a5d48f?s=96&d=mm&r=g","contentUrl":"https:\/\/secure.gravatar.com\/avatar\/1f9a70007336511a47468b8f1c66f922b8b7cf617b02a31149ada43893a5d48f?s=96&d=mm&r=g","caption":"C D"},"url":"https:\/\/vosgesinfo.fr\/remiremontinfo\/author\/cedric-drevet\/"}]}},"_links":{"self":[{"href":"https:\/\/vosgesinfo.fr\/remiremontinfo\/wp-json\/wp\/v2\/posts\/66665","targetHints":{"allow":["GET"]}}],"collection":[{"href":"https:\/\/vosgesinfo.fr\/remiremontinfo\/wp-json\/wp\/v2\/posts"}],"about":[{"href":"https:\/\/vosgesinfo.fr\/remiremontinfo\/wp-json\/wp\/v2\/types\/post"}],"author":[{"embeddable":true,"href":"https:\/\/vosgesinfo.fr\/remiremontinfo\/wp-json\/wp\/v2\/users\/407"}],"replies":[{"embeddable":true,"href":"https:\/\/vosgesinfo.fr\/remiremontinfo\/wp-json\/wp\/v2\/comments?post=66665"}],"version-history":[{"count":0,"href":"https:\/\/vosgesinfo.fr\/remiremontinfo\/wp-json\/wp\/v2\/posts\/66665\/revisions"}],"wp:featuredmedia":[{"embeddable":true,"href":"https:\/\/vosgesinfo.fr\/remiremontinfo\/wp-json\/wp\/v2\/media\/66666"}],"wp:attachment":[{"href":"https:\/\/vosgesinfo.fr\/remiremontinfo\/wp-json\/wp\/v2\/media?parent=66665"}],"wp:term":[{"taxonomy":"category","embeddable":true,"href":"https:\/\/vosgesinfo.fr\/remiremontinfo\/wp-json\/wp\/v2\/categories?post=66665"},{"taxonomy":"post_tag","embeddable":true,"href":"https:\/\/vosgesinfo.fr\/remiremontinfo\/wp-json\/wp\/v2\/tags?post=66665"}],"curies":[{"name":"wp","href":"https:\/\/api.w.org\/{rel}","templated":true}]}}