{"id":66739,"date":"2023-01-14T09:27:31","date_gmt":"2023-01-14T08:27:31","guid":{"rendered":"https:\/\/vosgesinfo.fr\/remiremontinfo\/2023\/01\/christophe-naegelen-interpelle-ministre-de-leconomie-hausse-prix-de-lelectricite\/"},"modified":"2023-01-14T09:27:31","modified_gmt":"2023-01-14T08:27:31","slug":"christophe-naegelen-interpelle-ministre-de-leconomie-hausse-prix-de-lelectricite","status":"publish","type":"post","link":"https:\/\/vosgesinfo.fr\/remiremontinfo\/2023\/01\/christophe-naegelen-interpelle-ministre-de-leconomie-hausse-prix-de-lelectricite\/","title":{"rendered":"Christophe Naegelen interpelle le ministre de l&rsquo;\u00e9conomie sur la hausse des prix de l&rsquo;\u00e9lectricit\u00e9"},"content":{"rendered":"<p><a href=\"\/2023\/01\/christophe-naegelen.png\"><img decoding=\"async\" class=\"alignnone size-full wp-image-361929\" src=\"\/2023\/01\/christophe-naegelen.png\" alt=\"christophe naegelen\" width=\"913\" height=\"642\" \/><\/a><\/p>\n<h2><span style=\"font-size: 12pt;\"><strong>Lors de cette premi\u00e8re s\u00e9ance de Questions au Gouvernement de l&rsquo;ann\u00e9e 2023, le d\u00e9put\u00e9 de la 3\u00e8me circonscription des Vosges, Christophe Naegelen, a voulu interpeller le Ministre de l&rsquo;\u00e9conomie, Bruno Le Maire, sur la hausse des prix de l&rsquo;\u00e9lectricit\u00e9 et ses cons\u00e9quences.\u00a0Il a pour ceci utilis\u00e9 des exemples pr\u00e9cis d&rsquo;entreprises de la circonscription.\u00a0<\/strong><\/span><\/h2>\n<p>\u00ab\u00a0En r\u00e9alit\u00e9, cette situation, loin d\u2019\u00eatre unique au territoire vosgien, impacte tous les fran\u00e7ais. Avec des cons\u00e9quences, a minima compliqu\u00e9es et parfois catastrophique\u00a0\u00bb, a affirm\u00e9 le d\u00e9put\u00e9, qui a ensuite pos\u00e9 deux questions pr\u00e9cises au ministre\u00a0: \u00ab\u00a0L\u2019une \u00e0 l\u2019\u00e9chelle de l\u2019Union Europ\u00e9enne. Lorsque la France \u00e9tait \u00e0 la pr\u00e9sidence du Conseil, le pr\u00e9sident de la R\u00e9publique avait \u00e9voqu\u00e9 une refonte du march\u00e9 europ\u00e9en de l\u2019\u00e9lectricit\u00e9. Que comptez vous faire aujourd\u2019hui et pr\u00e9voyez vous de sortir de ce march\u00e9\u00a0? Enfin, au niveau national, de nombreuses entreprises, principalement nos PME, ne sont pas concern\u00e9es par les aides, ou quand elles le sont, rencontrent des difficult\u00e9s importantes pour y avoir droit. Que comptez vous faire pour ne laisser personne au bord de la route\u00a0?\u00a0\u00bb.<\/p>\n<p>Retrouvez l&rsquo;intervention ci dessous, ainsi que la r\u00e9ponse de Bruno Le Maire :<\/p>\n<p style=\"text-align: center;\"><a href=\"http:\/\/&lt;iframe src=&quot;https:\/\/www.facebook.com\/plugins\/video.php?height=314&amp;href=https%3A%2F%2Fwww.facebook.com%2FChristopheNaegelenVosges%2Fvideos%2F500506575476113%2F&amp;show_text=false&amp;width=560&amp;t=0&quot; width=&quot;560&quot; height=&quot;314&quot; style=&quot;border:none;overflow:hidden&quot; scrolling=&quot;no&quot; frameborder=&quot;0&quot; allowfullscreen=&quot;true&quot; allow=&quot;autoplay; clipboard-write; encrypted-media; picture-in-picture; web-share&quot; allowFullScreen=&quot;true&quot;&gt;&lt;\/iframe&gt;\"><iframe loading=\"lazy\" style=\"border: none; overflow: hidden;\" src=\"https:\/\/www.facebook.com\/plugins\/video.php?height=314&amp;href=https%3A%2F%2Fwww.facebook.com%2FChristopheNaegelenVosges%2Fvideos%2F500506575476113%2F&amp;show_text=false&amp;width=560&amp;t=0\" width=\"560\" height=\"314\" frameborder=\"0\" scrolling=\"no\" allowfullscreen=\"allowfullscreen\"><\/iframe><\/a><\/p>\n","protected":false},"excerpt":{"rendered":"<p>Lors de cette premi\u00e8re s\u00e9ance de Questions au Gouvernement de l&rsquo;ann\u00e9e 2023, le d\u00e9put\u00e9 de la 3\u00e8me circonscription des Vosges, [&hellip;]<\/p>\n","protected":false},"author":407,"featured_media":2266,"comment_status":"open","ping_status":"open","sticky":false,"template":"","format":"standard","meta":{"footnotes":""},"categories":[26,10,18],"tags":[1712,5369,501,2805,620,5313],"class_list":["post-66739","post","type-post","status-publish","format-standard","has-post-thumbnail","hentry","category-a-la-une","category-politique","category-vosges","tag-assemblee-nationale","tag-bruno-le-maire","tag-christophe-naegelen","tag-electricite","tag-energie","tag-hausse-des-prix"],"acf":[],"yoast_head":"<!-- This site is optimized with the Yoast SEO plugin v22.5 - https:\/\/yoast.com\/wordpress\/plugins\/seo\/ -->\n<title>Christophe Naegelen interpelle le ministre de l&#039;\u00e9conomie sur la hausse des prix de l&#039;\u00e9lectricit\u00e9 - Remiremont Info<\/title>\n<meta name=\"robots\" content=\"index, follow, max-snippet:-1, max-image-preview:large, max-video-preview:-1\" \/>\n<link rel=\"canonical\" href=\"https:\/\/vosgesinfo.fr\/remiremontinfo\/2023\/01\/christophe-naegelen-interpelle-ministre-de-leconomie-hausse-prix-de-lelectricite\/\" \/>\n<meta name=\"twitter:card\" content=\"summary_large_image\" \/>\n<meta name=\"twitter:title\" content=\"Christophe Naegelen interpelle le ministre de l&#039;\u00e9conomie sur la hausse des prix de l&#039;\u00e9lectricit\u00e9 - Remiremont Info\" \/>\n<meta name=\"twitter:description\" content=\"Lors de cette premi\u00e8re s\u00e9ance de Questions au Gouvernement de l&rsquo;ann\u00e9e 2023, le d\u00e9put\u00e9 de la 3\u00e8me circonscription des Vosges, [&hellip;]\" \/>\n<meta name=\"twitter:image\" content=\"https:\/\/vosgesinfo.fr\/app\/uploads\/sites\/5\/2023\/10\/christophe-naegelen.jpg\" \/>\n<meta name=\"twitter:creator\" content=\"@VosgesInfo88\" \/>\n<meta name=\"twitter:site\" content=\"@VosgesInfo88\" \/>\n<meta name=\"twitter:label1\" content=\"\u00c9crit par\" \/>\n\t<meta name=\"twitter:data1\" content=\"C D\" \/>\n\t<meta name=\"twitter:label2\" content=\"Dur\u00e9e de lecture estim\u00e9e\" \/>\n\t<meta name=\"twitter:data2\" content=\"1 minute\" \/>\n<script type=\"application\/ld+json\" class=\"yoast-schema-graph\">{\"@context\":\"https:\/\/schema.org\",\"@graph\":[{\"@type\":\"Article\",\"@id\":\"https:\/\/vosgesinfo.fr\/remiremontinfo\/2023\/01\/christophe-naegelen-interpelle-ministre-de-leconomie-hausse-prix-de-lelectricite\/#article\",\"isPartOf\":{\"@id\":\"https:\/\/vosgesinfo.fr\/remiremontinfo\/2023\/01\/christophe-naegelen-interpelle-ministre-de-leconomie-hausse-prix-de-lelectricite\/\"},\"author\":{\"name\":\"C D\",\"@id\":\"https:\/\/vosgesinfo.fr\/remiremontinfo\/#\/schema\/person\/3bfd164d5218a185b1db68655a265316\"},\"headline\":\"Christophe Naegelen interpelle le ministre de l&rsquo;\u00e9conomie sur la hausse des prix de l&rsquo;\u00e9lectricit\u00e9\",\"datePublished\":\"2023-01-14T08:27:31+00:00\",\"dateModified\":\"2023-01-14T08:27:31+00:00\",\"mainEntityOfPage\":{\"@id\":\"https:\/\/vosgesinfo.fr\/remiremontinfo\/2023\/01\/christophe-naegelen-interpelle-ministre-de-leconomie-hausse-prix-de-lelectricite\/\"},\"wordCount\":232,\"commentCount\":0,\"publisher\":{\"@id\":\"https:\/\/vosgesinfo.fr\/remiremontinfo\/#organization\"},\"image\":{\"@id\":\"https:\/\/vosgesinfo.fr\/remiremontinfo\/2023\/01\/christophe-naegelen-interpelle-ministre-de-leconomie-hausse-prix-de-lelectricite\/#primaryimage\"},\"thumbnailUrl\":\"https:\/\/vosgesinfo.fr\/app\/uploads\/sites\/5\/2023\/10\/christophe-naegelen.jpg\",\"keywords\":[\"Assembl\u00e9e nationale\",\"Bruno Le Maire\",\"Christophe Naegelen\",\"electricit\u00e9\",\"Energie\",\"hausse des prix\"],\"articleSection\":[\"A la Une\",\"Politique\",\"Vosges\"],\"inLanguage\":\"fr-FR\",\"potentialAction\":[{\"@type\":\"CommentAction\",\"name\":\"Comment\",\"target\":[\"https:\/\/vosgesinfo.fr\/remiremontinfo\/2023\/01\/christophe-naegelen-interpelle-ministre-de-leconomie-hausse-prix-de-lelectricite\/#respond\"]}]},{\"@type\":\"WebPage\",\"@id\":\"https:\/\/vosgesinfo.fr\/remiremontinfo\/2023\/01\/christophe-naegelen-interpelle-ministre-de-leconomie-hausse-prix-de-lelectricite\/\",\"url\":\"https:\/\/vosgesinfo.fr\/remiremontinfo\/2023\/01\/christophe-naegelen-interpelle-ministre-de-leconomie-hausse-prix-de-lelectricite\/\",\"name\":\"Christophe Naegelen interpelle le ministre de l'\u00e9conomie sur la hausse des prix de l'\u00e9lectricit\u00e9 - Remiremont Info\",\"isPartOf\":{\"@id\":\"https:\/\/vosgesinfo.fr\/remiremontinfo\/#website\"},\"primaryImageOfPage\":{\"@id\":\"https:\/\/vosgesinfo.fr\/remiremontinfo\/2023\/01\/christophe-naegelen-interpelle-ministre-de-leconomie-hausse-prix-de-lelectricite\/#primaryimage\"},\"image\":{\"@id\":\"https:\/\/vosgesinfo.fr\/remiremontinfo\/2023\/01\/christophe-naegelen-interpelle-ministre-de-leconomie-hausse-prix-de-lelectricite\/#primaryimage\"},\"thumbnailUrl\":\"https:\/\/vosgesinfo.fr\/app\/uploads\/sites\/5\/2023\/10\/christophe-naegelen.jpg\",\"datePublished\":\"2023-01-14T08:27:31+00:00\",\"dateModified\":\"2023-01-14T08:27:31+00:00\",\"breadcrumb\":{\"@id\":\"https:\/\/vosgesinfo.fr\/remiremontinfo\/2023\/01\/christophe-naegelen-interpelle-ministre-de-leconomie-hausse-prix-de-lelectricite\/#breadcrumb\"},\"inLanguage\":\"fr-FR\",\"potentialAction\":[{\"@type\":\"ReadAction\",\"target\":[\"https:\/\/vosgesinfo.fr\/remiremontinfo\/2023\/01\/christophe-naegelen-interpelle-ministre-de-leconomie-hausse-prix-de-lelectricite\/\"]}]},{\"@type\":\"ImageObject\",\"inLanguage\":\"fr-FR\",\"@id\":\"https:\/\/vosgesinfo.fr\/remiremontinfo\/2023\/01\/christophe-naegelen-interpelle-ministre-de-leconomie-hausse-prix-de-lelectricite\/#primaryimage\",\"url\":\"https:\/\/vosgesinfo.fr\/app\/uploads\/sites\/5\/2023\/10\/christophe-naegelen.jpg\",\"contentUrl\":\"https:\/\/vosgesinfo.fr\/app\/uploads\/sites\/5\/2023\/10\/christophe-naegelen.jpg\",\"width\":800,\"height\":400},{\"@type\":\"BreadcrumbList\",\"@id\":\"https:\/\/vosgesinfo.fr\/remiremontinfo\/2023\/01\/christophe-naegelen-interpelle-ministre-de-leconomie-hausse-prix-de-lelectricite\/#breadcrumb\",\"itemListElement\":[{\"@type\":\"ListItem\",\"position\":1,\"name\":\"Home\",\"item\":\"https:\/\/vosgesinfo.fr\/remiremontinfo\/\"},{\"@type\":\"ListItem\",\"position\":2,\"name\":\"Christophe Naegelen interpelle le ministre de l&rsquo;\u00e9conomie sur la hausse des prix de l&rsquo;\u00e9lectricit\u00e9\"}]},{\"@type\":\"WebSite\",\"@id\":\"https:\/\/vosgesinfo.fr\/remiremontinfo\/#website\",\"url\":\"https:\/\/vosgesinfo.fr\/remiremontinfo\/\",\"name\":\"Remiremont Info\",\"description\":\"Toute l&#039;actualit\u00e9 de Remiremont\",\"publisher\":{\"@id\":\"https:\/\/vosgesinfo.fr\/remiremontinfo\/#organization\"},\"alternateName\":\"Toute l'actualit\u00e9 de Remiremont\",\"potentialAction\":[{\"@type\":\"SearchAction\",\"target\":{\"@type\":\"EntryPoint\",\"urlTemplate\":\"https:\/\/vosgesinfo.fr\/remiremontinfo\/?s={search_term_string}\"},\"query-input\":\"required name=search_term_string\"}],\"inLanguage\":\"fr-FR\"},{\"@type\":\"Organization\",\"@id\":\"https:\/\/vosgesinfo.fr\/remiremontinfo\/#organization\",\"name\":\"Remiremont Info\",\"url\":\"https:\/\/vosgesinfo.fr\/remiremontinfo\/\",\"logo\":{\"@type\":\"ImageObject\",\"inLanguage\":\"fr-FR\",\"@id\":\"https:\/\/vosgesinfo.fr\/remiremontinfo\/#\/schema\/logo\/image\/\",\"url\":\"https:\/\/vosgesinfo.fr\/app\/uploads\/sites\/5\/2023\/08\/favicon-remiremontinfo.png\",\"contentUrl\":\"https:\/\/vosgesinfo.fr\/app\/uploads\/sites\/5\/2023\/08\/favicon-remiremontinfo.png\",\"width\":512,\"height\":512,\"caption\":\"Remiremont Info\"},\"image\":{\"@id\":\"https:\/\/vosgesinfo.fr\/remiremontinfo\/#\/schema\/logo\/image\/\"},\"sameAs\":[\"https:\/\/www.facebook.com\/remiremontinfo\",\"https:\/\/x.com\/VosgesInfo88\",\"https:\/\/www.youtube.com\/@vosgesinfo\"]},{\"@type\":\"Person\",\"@id\":\"https:\/\/vosgesinfo.fr\/remiremontinfo\/#\/schema\/person\/3bfd164d5218a185b1db68655a265316\",\"name\":\"C D\",\"image\":{\"@type\":\"ImageObject\",\"inLanguage\":\"fr-FR\",\"@id\":\"https:\/\/vosgesinfo.fr\/remiremontinfo\/#\/schema\/person\/image\/\",\"url\":\"https:\/\/secure.gravatar.com\/avatar\/1f9a70007336511a47468b8f1c66f922b8b7cf617b02a31149ada43893a5d48f?s=96&d=mm&r=g\",\"contentUrl\":\"https:\/\/secure.gravatar.com\/avatar\/1f9a70007336511a47468b8f1c66f922b8b7cf617b02a31149ada43893a5d48f?s=96&d=mm&r=g\",\"caption\":\"C D\"},\"url\":\"https:\/\/vosgesinfo.fr\/remiremontinfo\/author\/cedric-drevet\/\"}]}<\/script>\n<!-- \/ Yoast SEO plugin. -->","yoast_head_json":{"title":"Christophe Naegelen interpelle le ministre de l'\u00e9conomie sur la hausse des prix de l'\u00e9lectricit\u00e9 - Remiremont Info","robots":{"index":"index","follow":"follow","max-snippet":"max-snippet:-1","max-image-preview":"max-image-preview:large","max-video-preview":"max-video-preview:-1"},"canonical":"https:\/\/vosgesinfo.fr\/remiremontinfo\/2023\/01\/christophe-naegelen-interpelle-ministre-de-leconomie-hausse-prix-de-lelectricite\/","twitter_card":"summary_large_image","twitter_title":"Christophe Naegelen interpelle le ministre de l'\u00e9conomie sur la hausse des prix de l'\u00e9lectricit\u00e9 - Remiremont Info","twitter_description":"Lors de cette premi\u00e8re s\u00e9ance de Questions au Gouvernement de l&rsquo;ann\u00e9e 2023, le d\u00e9put\u00e9 de la 3\u00e8me circonscription des Vosges, [&hellip;]","twitter_image":"https:\/\/vosgesinfo.fr\/app\/uploads\/sites\/5\/2023\/10\/christophe-naegelen.jpg","twitter_creator":"@VosgesInfo88","twitter_site":"@VosgesInfo88","twitter_misc":{"\u00c9crit par":"C D","Dur\u00e9e de lecture estim\u00e9e":"1 minute"},"schema":{"@context":"https:\/\/schema.org","@graph":[{"@type":"Article","@id":"https:\/\/vosgesinfo.fr\/remiremontinfo\/2023\/01\/christophe-naegelen-interpelle-ministre-de-leconomie-hausse-prix-de-lelectricite\/#article","isPartOf":{"@id":"https:\/\/vosgesinfo.fr\/remiremontinfo\/2023\/01\/christophe-naegelen-interpelle-ministre-de-leconomie-hausse-prix-de-lelectricite\/"},"author":{"name":"C D","@id":"https:\/\/vosgesinfo.fr\/remiremontinfo\/#\/schema\/person\/3bfd164d5218a185b1db68655a265316"},"headline":"Christophe Naegelen interpelle le ministre de l&rsquo;\u00e9conomie sur la hausse des prix de l&rsquo;\u00e9lectricit\u00e9","datePublished":"2023-01-14T08:27:31+00:00","dateModified":"2023-01-14T08:27:31+00:00","mainEntityOfPage":{"@id":"https:\/\/vosgesinfo.fr\/remiremontinfo\/2023\/01\/christophe-naegelen-interpelle-ministre-de-leconomie-hausse-prix-de-lelectricite\/"},"wordCount":232,"commentCount":0,"publisher":{"@id":"https:\/\/vosgesinfo.fr\/remiremontinfo\/#organization"},"image":{"@id":"https:\/\/vosgesinfo.fr\/remiremontinfo\/2023\/01\/christophe-naegelen-interpelle-ministre-de-leconomie-hausse-prix-de-lelectricite\/#primaryimage"},"thumbnailUrl":"https:\/\/vosgesinfo.fr\/app\/uploads\/sites\/5\/2023\/10\/christophe-naegelen.jpg","keywords":["Assembl\u00e9e nationale","Bruno Le Maire","Christophe Naegelen","electricit\u00e9","Energie","hausse des prix"],"articleSection":["A la Une","Politique","Vosges"],"inLanguage":"fr-FR","potentialAction":[{"@type":"CommentAction","name":"Comment","target":["https:\/\/vosgesinfo.fr\/remiremontinfo\/2023\/01\/christophe-naegelen-interpelle-ministre-de-leconomie-hausse-prix-de-lelectricite\/#respond"]}]},{"@type":"WebPage","@id":"https:\/\/vosgesinfo.fr\/remiremontinfo\/2023\/01\/christophe-naegelen-interpelle-ministre-de-leconomie-hausse-prix-de-lelectricite\/","url":"https:\/\/vosgesinfo.fr\/remiremontinfo\/2023\/01\/christophe-naegelen-interpelle-ministre-de-leconomie-hausse-prix-de-lelectricite\/","name":"Christophe Naegelen interpelle le ministre de l'\u00e9conomie sur la hausse des prix de l'\u00e9lectricit\u00e9 - Remiremont Info","isPartOf":{"@id":"https:\/\/vosgesinfo.fr\/remiremontinfo\/#website"},"primaryImageOfPage":{"@id":"https:\/\/vosgesinfo.fr\/remiremontinfo\/2023\/01\/christophe-naegelen-interpelle-ministre-de-leconomie-hausse-prix-de-lelectricite\/#primaryimage"},"image":{"@id":"https:\/\/vosgesinfo.fr\/remiremontinfo\/2023\/01\/christophe-naegelen-interpelle-ministre-de-leconomie-hausse-prix-de-lelectricite\/#primaryimage"},"thumbnailUrl":"https:\/\/vosgesinfo.fr\/app\/uploads\/sites\/5\/2023\/10\/christophe-naegelen.jpg","datePublished":"2023-01-14T08:27:31+00:00","dateModified":"2023-01-14T08:27:31+00:00","breadcrumb":{"@id":"https:\/\/vosgesinfo.fr\/remiremontinfo\/2023\/01\/christophe-naegelen-interpelle-ministre-de-leconomie-hausse-prix-de-lelectricite\/#breadcrumb"},"inLanguage":"fr-FR","potentialAction":[{"@type":"ReadAction","target":["https:\/\/vosgesinfo.fr\/remiremontinfo\/2023\/01\/christophe-naegelen-interpelle-ministre-de-leconomie-hausse-prix-de-lelectricite\/"]}]},{"@type":"ImageObject","inLanguage":"fr-FR","@id":"https:\/\/vosgesinfo.fr\/remiremontinfo\/2023\/01\/christophe-naegelen-interpelle-ministre-de-leconomie-hausse-prix-de-lelectricite\/#primaryimage","url":"https:\/\/vosgesinfo.fr\/app\/uploads\/sites\/5\/2023\/10\/christophe-naegelen.jpg","contentUrl":"https:\/\/vosgesinfo.fr\/app\/uploads\/sites\/5\/2023\/10\/christophe-naegelen.jpg","width":800,"height":400},{"@type":"BreadcrumbList","@id":"https:\/\/vosgesinfo.fr\/remiremontinfo\/2023\/01\/christophe-naegelen-interpelle-ministre-de-leconomie-hausse-prix-de-lelectricite\/#breadcrumb","itemListElement":[{"@type":"ListItem","position":1,"name":"Home","item":"https:\/\/vosgesinfo.fr\/remiremontinfo\/"},{"@type":"ListItem","position":2,"name":"Christophe Naegelen interpelle le ministre de l&rsquo;\u00e9conomie sur la hausse des prix de l&rsquo;\u00e9lectricit\u00e9"}]},{"@type":"WebSite","@id":"https:\/\/vosgesinfo.fr\/remiremontinfo\/#website","url":"https:\/\/vosgesinfo.fr\/remiremontinfo\/","name":"Remiremont Info","description":"Toute l&#039;actualit\u00e9 de Remiremont","publisher":{"@id":"https:\/\/vosgesinfo.fr\/remiremontinfo\/#organization"},"alternateName":"Toute l'actualit\u00e9 de Remiremont","potentialAction":[{"@type":"SearchAction","target":{"@type":"EntryPoint","urlTemplate":"https:\/\/vosgesinfo.fr\/remiremontinfo\/?s={search_term_string}"},"query-input":"required name=search_term_string"}],"inLanguage":"fr-FR"},{"@type":"Organization","@id":"https:\/\/vosgesinfo.fr\/remiremontinfo\/#organization","name":"Remiremont Info","url":"https:\/\/vosgesinfo.fr\/remiremontinfo\/","logo":{"@type":"ImageObject","inLanguage":"fr-FR","@id":"https:\/\/vosgesinfo.fr\/remiremontinfo\/#\/schema\/logo\/image\/","url":"https:\/\/vosgesinfo.fr\/app\/uploads\/sites\/5\/2023\/08\/favicon-remiremontinfo.png","contentUrl":"https:\/\/vosgesinfo.fr\/app\/uploads\/sites\/5\/2023\/08\/favicon-remiremontinfo.png","width":512,"height":512,"caption":"Remiremont Info"},"image":{"@id":"https:\/\/vosgesinfo.fr\/remiremontinfo\/#\/schema\/logo\/image\/"},"sameAs":["https:\/\/www.facebook.com\/remiremontinfo","https:\/\/x.com\/VosgesInfo88","https:\/\/www.youtube.com\/@vosgesinfo"]},{"@type":"Person","@id":"https:\/\/vosgesinfo.fr\/remiremontinfo\/#\/schema\/person\/3bfd164d5218a185b1db68655a265316","name":"C D","image":{"@type":"ImageObject","inLanguage":"fr-FR","@id":"https:\/\/vosgesinfo.fr\/remiremontinfo\/#\/schema\/person\/image\/","url":"https:\/\/secure.gravatar.com\/avatar\/1f9a70007336511a47468b8f1c66f922b8b7cf617b02a31149ada43893a5d48f?s=96&d=mm&r=g","contentUrl":"https:\/\/secure.gravatar.com\/avatar\/1f9a70007336511a47468b8f1c66f922b8b7cf617b02a31149ada43893a5d48f?s=96&d=mm&r=g","caption":"C D"},"url":"https:\/\/vosgesinfo.fr\/remiremontinfo\/author\/cedric-drevet\/"}]}},"_links":{"self":[{"href":"https:\/\/vosgesinfo.fr\/remiremontinfo\/wp-json\/wp\/v2\/posts\/66739","targetHints":{"allow":["GET"]}}],"collection":[{"href":"https:\/\/vosgesinfo.fr\/remiremontinfo\/wp-json\/wp\/v2\/posts"}],"about":[{"href":"https:\/\/vosgesinfo.fr\/remiremontinfo\/wp-json\/wp\/v2\/types\/post"}],"author":[{"embeddable":true,"href":"https:\/\/vosgesinfo.fr\/remiremontinfo\/wp-json\/wp\/v2\/users\/407"}],"replies":[{"embeddable":true,"href":"https:\/\/vosgesinfo.fr\/remiremontinfo\/wp-json\/wp\/v2\/comments?post=66739"}],"version-history":[{"count":0,"href":"https:\/\/vosgesinfo.fr\/remiremontinfo\/wp-json\/wp\/v2\/posts\/66739\/revisions"}],"wp:featuredmedia":[{"embeddable":true,"href":"https:\/\/vosgesinfo.fr\/remiremontinfo\/wp-json\/wp\/v2\/media\/2266"}],"wp:attachment":[{"href":"https:\/\/vosgesinfo.fr\/remiremontinfo\/wp-json\/wp\/v2\/media?parent=66739"}],"wp:term":[{"taxonomy":"category","embeddable":true,"href":"https:\/\/vosgesinfo.fr\/remiremontinfo\/wp-json\/wp\/v2\/categories?post=66739"},{"taxonomy":"post_tag","embeddable":true,"href":"https:\/\/vosgesinfo.fr\/remiremontinfo\/wp-json\/wp\/v2\/tags?post=66739"}],"curies":[{"name":"wp","href":"https:\/\/api.w.org\/{rel}","templated":true}]}}