{"id":66766,"date":"2023-01-14T12:46:19","date_gmt":"2023-01-14T11:46:19","guid":{"rendered":"https:\/\/vosgesinfo.fr\/remiremontinfo\/2023\/01\/voeux-de-prefete-vosges-aux-corps-constitues\/"},"modified":"2023-01-14T12:46:19","modified_gmt":"2023-01-14T11:46:19","slug":"voeux-de-prefete-vosges-aux-corps-constitues","status":"publish","type":"post","link":"https:\/\/vosgesinfo.fr\/remiremontinfo\/2023\/01\/voeux-de-prefete-vosges-aux-corps-constitues\/","title":{"rendered":"V\u0153ux de la Pr\u00e9f\u00e8te des Vosges aux corps constitu\u00e9s"},"content":{"rendered":"<p>Ce vendredi 13 janvier, Madame la Pr\u00e9f\u00e8te des Vosges, Val\u00e9rie Michel-Moreaux, a re\u00e7u et remerci\u00e9\u00a0 ce qu\u2019elle appelle \u00ab\u00a0les forces vives de la Nation\u00a0\u00bb,\u00a0 les repr\u00e9sentants des corps constitu\u00e9s du\u00a0 D\u00e9partement, chacun ayant des r\u00f4les tr\u00e8s \u00a0diff\u00e9rents mais avec des objectifs communs\u00a0: \u00eatre au service des citoyens et agir dans le sens de l\u2019int\u00e9r\u00eat public. Puis, parmi les nombreux agents de l\u2019\u00c9tat cit\u00e9s,\u00a0 elle rendit un \u00a0hommage appuy\u00e9 aux forces de s\u00e9curit\u00e9 int\u00e9rieure ainsi qu\u2019 aux pompiers durement mis \u00e0 l\u2019\u00e9preuve lors des incendies de l\u2019\u00e9t\u00e9 dernier soutenus il est vrai par la mobilisation des agriculteurs.<\/p>\n<p>Puis, la pr\u00e9f\u00e8te rappela les \u00e9v\u00e9nements marquants de 2022\u00a0:\u00a0 l\u2019organisation des \u00e9lections pr\u00e9sidentielles et l\u00e9gislatives et surtout la r\u00e9surgence de la guerre aux portes de l\u2019Europe, soulignant \u00e9galement l\u2019accueil exemplaire du D\u00e9partement des\u00a0 Vosges \u00e0 500 Ukrainiens. Elle \u00e9voqua parall\u00e8lement l\u2019envoi du 1<sup>er<\/sup>\u00a0r\u00e9giment de tirailleurs spinaliens au Niger. Puis, Val\u00e9rie Michel-Moreaux insista sur le soutien de l\u2019\u00c9tat apport\u00e9 aux entreprises ainsi que sa volont\u00e9 d\u2019accompagner les porteurs de projets publics ou priv\u00e9s, donnant plusieurs exemples comme le\u00a0 soutien \u00e0 la fili\u00e8re bois, la pr\u00e9servation du massif ou encore la recherche de nouvelles destinations aux friches industrielles. Dans un monde complexe, \u00ab<em>ma boussole\u00bb<\/em>\u00a0ajouta-t-elle \u00ab<em>est l\u2019unit\u00e9 de l\u2019action de l\u2019\u00c9tat\u00bb<\/em>. Ensuite, elle salua une qualit\u00e9 vosgienne, le sens du collectif qui est un atout pour 2023 \u00ab\u00a0<em>car cela permet de travailler\u00a0 en bonne intelligence et surtout d\u2019\u00eatre efficace. L\u2019ann\u00e9e 2023 s\u2019inscrira dans la dynamique de 2022 et je d\u00e9fendrai les valeurs r\u00e9galiennes de l\u2019\u00c9tat, je porterai une attention toute particuli\u00e8re aux probl\u00e9matiques de sant\u00e9 publique\u00a0 et d\u2019acc\u00e8s aux soins\u00a0\u00bb.<br \/>\n<\/em><\/p>\n","protected":false},"excerpt":{"rendered":"<p>Ce vendredi 13 janvier, Madame la Pr\u00e9f\u00e8te des Vosges, Val\u00e9rie Michel-Moreaux, a re\u00e7u et remerci\u00e9\u00a0 ce qu\u2019elle appelle \u00ab\u00a0les forces [&hellip;]<\/p>\n","protected":false},"author":407,"featured_media":66767,"comment_status":"open","ping_status":"open","sticky":false,"template":"","format":"standard","meta":{"footnotes":""},"categories":[26,10,18],"tags":[126,1475,32],"class_list":["post-66766","post","type-post","status-publish","format-standard","has-post-thumbnail","hentry","category-a-la-une","category-politique","category-vosges","tag-politique","tag-prefet","tag-vosges"],"acf":[],"yoast_head":"<!-- This site is optimized with the Yoast SEO plugin v22.5 - https:\/\/yoast.com\/wordpress\/plugins\/seo\/ -->\n<title>V\u0153ux de la Pr\u00e9f\u00e8te des Vosges aux corps constitu\u00e9s - Remiremont Info<\/title>\n<meta name=\"robots\" content=\"index, follow, max-snippet:-1, max-image-preview:large, max-video-preview:-1\" \/>\n<link rel=\"canonical\" href=\"https:\/\/vosgesinfo.fr\/remiremontinfo\/2023\/01\/voeux-de-prefete-vosges-aux-corps-constitues\/\" \/>\n<meta name=\"twitter:card\" content=\"summary_large_image\" \/>\n<meta name=\"twitter:title\" content=\"V\u0153ux de la Pr\u00e9f\u00e8te des Vosges aux corps constitu\u00e9s - Remiremont Info\" \/>\n<meta name=\"twitter:description\" content=\"Ce vendredi 13 janvier, Madame la Pr\u00e9f\u00e8te des Vosges, Val\u00e9rie Michel-Moreaux, a re\u00e7u et remerci\u00e9\u00a0 ce qu\u2019elle appelle \u00ab\u00a0les forces [&hellip;]\" \/>\n<meta name=\"twitter:image\" content=\"https:\/\/vosgesinfo.fr\/app\/uploads\/sites\/5\/2024\/09\/202301img-7363-600x800-1.jpg\" \/>\n<meta name=\"twitter:creator\" content=\"@VosgesInfo88\" \/>\n<meta name=\"twitter:site\" content=\"@VosgesInfo88\" \/>\n<meta name=\"twitter:label1\" content=\"\u00c9crit par\" \/>\n\t<meta name=\"twitter:data1\" content=\"C D\" \/>\n\t<meta name=\"twitter:label2\" content=\"Dur\u00e9e de lecture estim\u00e9e\" \/>\n\t<meta name=\"twitter:data2\" content=\"2 minutes\" \/>\n<script type=\"application\/ld+json\" class=\"yoast-schema-graph\">{\"@context\":\"https:\/\/schema.org\",\"@graph\":[{\"@type\":\"Article\",\"@id\":\"https:\/\/vosgesinfo.fr\/remiremontinfo\/2023\/01\/voeux-de-prefete-vosges-aux-corps-constitues\/#article\",\"isPartOf\":{\"@id\":\"https:\/\/vosgesinfo.fr\/remiremontinfo\/2023\/01\/voeux-de-prefete-vosges-aux-corps-constitues\/\"},\"author\":{\"name\":\"C D\",\"@id\":\"https:\/\/vosgesinfo.fr\/remiremontinfo\/#\/schema\/person\/3bfd164d5218a185b1db68655a265316\"},\"headline\":\"V\u0153ux de la Pr\u00e9f\u00e8te des Vosges aux corps constitu\u00e9s\",\"datePublished\":\"2023-01-14T11:46:19+00:00\",\"dateModified\":\"2023-01-14T11:46:19+00:00\",\"mainEntityOfPage\":{\"@id\":\"https:\/\/vosgesinfo.fr\/remiremontinfo\/2023\/01\/voeux-de-prefete-vosges-aux-corps-constitues\/\"},\"wordCount\":322,\"commentCount\":0,\"publisher\":{\"@id\":\"https:\/\/vosgesinfo.fr\/remiremontinfo\/#organization\"},\"image\":{\"@id\":\"https:\/\/vosgesinfo.fr\/remiremontinfo\/2023\/01\/voeux-de-prefete-vosges-aux-corps-constitues\/#primaryimage\"},\"thumbnailUrl\":\"https:\/\/vosgesinfo.fr\/app\/uploads\/sites\/5\/2024\/09\/202301img-7363-600x800-1.jpg\",\"keywords\":[\"politique\",\"pr\u00e9fet\",\"Vosges\"],\"articleSection\":[\"A la Une\",\"Politique\",\"Vosges\"],\"inLanguage\":\"fr-FR\",\"potentialAction\":[{\"@type\":\"CommentAction\",\"name\":\"Comment\",\"target\":[\"https:\/\/vosgesinfo.fr\/remiremontinfo\/2023\/01\/voeux-de-prefete-vosges-aux-corps-constitues\/#respond\"]}]},{\"@type\":\"WebPage\",\"@id\":\"https:\/\/vosgesinfo.fr\/remiremontinfo\/2023\/01\/voeux-de-prefete-vosges-aux-corps-constitues\/\",\"url\":\"https:\/\/vosgesinfo.fr\/remiremontinfo\/2023\/01\/voeux-de-prefete-vosges-aux-corps-constitues\/\",\"name\":\"V\u0153ux de la Pr\u00e9f\u00e8te des Vosges aux corps constitu\u00e9s - Remiremont Info\",\"isPartOf\":{\"@id\":\"https:\/\/vosgesinfo.fr\/remiremontinfo\/#website\"},\"primaryImageOfPage\":{\"@id\":\"https:\/\/vosgesinfo.fr\/remiremontinfo\/2023\/01\/voeux-de-prefete-vosges-aux-corps-constitues\/#primaryimage\"},\"image\":{\"@id\":\"https:\/\/vosgesinfo.fr\/remiremontinfo\/2023\/01\/voeux-de-prefete-vosges-aux-corps-constitues\/#primaryimage\"},\"thumbnailUrl\":\"https:\/\/vosgesinfo.fr\/app\/uploads\/sites\/5\/2024\/09\/202301img-7363-600x800-1.jpg\",\"datePublished\":\"2023-01-14T11:46:19+00:00\",\"dateModified\":\"2023-01-14T11:46:19+00:00\",\"breadcrumb\":{\"@id\":\"https:\/\/vosgesinfo.fr\/remiremontinfo\/2023\/01\/voeux-de-prefete-vosges-aux-corps-constitues\/#breadcrumb\"},\"inLanguage\":\"fr-FR\",\"potentialAction\":[{\"@type\":\"ReadAction\",\"target\":[\"https:\/\/vosgesinfo.fr\/remiremontinfo\/2023\/01\/voeux-de-prefete-vosges-aux-corps-constitues\/\"]}]},{\"@type\":\"ImageObject\",\"inLanguage\":\"fr-FR\",\"@id\":\"https:\/\/vosgesinfo.fr\/remiremontinfo\/2023\/01\/voeux-de-prefete-vosges-aux-corps-constitues\/#primaryimage\",\"url\":\"https:\/\/vosgesinfo.fr\/app\/uploads\/sites\/5\/2024\/09\/202301img-7363-600x800-1.jpg\",\"contentUrl\":\"https:\/\/vosgesinfo.fr\/app\/uploads\/sites\/5\/2024\/09\/202301img-7363-600x800-1.jpg\",\"width\":571,\"height\":476},{\"@type\":\"BreadcrumbList\",\"@id\":\"https:\/\/vosgesinfo.fr\/remiremontinfo\/2023\/01\/voeux-de-prefete-vosges-aux-corps-constitues\/#breadcrumb\",\"itemListElement\":[{\"@type\":\"ListItem\",\"position\":1,\"name\":\"Home\",\"item\":\"https:\/\/vosgesinfo.fr\/remiremontinfo\/\"},{\"@type\":\"ListItem\",\"position\":2,\"name\":\"V\u0153ux de la Pr\u00e9f\u00e8te des Vosges aux corps constitu\u00e9s\"}]},{\"@type\":\"WebSite\",\"@id\":\"https:\/\/vosgesinfo.fr\/remiremontinfo\/#website\",\"url\":\"https:\/\/vosgesinfo.fr\/remiremontinfo\/\",\"name\":\"Remiremont Info\",\"description\":\"Toute l&#039;actualit\u00e9 de Remiremont\",\"publisher\":{\"@id\":\"https:\/\/vosgesinfo.fr\/remiremontinfo\/#organization\"},\"alternateName\":\"Toute l'actualit\u00e9 de Remiremont\",\"potentialAction\":[{\"@type\":\"SearchAction\",\"target\":{\"@type\":\"EntryPoint\",\"urlTemplate\":\"https:\/\/vosgesinfo.fr\/remiremontinfo\/?s={search_term_string}\"},\"query-input\":\"required name=search_term_string\"}],\"inLanguage\":\"fr-FR\"},{\"@type\":\"Organization\",\"@id\":\"https:\/\/vosgesinfo.fr\/remiremontinfo\/#organization\",\"name\":\"Remiremont Info\",\"url\":\"https:\/\/vosgesinfo.fr\/remiremontinfo\/\",\"logo\":{\"@type\":\"ImageObject\",\"inLanguage\":\"fr-FR\",\"@id\":\"https:\/\/vosgesinfo.fr\/remiremontinfo\/#\/schema\/logo\/image\/\",\"url\":\"https:\/\/vosgesinfo.fr\/app\/uploads\/sites\/5\/2023\/08\/favicon-remiremontinfo.png\",\"contentUrl\":\"https:\/\/vosgesinfo.fr\/app\/uploads\/sites\/5\/2023\/08\/favicon-remiremontinfo.png\",\"width\":512,\"height\":512,\"caption\":\"Remiremont Info\"},\"image\":{\"@id\":\"https:\/\/vosgesinfo.fr\/remiremontinfo\/#\/schema\/logo\/image\/\"},\"sameAs\":[\"https:\/\/www.facebook.com\/remiremontinfo\",\"https:\/\/x.com\/VosgesInfo88\",\"https:\/\/www.youtube.com\/@vosgesinfo\"]},{\"@type\":\"Person\",\"@id\":\"https:\/\/vosgesinfo.fr\/remiremontinfo\/#\/schema\/person\/3bfd164d5218a185b1db68655a265316\",\"name\":\"C D\",\"image\":{\"@type\":\"ImageObject\",\"inLanguage\":\"fr-FR\",\"@id\":\"https:\/\/vosgesinfo.fr\/remiremontinfo\/#\/schema\/person\/image\/\",\"url\":\"https:\/\/secure.gravatar.com\/avatar\/1f9a70007336511a47468b8f1c66f922b8b7cf617b02a31149ada43893a5d48f?s=96&d=mm&r=g\",\"contentUrl\":\"https:\/\/secure.gravatar.com\/avatar\/1f9a70007336511a47468b8f1c66f922b8b7cf617b02a31149ada43893a5d48f?s=96&d=mm&r=g\",\"caption\":\"C D\"},\"url\":\"https:\/\/vosgesinfo.fr\/remiremontinfo\/author\/cedric-drevet\/\"}]}<\/script>\n<!-- \/ Yoast SEO plugin. -->","yoast_head_json":{"title":"V\u0153ux de la Pr\u00e9f\u00e8te des Vosges aux corps constitu\u00e9s - Remiremont Info","robots":{"index":"index","follow":"follow","max-snippet":"max-snippet:-1","max-image-preview":"max-image-preview:large","max-video-preview":"max-video-preview:-1"},"canonical":"https:\/\/vosgesinfo.fr\/remiremontinfo\/2023\/01\/voeux-de-prefete-vosges-aux-corps-constitues\/","twitter_card":"summary_large_image","twitter_title":"V\u0153ux de la Pr\u00e9f\u00e8te des Vosges aux corps constitu\u00e9s - Remiremont Info","twitter_description":"Ce vendredi 13 janvier, Madame la Pr\u00e9f\u00e8te des Vosges, Val\u00e9rie Michel-Moreaux, a re\u00e7u et remerci\u00e9\u00a0 ce qu\u2019elle appelle \u00ab\u00a0les forces [&hellip;]","twitter_image":"https:\/\/vosgesinfo.fr\/app\/uploads\/sites\/5\/2024\/09\/202301img-7363-600x800-1.jpg","twitter_creator":"@VosgesInfo88","twitter_site":"@VosgesInfo88","twitter_misc":{"\u00c9crit par":"C D","Dur\u00e9e de lecture estim\u00e9e":"2 minutes"},"schema":{"@context":"https:\/\/schema.org","@graph":[{"@type":"Article","@id":"https:\/\/vosgesinfo.fr\/remiremontinfo\/2023\/01\/voeux-de-prefete-vosges-aux-corps-constitues\/#article","isPartOf":{"@id":"https:\/\/vosgesinfo.fr\/remiremontinfo\/2023\/01\/voeux-de-prefete-vosges-aux-corps-constitues\/"},"author":{"name":"C D","@id":"https:\/\/vosgesinfo.fr\/remiremontinfo\/#\/schema\/person\/3bfd164d5218a185b1db68655a265316"},"headline":"V\u0153ux de la Pr\u00e9f\u00e8te des Vosges aux corps constitu\u00e9s","datePublished":"2023-01-14T11:46:19+00:00","dateModified":"2023-01-14T11:46:19+00:00","mainEntityOfPage":{"@id":"https:\/\/vosgesinfo.fr\/remiremontinfo\/2023\/01\/voeux-de-prefete-vosges-aux-corps-constitues\/"},"wordCount":322,"commentCount":0,"publisher":{"@id":"https:\/\/vosgesinfo.fr\/remiremontinfo\/#organization"},"image":{"@id":"https:\/\/vosgesinfo.fr\/remiremontinfo\/2023\/01\/voeux-de-prefete-vosges-aux-corps-constitues\/#primaryimage"},"thumbnailUrl":"https:\/\/vosgesinfo.fr\/app\/uploads\/sites\/5\/2024\/09\/202301img-7363-600x800-1.jpg","keywords":["politique","pr\u00e9fet","Vosges"],"articleSection":["A la Une","Politique","Vosges"],"inLanguage":"fr-FR","potentialAction":[{"@type":"CommentAction","name":"Comment","target":["https:\/\/vosgesinfo.fr\/remiremontinfo\/2023\/01\/voeux-de-prefete-vosges-aux-corps-constitues\/#respond"]}]},{"@type":"WebPage","@id":"https:\/\/vosgesinfo.fr\/remiremontinfo\/2023\/01\/voeux-de-prefete-vosges-aux-corps-constitues\/","url":"https:\/\/vosgesinfo.fr\/remiremontinfo\/2023\/01\/voeux-de-prefete-vosges-aux-corps-constitues\/","name":"V\u0153ux de la Pr\u00e9f\u00e8te des Vosges aux corps constitu\u00e9s - Remiremont Info","isPartOf":{"@id":"https:\/\/vosgesinfo.fr\/remiremontinfo\/#website"},"primaryImageOfPage":{"@id":"https:\/\/vosgesinfo.fr\/remiremontinfo\/2023\/01\/voeux-de-prefete-vosges-aux-corps-constitues\/#primaryimage"},"image":{"@id":"https:\/\/vosgesinfo.fr\/remiremontinfo\/2023\/01\/voeux-de-prefete-vosges-aux-corps-constitues\/#primaryimage"},"thumbnailUrl":"https:\/\/vosgesinfo.fr\/app\/uploads\/sites\/5\/2024\/09\/202301img-7363-600x800-1.jpg","datePublished":"2023-01-14T11:46:19+00:00","dateModified":"2023-01-14T11:46:19+00:00","breadcrumb":{"@id":"https:\/\/vosgesinfo.fr\/remiremontinfo\/2023\/01\/voeux-de-prefete-vosges-aux-corps-constitues\/#breadcrumb"},"inLanguage":"fr-FR","potentialAction":[{"@type":"ReadAction","target":["https:\/\/vosgesinfo.fr\/remiremontinfo\/2023\/01\/voeux-de-prefete-vosges-aux-corps-constitues\/"]}]},{"@type":"ImageObject","inLanguage":"fr-FR","@id":"https:\/\/vosgesinfo.fr\/remiremontinfo\/2023\/01\/voeux-de-prefete-vosges-aux-corps-constitues\/#primaryimage","url":"https:\/\/vosgesinfo.fr\/app\/uploads\/sites\/5\/2024\/09\/202301img-7363-600x800-1.jpg","contentUrl":"https:\/\/vosgesinfo.fr\/app\/uploads\/sites\/5\/2024\/09\/202301img-7363-600x800-1.jpg","width":571,"height":476},{"@type":"BreadcrumbList","@id":"https:\/\/vosgesinfo.fr\/remiremontinfo\/2023\/01\/voeux-de-prefete-vosges-aux-corps-constitues\/#breadcrumb","itemListElement":[{"@type":"ListItem","position":1,"name":"Home","item":"https:\/\/vosgesinfo.fr\/remiremontinfo\/"},{"@type":"ListItem","position":2,"name":"V\u0153ux de la Pr\u00e9f\u00e8te des Vosges aux corps constitu\u00e9s"}]},{"@type":"WebSite","@id":"https:\/\/vosgesinfo.fr\/remiremontinfo\/#website","url":"https:\/\/vosgesinfo.fr\/remiremontinfo\/","name":"Remiremont Info","description":"Toute l&#039;actualit\u00e9 de Remiremont","publisher":{"@id":"https:\/\/vosgesinfo.fr\/remiremontinfo\/#organization"},"alternateName":"Toute l'actualit\u00e9 de Remiremont","potentialAction":[{"@type":"SearchAction","target":{"@type":"EntryPoint","urlTemplate":"https:\/\/vosgesinfo.fr\/remiremontinfo\/?s={search_term_string}"},"query-input":"required name=search_term_string"}],"inLanguage":"fr-FR"},{"@type":"Organization","@id":"https:\/\/vosgesinfo.fr\/remiremontinfo\/#organization","name":"Remiremont Info","url":"https:\/\/vosgesinfo.fr\/remiremontinfo\/","logo":{"@type":"ImageObject","inLanguage":"fr-FR","@id":"https:\/\/vosgesinfo.fr\/remiremontinfo\/#\/schema\/logo\/image\/","url":"https:\/\/vosgesinfo.fr\/app\/uploads\/sites\/5\/2023\/08\/favicon-remiremontinfo.png","contentUrl":"https:\/\/vosgesinfo.fr\/app\/uploads\/sites\/5\/2023\/08\/favicon-remiremontinfo.png","width":512,"height":512,"caption":"Remiremont Info"},"image":{"@id":"https:\/\/vosgesinfo.fr\/remiremontinfo\/#\/schema\/logo\/image\/"},"sameAs":["https:\/\/www.facebook.com\/remiremontinfo","https:\/\/x.com\/VosgesInfo88","https:\/\/www.youtube.com\/@vosgesinfo"]},{"@type":"Person","@id":"https:\/\/vosgesinfo.fr\/remiremontinfo\/#\/schema\/person\/3bfd164d5218a185b1db68655a265316","name":"C D","image":{"@type":"ImageObject","inLanguage":"fr-FR","@id":"https:\/\/vosgesinfo.fr\/remiremontinfo\/#\/schema\/person\/image\/","url":"https:\/\/secure.gravatar.com\/avatar\/1f9a70007336511a47468b8f1c66f922b8b7cf617b02a31149ada43893a5d48f?s=96&d=mm&r=g","contentUrl":"https:\/\/secure.gravatar.com\/avatar\/1f9a70007336511a47468b8f1c66f922b8b7cf617b02a31149ada43893a5d48f?s=96&d=mm&r=g","caption":"C D"},"url":"https:\/\/vosgesinfo.fr\/remiremontinfo\/author\/cedric-drevet\/"}]}},"_links":{"self":[{"href":"https:\/\/vosgesinfo.fr\/remiremontinfo\/wp-json\/wp\/v2\/posts\/66766","targetHints":{"allow":["GET"]}}],"collection":[{"href":"https:\/\/vosgesinfo.fr\/remiremontinfo\/wp-json\/wp\/v2\/posts"}],"about":[{"href":"https:\/\/vosgesinfo.fr\/remiremontinfo\/wp-json\/wp\/v2\/types\/post"}],"author":[{"embeddable":true,"href":"https:\/\/vosgesinfo.fr\/remiremontinfo\/wp-json\/wp\/v2\/users\/407"}],"replies":[{"embeddable":true,"href":"https:\/\/vosgesinfo.fr\/remiremontinfo\/wp-json\/wp\/v2\/comments?post=66766"}],"version-history":[{"count":0,"href":"https:\/\/vosgesinfo.fr\/remiremontinfo\/wp-json\/wp\/v2\/posts\/66766\/revisions"}],"wp:featuredmedia":[{"embeddable":true,"href":"https:\/\/vosgesinfo.fr\/remiremontinfo\/wp-json\/wp\/v2\/media\/66767"}],"wp:attachment":[{"href":"https:\/\/vosgesinfo.fr\/remiremontinfo\/wp-json\/wp\/v2\/media?parent=66766"}],"wp:term":[{"taxonomy":"category","embeddable":true,"href":"https:\/\/vosgesinfo.fr\/remiremontinfo\/wp-json\/wp\/v2\/categories?post=66766"},{"taxonomy":"post_tag","embeddable":true,"href":"https:\/\/vosgesinfo.fr\/remiremontinfo\/wp-json\/wp\/v2\/tags?post=66766"}],"curies":[{"name":"wp","href":"https:\/\/api.w.org\/{rel}","templated":true}]}}